{"id":73994,"date":"2013-08-03T20:42:44","date_gmt":"2013-08-03T19:42:44","guid":{"rendered":"http:\/\/www.visit-ulcinj.com\/blog\/?p=73994"},"modified":"2013-08-03T21:05:51","modified_gmt":"2013-08-03T20:05:51","slug":"grabiten-kater-kosovare-ne-rrugen-e-kombit","status":"publish","type":"post","link":"https:\/\/www.visit-ulcinj.com\/blog\/2013\/08\/03\/grabiten-kater-kosovare-ne-rrugen-e-kombit\/","title":{"rendered":"Grabiten kat\u00ebr kosovar\u00eb n\u00eb Rrug\u00ebn e Kombit"},"content":{"rendered":"<p><a href=\"http:\/\/www.visit-ulcinj.com\/blog\/wp-content\/uploads\/2013\/08\/grabitje.jpg\"><img loading=\"lazy\" class=\"alignleft  wp-image-73995\" alt=\"grabitje\" src=\"http:\/\/www.visit-ulcinj.com\/blog\/wp-content\/uploads\/2013\/08\/grabitje.jpg\" width=\"508\" height=\"360\" \/><\/a>Tiran\u00eb, 3 gusht &#8211; Strukturat t\u00eb rendit dhe siguris\u00eb nd\u00ebrmor\u00ebn nj\u00eb operacion t\u00eb gjer\u00eb p\u00ebrfshi edhe ndjekjen me helikopter\u00eb p\u00ebr t\u00eb arrestuar disa persona q\u00eb grabit\u00ebn kat\u00ebr shtetas t\u00eb Kosov\u00ebs n\u00eb \u2018Rrug\u00ebn e Kombit\u2019. Grabitja u krye nga persona me maska dhe me arm\u00eb zjarri. Policia njoftoi se ka arrestuar nj\u00eb 21-vje\u00e7ar nga Puka dhe se ka shpallur n\u00eb k\u00ebrkim nj\u00eb tjet\u00ebr t\u00eb ri gjithashtu nga Puka t\u00eb dyshuar si autor\u00eb t\u00eb grabitjes. Policia thot\u00eb se e ka arrestuar t\u00eb dyshuarin kryesor p\u00ebr grabitjen. Ngjarja u raportua t\u00eb ket\u00eb ndodhur n\u00eb pjes\u00ebn e rrug\u00ebs Rreps-Mirdit\u00eb t\u00eb autostrad\u00ebs Durr\u00ebs-Kuk\u00ebs.<\/p>\n<p>Sipas burimeve policore, grabit\u00ebsit kishin vendosur barrikada, p\u00ebrkat\u00ebsisht pengesa n\u00eb mes t\u00eb rrug\u00ebs. Gjithnj\u00eb sipas burimeve policore, shtetasve t\u00eb Kosov\u00ebs u jan\u00eb grabitur n\u00ebn k\u00ebrc\u00ebnimin e arm\u00ebve gj\u00ebsende me vler\u00eb, shuma n\u00eb t\u00eb holla, por asnj\u00ebri prej tyre nuk u d\u00ebmtua.<\/p>\n<p>Grabit\u00ebsit me maska dhe me arm\u00eb zjarri u dol\u00ebn p\u00ebrpara dhe ndal\u00ebn t\u00eb kat\u00ebr udh\u00ebtar\u00ebt nga Kosova. Policia e Lezh\u00ebs nuk dha asnj\u00eb em\u00ebr t\u00eb personave t\u00eb dyshuar p\u00ebr grabitjen, ndon\u00ebse pohoi se u punua dhe u arrit shum\u00eb shpejt identifikimi i tyre. N\u00eb operacion mor\u00ebn pjes\u00eb Forcat e Nd\u00ebrhyrjes s\u00eb Shpejt\u00eb t\u00eb Shkodr\u00ebs dhe Repartet e Eliminimit dhe Neutralizmit t\u00eb Element\u00ebve t\u00eb Armatosur t\u00eb njohur \u201cRENEA\u201d n\u00eb t\u00eb gjith\u00eb zon\u00ebn p\u00ebr t\u00eb arrestuar grabit\u00ebsit.<\/p>\n<p>Lajmin e dhan\u00eb burime mediale mb\u00ebshtetur n\u00eb burime t\u00eb brendshme t\u00eb policis\u00eb. Policia e Mirdit\u00ebs i kapi grabit\u00ebsit rreth kat\u00ebr kilometra larg vendit t\u00eb ngjarjes dhe dyshohet se ata jan\u00eb t\u00eb nj\u00ebjt\u00ebt grabit\u00ebs t\u00eb disa shtetasve shqiptar\u00eb t\u00eb Malit t\u00eb Zi disa jav\u00eb m\u00eb par\u00eb.<\/p>\n<p><strong>Koha Net<\/strong><\/p>\n","protected":false},"excerpt":{"rendered":"<p>Tiran\u00eb, 3 gusht &#8211; Strukturat t\u00eb rendit dhe siguris\u00eb nd\u00ebrmor\u00ebn nj\u00eb operacion t\u00eb gjer\u00eb p\u00ebrfshi edhe ndjekjen me helikopter\u00eb p\u00ebr t\u00eb arrestuar disa persona q\u00eb grabit\u00ebn kat\u00ebr shtetas t\u00eb Kosov\u00ebs n\u00eb \u2018Rrug\u00ebn e Kombit\u2019. Grabitja u krye nga persona me maska dhe me arm\u00eb zjarri. Policia njoftoi se ka arrestuar nj\u00eb 21-vje\u00e7ar nga Puka dhe [&hellip;]<\/p>\n","protected":false},"author":1,"featured_media":0,"comment_status":"closed","ping_status":"closed","sticky":false,"template":"","format":"standard","meta":{"spay_email":"","jetpack_publicize_message":"","jetpack_is_tweetstorm":false,"jetpack_publicize_feature_enabled":true},"categories":[1,14],"tags":[],"jetpack_publicize_connections":[],"yoast_head":"<!-- This site is optimized with the Yoast SEO plugin v19.1 - https:\/\/yoast.com\/wordpress\/plugins\/seo\/ -->\n<title>Grabiten kat\u00ebr kosovar\u00eb n\u00eb Rrug\u00ebn e Kombit - Lajme nga Ulqini<\/title>\n<meta name=\"description\" content=\"Tiran\u00eb, 3 gusht - Strukturat t\u00eb rendit dhe siguris\u00eb nd\u00ebrmor\u00ebn nj\u00eb operacion t\u00eb gjer\u00eb p\u00ebrfshi edhe ndjekjen me helikopter\u00eb p\u00ebr t\u00eb arrestuar disa persona q\u00eb\" \/>\n<meta name=\"robots\" content=\"index, follow, max-snippet:-1, max-image-preview:large, max-video-preview:-1\" \/>\n<link rel=\"canonical\" href=\"https:\/\/www.visit-ulcinj.com\/blog\/2013\/08\/03\/grabiten-kater-kosovare-ne-rrugen-e-kombit\/\" \/>\n<meta property=\"og:locale\" content=\"en_US\" \/>\n<meta property=\"og:type\" content=\"article\" \/>\n<meta property=\"og:title\" content=\"Grabiten kat\u00ebr kosovar\u00eb n\u00eb Rrug\u00ebn e Kombit - Lajme nga Ulqini\" \/>\n<meta property=\"og:description\" content=\"Tiran\u00eb, 3 gusht - Strukturat t\u00eb rendit dhe siguris\u00eb nd\u00ebrmor\u00ebn nj\u00eb operacion t\u00eb gjer\u00eb p\u00ebrfshi edhe ndjekjen me helikopter\u00eb p\u00ebr t\u00eb arrestuar disa persona q\u00eb\" \/>\n<meta property=\"og:url\" content=\"https:\/\/www.visit-ulcinj.com\/blog\/2013\/08\/03\/grabiten-kater-kosovare-ne-rrugen-e-kombit\/\" \/>\n<meta property=\"og:site_name\" content=\"Lajme nga Ulqini\" \/>\n<meta property=\"article:published_time\" content=\"2013-08-03T19:42:44+00:00\" \/>\n<meta property=\"article:modified_time\" content=\"2013-08-03T20:05:51+00:00\" \/>\n<meta property=\"og:image\" content=\"http:\/\/www.visit-ulcinj.com\/blog\/wp-content\/uploads\/2013\/08\/grabitje.jpg\" \/>\n<meta name=\"twitter:label1\" content=\"Written by\" \/>\n\t<meta name=\"twitter:data1\" content=\"ulqini\" \/>\n\t<meta name=\"twitter:label2\" content=\"Est. reading time\" \/>\n\t<meta name=\"twitter:data2\" content=\"2 minutes\" \/>\n<script type=\"application\/ld+json\" class=\"yoast-schema-graph\">{\"@context\":\"https:\/\/schema.org\",\"@graph\":[{\"@type\":\"WebSite\",\"@id\":\"https:\/\/www.visit-ulcinj.com\/blog\/#website\",\"url\":\"https:\/\/www.visit-ulcinj.com\/blog\/\",\"name\":\"Lajme nga Ulqini\",\"description\":\"Lajme,Vijesti,Ulqini,Ulqin,Crna Gora,Mali i Zi\",\"potentialAction\":[{\"@type\":\"SearchAction\",\"target\":{\"@type\":\"EntryPoint\",\"urlTemplate\":\"https:\/\/www.visit-ulcinj.com\/blog\/?s={search_term_string}\"},\"query-input\":\"required name=search_term_string\"}],\"inLanguage\":\"en-US\"},{\"@type\":\"ImageObject\",\"inLanguage\":\"en-US\",\"@id\":\"https:\/\/www.visit-ulcinj.com\/blog\/2013\/08\/03\/grabiten-kater-kosovare-ne-rrugen-e-kombit\/#primaryimage\",\"url\":\"http:\/\/www.visit-ulcinj.com\/blog\/wp-content\/uploads\/2013\/08\/grabitje.jpg\",\"contentUrl\":\"http:\/\/www.visit-ulcinj.com\/blog\/wp-content\/uploads\/2013\/08\/grabitje.jpg\"},{\"@type\":\"WebPage\",\"@id\":\"https:\/\/www.visit-ulcinj.com\/blog\/2013\/08\/03\/grabiten-kater-kosovare-ne-rrugen-e-kombit\/#webpage\",\"url\":\"https:\/\/www.visit-ulcinj.com\/blog\/2013\/08\/03\/grabiten-kater-kosovare-ne-rrugen-e-kombit\/\",\"name\":\"Grabiten kat\u00ebr kosovar\u00eb n\u00eb Rrug\u00ebn e Kombit - Lajme nga Ulqini\",\"isPartOf\":{\"@id\":\"https:\/\/www.visit-ulcinj.com\/blog\/#website\"},\"primaryImageOfPage\":{\"@id\":\"https:\/\/www.visit-ulcinj.com\/blog\/2013\/08\/03\/grabiten-kater-kosovare-ne-rrugen-e-kombit\/#primaryimage\"},\"datePublished\":\"2013-08-03T19:42:44+00:00\",\"dateModified\":\"2013-08-03T20:05:51+00:00\",\"author\":{\"@id\":\"https:\/\/www.visit-ulcinj.com\/blog\/#\/schema\/person\/dcab619c614d3038751c63bc2aadc06d\"},\"description\":\"Tiran\u00eb, 3 gusht - Strukturat t\u00eb rendit dhe siguris\u00eb nd\u00ebrmor\u00ebn nj\u00eb operacion t\u00eb gjer\u00eb p\u00ebrfshi edhe ndjekjen me helikopter\u00eb p\u00ebr t\u00eb arrestuar disa persona q\u00eb\",\"breadcrumb\":{\"@id\":\"https:\/\/www.visit-ulcinj.com\/blog\/2013\/08\/03\/grabiten-kater-kosovare-ne-rrugen-e-kombit\/#breadcrumb\"},\"inLanguage\":\"en-US\",\"potentialAction\":[{\"@type\":\"ReadAction\",\"target\":[\"https:\/\/www.visit-ulcinj.com\/blog\/2013\/08\/03\/grabiten-kater-kosovare-ne-rrugen-e-kombit\/\"]}]},{\"@type\":\"BreadcrumbList\",\"@id\":\"https:\/\/www.visit-ulcinj.com\/blog\/2013\/08\/03\/grabiten-kater-kosovare-ne-rrugen-e-kombit\/#breadcrumb\",\"itemListElement\":[{\"@type\":\"ListItem\",\"position\":1,\"name\":\"Grabiten kat\u00ebr kosovar\u00eb n\u00eb Rrug\u00ebn e Kombit\"}]},{\"@type\":\"Person\",\"@id\":\"https:\/\/www.visit-ulcinj.com\/blog\/#\/schema\/person\/dcab619c614d3038751c63bc2aadc06d\",\"name\":\"ulqini\",\"sameAs\":[\"http:\/\/www.visit-ulcinj.com\"],\"url\":\"https:\/\/www.visit-ulcinj.com\/blog\/author\/admin\/\"}]}<\/script>\n<!-- \/ Yoast SEO plugin. -->","yoast_head_json":{"title":"Grabiten kat\u00ebr kosovar\u00eb n\u00eb Rrug\u00ebn e Kombit - Lajme nga Ulqini","description":"Tiran\u00eb, 3 gusht - Strukturat t\u00eb rendit dhe siguris\u00eb nd\u00ebrmor\u00ebn nj\u00eb operacion t\u00eb gjer\u00eb p\u00ebrfshi edhe ndjekjen me helikopter\u00eb p\u00ebr t\u00eb arrestuar disa persona q\u00eb","robots":{"index":"index","follow":"follow","max-snippet":"max-snippet:-1","max-image-preview":"max-image-preview:large","max-video-preview":"max-video-preview:-1"},"canonical":"https:\/\/www.visit-ulcinj.com\/blog\/2013\/08\/03\/grabiten-kater-kosovare-ne-rrugen-e-kombit\/","og_locale":"en_US","og_type":"article","og_title":"Grabiten kat\u00ebr kosovar\u00eb n\u00eb Rrug\u00ebn e Kombit - Lajme nga Ulqini","og_description":"Tiran\u00eb, 3 gusht - Strukturat t\u00eb rendit dhe siguris\u00eb nd\u00ebrmor\u00ebn nj\u00eb operacion t\u00eb gjer\u00eb p\u00ebrfshi edhe ndjekjen me helikopter\u00eb p\u00ebr t\u00eb arrestuar disa persona q\u00eb","og_url":"https:\/\/www.visit-ulcinj.com\/blog\/2013\/08\/03\/grabiten-kater-kosovare-ne-rrugen-e-kombit\/","og_site_name":"Lajme nga Ulqini","article_published_time":"2013-08-03T19:42:44+00:00","article_modified_time":"2013-08-03T20:05:51+00:00","og_image":[{"url":"http:\/\/www.visit-ulcinj.com\/blog\/wp-content\/uploads\/2013\/08\/grabitje.jpg"}],"twitter_misc":{"Written by":"ulqini","Est. reading time":"2 minutes"},"schema":{"@context":"https:\/\/schema.org","@graph":[{"@type":"WebSite","@id":"https:\/\/www.visit-ulcinj.com\/blog\/#website","url":"https:\/\/www.visit-ulcinj.com\/blog\/","name":"Lajme nga Ulqini","description":"Lajme,Vijesti,Ulqini,Ulqin,Crna Gora,Mali i Zi","potentialAction":[{"@type":"SearchAction","target":{"@type":"EntryPoint","urlTemplate":"https:\/\/www.visit-ulcinj.com\/blog\/?s={search_term_string}"},"query-input":"required name=search_term_string"}],"inLanguage":"en-US"},{"@type":"ImageObject","inLanguage":"en-US","@id":"https:\/\/www.visit-ulcinj.com\/blog\/2013\/08\/03\/grabiten-kater-kosovare-ne-rrugen-e-kombit\/#primaryimage","url":"http:\/\/www.visit-ulcinj.com\/blog\/wp-content\/uploads\/2013\/08\/grabitje.jpg","contentUrl":"http:\/\/www.visit-ulcinj.com\/blog\/wp-content\/uploads\/2013\/08\/grabitje.jpg"},{"@type":"WebPage","@id":"https:\/\/www.visit-ulcinj.com\/blog\/2013\/08\/03\/grabiten-kater-kosovare-ne-rrugen-e-kombit\/#webpage","url":"https:\/\/www.visit-ulcinj.com\/blog\/2013\/08\/03\/grabiten-kater-kosovare-ne-rrugen-e-kombit\/","name":"Grabiten kat\u00ebr kosovar\u00eb n\u00eb Rrug\u00ebn e Kombit - Lajme nga Ulqini","isPartOf":{"@id":"https:\/\/www.visit-ulcinj.com\/blog\/#website"},"primaryImageOfPage":{"@id":"https:\/\/www.visit-ulcinj.com\/blog\/2013\/08\/03\/grabiten-kater-kosovare-ne-rrugen-e-kombit\/#primaryimage"},"datePublished":"2013-08-03T19:42:44+00:00","dateModified":"2013-08-03T20:05:51+00:00","author":{"@id":"https:\/\/www.visit-ulcinj.com\/blog\/#\/schema\/person\/dcab619c614d3038751c63bc2aadc06d"},"description":"Tiran\u00eb, 3 gusht - Strukturat t\u00eb rendit dhe siguris\u00eb nd\u00ebrmor\u00ebn nj\u00eb operacion t\u00eb gjer\u00eb p\u00ebrfshi edhe ndjekjen me helikopter\u00eb p\u00ebr t\u00eb arrestuar disa persona q\u00eb","breadcrumb":{"@id":"https:\/\/www.visit-ulcinj.com\/blog\/2013\/08\/03\/grabiten-kater-kosovare-ne-rrugen-e-kombit\/#breadcrumb"},"inLanguage":"en-US","potentialAction":[{"@type":"ReadAction","target":["https:\/\/www.visit-ulcinj.com\/blog\/2013\/08\/03\/grabiten-kater-kosovare-ne-rrugen-e-kombit\/"]}]},{"@type":"BreadcrumbList","@id":"https:\/\/www.visit-ulcinj.com\/blog\/2013\/08\/03\/grabiten-kater-kosovare-ne-rrugen-e-kombit\/#breadcrumb","itemListElement":[{"@type":"ListItem","position":1,"name":"Grabiten kat\u00ebr kosovar\u00eb n\u00eb Rrug\u00ebn e Kombit"}]},{"@type":"Person","@id":"https:\/\/www.visit-ulcinj.com\/blog\/#\/schema\/person\/dcab619c614d3038751c63bc2aadc06d","name":"ulqini","sameAs":["http:\/\/www.visit-ulcinj.com"],"url":"https:\/\/www.visit-ulcinj.com\/blog\/author\/admin\/"}]}},"jetpack_featured_media_url":"","jetpack_sharing_enabled":true,"jetpack_shortlink":"https:\/\/wp.me\/pe6lTn-jfs","_links":{"self":[{"href":"https:\/\/www.visit-ulcinj.com\/blog\/wp-json\/wp\/v2\/posts\/73994"}],"collection":[{"href":"https:\/\/www.visit-ulcinj.com\/blog\/wp-json\/wp\/v2\/posts"}],"about":[{"href":"https:\/\/www.visit-ulcinj.com\/blog\/wp-json\/wp\/v2\/types\/post"}],"author":[{"embeddable":true,"href":"https:\/\/www.visit-ulcinj.com\/blog\/wp-json\/wp\/v2\/users\/1"}],"replies":[{"embeddable":true,"href":"https:\/\/www.visit-ulcinj.com\/blog\/wp-json\/wp\/v2\/comments?post=73994"}],"version-history":[{"count":2,"href":"https:\/\/www.visit-ulcinj.com\/blog\/wp-json\/wp\/v2\/posts\/73994\/revisions"}],"predecessor-version":[{"id":74002,"href":"https:\/\/www.visit-ulcinj.com\/blog\/wp-json\/wp\/v2\/posts\/73994\/revisions\/74002"}],"wp:attachment":[{"href":"https:\/\/www.visit-ulcinj.com\/blog\/wp-json\/wp\/v2\/media?parent=73994"}],"wp:term":[{"taxonomy":"category","embeddable":true,"href":"https:\/\/www.visit-ulcinj.com\/blog\/wp-json\/wp\/v2\/categories?post=73994"},{"taxonomy":"post_tag","embeddable":true,"href":"https:\/\/www.visit-ulcinj.com\/blog\/wp-json\/wp\/v2\/tags?post=73994"}],"curies":[{"name":"wp","href":"https:\/\/api.w.org\/{rel}","templated":true}]}}