{"id":73998,"date":"2013-08-03T21:03:05","date_gmt":"2013-08-03T20:03:05","guid":{"rendered":"http:\/\/www.visit-ulcinj.com\/blog\/?p=73998"},"modified":"2013-08-04T21:02:01","modified_gmt":"2013-08-04T20:02:01","slug":"skena-verore-2013-ulqin-video","status":"publish","type":"post","link":"https:\/\/www.visit-ulcinj.com\/blog\/2013\/08\/03\/skena-verore-2013-ulqin-video\/","title":{"rendered":"Skena Verore 2013 Ulqin &#8211; Video"},"content":{"rendered":"<p><a href=\"http:\/\/www.visit-ulcinj.com\/blog\/wp-content\/uploads\/2013\/08\/skena-verore-Ulqin.jpg\"><img loading=\"lazy\" class=\"alignleft  wp-image-73999\" alt=\"skena verore Ulqin\" src=\"http:\/\/www.visit-ulcinj.com\/blog\/wp-content\/uploads\/2013\/08\/skena-verore-Ulqin.jpg\" width=\"508\" height=\"360\" \/><\/a><strong>Foto: Ismet Karamanaga<br \/>\n<\/strong><br \/>\nE kthyer tashm\u00eb n\u00eb nj\u00eb tradit\u00eb, n\u00eb kalane e Ulqinit ka startuar festivali \u201cSkena Verore 2013\u201d, ku p\u00ebr 20 net\u00eb me radh\u00eb nga vende t\u00eb ndryshme t\u00eb Ballkanit do t\u00eb prezantohen punime artsistike, ekspozita t\u00eb ndryshme, shfaqje teatrale, si edhe mbr\u00ebmje letrare.<\/p>\n<p>N\u00eb kuad\u00ebr t\u00eb k\u00ebtij eventi, Shoqata e Artist\u00ebve dhe Intelektual\u00ebve, \u201cArt Club\u201d, n\u00eb Ulqin ka organizuar edicionin e 21-t\u00eb t\u00eb manifestit \u201cKalimera Poetike\u201d, ku i ftuari i nderit ka qen\u00eb shkrimtari dhe publicisti i njohur shqiptar nga Maqedonia, Kim Mehmeti.<\/p>\n<p>Nd\u00ebr t\u00eb tjera, Mehemeti \u00ebsht\u00eb shprehur se shteti am\u00eb duhet t\u00eb luaj\u00eb nj\u00eb rol akoma m\u00eb t\u00eb madh n\u00eb \u00e7\u00ebshtjet shqiptare jasht\u00eb kufijve t\u00eb Shqip\u00ebris\u00eb dhe sipas tij, k\u00ebt\u00eb m\u00eb mir\u00eb se askush sot po e b\u00ebn Top Channel.<\/p>\n<p>\u201c\u00cbsht\u00eb vet\u00ebm nj\u00eb projekt i suksessh\u00ebm shqiptar: Top Channel. Nj\u00eb projekt brilant. T\u00eb tjera duhet t\u00eb jen\u00eb romanet shqiptare, baleti shqiptar\u201d, ka th\u00ebn\u00eb Mehmeti.<\/p>\n<p>Nd\u00ebrsa nj\u00eb nga organizator\u00ebt e k\u00ebsaj mbremjeje artistike, Ali Salaj, kryetari i Shoqat\u00ebs s\u00eb Intelektual\u00ebve dhe Artist\u00ebve n\u00eb Ulqin shprehet se q\u00ebllimi kryesor i k\u00ebtij eventi \u00ebsht\u00eb promovimi i krijimtaris\u00eb m\u00eb t\u00eb mir\u00eb shqiptare dhe ballkanike.<\/p>\n<p>\u201c\u201cKalimera Poetike\u201d \u00ebsht\u00eb nj\u00eb aktivitet i njohur q\u00eb sivjet organizohet s\u00ebrish dhe si mysafir\u00eb kemi pasur shkrimtarin e njohur nga Maqedonia, Kim Mehmeti. Mesazhi \u00ebsht\u00eb afirmimi i kultur\u00ebs mbar\u00ebkomb\u00ebtare\u201d, deklaron Salaj.<\/p>\n<p>\u201cKalimera Poetike\u201d vler\u00ebsohet si ngjarja m\u00eb e r\u00ebnd\u00ebsishme n\u00eb fush\u00ebn e let\u00ebrsis\u00eb nd\u00ebr shqiptar\u00ebt n\u00eb Mal t\u00eb Zi dhe m\u00eb gjer\u00eb. Duke pasur parasysh rrug\u00ebn e zhvillimit t\u00eb k\u00ebsaj veprimtarie nd\u00ebr vite, mund t\u00eb thuhet se \u201cKalimera Poetike\u201d \u00ebsht\u00eb shnd\u00ebrruar n\u00eb or\u00ebn letrare akademike t\u00eb let\u00ebrsis\u00eb shqipe.<\/p>\n<p>Ulqini gjat\u00eb k\u00ebtyre dit\u00ebve b\u00ebhet qendra e vendtakimit t\u00eb shkrimtar\u00ebve shqiptar\u00eb dhe atyre nga rajoni, duke i dh\u00ebn\u00eb k\u00ebshtu turizminit edhe nj\u00eb vler\u00eb t\u00eb shtuar. \/ Top Channel<\/p>\n<p><iframe loading=\"lazy\" width=\"508\" height=\"360\" src=\"\/\/www.youtube.com\/embed\/moaUWWTDjJE\" frameborder=\"0\" allowfullscreen><\/iframe><\/p>\n","protected":false},"excerpt":{"rendered":"<p>Foto: Ismet Karamanaga E kthyer tashm\u00eb n\u00eb nj\u00eb tradit\u00eb, n\u00eb kalane e Ulqinit ka startuar festivali \u201cSkena Verore 2013\u201d, ku p\u00ebr 20 net\u00eb me radh\u00eb nga vende t\u00eb ndryshme t\u00eb Ballkanit do t\u00eb prezantohen punime artsistike, ekspozita t\u00eb ndryshme, shfaqje teatrale, si edhe mbr\u00ebmje letrare. N\u00eb kuad\u00ebr t\u00eb k\u00ebtij eventi, Shoqata e Artist\u00ebve dhe Intelektual\u00ebve, [&hellip;]<\/p>\n","protected":false},"author":1,"featured_media":0,"comment_status":"closed","ping_status":"closed","sticky":false,"template":"","format":"standard","meta":{"spay_email":"","jetpack_publicize_message":"","jetpack_is_tweetstorm":false,"jetpack_publicize_feature_enabled":true},"categories":[1,12],"tags":[],"jetpack_publicize_connections":[],"yoast_head":"<!-- This site is optimized with the Yoast SEO plugin v19.1 - https:\/\/yoast.com\/wordpress\/plugins\/seo\/ -->\n<title>Skena Verore 2013 Ulqin - Video - Lajme nga Ulqini<\/title>\n<meta name=\"description\" content=\"Foto: Ismet Karamanaga E kthyer tashm\u00eb n\u00eb nj\u00eb tradit\u00eb, n\u00eb kalane e Ulqinit ka startuar festivali \u201cSkena Verore 2013\u201d, ku p\u00ebr 20 net\u00eb me radh\u00eb nga vende t\u00eb\" \/>\n<meta name=\"robots\" content=\"index, follow, max-snippet:-1, max-image-preview:large, max-video-preview:-1\" \/>\n<link rel=\"canonical\" href=\"https:\/\/www.visit-ulcinj.com\/blog\/2013\/08\/03\/skena-verore-2013-ulqin-video\/\" \/>\n<meta property=\"og:locale\" content=\"en_US\" \/>\n<meta property=\"og:type\" content=\"article\" \/>\n<meta property=\"og:title\" content=\"Skena Verore 2013 Ulqin - Video - Lajme nga Ulqini\" \/>\n<meta property=\"og:description\" content=\"Foto: Ismet Karamanaga E kthyer tashm\u00eb n\u00eb nj\u00eb tradit\u00eb, n\u00eb kalane e Ulqinit ka startuar festivali \u201cSkena Verore 2013\u201d, ku p\u00ebr 20 net\u00eb me radh\u00eb nga vende t\u00eb\" \/>\n<meta property=\"og:url\" content=\"https:\/\/www.visit-ulcinj.com\/blog\/2013\/08\/03\/skena-verore-2013-ulqin-video\/\" \/>\n<meta property=\"og:site_name\" content=\"Lajme nga Ulqini\" \/>\n<meta property=\"article:published_time\" content=\"2013-08-03T20:03:05+00:00\" \/>\n<meta property=\"article:modified_time\" content=\"2013-08-04T20:02:01+00:00\" \/>\n<meta property=\"og:image\" content=\"http:\/\/www.visit-ulcinj.com\/blog\/wp-content\/uploads\/2013\/08\/skena-verore-Ulqin.jpg\" \/>\n<meta name=\"twitter:label1\" content=\"Written by\" \/>\n\t<meta name=\"twitter:data1\" content=\"ulqini\" \/>\n\t<meta name=\"twitter:label2\" content=\"Est. reading time\" \/>\n\t<meta name=\"twitter:data2\" content=\"2 minutes\" \/>\n<script type=\"application\/ld+json\" class=\"yoast-schema-graph\">{\"@context\":\"https:\/\/schema.org\",\"@graph\":[{\"@type\":\"WebSite\",\"@id\":\"https:\/\/www.visit-ulcinj.com\/blog\/#website\",\"url\":\"https:\/\/www.visit-ulcinj.com\/blog\/\",\"name\":\"Lajme nga Ulqini\",\"description\":\"Lajme,Vijesti,Ulqini,Ulqin,Crna Gora,Mali i Zi\",\"potentialAction\":[{\"@type\":\"SearchAction\",\"target\":{\"@type\":\"EntryPoint\",\"urlTemplate\":\"https:\/\/www.visit-ulcinj.com\/blog\/?s={search_term_string}\"},\"query-input\":\"required name=search_term_string\"}],\"inLanguage\":\"en-US\"},{\"@type\":\"ImageObject\",\"inLanguage\":\"en-US\",\"@id\":\"https:\/\/www.visit-ulcinj.com\/blog\/2013\/08\/03\/skena-verore-2013-ulqin-video\/#primaryimage\",\"url\":\"https:\/\/www.visit-ulcinj.com\/blog\/wp-content\/uploads\/2013\/08\/skena-verore-Ulqin.jpg\",\"contentUrl\":\"https:\/\/www.visit-ulcinj.com\/blog\/wp-content\/uploads\/2013\/08\/skena-verore-Ulqin.jpg\",\"width\":960,\"height\":720},{\"@type\":\"WebPage\",\"@id\":\"https:\/\/www.visit-ulcinj.com\/blog\/2013\/08\/03\/skena-verore-2013-ulqin-video\/#webpage\",\"url\":\"https:\/\/www.visit-ulcinj.com\/blog\/2013\/08\/03\/skena-verore-2013-ulqin-video\/\",\"name\":\"Skena Verore 2013 Ulqin - Video - Lajme nga Ulqini\",\"isPartOf\":{\"@id\":\"https:\/\/www.visit-ulcinj.com\/blog\/#website\"},\"primaryImageOfPage\":{\"@id\":\"https:\/\/www.visit-ulcinj.com\/blog\/2013\/08\/03\/skena-verore-2013-ulqin-video\/#primaryimage\"},\"datePublished\":\"2013-08-03T20:03:05+00:00\",\"dateModified\":\"2013-08-04T20:02:01+00:00\",\"author\":{\"@id\":\"https:\/\/www.visit-ulcinj.com\/blog\/#\/schema\/person\/dcab619c614d3038751c63bc2aadc06d\"},\"description\":\"Foto: Ismet Karamanaga E kthyer tashm\u00eb n\u00eb nj\u00eb tradit\u00eb, n\u00eb kalane e Ulqinit ka startuar festivali \u201cSkena Verore 2013\u201d, ku p\u00ebr 20 net\u00eb me radh\u00eb nga vende t\u00eb\",\"breadcrumb\":{\"@id\":\"https:\/\/www.visit-ulcinj.com\/blog\/2013\/08\/03\/skena-verore-2013-ulqin-video\/#breadcrumb\"},\"inLanguage\":\"en-US\",\"potentialAction\":[{\"@type\":\"ReadAction\",\"target\":[\"https:\/\/www.visit-ulcinj.com\/blog\/2013\/08\/03\/skena-verore-2013-ulqin-video\/\"]}]},{\"@type\":\"BreadcrumbList\",\"@id\":\"https:\/\/www.visit-ulcinj.com\/blog\/2013\/08\/03\/skena-verore-2013-ulqin-video\/#breadcrumb\",\"itemListElement\":[{\"@type\":\"ListItem\",\"position\":1,\"name\":\"Skena Verore 2013 Ulqin &#8211; Video\"}]},{\"@type\":\"Person\",\"@id\":\"https:\/\/www.visit-ulcinj.com\/blog\/#\/schema\/person\/dcab619c614d3038751c63bc2aadc06d\",\"name\":\"ulqini\",\"sameAs\":[\"http:\/\/www.visit-ulcinj.com\"],\"url\":\"https:\/\/www.visit-ulcinj.com\/blog\/author\/admin\/\"}]}<\/script>\n<!-- \/ Yoast SEO plugin. -->","yoast_head_json":{"title":"Skena Verore 2013 Ulqin - Video - Lajme nga Ulqini","description":"Foto: Ismet Karamanaga E kthyer tashm\u00eb n\u00eb nj\u00eb tradit\u00eb, n\u00eb kalane e Ulqinit ka startuar festivali \u201cSkena Verore 2013\u201d, ku p\u00ebr 20 net\u00eb me radh\u00eb nga vende t\u00eb","robots":{"index":"index","follow":"follow","max-snippet":"max-snippet:-1","max-image-preview":"max-image-preview:large","max-video-preview":"max-video-preview:-1"},"canonical":"https:\/\/www.visit-ulcinj.com\/blog\/2013\/08\/03\/skena-verore-2013-ulqin-video\/","og_locale":"en_US","og_type":"article","og_title":"Skena Verore 2013 Ulqin - Video - Lajme nga Ulqini","og_description":"Foto: Ismet Karamanaga E kthyer tashm\u00eb n\u00eb nj\u00eb tradit\u00eb, n\u00eb kalane e Ulqinit ka startuar festivali \u201cSkena Verore 2013\u201d, ku p\u00ebr 20 net\u00eb me radh\u00eb nga vende t\u00eb","og_url":"https:\/\/www.visit-ulcinj.com\/blog\/2013\/08\/03\/skena-verore-2013-ulqin-video\/","og_site_name":"Lajme nga Ulqini","article_published_time":"2013-08-03T20:03:05+00:00","article_modified_time":"2013-08-04T20:02:01+00:00","og_image":[{"url":"http:\/\/www.visit-ulcinj.com\/blog\/wp-content\/uploads\/2013\/08\/skena-verore-Ulqin.jpg"}],"twitter_misc":{"Written by":"ulqini","Est. reading time":"2 minutes"},"schema":{"@context":"https:\/\/schema.org","@graph":[{"@type":"WebSite","@id":"https:\/\/www.visit-ulcinj.com\/blog\/#website","url":"https:\/\/www.visit-ulcinj.com\/blog\/","name":"Lajme nga Ulqini","description":"Lajme,Vijesti,Ulqini,Ulqin,Crna Gora,Mali i Zi","potentialAction":[{"@type":"SearchAction","target":{"@type":"EntryPoint","urlTemplate":"https:\/\/www.visit-ulcinj.com\/blog\/?s={search_term_string}"},"query-input":"required name=search_term_string"}],"inLanguage":"en-US"},{"@type":"ImageObject","inLanguage":"en-US","@id":"https:\/\/www.visit-ulcinj.com\/blog\/2013\/08\/03\/skena-verore-2013-ulqin-video\/#primaryimage","url":"https:\/\/www.visit-ulcinj.com\/blog\/wp-content\/uploads\/2013\/08\/skena-verore-Ulqin.jpg","contentUrl":"https:\/\/www.visit-ulcinj.com\/blog\/wp-content\/uploads\/2013\/08\/skena-verore-Ulqin.jpg","width":960,"height":720},{"@type":"WebPage","@id":"https:\/\/www.visit-ulcinj.com\/blog\/2013\/08\/03\/skena-verore-2013-ulqin-video\/#webpage","url":"https:\/\/www.visit-ulcinj.com\/blog\/2013\/08\/03\/skena-verore-2013-ulqin-video\/","name":"Skena Verore 2013 Ulqin - Video - Lajme nga Ulqini","isPartOf":{"@id":"https:\/\/www.visit-ulcinj.com\/blog\/#website"},"primaryImageOfPage":{"@id":"https:\/\/www.visit-ulcinj.com\/blog\/2013\/08\/03\/skena-verore-2013-ulqin-video\/#primaryimage"},"datePublished":"2013-08-03T20:03:05+00:00","dateModified":"2013-08-04T20:02:01+00:00","author":{"@id":"https:\/\/www.visit-ulcinj.com\/blog\/#\/schema\/person\/dcab619c614d3038751c63bc2aadc06d"},"description":"Foto: Ismet Karamanaga E kthyer tashm\u00eb n\u00eb nj\u00eb tradit\u00eb, n\u00eb kalane e Ulqinit ka startuar festivali \u201cSkena Verore 2013\u201d, ku p\u00ebr 20 net\u00eb me radh\u00eb nga vende t\u00eb","breadcrumb":{"@id":"https:\/\/www.visit-ulcinj.com\/blog\/2013\/08\/03\/skena-verore-2013-ulqin-video\/#breadcrumb"},"inLanguage":"en-US","potentialAction":[{"@type":"ReadAction","target":["https:\/\/www.visit-ulcinj.com\/blog\/2013\/08\/03\/skena-verore-2013-ulqin-video\/"]}]},{"@type":"BreadcrumbList","@id":"https:\/\/www.visit-ulcinj.com\/blog\/2013\/08\/03\/skena-verore-2013-ulqin-video\/#breadcrumb","itemListElement":[{"@type":"ListItem","position":1,"name":"Skena Verore 2013 Ulqin &#8211; Video"}]},{"@type":"Person","@id":"https:\/\/www.visit-ulcinj.com\/blog\/#\/schema\/person\/dcab619c614d3038751c63bc2aadc06d","name":"ulqini","sameAs":["http:\/\/www.visit-ulcinj.com"],"url":"https:\/\/www.visit-ulcinj.com\/blog\/author\/admin\/"}]}},"jetpack_featured_media_url":"","jetpack_sharing_enabled":true,"jetpack_shortlink":"https:\/\/wp.me\/pe6lTn-jfw","_links":{"self":[{"href":"https:\/\/www.visit-ulcinj.com\/blog\/wp-json\/wp\/v2\/posts\/73998"}],"collection":[{"href":"https:\/\/www.visit-ulcinj.com\/blog\/wp-json\/wp\/v2\/posts"}],"about":[{"href":"https:\/\/www.visit-ulcinj.com\/blog\/wp-json\/wp\/v2\/types\/post"}],"author":[{"embeddable":true,"href":"https:\/\/www.visit-ulcinj.com\/blog\/wp-json\/wp\/v2\/users\/1"}],"replies":[{"embeddable":true,"href":"https:\/\/www.visit-ulcinj.com\/blog\/wp-json\/wp\/v2\/comments?post=73998"}],"version-history":[{"count":3,"href":"https:\/\/www.visit-ulcinj.com\/blog\/wp-json\/wp\/v2\/posts\/73998\/revisions"}],"predecessor-version":[{"id":74019,"href":"https:\/\/www.visit-ulcinj.com\/blog\/wp-json\/wp\/v2\/posts\/73998\/revisions\/74019"}],"wp:attachment":[{"href":"https:\/\/www.visit-ulcinj.com\/blog\/wp-json\/wp\/v2\/media?parent=73998"}],"wp:term":[{"taxonomy":"category","embeddable":true,"href":"https:\/\/www.visit-ulcinj.com\/blog\/wp-json\/wp\/v2\/categories?post=73998"},{"taxonomy":"post_tag","embeddable":true,"href":"https:\/\/www.visit-ulcinj.com\/blog\/wp-json\/wp\/v2\/tags?post=73998"}],"curies":[{"name":"wp","href":"https:\/\/api.w.org\/{rel}","templated":true}]}}