{"id":74,"date":"2008-01-07T15:56:29","date_gmt":"2008-01-07T20:56:29","guid":{"rendered":"http:\/\/www.visit-ulcinj.com\/blog\/2008\/01\/07\/kushtetuta-dhe-pakicat-ne-mal-te-zi-1\/"},"modified":"2008-02-12T18:09:46","modified_gmt":"2008-02-12T23:09:46","slug":"kushtetuta-dhe-pakicat-ne-mal-te-zi-1","status":"publish","type":"post","link":"https:\/\/www.visit-ulcinj.com\/blog\/2008\/01\/07\/kushtetuta-dhe-pakicat-ne-mal-te-zi-1\/","title":{"rendered":"Kushtetuta dhe Pakicat n\u00eb Mal t\u00eb Zi (1)"},"content":{"rendered":"<p class=\"text-container\"><strong><img loading=\"lazy\" src=\"http:\/\/www.visit-ulcinj.com\/blog\/wp-content\/uploads\/2008\/01\/drnail-draga.thumbnail.jpg\" align=\"left\" border=\"0\" height=\"128\" hspace=\"2\" vspace=\"2\" width=\"106\" \/>Avancimi i barazis\u00eb qytetare e nacionale<\/strong><\/p>\n<p>T\u00eb drejtat e garantuara me kushtetut\u00eb dhe sipas standard\u00ebve nd\u00ebrkomb\u00ebtare nuk duhen t\u00eb mvar\u00ebn nga disponimi i partis\u00eb apo partive n\u00eb pushtet por ato jan\u00eb obligim i detyruesh\u00ebm p\u00ebr pushtetin p\u00ebr t\u00eb realizuar n\u00eb praktik\u00eb barazin\u00eb qytetare dhe nacionale. \u00cbsht\u00eb koha e fundit q\u00eb t\u00eb b\u00ebhet nj\u00eb kthes\u00eb pozitive ku shqiptar\u00ebt t\u00eb ndihen t\u00eb barabart\u00eb me qytetar\u00ebt e tjer\u00eb n\u00eb Mal t\u00eb Zi, nd\u00ebrsa n\u00ebse ndodh si deri m\u00eb tash ku<!--more--> mungon vullneti i pushtetit p\u00ebr t\u00eb realizuar n\u00eb praktik\u00eb t\u00eb drejtat e natyrshme e vetmja adres\u00eb do t\u00eb jet\u00eb t\u00eb faktori nd\u00ebrkomb\u00ebtar, sepse shqiptar\u00ebt nuk k\u00ebrkojn\u00eb t\u00eb drejta ekskluzive por duan t\u00eb mbrojn\u00eb idetitetin e tyre nacional ne ket\u00eb mjedis multinacional, multikulturor dhe multikonfesional.<br \/>\n<strong><br \/>\n1. Mali i Zi shtet i qytetar\u00ebve apo i popujve<\/strong><\/p>\n<p class=\"text-container\">Nj\u00eb nd\u00ebr dilemat q\u00eb jan\u00eb t\u00eb pranishme k\u00ebto dit\u00eb, kur n\u00eb shqyrtim publik \u00ebsht\u00eb projektkushtetuta e Malit t\u00eb Zi, e q\u00eb ka t\u00eb b\u00ebj\u00eb enkas me definimin e shtetit t\u00eb Malit t\u00eb Zi, \u00ebsht\u00eb se a do t\u00eb definohet ky shtet si:<br \/>\n<strong>1.shtet i qytetar\u00ebve,<br \/>\n2. shtet i popujve apo<br \/>\n3.shtet i malazez\u00ebve dhe popujve t\u00eb tjer\u00eb q\u00eb jetojn\u00eb ne ket\u00eb republik\u00eb.<\/strong><br \/>\nLidhur me k\u00ebt\u00eb \u00e7\u00ebshtje deri m\u00eb tash dominon koncepti i shtetit qytetar, edhe pse jan\u00eb t\u00eb pranishme edhe variantet e tjera. Duke marr\u00eb parasysh regjistrimin e fundit t\u00eb popullsis\u00eb (2003) se asnj\u00eb popull n\u00eb ket\u00eb republik\u00eb nuk \u00ebsht\u00eb shumic\u00eb dhe se kemi nj\u00eb struktur\u00eb heterogjene sipas p\u00ebrkat\u00ebsis\u00eb nacionale \u00ebsht\u00eb edhe rekomandim i bashk\u00ebsis\u00eb nd\u00ebrkomb\u00ebtare se Malit t\u00eb Zi m\u00eb s\u00eb shumti i p\u00ebrgjigjet definimi i shtetit t\u00eb qytetar\u00ebve. Nj\u00eb konstatim i till\u00eb, pa cekur asnj\u00eb popull, \u00ebsht\u00eb i pranuesh\u00ebm edhe p\u00ebr t\u00eb tjer\u00ebt, edhe pse nga strukturat qeveritare b\u00ebhet me dije se ato d\u00ebshirojn\u00eb t\u00eb cekin, se Mali i Zi \u00ebsht\u00eb shtet i popullit malazias. Nj\u00eb konstatim i till\u00eb \u00ebsht\u00eb i papranuesh\u00ebm edhe p\u00ebr serb\u00ebt, sepse ata k\u00ebrkojn\u00eb ose t\u00eb sh\u00ebnohen edhe serb\u00ebt apo asnj\u00eb popull, pra shtet i qytetar\u00ebve. Nd\u00ebrsa teksti n\u00eb preambul\u00eb q\u00eb ka t\u00eb b\u00ebj\u00eb m\u00eb &#8221; t\u00eb drejt\u00ebn historike t\u00eb popullit malazias dhe n\u00eb t\u00eb drejtat e popujve t\u00eb tjer\u00eb autokton\u00eb dhe t\u00eb qytetar\u00ebve p\u00ebr shtetin e lir\u00eb t\u00eb Malit t\u00eb Zi&#8221; duhet t\u00eb ndryshohet, sepse edhe nx\u00ebn\u00ebsit n\u00eb shkoll\u00eb fillore e kan\u00eb m\u00ebsuar se \u00e7ka do t\u00eb thot\u00eb termi autokton, kur historikisht dihet se kush \u00ebsht\u00eb autokton dhe i ardhur n\u00eb k\u00ebto troje. Pra, duhet t\u00eb gjendet nj\u00eb formulim tjet\u00ebr, i pranuesh\u00ebm edhe p\u00ebr pjes\u00ebtar\u00ebt e popujve t\u00eb tjer\u00eb n\u00eb k\u00ebt\u00eb mjedis.<\/p>\n<p><strong>2. Cili do t\u00eb jet\u00eb statusi i shqiptar\u00ebve<\/strong><\/p>\n<p>Me t\u00eb drejt\u00eb b\u00ebh\u00ebt pyetja se cili do t\u00eb jet\u00eb statusi i shqiptar\u00ebve n\u00eb Kushtetut\u00ebn e re, a do t\u00eb ket\u00eb ndonj\u00eb dallim cil\u00ebsor apo \u00e7do gj\u00eb do t\u00eb jet\u00eb si m\u00eb par\u00eb, kur shqiptar\u00ebt jan\u00eb trajtuar n\u00eb kategorin\u00eb e grupeve nacionale e etnike, terminologji kjo aspak e pranueshme madje edhe irituese.<br \/>\nAndaj p\u00ebr shqiptar\u00ebt n\u00eb rastin konkret mendoj se ekzistojn\u00eb tri zgjidhje:<br \/>\n<strong>1. pjes\u00ebtar\u00eb t\u00eb popullit shqiptar,<br \/>\n2.popull pakic\u00eb dhe<br \/>\n3. pakic\u00eb nacionale. <\/strong><br \/>\nN\u00ebse analizohen t\u00eb tri k\u00ebto formulime del qart\u00eb se formulimi i par\u00eb \u00ebsht\u00eb m\u00eb i pranuesh\u00ebm dhe si i till\u00eb duhet t\u00eb figuroj\u00eb edhe n\u00eb Kushtetut\u00ebn e re. Si shembull pozitiv n\u00eb k\u00ebt\u00eb aspekt mund t\u00eb na sh\u00ebrbej\u00eb Maqedonia, ku ajo n\u00eb baz\u00eb t\u00eb Marr\u00ebveshjes s\u00eb Ohrit (2001) \u00ebsht\u00eb definuar &#8211; shtet i popullit maqedonas por edhe pjes\u00ebtar\u00ebve t\u00eb popullit shqiptar etj.<br \/>\nNd\u00ebrsa p\u00ebr hir t\u00eb realitetit duhet th\u00ebn\u00eb me k\u00ebt\u00eb rast se nga viti 1997, n\u00eb Mal t\u00eb Zi filloi t\u00eb p\u00ebrdoret edhe nj\u00eb term tjet\u00ebr, e ky \u00ebsht\u00eb popull pakic\u00eb, q\u00eb n\u00eb nj\u00eb far\u00eb m\u00ebnyre \u00ebsht\u00eb sinonim p\u00ebr pakicat komb\u00ebtare, por nj\u00ebheri paraqet an\u00ebn sasiore t\u00eb popullat\u00ebs p\u00ebrkat\u00ebse n\u00eb kuad\u00ebr t\u00eb popullsis\u00eb s\u00eb p\u00ebrgjithshme. Por, pasi q\u00eb n\u00eb konceptin qytetar nuk ka pakic\u00eb dhe shumic\u00eb, por ka qytetar\u00eb t\u00eb cil\u00ebt u p\u00ebrkasin popujve t\u00eb ndrysh\u00ebm, si dhe t\u00eb dh\u00ebn\u00ebn se n\u00eb Mal t\u00eb Zi nuk ka popull dominues, sepse askush nuk \u00ebsht\u00eb as mbi 50% e jo m\u00eb tep\u00ebr, formulimi i Maqedonis\u00eb do t\u00eb ishte zgjidhja me e drejt\u00eb dhe e pranueshme p\u00ebr pjes\u00ebtar\u00ebt e jomalazez\u00ebve n\u00eb k\u00ebt\u00eb republik\u00eb.<\/p>\n<p><strong>3. Mungon kapitulli i ve\u00e7ant\u00eb<\/strong><\/p>\n<p>Kudo n\u00eb bot\u00eb me rastin e hartimit t\u00eb kushtetutave t\u00eb reja, merren parasysh dhe inkorporohen n\u00eb tekstin e ri vlerat e p\u00ebrgjithshme t\u00eb cilat si t\u00eb tilla jan\u00eb pranuar nga qytetar\u00ebt dhe opinioni i gjer\u00eb. N\u00eb kushtetut\u00ebn e Malit t\u00eb Zi t\u00eb vitit 1992, p\u00ebr pakicat nacionale e grupet etnike ka ekzistuar nj\u00eb pjes\u00eb e ve\u00e7ant\u00eb (nenet 67-76). \u00cbsht\u00eb pritur q\u00eb n\u00eb tekstin e projektkushtetut\u00ebs s\u00eb re nj\u00eb kapitull i till\u00eb t\u00eb jet\u00eb i pranish\u00ebm, por p\u00ebr \u00e7udi hartuesit e saj e kan\u00eb anashkaluar n\u00eb t\u00ebr\u00ebsi. Andaj, duke marr\u00eb parasysh se Mali i Zi \u00ebsht\u00eb mjedis multinacional, ku praktika d\u00ebshmon se popujt numerikisht m\u00eb t\u00eb vegj\u00ebl n\u00eb m\u00ebnyr\u00eb permanente jan\u00eb n\u00eb pozit\u00eb t\u00eb pabarabart\u00eb n\u00eb krahasim me popujt numerikisht m\u00eb t\u00eb m\u00ebdhenj (n\u00eb rastin konkret malazez\u00ebt e serb\u00ebt), nj\u00eb kapitull i till\u00eb do t\u00eb eliminonte shum\u00eb dilema. N\u00eb at\u00eb kapitull duhet t\u00eb sh\u00ebnohen n\u00eb m\u00ebnyr\u00eb taksative nj\u00eb varg t\u00eb drejtash si: arsimi, gjuha, informimi, kultura, decentralizimi i pushtetit, p\u00ebrfaq\u00ebsimi proporcional etj., t\u00eb dh\u00ebna k\u00ebto t\u00eb cilat jan\u00eb n\u00eb favor t\u00eb identitetit nacional dhe avancimit t\u00eb pozit\u00ebs dhe t\u00eb statusit t\u00eb popujve p\u00ebrkat\u00ebs, n\u00eb rastin konkret t\u00eb shqiptar\u00ebve n\u00eb Mal t\u00eb Zi.<\/p>\n<p><strong>4. Identiteti dhe institucionet<\/strong><\/p>\n<p>Pasi q\u00eb deri m\u00eb tash pjes\u00ebtar\u00ebt e popullit shqiptar n\u00eb praktik\u00eb n\u00eb fush\u00ebn e arsimit dhe t\u00eb kultur\u00ebs nuk kan\u00eb trajtim t\u00eb barabart\u00eb dhe pasi q\u00eb identiteti i tyre \u00ebsht\u00eb i rrezikuar vazhdimisht, p\u00ebr t\u00eb sfiduar gjendjen ekzistuese \u00ebsht\u00eb e nevojshme t\u00eb veprohet n\u00eb m\u00ebnyr\u00eb analoge sikurse n\u00eb vendet e tjera multinacionale. Andaj, n\u00eb rastin konkret p\u00ebr shqiptar\u00ebt \u00ebsht\u00eb nevojshme t\u00eb formohen institucionet e identitetit. K\u00ebtu kryesisht mendojm\u00eb p\u00ebr fush\u00ebn e arsimit me themelimin e Qendr\u00ebs s\u00eb arsimit n\u00eb gjuh\u00ebn shqipe, dhe at\u00eb t\u00eb kultur\u00ebs p\u00ebr themelimin e Qendr\u00ebs Kulturore Shqiptare. K\u00ebto dy subjekte duhet t\u00eb financohen nga buxheti i qeveris\u00eb republikane, e po ashtu pjes\u00ebrisht edhe nga qeverisjet lokale n\u00eb ato komuna ku shqiptar\u00ebt jan\u00eb popullsi autoktone. Nj\u00eb veprim i till\u00eb \u00ebsht\u00eb m\u00eb se i nevojsh\u00ebm, duke pasur parasysh diskursin e vazhduesh\u00ebm t\u00eb strukturave qeveritare ndaj shqiptar\u00ebve. Edhe pse qytetar\u00ebt shqiptar\u00eb vazhdimisht kan\u00eb paguar e paguajn\u00eb taksat dhe tatimet n\u00eb m\u00ebnyr\u00eb t\u00eb rregullt, asgj\u00eb nuk \u00ebsht\u00eb financuar n\u00eb k\u00ebto dy fusha, q\u00eb jan\u00eb baza elementare e identitetit nacional n\u00eb k\u00ebt\u00eb mjedis multinacional.<br \/>\nN\u00eb k\u00ebt\u00eb dimension si shembull praktik mund t\u00eb na sh\u00ebrbejn\u00eb planprogramet m\u00ebsimore ku nga historia e kultura komb\u00ebtare nx\u00ebn\u00ebsi shqiptar n\u00eb shkollat me m\u00ebsim n\u00eb gjuh\u00ebn shqipe (fillore e t\u00eb mesme) nuk m\u00ebson asgj\u00eb p\u00ebr popullin e vet nd\u00ebrsa m\u00ebson p\u00ebr t\u00eb tjer\u00ebt.<br \/>\nAspak m\u00eb mir\u00eb gjendja nuk \u00ebsht\u00eb as n\u00eb fush\u00ebn e kultur\u00ebs, ku n\u00eb Ministrin\u00eb e Kultur\u00ebs, nuk ekziston nocioni kultura shqiptare, andaj deri m\u00eb tash nuk kemi ndonj\u00eb informat\u00eb se nga kjo ministri \u00ebsht\u00eb financuar i plot\u00eb ndonj\u00eb projekt nga kultura shqiptare, edhe pse ata nj\u00eb \u00e7\u00ebshtje t\u00eb till\u00eb e kan\u00eb obligim ligjor. Nga veprimet e tilla t\u00eb pushtetit termi multikultur\u00eb ka vler\u00eb vet\u00ebm p\u00ebr fjalorin politik, nd\u00ebrsa ne realitet \u00ebsht\u00eb demagogji e mentalitetit monist q\u00eb k\u00ebtu \u00ebsht\u00eb gjithnj\u00eb i pranish\u00ebm.<\/p>\n<p><strong>(vazhdon n\u00eb numrin tjet\u00ebr)<\/strong><\/p>\n<p class=\"text-container\"><strong>Dr.Nail Draga<\/strong><\/p>\n","protected":false},"excerpt":{"rendered":"<p><img loading=\"lazy\" src=\"http:\/\/www.visit-ulcinj.com\/blog\/wp-content\/uploads\/2008\/01\/drnail-draga.thumbnail.jpg\" alt=\"Draga\" height=\"140\" width=\"140\" \/><\/p>\n","protected":false},"author":1,"featured_media":0,"comment_status":"open","ping_status":"closed","sticky":false,"template":"","format":"standard","meta":{"spay_email":"","jetpack_publicize_message":"","jetpack_is_tweetstorm":false,"jetpack_publicize_feature_enabled":true},"categories":[11],"tags":[1174,216,330,362,95,318,338,343,342,339,340,341,359],"jetpack_publicize_connections":[],"yoast_head":"<!-- This site is optimized with the Yoast SEO plugin v19.1 - https:\/\/yoast.com\/wordpress\/plugins\/seo\/ -->\n<title>Kushtetuta dhe Pakicat n\u00eb Mal t\u00eb Zi (1) - Lajme nga Ulqini<\/title>\n<meta name=\"robots\" content=\"index, follow, max-snippet:-1, max-image-preview:large, max-video-preview:-1\" \/>\n<link rel=\"canonical\" href=\"https:\/\/www.visit-ulcinj.com\/blog\/2008\/01\/07\/kushtetuta-dhe-pakicat-ne-mal-te-zi-1\/\" \/>\n<meta property=\"og:locale\" content=\"en_US\" \/>\n<meta property=\"og:type\" content=\"article\" \/>\n<meta property=\"og:title\" content=\"Kushtetuta dhe Pakicat n\u00eb Mal t\u00eb Zi (1) - Lajme nga Ulqini\" \/>\n<meta property=\"og:url\" content=\"https:\/\/www.visit-ulcinj.com\/blog\/2008\/01\/07\/kushtetuta-dhe-pakicat-ne-mal-te-zi-1\/\" \/>\n<meta property=\"og:site_name\" content=\"Lajme nga Ulqini\" \/>\n<meta property=\"article:published_time\" content=\"2008-01-07T20:56:29+00:00\" \/>\n<meta property=\"article:modified_time\" content=\"2008-02-12T23:09:46+00:00\" \/>\n<meta property=\"og:image\" content=\"http:\/\/www.visit-ulcinj.com\/blog\/wp-content\/uploads\/2008\/01\/drnail-draga.thumbnail.jpg\" \/>\n<meta name=\"twitter:label1\" content=\"Written by\" \/>\n\t<meta name=\"twitter:data1\" content=\"ulqini\" \/>\n\t<meta name=\"twitter:label2\" content=\"Est. reading time\" \/>\n\t<meta name=\"twitter:data2\" content=\"7 minutes\" \/>\n<script type=\"application\/ld+json\" class=\"yoast-schema-graph\">{\"@context\":\"https:\/\/schema.org\",\"@graph\":[{\"@type\":\"WebSite\",\"@id\":\"https:\/\/www.visit-ulcinj.com\/blog\/#website\",\"url\":\"https:\/\/www.visit-ulcinj.com\/blog\/\",\"name\":\"Lajme nga Ulqini\",\"description\":\"Lajme,Vijesti,Ulqini,Ulqin,Crna Gora,Mali i Zi\",\"potentialAction\":[{\"@type\":\"SearchAction\",\"target\":{\"@type\":\"EntryPoint\",\"urlTemplate\":\"https:\/\/www.visit-ulcinj.com\/blog\/?s={search_term_string}\"},\"query-input\":\"required name=search_term_string\"}],\"inLanguage\":\"en-US\"},{\"@type\":\"ImageObject\",\"inLanguage\":\"en-US\",\"@id\":\"https:\/\/www.visit-ulcinj.com\/blog\/2008\/01\/07\/kushtetuta-dhe-pakicat-ne-mal-te-zi-1\/#primaryimage\",\"url\":\"http:\/\/www.visit-ulcinj.com\/blog\/wp-content\/uploads\/2008\/01\/drnail-draga.thumbnail.jpg\",\"contentUrl\":\"http:\/\/www.visit-ulcinj.com\/blog\/wp-content\/uploads\/2008\/01\/drnail-draga.thumbnail.jpg\"},{\"@type\":\"WebPage\",\"@id\":\"https:\/\/www.visit-ulcinj.com\/blog\/2008\/01\/07\/kushtetuta-dhe-pakicat-ne-mal-te-zi-1\/#webpage\",\"url\":\"https:\/\/www.visit-ulcinj.com\/blog\/2008\/01\/07\/kushtetuta-dhe-pakicat-ne-mal-te-zi-1\/\",\"name\":\"Kushtetuta dhe Pakicat n\u00eb Mal t\u00eb Zi (1) - Lajme nga Ulqini\",\"isPartOf\":{\"@id\":\"https:\/\/www.visit-ulcinj.com\/blog\/#website\"},\"primaryImageOfPage\":{\"@id\":\"https:\/\/www.visit-ulcinj.com\/blog\/2008\/01\/07\/kushtetuta-dhe-pakicat-ne-mal-te-zi-1\/#primaryimage\"},\"datePublished\":\"2008-01-07T20:56:29+00:00\",\"dateModified\":\"2008-02-12T23:09:46+00:00\",\"author\":{\"@id\":\"https:\/\/www.visit-ulcinj.com\/blog\/#\/schema\/person\/dcab619c614d3038751c63bc2aadc06d\"},\"breadcrumb\":{\"@id\":\"https:\/\/www.visit-ulcinj.com\/blog\/2008\/01\/07\/kushtetuta-dhe-pakicat-ne-mal-te-zi-1\/#breadcrumb\"},\"inLanguage\":\"en-US\",\"potentialAction\":[{\"@type\":\"ReadAction\",\"target\":[\"https:\/\/www.visit-ulcinj.com\/blog\/2008\/01\/07\/kushtetuta-dhe-pakicat-ne-mal-te-zi-1\/\"]}]},{\"@type\":\"BreadcrumbList\",\"@id\":\"https:\/\/www.visit-ulcinj.com\/blog\/2008\/01\/07\/kushtetuta-dhe-pakicat-ne-mal-te-zi-1\/#breadcrumb\",\"itemListElement\":[{\"@type\":\"ListItem\",\"position\":1,\"name\":\"Kushtetuta dhe Pakicat n\u00eb Mal t\u00eb Zi (1)\"}]},{\"@type\":\"Person\",\"@id\":\"https:\/\/www.visit-ulcinj.com\/blog\/#\/schema\/person\/dcab619c614d3038751c63bc2aadc06d\",\"name\":\"ulqini\",\"sameAs\":[\"http:\/\/www.visit-ulcinj.com\"],\"url\":\"https:\/\/www.visit-ulcinj.com\/blog\/author\/admin\/\"}]}<\/script>\n<!-- \/ Yoast SEO plugin. -->","yoast_head_json":{"title":"Kushtetuta dhe Pakicat n\u00eb Mal t\u00eb Zi (1) - Lajme nga Ulqini","robots":{"index":"index","follow":"follow","max-snippet":"max-snippet:-1","max-image-preview":"max-image-preview:large","max-video-preview":"max-video-preview:-1"},"canonical":"https:\/\/www.visit-ulcinj.com\/blog\/2008\/01\/07\/kushtetuta-dhe-pakicat-ne-mal-te-zi-1\/","og_locale":"en_US","og_type":"article","og_title":"Kushtetuta dhe Pakicat n\u00eb Mal t\u00eb Zi (1) - Lajme nga Ulqini","og_url":"https:\/\/www.visit-ulcinj.com\/blog\/2008\/01\/07\/kushtetuta-dhe-pakicat-ne-mal-te-zi-1\/","og_site_name":"Lajme nga Ulqini","article_published_time":"2008-01-07T20:56:29+00:00","article_modified_time":"2008-02-12T23:09:46+00:00","og_image":[{"url":"http:\/\/www.visit-ulcinj.com\/blog\/wp-content\/uploads\/2008\/01\/drnail-draga.thumbnail.jpg"}],"twitter_misc":{"Written by":"ulqini","Est. reading time":"7 minutes"},"schema":{"@context":"https:\/\/schema.org","@graph":[{"@type":"WebSite","@id":"https:\/\/www.visit-ulcinj.com\/blog\/#website","url":"https:\/\/www.visit-ulcinj.com\/blog\/","name":"Lajme nga Ulqini","description":"Lajme,Vijesti,Ulqini,Ulqin,Crna Gora,Mali i Zi","potentialAction":[{"@type":"SearchAction","target":{"@type":"EntryPoint","urlTemplate":"https:\/\/www.visit-ulcinj.com\/blog\/?s={search_term_string}"},"query-input":"required name=search_term_string"}],"inLanguage":"en-US"},{"@type":"ImageObject","inLanguage":"en-US","@id":"https:\/\/www.visit-ulcinj.com\/blog\/2008\/01\/07\/kushtetuta-dhe-pakicat-ne-mal-te-zi-1\/#primaryimage","url":"http:\/\/www.visit-ulcinj.com\/blog\/wp-content\/uploads\/2008\/01\/drnail-draga.thumbnail.jpg","contentUrl":"http:\/\/www.visit-ulcinj.com\/blog\/wp-content\/uploads\/2008\/01\/drnail-draga.thumbnail.jpg"},{"@type":"WebPage","@id":"https:\/\/www.visit-ulcinj.com\/blog\/2008\/01\/07\/kushtetuta-dhe-pakicat-ne-mal-te-zi-1\/#webpage","url":"https:\/\/www.visit-ulcinj.com\/blog\/2008\/01\/07\/kushtetuta-dhe-pakicat-ne-mal-te-zi-1\/","name":"Kushtetuta dhe Pakicat n\u00eb Mal t\u00eb Zi (1) - Lajme nga Ulqini","isPartOf":{"@id":"https:\/\/www.visit-ulcinj.com\/blog\/#website"},"primaryImageOfPage":{"@id":"https:\/\/www.visit-ulcinj.com\/blog\/2008\/01\/07\/kushtetuta-dhe-pakicat-ne-mal-te-zi-1\/#primaryimage"},"datePublished":"2008-01-07T20:56:29+00:00","dateModified":"2008-02-12T23:09:46+00:00","author":{"@id":"https:\/\/www.visit-ulcinj.com\/blog\/#\/schema\/person\/dcab619c614d3038751c63bc2aadc06d"},"breadcrumb":{"@id":"https:\/\/www.visit-ulcinj.com\/blog\/2008\/01\/07\/kushtetuta-dhe-pakicat-ne-mal-te-zi-1\/#breadcrumb"},"inLanguage":"en-US","potentialAction":[{"@type":"ReadAction","target":["https:\/\/www.visit-ulcinj.com\/blog\/2008\/01\/07\/kushtetuta-dhe-pakicat-ne-mal-te-zi-1\/"]}]},{"@type":"BreadcrumbList","@id":"https:\/\/www.visit-ulcinj.com\/blog\/2008\/01\/07\/kushtetuta-dhe-pakicat-ne-mal-te-zi-1\/#breadcrumb","itemListElement":[{"@type":"ListItem","position":1,"name":"Kushtetuta dhe Pakicat n\u00eb Mal t\u00eb Zi (1)"}]},{"@type":"Person","@id":"https:\/\/www.visit-ulcinj.com\/blog\/#\/schema\/person\/dcab619c614d3038751c63bc2aadc06d","name":"ulqini","sameAs":["http:\/\/www.visit-ulcinj.com"],"url":"https:\/\/www.visit-ulcinj.com\/blog\/author\/admin\/"}]}},"jetpack_featured_media_url":"","jetpack_sharing_enabled":true,"jetpack_shortlink":"https:\/\/wp.me\/pe6lTn-1c","_links":{"self":[{"href":"https:\/\/www.visit-ulcinj.com\/blog\/wp-json\/wp\/v2\/posts\/74"}],"collection":[{"href":"https:\/\/www.visit-ulcinj.com\/blog\/wp-json\/wp\/v2\/posts"}],"about":[{"href":"https:\/\/www.visit-ulcinj.com\/blog\/wp-json\/wp\/v2\/types\/post"}],"author":[{"embeddable":true,"href":"https:\/\/www.visit-ulcinj.com\/blog\/wp-json\/wp\/v2\/users\/1"}],"replies":[{"embeddable":true,"href":"https:\/\/www.visit-ulcinj.com\/blog\/wp-json\/wp\/v2\/comments?post=74"}],"version-history":[{"count":0,"href":"https:\/\/www.visit-ulcinj.com\/blog\/wp-json\/wp\/v2\/posts\/74\/revisions"}],"wp:attachment":[{"href":"https:\/\/www.visit-ulcinj.com\/blog\/wp-json\/wp\/v2\/media?parent=74"}],"wp:term":[{"taxonomy":"category","embeddable":true,"href":"https:\/\/www.visit-ulcinj.com\/blog\/wp-json\/wp\/v2\/categories?post=74"},{"taxonomy":"post_tag","embeddable":true,"href":"https:\/\/www.visit-ulcinj.com\/blog\/wp-json\/wp\/v2\/tags?post=74"}],"curies":[{"name":"wp","href":"https:\/\/api.w.org\/{rel}","templated":true}]}}