{"id":74009,"date":"2013-08-04T20:48:40","date_gmt":"2013-08-04T19:48:40","guid":{"rendered":"http:\/\/www.visit-ulcinj.com\/blog\/?p=74009"},"modified":"2013-08-05T18:41:51","modified_gmt":"2013-08-05T17:41:51","slug":"adnan-gjinaj-arbenita-zyrtarizuan-fejesen-ne-ulqin","status":"publish","type":"post","link":"https:\/\/www.visit-ulcinj.com\/blog\/2013\/08\/04\/adnan-gjinaj-arbenita-zyrtarizuan-fejesen-ne-ulqin\/","title":{"rendered":"Adnan Gjinaj &#038; Arbenita zyrtarizuan fejesen ne Ulqin"},"content":{"rendered":"<p><a href=\"http:\/\/www.visit-ulcinj.com\/blog\/wp-content\/uploads\/2013\/08\/Adnan-Gjinaj-Arbenita-zyrtarizuan-fejesen-ne-Ulqin.jpg\"><img loading=\"lazy\" class=\"alignleft  wp-image-74010\" alt=\"Adnan Gjinaj &amp; Arbenita zyrtarizuan fejesen ne Ulqin\" src=\"http:\/\/www.visit-ulcinj.com\/blog\/wp-content\/uploads\/2013\/08\/Adnan-Gjinaj-Arbenita-zyrtarizuan-fejesen-ne-Ulqin.jpg\" width=\"508\" height=\"400\" \/><\/a>\u00c7ifti i p\u00ebrfolur i vipa-ve shqiptare, Top Modeli i njohur botror\u00eb Adnan Gjinaj dhe e fejuara Arbenita Nikezi, ashtu si\u00e7 kan\u00eb mbajtur ceremonin\u00eb e fejes\u00ebs n\u00eb Cikago para disa muajve,\u00a0 ku kan\u00eb b\u00ebr\u00eb nj\u00eb fejes\u00eb t\u00eb ve\u00e7ant\u00eb, larg v\u00ebmendjes s\u00eb mediave.<\/p>\n<p>Por Ulqini, ju mungoj\u00eb t\u00eb dyve, ku ata kan\u00eb udh\u00ebtuar n\u00eb &#8220;kryeqytetin e dashuris\u00eb&#8221;, Ulqinin e bukur, p\u00ebr t\u00eb zyrtarizuar lidhjen e tyre, duke shk\u00ebmbyer unazat n\u00eb Restaurantin Primavera.<\/p>\n<p>N\u00ebp\u00ebrmjet rrjeteve sociale, Adnani ka b\u00ebr\u00eb t\u00eb ditur se ky ka qen\u00eb &#8220;momenti m\u00eb i lumtur n\u00eb jet\u00eb&#8217;, nd\u00ebrsa Arbenita p\u00ebr t\u00eb dashurin e saj e ka vler\u00ebsuar si &#8220;njeriun m\u00eb special n\u00eb t\u00eb gjith\u00eb universin&#8221;. \/Lajme nga Ulqini\/<\/p>\n<p><a href=\"http:\/\/www.visit-ulcinj.com\/blog\/wp-content\/uploads\/2013\/08\/Adnan-Gjinaj-Arbenita.jpg\"><img loading=\"lazy\" class=\"alignleft size-full wp-image-74011\" alt=\"Adnan Gjinaj &amp; Arbenita\" src=\"http:\/\/www.visit-ulcinj.com\/blog\/wp-content\/uploads\/2013\/08\/Adnan-Gjinaj-Arbenita.jpg\" width=\"508\" height=\"360\" \/><\/a><\/p>\n<p><a href=\"http:\/\/www.visit-ulcinj.com\/blog\/wp-content\/uploads\/2013\/08\/Adnan-Gjinaj-Arbenita-2.jpg\"><img loading=\"lazy\" class=\"alignleft size-full wp-image-74012\" alt=\"Adnan Gjinaj &amp; Arbenita-2\" src=\"http:\/\/www.visit-ulcinj.com\/blog\/wp-content\/uploads\/2013\/08\/Adnan-Gjinaj-Arbenita-2.jpg\" width=\"508\" height=\"360\" \/><\/a><\/p>\n<p><a href=\"http:\/\/www.visit-ulcinj.com\/blog\/wp-content\/uploads\/2013\/08\/Adnan-Gjinaj-Arbenita-1.jpg\"><img loading=\"lazy\" class=\"alignleft size-full wp-image-74013\" alt=\"Adnan Gjinaj &amp; Arbenita-1\" src=\"http:\/\/www.visit-ulcinj.com\/blog\/wp-content\/uploads\/2013\/08\/Adnan-Gjinaj-Arbenita-1.jpg\" width=\"508\" height=\"600\" \/><\/a><\/p>\n<p><iframe loading=\"lazy\" src=\"https:\/\/www.facebook.com\/video\/embed?video_id=600819453295522\" height=\"400\" width=\"300\" frameborder=\"0\"><\/iframe><\/p>\n","protected":false},"excerpt":{"rendered":"<p>\u00c7ifti i p\u00ebrfolur i vipa-ve shqiptare, Top Modeli i njohur botror\u00eb Adnan Gjinaj dhe e fejuara Arbenita Nikezi, ashtu si\u00e7 kan\u00eb mbajtur ceremonin\u00eb e fejes\u00ebs n\u00eb Cikago para disa muajve,\u00a0 ku kan\u00eb b\u00ebr\u00eb nj\u00eb fejes\u00eb t\u00eb ve\u00e7ant\u00eb, larg v\u00ebmendjes s\u00eb mediave. Por Ulqini, ju mungoj\u00eb t\u00eb dyve, ku ata kan\u00eb udh\u00ebtuar n\u00eb &#8220;kryeqytetin e dashuris\u00eb&#8221;, [&hellip;]<\/p>\n","protected":false},"author":1,"featured_media":0,"comment_status":"closed","ping_status":"closed","sticky":false,"template":"","format":"standard","meta":{"spay_email":"","jetpack_publicize_message":"","jetpack_is_tweetstorm":false,"jetpack_publicize_feature_enabled":true},"categories":[1,13],"tags":[],"jetpack_publicize_connections":[],"yoast_head":"<!-- This site is optimized with the Yoast SEO plugin v19.1 - https:\/\/yoast.com\/wordpress\/plugins\/seo\/ -->\n<title>Adnan Gjinaj &amp; Arbenita zyrtarizuan fejesen ne Ulqin - Lajme nga Ulqini<\/title>\n<meta name=\"description\" content=\"\u00c7ifti i p\u00ebrfolur i vipa-ve shqiptare, Top Modeli i njohur botror\u00eb Adnan Gjinaj dhe e fejuara Arbenita Nikezi, ashtu si\u00e7 kan\u00eb mbajtur ceremonin\u00eb e fejes\u00ebs\" \/>\n<meta name=\"robots\" content=\"index, follow, max-snippet:-1, max-image-preview:large, max-video-preview:-1\" \/>\n<link rel=\"canonical\" href=\"https:\/\/www.visit-ulcinj.com\/blog\/2013\/08\/04\/adnan-gjinaj-arbenita-zyrtarizuan-fejesen-ne-ulqin\/\" \/>\n<meta property=\"og:locale\" content=\"en_US\" \/>\n<meta property=\"og:type\" content=\"article\" \/>\n<meta property=\"og:title\" content=\"Adnan Gjinaj &amp; Arbenita zyrtarizuan fejesen ne Ulqin - Lajme nga Ulqini\" \/>\n<meta property=\"og:description\" content=\"\u00c7ifti i p\u00ebrfolur i vipa-ve shqiptare, Top Modeli i njohur botror\u00eb Adnan Gjinaj dhe e fejuara Arbenita Nikezi, ashtu si\u00e7 kan\u00eb mbajtur ceremonin\u00eb e fejes\u00ebs\" \/>\n<meta property=\"og:url\" content=\"https:\/\/www.visit-ulcinj.com\/blog\/2013\/08\/04\/adnan-gjinaj-arbenita-zyrtarizuan-fejesen-ne-ulqin\/\" \/>\n<meta property=\"og:site_name\" content=\"Lajme nga Ulqini\" \/>\n<meta property=\"article:published_time\" content=\"2013-08-04T19:48:40+00:00\" \/>\n<meta property=\"article:modified_time\" content=\"2013-08-05T17:41:51+00:00\" \/>\n<meta property=\"og:image\" content=\"http:\/\/www.visit-ulcinj.com\/blog\/wp-content\/uploads\/2013\/08\/Adnan-Gjinaj-Arbenita-zyrtarizuan-fejesen-ne-Ulqin.jpg\" \/>\n<meta name=\"twitter:label1\" content=\"Written by\" \/>\n\t<meta name=\"twitter:data1\" content=\"ulqini\" \/>\n\t<meta name=\"twitter:label2\" content=\"Est. reading time\" \/>\n\t<meta name=\"twitter:data2\" content=\"1 minute\" \/>\n<script type=\"application\/ld+json\" class=\"yoast-schema-graph\">{\"@context\":\"https:\/\/schema.org\",\"@graph\":[{\"@type\":\"WebSite\",\"@id\":\"https:\/\/www.visit-ulcinj.com\/blog\/#website\",\"url\":\"https:\/\/www.visit-ulcinj.com\/blog\/\",\"name\":\"Lajme nga Ulqini\",\"description\":\"Lajme,Vijesti,Ulqini,Ulqin,Crna Gora,Mali i Zi\",\"potentialAction\":[{\"@type\":\"SearchAction\",\"target\":{\"@type\":\"EntryPoint\",\"urlTemplate\":\"https:\/\/www.visit-ulcinj.com\/blog\/?s={search_term_string}\"},\"query-input\":\"required name=search_term_string\"}],\"inLanguage\":\"en-US\"},{\"@type\":\"ImageObject\",\"inLanguage\":\"en-US\",\"@id\":\"https:\/\/www.visit-ulcinj.com\/blog\/2013\/08\/04\/adnan-gjinaj-arbenita-zyrtarizuan-fejesen-ne-ulqin\/#primaryimage\",\"url\":\"http:\/\/www.visit-ulcinj.com\/blog\/wp-content\/uploads\/2013\/08\/Adnan-Gjinaj-Arbenita-zyrtarizuan-fejesen-ne-Ulqin.jpg\",\"contentUrl\":\"http:\/\/www.visit-ulcinj.com\/blog\/wp-content\/uploads\/2013\/08\/Adnan-Gjinaj-Arbenita-zyrtarizuan-fejesen-ne-Ulqin.jpg\"},{\"@type\":\"WebPage\",\"@id\":\"https:\/\/www.visit-ulcinj.com\/blog\/2013\/08\/04\/adnan-gjinaj-arbenita-zyrtarizuan-fejesen-ne-ulqin\/#webpage\",\"url\":\"https:\/\/www.visit-ulcinj.com\/blog\/2013\/08\/04\/adnan-gjinaj-arbenita-zyrtarizuan-fejesen-ne-ulqin\/\",\"name\":\"Adnan Gjinaj & Arbenita zyrtarizuan fejesen ne Ulqin - Lajme nga Ulqini\",\"isPartOf\":{\"@id\":\"https:\/\/www.visit-ulcinj.com\/blog\/#website\"},\"primaryImageOfPage\":{\"@id\":\"https:\/\/www.visit-ulcinj.com\/blog\/2013\/08\/04\/adnan-gjinaj-arbenita-zyrtarizuan-fejesen-ne-ulqin\/#primaryimage\"},\"datePublished\":\"2013-08-04T19:48:40+00:00\",\"dateModified\":\"2013-08-05T17:41:51+00:00\",\"author\":{\"@id\":\"https:\/\/www.visit-ulcinj.com\/blog\/#\/schema\/person\/dcab619c614d3038751c63bc2aadc06d\"},\"description\":\"\u00c7ifti i p\u00ebrfolur i vipa-ve shqiptare, Top Modeli i njohur botror\u00eb Adnan Gjinaj dhe e fejuara Arbenita Nikezi, ashtu si\u00e7 kan\u00eb mbajtur ceremonin\u00eb e fejes\u00ebs\",\"breadcrumb\":{\"@id\":\"https:\/\/www.visit-ulcinj.com\/blog\/2013\/08\/04\/adnan-gjinaj-arbenita-zyrtarizuan-fejesen-ne-ulqin\/#breadcrumb\"},\"inLanguage\":\"en-US\",\"potentialAction\":[{\"@type\":\"ReadAction\",\"target\":[\"https:\/\/www.visit-ulcinj.com\/blog\/2013\/08\/04\/adnan-gjinaj-arbenita-zyrtarizuan-fejesen-ne-ulqin\/\"]}]},{\"@type\":\"BreadcrumbList\",\"@id\":\"https:\/\/www.visit-ulcinj.com\/blog\/2013\/08\/04\/adnan-gjinaj-arbenita-zyrtarizuan-fejesen-ne-ulqin\/#breadcrumb\",\"itemListElement\":[{\"@type\":\"ListItem\",\"position\":1,\"name\":\"Adnan Gjinaj &#038; Arbenita zyrtarizuan fejesen ne Ulqin\"}]},{\"@type\":\"Person\",\"@id\":\"https:\/\/www.visit-ulcinj.com\/blog\/#\/schema\/person\/dcab619c614d3038751c63bc2aadc06d\",\"name\":\"ulqini\",\"sameAs\":[\"http:\/\/www.visit-ulcinj.com\"],\"url\":\"https:\/\/www.visit-ulcinj.com\/blog\/author\/admin\/\"}]}<\/script>\n<!-- \/ Yoast SEO plugin. -->","yoast_head_json":{"title":"Adnan Gjinaj & Arbenita zyrtarizuan fejesen ne Ulqin - Lajme nga Ulqini","description":"\u00c7ifti i p\u00ebrfolur i vipa-ve shqiptare, Top Modeli i njohur botror\u00eb Adnan Gjinaj dhe e fejuara Arbenita Nikezi, ashtu si\u00e7 kan\u00eb mbajtur ceremonin\u00eb e fejes\u00ebs","robots":{"index":"index","follow":"follow","max-snippet":"max-snippet:-1","max-image-preview":"max-image-preview:large","max-video-preview":"max-video-preview:-1"},"canonical":"https:\/\/www.visit-ulcinj.com\/blog\/2013\/08\/04\/adnan-gjinaj-arbenita-zyrtarizuan-fejesen-ne-ulqin\/","og_locale":"en_US","og_type":"article","og_title":"Adnan Gjinaj & Arbenita zyrtarizuan fejesen ne Ulqin - Lajme nga Ulqini","og_description":"\u00c7ifti i p\u00ebrfolur i vipa-ve shqiptare, Top Modeli i njohur botror\u00eb Adnan Gjinaj dhe e fejuara Arbenita Nikezi, ashtu si\u00e7 kan\u00eb mbajtur ceremonin\u00eb e fejes\u00ebs","og_url":"https:\/\/www.visit-ulcinj.com\/blog\/2013\/08\/04\/adnan-gjinaj-arbenita-zyrtarizuan-fejesen-ne-ulqin\/","og_site_name":"Lajme nga Ulqini","article_published_time":"2013-08-04T19:48:40+00:00","article_modified_time":"2013-08-05T17:41:51+00:00","og_image":[{"url":"http:\/\/www.visit-ulcinj.com\/blog\/wp-content\/uploads\/2013\/08\/Adnan-Gjinaj-Arbenita-zyrtarizuan-fejesen-ne-Ulqin.jpg"}],"twitter_misc":{"Written by":"ulqini","Est. reading time":"1 minute"},"schema":{"@context":"https:\/\/schema.org","@graph":[{"@type":"WebSite","@id":"https:\/\/www.visit-ulcinj.com\/blog\/#website","url":"https:\/\/www.visit-ulcinj.com\/blog\/","name":"Lajme nga Ulqini","description":"Lajme,Vijesti,Ulqini,Ulqin,Crna Gora,Mali i Zi","potentialAction":[{"@type":"SearchAction","target":{"@type":"EntryPoint","urlTemplate":"https:\/\/www.visit-ulcinj.com\/blog\/?s={search_term_string}"},"query-input":"required name=search_term_string"}],"inLanguage":"en-US"},{"@type":"ImageObject","inLanguage":"en-US","@id":"https:\/\/www.visit-ulcinj.com\/blog\/2013\/08\/04\/adnan-gjinaj-arbenita-zyrtarizuan-fejesen-ne-ulqin\/#primaryimage","url":"http:\/\/www.visit-ulcinj.com\/blog\/wp-content\/uploads\/2013\/08\/Adnan-Gjinaj-Arbenita-zyrtarizuan-fejesen-ne-Ulqin.jpg","contentUrl":"http:\/\/www.visit-ulcinj.com\/blog\/wp-content\/uploads\/2013\/08\/Adnan-Gjinaj-Arbenita-zyrtarizuan-fejesen-ne-Ulqin.jpg"},{"@type":"WebPage","@id":"https:\/\/www.visit-ulcinj.com\/blog\/2013\/08\/04\/adnan-gjinaj-arbenita-zyrtarizuan-fejesen-ne-ulqin\/#webpage","url":"https:\/\/www.visit-ulcinj.com\/blog\/2013\/08\/04\/adnan-gjinaj-arbenita-zyrtarizuan-fejesen-ne-ulqin\/","name":"Adnan Gjinaj & Arbenita zyrtarizuan fejesen ne Ulqin - Lajme nga Ulqini","isPartOf":{"@id":"https:\/\/www.visit-ulcinj.com\/blog\/#website"},"primaryImageOfPage":{"@id":"https:\/\/www.visit-ulcinj.com\/blog\/2013\/08\/04\/adnan-gjinaj-arbenita-zyrtarizuan-fejesen-ne-ulqin\/#primaryimage"},"datePublished":"2013-08-04T19:48:40+00:00","dateModified":"2013-08-05T17:41:51+00:00","author":{"@id":"https:\/\/www.visit-ulcinj.com\/blog\/#\/schema\/person\/dcab619c614d3038751c63bc2aadc06d"},"description":"\u00c7ifti i p\u00ebrfolur i vipa-ve shqiptare, Top Modeli i njohur botror\u00eb Adnan Gjinaj dhe e fejuara Arbenita Nikezi, ashtu si\u00e7 kan\u00eb mbajtur ceremonin\u00eb e fejes\u00ebs","breadcrumb":{"@id":"https:\/\/www.visit-ulcinj.com\/blog\/2013\/08\/04\/adnan-gjinaj-arbenita-zyrtarizuan-fejesen-ne-ulqin\/#breadcrumb"},"inLanguage":"en-US","potentialAction":[{"@type":"ReadAction","target":["https:\/\/www.visit-ulcinj.com\/blog\/2013\/08\/04\/adnan-gjinaj-arbenita-zyrtarizuan-fejesen-ne-ulqin\/"]}]},{"@type":"BreadcrumbList","@id":"https:\/\/www.visit-ulcinj.com\/blog\/2013\/08\/04\/adnan-gjinaj-arbenita-zyrtarizuan-fejesen-ne-ulqin\/#breadcrumb","itemListElement":[{"@type":"ListItem","position":1,"name":"Adnan Gjinaj &#038; Arbenita zyrtarizuan fejesen ne Ulqin"}]},{"@type":"Person","@id":"https:\/\/www.visit-ulcinj.com\/blog\/#\/schema\/person\/dcab619c614d3038751c63bc2aadc06d","name":"ulqini","sameAs":["http:\/\/www.visit-ulcinj.com"],"url":"https:\/\/www.visit-ulcinj.com\/blog\/author\/admin\/"}]}},"jetpack_featured_media_url":"","jetpack_sharing_enabled":true,"jetpack_shortlink":"https:\/\/wp.me\/pe6lTn-jfH","_links":{"self":[{"href":"https:\/\/www.visit-ulcinj.com\/blog\/wp-json\/wp\/v2\/posts\/74009"}],"collection":[{"href":"https:\/\/www.visit-ulcinj.com\/blog\/wp-json\/wp\/v2\/posts"}],"about":[{"href":"https:\/\/www.visit-ulcinj.com\/blog\/wp-json\/wp\/v2\/types\/post"}],"author":[{"embeddable":true,"href":"https:\/\/www.visit-ulcinj.com\/blog\/wp-json\/wp\/v2\/users\/1"}],"replies":[{"embeddable":true,"href":"https:\/\/www.visit-ulcinj.com\/blog\/wp-json\/wp\/v2\/comments?post=74009"}],"version-history":[{"count":6,"href":"https:\/\/www.visit-ulcinj.com\/blog\/wp-json\/wp\/v2\/posts\/74009\/revisions"}],"predecessor-version":[{"id":74064,"href":"https:\/\/www.visit-ulcinj.com\/blog\/wp-json\/wp\/v2\/posts\/74009\/revisions\/74064"}],"wp:attachment":[{"href":"https:\/\/www.visit-ulcinj.com\/blog\/wp-json\/wp\/v2\/media?parent=74009"}],"wp:term":[{"taxonomy":"category","embeddable":true,"href":"https:\/\/www.visit-ulcinj.com\/blog\/wp-json\/wp\/v2\/categories?post=74009"},{"taxonomy":"post_tag","embeddable":true,"href":"https:\/\/www.visit-ulcinj.com\/blog\/wp-json\/wp\/v2\/tags?post=74009"}],"curies":[{"name":"wp","href":"https:\/\/api.w.org\/{rel}","templated":true}]}}