{"id":74028,"date":"2013-08-05T02:49:29","date_gmt":"2013-08-05T01:49:29","guid":{"rendered":"http:\/\/www.visit-ulcinj.com\/blog\/?p=74028"},"modified":"2013-08-05T02:49:29","modified_gmt":"2013-08-05T01:49:29","slug":"abazovic-ne-postoji-apsolutna-vecina-ni-za-jedno-znacajno-pitanje","status":"publish","type":"post","link":"https:\/\/www.visit-ulcinj.com\/blog\/2013\/08\/05\/abazovic-ne-postoji-apsolutna-vecina-ni-za-jedno-znacajno-pitanje\/","title":{"rendered":"Abazovic: Ne postoji apsolutna ve\u0107ina ni za jedno zna\u010dajno pitanje"},"content":{"rendered":"<div>\n<div>\n<p><strong><a href=\"http:\/\/www.visit-ulcinj.com\/blog\/wp-content\/uploads\/2013\/07\/dritanabazovic.jpg\"><img loading=\"lazy\" class=\"alignleft  wp-image-73777\" alt=\"dritanabazovic\" src=\"http:\/\/www.visit-ulcinj.com\/blog\/wp-content\/uploads\/2013\/07\/dritanabazovic.jpg\" width=\"508\" height=\"360\" \/><\/a>G<\/strong>lasanja u parlamentu proteklih par dana pokazala su da ne postoji apsolutna ve\u0107ina za bilo koje zna\u010dajnije pitanje i svaka odgovorna vlast bi zbog toga podnijela ostavku, ocijenjeno je iz Pozitivne Crne Gore.<\/p>\n<p>\u00bbIzvjesno je da vi\u0161e ne postoji apsolutna ve\u0107ina za bilo koje zna\u010dajnije pitanje, to se pokazalo prije dva dana kroz glasanja, pokazalo se i sino\u0107, a i danas povla\u010denjem rebalansa. Svaka odgovorna vlast bi u ovom trenutku jednostavno podnijela ostavku, vratila mandat gra\u0111anima\u00ab, rekao je agenciji MINA poslanik Pozitivne\u00a0<strong>Dritan Abazovi\u0107.<\/strong><\/p>\n<p>On je naveo da ne o\u010dekuje da to vlast uradi, s obzirom da su, kako je dodao, pokazali veliku dozu neodgovnosti.<\/p>\n<p>Abazovi\u0107 smatra da se poku\u0161ava simulirati demokratija od manjih partnera u vlasti.<\/p>\n<p>\u00bbU smislu da oni, ne \u017eele\u0107i da idu protiv onog \u0161to su krajnji interesi gra\u0111ana, \u010desto ostavljaju Demokratsku partiju socijalista u manjini u poslednje vrijeme. To je ipak nedovoljno da napuste svoje lagodne pozicije, i da sami ili sa nekim drugim stvaraju novu ve\u0107inu nakon novih izbora\u00ab, precizirao je Abazovi\u0107.<\/p>\n<p>Prema njegovim rije\u010dima, ovakvo stanje je neodr\u017eivo.<\/p>\n<p>\u00bbOno je odlika velike neozbiljnosti koja je vodila ka stvaranju ovakve atmosfere u kojoj se danas Crna Gora nalazi, prije svega u politi\u010dkom i ekonomskom smislu\u00ab, smatra Abazovi\u0107.<\/p>\n<p>On o\u010dekuje da se na jesen \u00bbne\u0161to pomjeri sa mrtve ta\u010dke\u00ab, odnosno da Vlada podnese ostavku, da Skup\u0161tina vrati mandat gra\u0111anima.<\/p>\n<p>\u201cTo bi bilo najkorektnije, u suprotnom \u0107emo i dalje ovako da se mu\u010dimo, mrcvarimo, samo da bi neko na svojim pozicijama ostao mjesec, dva tri ili du\u017ee nego \u0161to je to realno\u00ab, dodao je Abazovi\u0107.<\/p>\n<p>Sve to, kako je naveo, pla\u0107aju gra\u0111ani Crne Gore.<\/p>\n<p>\u00bbVrlo sam nezadovoljan, jako sam razo\u010daran trenutnom situacijom i odnosom vladaju\u0107e ve\u0107ine prema ovom aktuelnom pitanju, konkretno bud\u017eetu i mislim da treba sa\u010dekati da vidimo kakve \u0107e posledice po vladaju\u0107i koaliciju ovo imati\u00ab, zaklju\u010dio je Abazovi\u0107.<\/p>\n<\/div>\n<div><\/div>\n<\/div>\n<div><strong>Izvor:\u00a0Pozitivna Crna Gora<\/strong><\/div>\n","protected":false},"excerpt":{"rendered":"<p>Glasanja u parlamentu proteklih par dana pokazala su da ne postoji apsolutna ve\u0107ina za bilo koje zna\u010dajnije pitanje i svaka odgovorna vlast bi zbog toga podnijela ostavku, ocijenjeno je iz Pozitivne Crne Gore. \u00bbIzvjesno je da vi\u0161e ne postoji apsolutna ve\u0107ina za bilo koje zna\u010dajnije pitanje, to se pokazalo prije dva dana kroz glasanja, pokazalo [&hellip;]<\/p>\n","protected":false},"author":1,"featured_media":0,"comment_status":"closed","ping_status":"closed","sticky":false,"template":"","format":"standard","meta":{"spay_email":"","jetpack_publicize_message":"","jetpack_is_tweetstorm":false,"jetpack_publicize_feature_enabled":true},"categories":[8337],"tags":[],"jetpack_publicize_connections":[],"yoast_head":"<!-- This site is optimized with the Yoast SEO plugin v19.1 - https:\/\/yoast.com\/wordpress\/plugins\/seo\/ -->\n<title>Abazovic: Ne postoji apsolutna ve\u0107ina ni za jedno zna\u010dajno pitanje - Lajme nga Ulqini<\/title>\n<meta name=\"description\" content=\"Glasanja u parlamentu proteklih par dana pokazala su da ne postoji apsolutna ve\u0107ina za bilo koje zna\u010dajnije pitanje i svaka odgovorna vlast bi zbog toga\" \/>\n<meta name=\"robots\" content=\"index, follow, max-snippet:-1, max-image-preview:large, max-video-preview:-1\" \/>\n<link rel=\"canonical\" href=\"https:\/\/www.visit-ulcinj.com\/blog\/2013\/08\/05\/abazovic-ne-postoji-apsolutna-vecina-ni-za-jedno-znacajno-pitanje\/\" \/>\n<meta property=\"og:locale\" content=\"en_US\" \/>\n<meta property=\"og:type\" content=\"article\" \/>\n<meta property=\"og:title\" content=\"Abazovic: Ne postoji apsolutna ve\u0107ina ni za jedno zna\u010dajno pitanje - Lajme nga Ulqini\" \/>\n<meta property=\"og:description\" content=\"Glasanja u parlamentu proteklih par dana pokazala su da ne postoji apsolutna ve\u0107ina za bilo koje zna\u010dajnije pitanje i svaka odgovorna vlast bi zbog toga\" \/>\n<meta property=\"og:url\" content=\"https:\/\/www.visit-ulcinj.com\/blog\/2013\/08\/05\/abazovic-ne-postoji-apsolutna-vecina-ni-za-jedno-znacajno-pitanje\/\" \/>\n<meta property=\"og:site_name\" content=\"Lajme nga Ulqini\" \/>\n<meta property=\"article:published_time\" content=\"2013-08-05T01:49:29+00:00\" \/>\n<meta property=\"og:image\" content=\"http:\/\/www.visit-ulcinj.com\/blog\/wp-content\/uploads\/2013\/07\/dritanabazovic.jpg\" \/>\n<meta name=\"twitter:label1\" content=\"Written by\" \/>\n\t<meta name=\"twitter:data1\" content=\"ulqini\" \/>\n\t<meta name=\"twitter:label2\" content=\"Est. reading time\" \/>\n\t<meta name=\"twitter:data2\" content=\"2 minutes\" \/>\n<script type=\"application\/ld+json\" class=\"yoast-schema-graph\">{\"@context\":\"https:\/\/schema.org\",\"@graph\":[{\"@type\":\"WebSite\",\"@id\":\"https:\/\/www.visit-ulcinj.com\/blog\/#website\",\"url\":\"https:\/\/www.visit-ulcinj.com\/blog\/\",\"name\":\"Lajme nga Ulqini\",\"description\":\"Lajme,Vijesti,Ulqini,Ulqin,Crna Gora,Mali i Zi\",\"potentialAction\":[{\"@type\":\"SearchAction\",\"target\":{\"@type\":\"EntryPoint\",\"urlTemplate\":\"https:\/\/www.visit-ulcinj.com\/blog\/?s={search_term_string}\"},\"query-input\":\"required name=search_term_string\"}],\"inLanguage\":\"en-US\"},{\"@type\":\"ImageObject\",\"inLanguage\":\"en-US\",\"@id\":\"https:\/\/www.visit-ulcinj.com\/blog\/2013\/08\/05\/abazovic-ne-postoji-apsolutna-vecina-ni-za-jedno-znacajno-pitanje\/#primaryimage\",\"url\":\"https:\/\/www.visit-ulcinj.com\/blog\/wp-content\/uploads\/2013\/07\/dritanabazovic.jpg\",\"contentUrl\":\"https:\/\/www.visit-ulcinj.com\/blog\/wp-content\/uploads\/2013\/07\/dritanabazovic.jpg\",\"width\":556,\"height\":413},{\"@type\":\"WebPage\",\"@id\":\"https:\/\/www.visit-ulcinj.com\/blog\/2013\/08\/05\/abazovic-ne-postoji-apsolutna-vecina-ni-za-jedno-znacajno-pitanje\/#webpage\",\"url\":\"https:\/\/www.visit-ulcinj.com\/blog\/2013\/08\/05\/abazovic-ne-postoji-apsolutna-vecina-ni-za-jedno-znacajno-pitanje\/\",\"name\":\"Abazovic: Ne postoji apsolutna ve\u0107ina ni za jedno zna\u010dajno pitanje - Lajme nga Ulqini\",\"isPartOf\":{\"@id\":\"https:\/\/www.visit-ulcinj.com\/blog\/#website\"},\"primaryImageOfPage\":{\"@id\":\"https:\/\/www.visit-ulcinj.com\/blog\/2013\/08\/05\/abazovic-ne-postoji-apsolutna-vecina-ni-za-jedno-znacajno-pitanje\/#primaryimage\"},\"datePublished\":\"2013-08-05T01:49:29+00:00\",\"dateModified\":\"2013-08-05T01:49:29+00:00\",\"author\":{\"@id\":\"https:\/\/www.visit-ulcinj.com\/blog\/#\/schema\/person\/dcab619c614d3038751c63bc2aadc06d\"},\"description\":\"Glasanja u parlamentu proteklih par dana pokazala su da ne postoji apsolutna ve\u0107ina za bilo koje zna\u010dajnije pitanje i svaka odgovorna vlast bi zbog toga\",\"breadcrumb\":{\"@id\":\"https:\/\/www.visit-ulcinj.com\/blog\/2013\/08\/05\/abazovic-ne-postoji-apsolutna-vecina-ni-za-jedno-znacajno-pitanje\/#breadcrumb\"},\"inLanguage\":\"en-US\",\"potentialAction\":[{\"@type\":\"ReadAction\",\"target\":[\"https:\/\/www.visit-ulcinj.com\/blog\/2013\/08\/05\/abazovic-ne-postoji-apsolutna-vecina-ni-za-jedno-znacajno-pitanje\/\"]}]},{\"@type\":\"BreadcrumbList\",\"@id\":\"https:\/\/www.visit-ulcinj.com\/blog\/2013\/08\/05\/abazovic-ne-postoji-apsolutna-vecina-ni-za-jedno-znacajno-pitanje\/#breadcrumb\",\"itemListElement\":[{\"@type\":\"ListItem\",\"position\":1,\"name\":\"Abazovic: Ne postoji apsolutna ve\u0107ina ni za jedno zna\u010dajno pitanje\"}]},{\"@type\":\"Person\",\"@id\":\"https:\/\/www.visit-ulcinj.com\/blog\/#\/schema\/person\/dcab619c614d3038751c63bc2aadc06d\",\"name\":\"ulqini\",\"sameAs\":[\"http:\/\/www.visit-ulcinj.com\"],\"url\":\"https:\/\/www.visit-ulcinj.com\/blog\/author\/admin\/\"}]}<\/script>\n<!-- \/ Yoast SEO plugin. -->","yoast_head_json":{"title":"Abazovic: Ne postoji apsolutna ve\u0107ina ni za jedno zna\u010dajno pitanje - Lajme nga Ulqini","description":"Glasanja u parlamentu proteklih par dana pokazala su da ne postoji apsolutna ve\u0107ina za bilo koje zna\u010dajnije pitanje i svaka odgovorna vlast bi zbog toga","robots":{"index":"index","follow":"follow","max-snippet":"max-snippet:-1","max-image-preview":"max-image-preview:large","max-video-preview":"max-video-preview:-1"},"canonical":"https:\/\/www.visit-ulcinj.com\/blog\/2013\/08\/05\/abazovic-ne-postoji-apsolutna-vecina-ni-za-jedno-znacajno-pitanje\/","og_locale":"en_US","og_type":"article","og_title":"Abazovic: Ne postoji apsolutna ve\u0107ina ni za jedno zna\u010dajno pitanje - Lajme nga Ulqini","og_description":"Glasanja u parlamentu proteklih par dana pokazala su da ne postoji apsolutna ve\u0107ina za bilo koje zna\u010dajnije pitanje i svaka odgovorna vlast bi zbog toga","og_url":"https:\/\/www.visit-ulcinj.com\/blog\/2013\/08\/05\/abazovic-ne-postoji-apsolutna-vecina-ni-za-jedno-znacajno-pitanje\/","og_site_name":"Lajme nga Ulqini","article_published_time":"2013-08-05T01:49:29+00:00","og_image":[{"url":"http:\/\/www.visit-ulcinj.com\/blog\/wp-content\/uploads\/2013\/07\/dritanabazovic.jpg"}],"twitter_misc":{"Written by":"ulqini","Est. reading time":"2 minutes"},"schema":{"@context":"https:\/\/schema.org","@graph":[{"@type":"WebSite","@id":"https:\/\/www.visit-ulcinj.com\/blog\/#website","url":"https:\/\/www.visit-ulcinj.com\/blog\/","name":"Lajme nga Ulqini","description":"Lajme,Vijesti,Ulqini,Ulqin,Crna Gora,Mali i Zi","potentialAction":[{"@type":"SearchAction","target":{"@type":"EntryPoint","urlTemplate":"https:\/\/www.visit-ulcinj.com\/blog\/?s={search_term_string}"},"query-input":"required name=search_term_string"}],"inLanguage":"en-US"},{"@type":"ImageObject","inLanguage":"en-US","@id":"https:\/\/www.visit-ulcinj.com\/blog\/2013\/08\/05\/abazovic-ne-postoji-apsolutna-vecina-ni-za-jedno-znacajno-pitanje\/#primaryimage","url":"https:\/\/www.visit-ulcinj.com\/blog\/wp-content\/uploads\/2013\/07\/dritanabazovic.jpg","contentUrl":"https:\/\/www.visit-ulcinj.com\/blog\/wp-content\/uploads\/2013\/07\/dritanabazovic.jpg","width":556,"height":413},{"@type":"WebPage","@id":"https:\/\/www.visit-ulcinj.com\/blog\/2013\/08\/05\/abazovic-ne-postoji-apsolutna-vecina-ni-za-jedno-znacajno-pitanje\/#webpage","url":"https:\/\/www.visit-ulcinj.com\/blog\/2013\/08\/05\/abazovic-ne-postoji-apsolutna-vecina-ni-za-jedno-znacajno-pitanje\/","name":"Abazovic: Ne postoji apsolutna ve\u0107ina ni za jedno zna\u010dajno pitanje - Lajme nga Ulqini","isPartOf":{"@id":"https:\/\/www.visit-ulcinj.com\/blog\/#website"},"primaryImageOfPage":{"@id":"https:\/\/www.visit-ulcinj.com\/blog\/2013\/08\/05\/abazovic-ne-postoji-apsolutna-vecina-ni-za-jedno-znacajno-pitanje\/#primaryimage"},"datePublished":"2013-08-05T01:49:29+00:00","dateModified":"2013-08-05T01:49:29+00:00","author":{"@id":"https:\/\/www.visit-ulcinj.com\/blog\/#\/schema\/person\/dcab619c614d3038751c63bc2aadc06d"},"description":"Glasanja u parlamentu proteklih par dana pokazala su da ne postoji apsolutna ve\u0107ina za bilo koje zna\u010dajnije pitanje i svaka odgovorna vlast bi zbog toga","breadcrumb":{"@id":"https:\/\/www.visit-ulcinj.com\/blog\/2013\/08\/05\/abazovic-ne-postoji-apsolutna-vecina-ni-za-jedno-znacajno-pitanje\/#breadcrumb"},"inLanguage":"en-US","potentialAction":[{"@type":"ReadAction","target":["https:\/\/www.visit-ulcinj.com\/blog\/2013\/08\/05\/abazovic-ne-postoji-apsolutna-vecina-ni-za-jedno-znacajno-pitanje\/"]}]},{"@type":"BreadcrumbList","@id":"https:\/\/www.visit-ulcinj.com\/blog\/2013\/08\/05\/abazovic-ne-postoji-apsolutna-vecina-ni-za-jedno-znacajno-pitanje\/#breadcrumb","itemListElement":[{"@type":"ListItem","position":1,"name":"Abazovic: Ne postoji apsolutna ve\u0107ina ni za jedno zna\u010dajno pitanje"}]},{"@type":"Person","@id":"https:\/\/www.visit-ulcinj.com\/blog\/#\/schema\/person\/dcab619c614d3038751c63bc2aadc06d","name":"ulqini","sameAs":["http:\/\/www.visit-ulcinj.com"],"url":"https:\/\/www.visit-ulcinj.com\/blog\/author\/admin\/"}]}},"jetpack_featured_media_url":"","jetpack_sharing_enabled":true,"jetpack_shortlink":"https:\/\/wp.me\/pe6lTn-jg0","_links":{"self":[{"href":"https:\/\/www.visit-ulcinj.com\/blog\/wp-json\/wp\/v2\/posts\/74028"}],"collection":[{"href":"https:\/\/www.visit-ulcinj.com\/blog\/wp-json\/wp\/v2\/posts"}],"about":[{"href":"https:\/\/www.visit-ulcinj.com\/blog\/wp-json\/wp\/v2\/types\/post"}],"author":[{"embeddable":true,"href":"https:\/\/www.visit-ulcinj.com\/blog\/wp-json\/wp\/v2\/users\/1"}],"replies":[{"embeddable":true,"href":"https:\/\/www.visit-ulcinj.com\/blog\/wp-json\/wp\/v2\/comments?post=74028"}],"version-history":[{"count":1,"href":"https:\/\/www.visit-ulcinj.com\/blog\/wp-json\/wp\/v2\/posts\/74028\/revisions"}],"predecessor-version":[{"id":74029,"href":"https:\/\/www.visit-ulcinj.com\/blog\/wp-json\/wp\/v2\/posts\/74028\/revisions\/74029"}],"wp:attachment":[{"href":"https:\/\/www.visit-ulcinj.com\/blog\/wp-json\/wp\/v2\/media?parent=74028"}],"wp:term":[{"taxonomy":"category","embeddable":true,"href":"https:\/\/www.visit-ulcinj.com\/blog\/wp-json\/wp\/v2\/categories?post=74028"},{"taxonomy":"post_tag","embeddable":true,"href":"https:\/\/www.visit-ulcinj.com\/blog\/wp-json\/wp\/v2\/tags?post=74028"}],"curies":[{"name":"wp","href":"https:\/\/api.w.org\/{rel}","templated":true}]}}