{"id":74030,"date":"2013-08-05T03:05:41","date_gmt":"2013-08-05T02:05:41","guid":{"rendered":"http:\/\/www.visit-ulcinj.com\/blog\/?p=74030"},"modified":"2013-08-05T03:05:41","modified_gmt":"2013-08-05T02:05:41","slug":"adelina-ismajli-ne-koncerte-me-veshje-stiliste","status":"publish","type":"post","link":"https:\/\/www.visit-ulcinj.com\/blog\/2013\/08\/05\/adelina-ismajli-ne-koncerte-me-veshje-stiliste\/","title":{"rendered":"Adelina Ismajli, n\u00eb koncerte me veshje stiliste"},"content":{"rendered":"<p>Vjet n\u00eb ver\u00eb, n\u00eb lokalet ku ajo k\u00ebndoi, kishte dyndje t\u00eb njer\u00ebzve dhe kjo ka b\u00ebr\u00eb q\u00eb Adelina Imsajli t\u00eb shkoj\u00eb s\u00ebrish n\u00eb Ulqin k\u00ebt\u00eb ver\u00eb p\u00ebr t\u00eb k\u00ebnduar dhe jo vet\u00ebm atje, por edhe n\u00eb Kosov\u00eb, ku tashm\u00eb kan\u00eb nisur ftesat p\u00ebr artisten.<\/p>\n<p><a href=\"http:\/\/www.visit-ulcinj.com\/blog\/wp-content\/uploads\/2013\/08\/adelinaismajli.jpg\"><img loading=\"lazy\" class=\"alignleft  wp-image-74031\" alt=\"adelinaismajli\" src=\"http:\/\/www.visit-ulcinj.com\/blog\/wp-content\/uploads\/2013\/08\/adelinaismajli.jpg\" width=\"508\" height=\"600\" \/><\/a><\/p>\n<p>Ne m\u00ebsojm\u00eb se ajo k\u00ebto dit\u00eb ka qen\u00eb n\u00eb koncert n\u00eb Gjilan, nd\u00ebrsa n\u00eb Prishtin\u00eb, e shoq\u00ebruar me bashk\u00ebshortin e saj Valin, \u00ebsht\u00eb par\u00eb disa her\u00eb n\u00eb atelien\u00eb e stilistes s\u00eb njohur shqiptare Vjollca Llapashtica, pasi p\u00ebr veshjet ku po prezantohet artistja po kujdeset pik\u00ebrisht ajo. Adelina tashm\u00eb ka besim vet\u00ebm te duart e saj p\u00ebr t\u2019i personalizuar veshjet. Ne ju sjellim edhe k\u00ebt\u00eb foto, ku Adelina \u00ebsht\u00eb veshur me firm\u00ebn e stilistes dhe ku duket shum\u00eb \u2018in\u2019.<\/p>\n<p>Bota Sot<\/p>\n<p><iframe loading=\"lazy\" width=\"508\" height=\"360\" src=\"\/\/www.youtube.com\/embed\/ZRZyOlFrv8g\" frameborder=\"0\" allowfullscreen><\/iframe><\/p>\n","protected":false},"excerpt":{"rendered":"<p>Vjet n\u00eb ver\u00eb, n\u00eb lokalet ku ajo k\u00ebndoi, kishte dyndje t\u00eb njer\u00ebzve dhe kjo ka b\u00ebr\u00eb q\u00eb Adelina Imsajli t\u00eb shkoj\u00eb s\u00ebrish n\u00eb Ulqin k\u00ebt\u00eb ver\u00eb p\u00ebr t\u00eb k\u00ebnduar dhe jo vet\u00ebm atje, por edhe n\u00eb Kosov\u00eb, ku tashm\u00eb kan\u00eb nisur ftesat p\u00ebr artisten. Ne m\u00ebsojm\u00eb se ajo k\u00ebto dit\u00eb ka qen\u00eb n\u00eb koncert n\u00eb [&hellip;]<\/p>\n","protected":false},"author":1,"featured_media":0,"comment_status":"closed","ping_status":"closed","sticky":false,"template":"","format":"standard","meta":{"spay_email":"","jetpack_publicize_message":"","jetpack_is_tweetstorm":false,"jetpack_publicize_feature_enabled":true},"categories":[1],"tags":[],"jetpack_publicize_connections":[],"yoast_head":"<!-- This site is optimized with the Yoast SEO plugin v19.1 - https:\/\/yoast.com\/wordpress\/plugins\/seo\/ -->\n<title>Adelina Ismajli, n\u00eb koncerte me veshje stiliste - Lajme nga Ulqini<\/title>\n<meta name=\"description\" content=\"Vjet n\u00eb ver\u00eb, n\u00eb lokalet ku ajo k\u00ebndoi, kishte dyndje t\u00eb njer\u00ebzve dhe kjo ka b\u00ebr\u00eb q\u00eb Adelina Imsajli t\u00eb shkoj\u00eb s\u00ebrish n\u00eb Ulqin k\u00ebt\u00eb ver\u00eb p\u00ebr t\u00eb k\u00ebnduar\" \/>\n<meta name=\"robots\" content=\"index, follow, max-snippet:-1, max-image-preview:large, max-video-preview:-1\" \/>\n<link rel=\"canonical\" href=\"https:\/\/www.visit-ulcinj.com\/blog\/2013\/08\/05\/adelina-ismajli-ne-koncerte-me-veshje-stiliste\/\" \/>\n<meta property=\"og:locale\" content=\"en_US\" \/>\n<meta property=\"og:type\" content=\"article\" \/>\n<meta property=\"og:title\" content=\"Adelina Ismajli, n\u00eb koncerte me veshje stiliste - Lajme nga Ulqini\" \/>\n<meta property=\"og:description\" content=\"Vjet n\u00eb ver\u00eb, n\u00eb lokalet ku ajo k\u00ebndoi, kishte dyndje t\u00eb njer\u00ebzve dhe kjo ka b\u00ebr\u00eb q\u00eb Adelina Imsajli t\u00eb shkoj\u00eb s\u00ebrish n\u00eb Ulqin k\u00ebt\u00eb ver\u00eb p\u00ebr t\u00eb k\u00ebnduar\" \/>\n<meta property=\"og:url\" content=\"https:\/\/www.visit-ulcinj.com\/blog\/2013\/08\/05\/adelina-ismajli-ne-koncerte-me-veshje-stiliste\/\" \/>\n<meta property=\"og:site_name\" content=\"Lajme nga Ulqini\" \/>\n<meta property=\"article:published_time\" content=\"2013-08-05T02:05:41+00:00\" \/>\n<meta property=\"og:image\" content=\"http:\/\/www.visit-ulcinj.com\/blog\/wp-content\/uploads\/2013\/08\/adelinaismajli.jpg\" \/>\n<meta name=\"twitter:label1\" content=\"Written by\" \/>\n\t<meta name=\"twitter:data1\" content=\"ulqini\" \/>\n\t<meta name=\"twitter:label2\" content=\"Est. reading time\" \/>\n\t<meta name=\"twitter:data2\" content=\"1 minute\" \/>\n<script type=\"application\/ld+json\" class=\"yoast-schema-graph\">{\"@context\":\"https:\/\/schema.org\",\"@graph\":[{\"@type\":\"WebSite\",\"@id\":\"https:\/\/www.visit-ulcinj.com\/blog\/#website\",\"url\":\"https:\/\/www.visit-ulcinj.com\/blog\/\",\"name\":\"Lajme nga Ulqini\",\"description\":\"Lajme,Vijesti,Ulqini,Ulqin,Crna Gora,Mali i Zi\",\"potentialAction\":[{\"@type\":\"SearchAction\",\"target\":{\"@type\":\"EntryPoint\",\"urlTemplate\":\"https:\/\/www.visit-ulcinj.com\/blog\/?s={search_term_string}\"},\"query-input\":\"required name=search_term_string\"}],\"inLanguage\":\"en-US\"},{\"@type\":\"ImageObject\",\"inLanguage\":\"en-US\",\"@id\":\"https:\/\/www.visit-ulcinj.com\/blog\/2013\/08\/05\/adelina-ismajli-ne-koncerte-me-veshje-stiliste\/#primaryimage\",\"url\":\"http:\/\/www.visit-ulcinj.com\/blog\/wp-content\/uploads\/2013\/08\/adelinaismajli.jpg\",\"contentUrl\":\"http:\/\/www.visit-ulcinj.com\/blog\/wp-content\/uploads\/2013\/08\/adelinaismajli.jpg\"},{\"@type\":\"WebPage\",\"@id\":\"https:\/\/www.visit-ulcinj.com\/blog\/2013\/08\/05\/adelina-ismajli-ne-koncerte-me-veshje-stiliste\/#webpage\",\"url\":\"https:\/\/www.visit-ulcinj.com\/blog\/2013\/08\/05\/adelina-ismajli-ne-koncerte-me-veshje-stiliste\/\",\"name\":\"Adelina Ismajli, n\u00eb koncerte me veshje stiliste - Lajme nga Ulqini\",\"isPartOf\":{\"@id\":\"https:\/\/www.visit-ulcinj.com\/blog\/#website\"},\"primaryImageOfPage\":{\"@id\":\"https:\/\/www.visit-ulcinj.com\/blog\/2013\/08\/05\/adelina-ismajli-ne-koncerte-me-veshje-stiliste\/#primaryimage\"},\"datePublished\":\"2013-08-05T02:05:41+00:00\",\"dateModified\":\"2013-08-05T02:05:41+00:00\",\"author\":{\"@id\":\"https:\/\/www.visit-ulcinj.com\/blog\/#\/schema\/person\/dcab619c614d3038751c63bc2aadc06d\"},\"description\":\"Vjet n\u00eb ver\u00eb, n\u00eb lokalet ku ajo k\u00ebndoi, kishte dyndje t\u00eb njer\u00ebzve dhe kjo ka b\u00ebr\u00eb q\u00eb Adelina Imsajli t\u00eb shkoj\u00eb s\u00ebrish n\u00eb Ulqin k\u00ebt\u00eb ver\u00eb p\u00ebr t\u00eb k\u00ebnduar\",\"breadcrumb\":{\"@id\":\"https:\/\/www.visit-ulcinj.com\/blog\/2013\/08\/05\/adelina-ismajli-ne-koncerte-me-veshje-stiliste\/#breadcrumb\"},\"inLanguage\":\"en-US\",\"potentialAction\":[{\"@type\":\"ReadAction\",\"target\":[\"https:\/\/www.visit-ulcinj.com\/blog\/2013\/08\/05\/adelina-ismajli-ne-koncerte-me-veshje-stiliste\/\"]}]},{\"@type\":\"BreadcrumbList\",\"@id\":\"https:\/\/www.visit-ulcinj.com\/blog\/2013\/08\/05\/adelina-ismajli-ne-koncerte-me-veshje-stiliste\/#breadcrumb\",\"itemListElement\":[{\"@type\":\"ListItem\",\"position\":1,\"name\":\"Adelina Ismajli, n\u00eb koncerte me veshje stiliste\"}]},{\"@type\":\"Person\",\"@id\":\"https:\/\/www.visit-ulcinj.com\/blog\/#\/schema\/person\/dcab619c614d3038751c63bc2aadc06d\",\"name\":\"ulqini\",\"sameAs\":[\"http:\/\/www.visit-ulcinj.com\"],\"url\":\"https:\/\/www.visit-ulcinj.com\/blog\/author\/admin\/\"}]}<\/script>\n<!-- \/ Yoast SEO plugin. -->","yoast_head_json":{"title":"Adelina Ismajli, n\u00eb koncerte me veshje stiliste - Lajme nga Ulqini","description":"Vjet n\u00eb ver\u00eb, n\u00eb lokalet ku ajo k\u00ebndoi, kishte dyndje t\u00eb njer\u00ebzve dhe kjo ka b\u00ebr\u00eb q\u00eb Adelina Imsajli t\u00eb shkoj\u00eb s\u00ebrish n\u00eb Ulqin k\u00ebt\u00eb ver\u00eb p\u00ebr t\u00eb k\u00ebnduar","robots":{"index":"index","follow":"follow","max-snippet":"max-snippet:-1","max-image-preview":"max-image-preview:large","max-video-preview":"max-video-preview:-1"},"canonical":"https:\/\/www.visit-ulcinj.com\/blog\/2013\/08\/05\/adelina-ismajli-ne-koncerte-me-veshje-stiliste\/","og_locale":"en_US","og_type":"article","og_title":"Adelina Ismajli, n\u00eb koncerte me veshje stiliste - Lajme nga Ulqini","og_description":"Vjet n\u00eb ver\u00eb, n\u00eb lokalet ku ajo k\u00ebndoi, kishte dyndje t\u00eb njer\u00ebzve dhe kjo ka b\u00ebr\u00eb q\u00eb Adelina Imsajli t\u00eb shkoj\u00eb s\u00ebrish n\u00eb Ulqin k\u00ebt\u00eb ver\u00eb p\u00ebr t\u00eb k\u00ebnduar","og_url":"https:\/\/www.visit-ulcinj.com\/blog\/2013\/08\/05\/adelina-ismajli-ne-koncerte-me-veshje-stiliste\/","og_site_name":"Lajme nga Ulqini","article_published_time":"2013-08-05T02:05:41+00:00","og_image":[{"url":"http:\/\/www.visit-ulcinj.com\/blog\/wp-content\/uploads\/2013\/08\/adelinaismajli.jpg"}],"twitter_misc":{"Written by":"ulqini","Est. reading time":"1 minute"},"schema":{"@context":"https:\/\/schema.org","@graph":[{"@type":"WebSite","@id":"https:\/\/www.visit-ulcinj.com\/blog\/#website","url":"https:\/\/www.visit-ulcinj.com\/blog\/","name":"Lajme nga Ulqini","description":"Lajme,Vijesti,Ulqini,Ulqin,Crna Gora,Mali i Zi","potentialAction":[{"@type":"SearchAction","target":{"@type":"EntryPoint","urlTemplate":"https:\/\/www.visit-ulcinj.com\/blog\/?s={search_term_string}"},"query-input":"required name=search_term_string"}],"inLanguage":"en-US"},{"@type":"ImageObject","inLanguage":"en-US","@id":"https:\/\/www.visit-ulcinj.com\/blog\/2013\/08\/05\/adelina-ismajli-ne-koncerte-me-veshje-stiliste\/#primaryimage","url":"http:\/\/www.visit-ulcinj.com\/blog\/wp-content\/uploads\/2013\/08\/adelinaismajli.jpg","contentUrl":"http:\/\/www.visit-ulcinj.com\/blog\/wp-content\/uploads\/2013\/08\/adelinaismajli.jpg"},{"@type":"WebPage","@id":"https:\/\/www.visit-ulcinj.com\/blog\/2013\/08\/05\/adelina-ismajli-ne-koncerte-me-veshje-stiliste\/#webpage","url":"https:\/\/www.visit-ulcinj.com\/blog\/2013\/08\/05\/adelina-ismajli-ne-koncerte-me-veshje-stiliste\/","name":"Adelina Ismajli, n\u00eb koncerte me veshje stiliste - Lajme nga Ulqini","isPartOf":{"@id":"https:\/\/www.visit-ulcinj.com\/blog\/#website"},"primaryImageOfPage":{"@id":"https:\/\/www.visit-ulcinj.com\/blog\/2013\/08\/05\/adelina-ismajli-ne-koncerte-me-veshje-stiliste\/#primaryimage"},"datePublished":"2013-08-05T02:05:41+00:00","dateModified":"2013-08-05T02:05:41+00:00","author":{"@id":"https:\/\/www.visit-ulcinj.com\/blog\/#\/schema\/person\/dcab619c614d3038751c63bc2aadc06d"},"description":"Vjet n\u00eb ver\u00eb, n\u00eb lokalet ku ajo k\u00ebndoi, kishte dyndje t\u00eb njer\u00ebzve dhe kjo ka b\u00ebr\u00eb q\u00eb Adelina Imsajli t\u00eb shkoj\u00eb s\u00ebrish n\u00eb Ulqin k\u00ebt\u00eb ver\u00eb p\u00ebr t\u00eb k\u00ebnduar","breadcrumb":{"@id":"https:\/\/www.visit-ulcinj.com\/blog\/2013\/08\/05\/adelina-ismajli-ne-koncerte-me-veshje-stiliste\/#breadcrumb"},"inLanguage":"en-US","potentialAction":[{"@type":"ReadAction","target":["https:\/\/www.visit-ulcinj.com\/blog\/2013\/08\/05\/adelina-ismajli-ne-koncerte-me-veshje-stiliste\/"]}]},{"@type":"BreadcrumbList","@id":"https:\/\/www.visit-ulcinj.com\/blog\/2013\/08\/05\/adelina-ismajli-ne-koncerte-me-veshje-stiliste\/#breadcrumb","itemListElement":[{"@type":"ListItem","position":1,"name":"Adelina Ismajli, n\u00eb koncerte me veshje stiliste"}]},{"@type":"Person","@id":"https:\/\/www.visit-ulcinj.com\/blog\/#\/schema\/person\/dcab619c614d3038751c63bc2aadc06d","name":"ulqini","sameAs":["http:\/\/www.visit-ulcinj.com"],"url":"https:\/\/www.visit-ulcinj.com\/blog\/author\/admin\/"}]}},"jetpack_featured_media_url":"","jetpack_sharing_enabled":true,"jetpack_shortlink":"https:\/\/wp.me\/pe6lTn-jg2","_links":{"self":[{"href":"https:\/\/www.visit-ulcinj.com\/blog\/wp-json\/wp\/v2\/posts\/74030"}],"collection":[{"href":"https:\/\/www.visit-ulcinj.com\/blog\/wp-json\/wp\/v2\/posts"}],"about":[{"href":"https:\/\/www.visit-ulcinj.com\/blog\/wp-json\/wp\/v2\/types\/post"}],"author":[{"embeddable":true,"href":"https:\/\/www.visit-ulcinj.com\/blog\/wp-json\/wp\/v2\/users\/1"}],"replies":[{"embeddable":true,"href":"https:\/\/www.visit-ulcinj.com\/blog\/wp-json\/wp\/v2\/comments?post=74030"}],"version-history":[{"count":1,"href":"https:\/\/www.visit-ulcinj.com\/blog\/wp-json\/wp\/v2\/posts\/74030\/revisions"}],"predecessor-version":[{"id":74032,"href":"https:\/\/www.visit-ulcinj.com\/blog\/wp-json\/wp\/v2\/posts\/74030\/revisions\/74032"}],"wp:attachment":[{"href":"https:\/\/www.visit-ulcinj.com\/blog\/wp-json\/wp\/v2\/media?parent=74030"}],"wp:term":[{"taxonomy":"category","embeddable":true,"href":"https:\/\/www.visit-ulcinj.com\/blog\/wp-json\/wp\/v2\/categories?post=74030"},{"taxonomy":"post_tag","embeddable":true,"href":"https:\/\/www.visit-ulcinj.com\/blog\/wp-json\/wp\/v2\/tags?post=74030"}],"curies":[{"name":"wp","href":"https:\/\/api.w.org\/{rel}","templated":true}]}}