{"id":74033,"date":"2013-08-05T03:13:39","date_gmt":"2013-08-05T02:13:39","guid":{"rendered":"http:\/\/www.visit-ulcinj.com\/blog\/?p=74033"},"modified":"2013-08-05T03:13:39","modified_gmt":"2013-08-05T02:13:39","slug":"ne-kufirin-shqiperi-mali-i-zi-kapen-14-somaleze","status":"publish","type":"post","link":"https:\/\/www.visit-ulcinj.com\/blog\/2013\/08\/05\/ne-kufirin-shqiperi-mali-i-zi-kapen-14-somaleze\/","title":{"rendered":"N\u00eb kufirin Shqip\u00ebri &#8211; Mali i Zi, kapen 14 somalez\u00eb"},"content":{"rendered":"<p><a href=\"http:\/\/www.visit-ulcinj.com\/blog\/wp-content\/uploads\/2013\/08\/kufiri-shqiperi-mali-zi.jpg\"><img loading=\"lazy\" class=\"alignleft  wp-image-74034\" alt=\"kufiri-shqiperi-mali-zi\" src=\"http:\/\/www.visit-ulcinj.com\/blog\/wp-content\/uploads\/2013\/08\/kufiri-shqiperi-mali-zi.jpg\" width=\"508\" height=\"360\" \/><\/a>Policia kufitare n\u00eb Shkod\u00ebr b\u00ebn me dije se ka arrestuar 14 shtetas nga Somalia t\u00eb cil\u00ebt kishin hyr\u00eb ilegalisht n\u00eb vendin ton\u00eb dhe po ilegalisht po tentonin t\u00eb kalonin p\u00ebr n\u00eb Mal t\u00eb Zi.Sipas policis\u00eb, shtetasit somalez\u00eb po tentonin t\u00eb kalonin kufirin rreth or\u00ebs 10:00 t\u00eb m\u00ebngjesit t\u00eb sot\u00ebm, nd\u00ebrsa jan\u00eb pikasur dhe m\u00eb pas arrestuar nga policia.<\/p>\n<p>Bota Sot<\/p>\n","protected":false},"excerpt":{"rendered":"<p>Policia kufitare n\u00eb Shkod\u00ebr b\u00ebn me dije se ka arrestuar 14 shtetas nga Somalia t\u00eb cil\u00ebt kishin hyr\u00eb ilegalisht n\u00eb vendin ton\u00eb dhe po ilegalisht po tentonin t\u00eb kalonin p\u00ebr n\u00eb Mal t\u00eb Zi.Sipas policis\u00eb, shtetasit somalez\u00eb po tentonin t\u00eb kalonin kufirin rreth or\u00ebs 10:00 t\u00eb m\u00ebngjesit t\u00eb sot\u00ebm, nd\u00ebrsa jan\u00eb pikasur dhe m\u00eb pas [&hellip;]<\/p>\n","protected":false},"author":1,"featured_media":0,"comment_status":"closed","ping_status":"closed","sticky":false,"template":"","format":"standard","meta":{"spay_email":"","jetpack_publicize_message":"","jetpack_is_tweetstorm":false,"jetpack_publicize_feature_enabled":true},"categories":[6950],"tags":[],"jetpack_publicize_connections":[],"yoast_head":"<!-- This site is optimized with the Yoast SEO plugin v19.1 - https:\/\/yoast.com\/wordpress\/plugins\/seo\/ -->\n<title>N\u00eb kufirin Shqip\u00ebri - Mali i Zi, kapen 14 somalez\u00eb - Lajme nga Ulqini<\/title>\n<meta name=\"description\" content=\"Policia kufitare n\u00eb Shkod\u00ebr b\u00ebn me dije se ka arrestuar 14 shtetas nga Somalia t\u00eb cil\u00ebt kishin hyr\u00eb ilegalisht n\u00eb vendin ton\u00eb dhe po ilegalisht po\" \/>\n<meta name=\"robots\" content=\"index, follow, max-snippet:-1, max-image-preview:large, max-video-preview:-1\" \/>\n<link rel=\"canonical\" href=\"https:\/\/www.visit-ulcinj.com\/blog\/2013\/08\/05\/ne-kufirin-shqiperi-mali-i-zi-kapen-14-somaleze\/\" \/>\n<meta property=\"og:locale\" content=\"en_US\" \/>\n<meta property=\"og:type\" content=\"article\" \/>\n<meta property=\"og:title\" content=\"N\u00eb kufirin Shqip\u00ebri - Mali i Zi, kapen 14 somalez\u00eb - Lajme nga Ulqini\" \/>\n<meta property=\"og:description\" content=\"Policia kufitare n\u00eb Shkod\u00ebr b\u00ebn me dije se ka arrestuar 14 shtetas nga Somalia t\u00eb cil\u00ebt kishin hyr\u00eb ilegalisht n\u00eb vendin ton\u00eb dhe po ilegalisht po\" \/>\n<meta property=\"og:url\" content=\"https:\/\/www.visit-ulcinj.com\/blog\/2013\/08\/05\/ne-kufirin-shqiperi-mali-i-zi-kapen-14-somaleze\/\" \/>\n<meta property=\"og:site_name\" content=\"Lajme nga Ulqini\" \/>\n<meta property=\"article:published_time\" content=\"2013-08-05T02:13:39+00:00\" \/>\n<meta property=\"og:image\" content=\"http:\/\/www.visit-ulcinj.com\/blog\/wp-content\/uploads\/2013\/08\/kufiri-shqiperi-mali-zi.jpg\" \/>\n<meta name=\"twitter:label1\" content=\"Written by\" \/>\n\t<meta name=\"twitter:data1\" content=\"ulqini\" \/>\n<script type=\"application\/ld+json\" class=\"yoast-schema-graph\">{\"@context\":\"https:\/\/schema.org\",\"@graph\":[{\"@type\":\"WebSite\",\"@id\":\"https:\/\/www.visit-ulcinj.com\/blog\/#website\",\"url\":\"https:\/\/www.visit-ulcinj.com\/blog\/\",\"name\":\"Lajme nga Ulqini\",\"description\":\"Lajme,Vijesti,Ulqini,Ulqin,Crna Gora,Mali i Zi\",\"potentialAction\":[{\"@type\":\"SearchAction\",\"target\":{\"@type\":\"EntryPoint\",\"urlTemplate\":\"https:\/\/www.visit-ulcinj.com\/blog\/?s={search_term_string}\"},\"query-input\":\"required name=search_term_string\"}],\"inLanguage\":\"en-US\"},{\"@type\":\"ImageObject\",\"inLanguage\":\"en-US\",\"@id\":\"https:\/\/www.visit-ulcinj.com\/blog\/2013\/08\/05\/ne-kufirin-shqiperi-mali-i-zi-kapen-14-somaleze\/#primaryimage\",\"url\":\"https:\/\/www.visit-ulcinj.com\/blog\/wp-content\/uploads\/2013\/08\/kufiri-shqiperi-mali-zi.jpg\",\"contentUrl\":\"https:\/\/www.visit-ulcinj.com\/blog\/wp-content\/uploads\/2013\/08\/kufiri-shqiperi-mali-zi.jpg\",\"width\":645,\"height\":483},{\"@type\":\"WebPage\",\"@id\":\"https:\/\/www.visit-ulcinj.com\/blog\/2013\/08\/05\/ne-kufirin-shqiperi-mali-i-zi-kapen-14-somaleze\/#webpage\",\"url\":\"https:\/\/www.visit-ulcinj.com\/blog\/2013\/08\/05\/ne-kufirin-shqiperi-mali-i-zi-kapen-14-somaleze\/\",\"name\":\"N\u00eb kufirin Shqip\u00ebri - Mali i Zi, kapen 14 somalez\u00eb - Lajme nga Ulqini\",\"isPartOf\":{\"@id\":\"https:\/\/www.visit-ulcinj.com\/blog\/#website\"},\"primaryImageOfPage\":{\"@id\":\"https:\/\/www.visit-ulcinj.com\/blog\/2013\/08\/05\/ne-kufirin-shqiperi-mali-i-zi-kapen-14-somaleze\/#primaryimage\"},\"datePublished\":\"2013-08-05T02:13:39+00:00\",\"dateModified\":\"2013-08-05T02:13:39+00:00\",\"author\":{\"@id\":\"https:\/\/www.visit-ulcinj.com\/blog\/#\/schema\/person\/dcab619c614d3038751c63bc2aadc06d\"},\"description\":\"Policia kufitare n\u00eb Shkod\u00ebr b\u00ebn me dije se ka arrestuar 14 shtetas nga Somalia t\u00eb cil\u00ebt kishin hyr\u00eb ilegalisht n\u00eb vendin ton\u00eb dhe po ilegalisht po\",\"breadcrumb\":{\"@id\":\"https:\/\/www.visit-ulcinj.com\/blog\/2013\/08\/05\/ne-kufirin-shqiperi-mali-i-zi-kapen-14-somaleze\/#breadcrumb\"},\"inLanguage\":\"en-US\",\"potentialAction\":[{\"@type\":\"ReadAction\",\"target\":[\"https:\/\/www.visit-ulcinj.com\/blog\/2013\/08\/05\/ne-kufirin-shqiperi-mali-i-zi-kapen-14-somaleze\/\"]}]},{\"@type\":\"BreadcrumbList\",\"@id\":\"https:\/\/www.visit-ulcinj.com\/blog\/2013\/08\/05\/ne-kufirin-shqiperi-mali-i-zi-kapen-14-somaleze\/#breadcrumb\",\"itemListElement\":[{\"@type\":\"ListItem\",\"position\":1,\"name\":\"N\u00eb kufirin Shqip\u00ebri &#8211; Mali i Zi, kapen 14 somalez\u00eb\"}]},{\"@type\":\"Person\",\"@id\":\"https:\/\/www.visit-ulcinj.com\/blog\/#\/schema\/person\/dcab619c614d3038751c63bc2aadc06d\",\"name\":\"ulqini\",\"sameAs\":[\"http:\/\/www.visit-ulcinj.com\"],\"url\":\"https:\/\/www.visit-ulcinj.com\/blog\/author\/admin\/\"}]}<\/script>\n<!-- \/ Yoast SEO plugin. -->","yoast_head_json":{"title":"N\u00eb kufirin Shqip\u00ebri - Mali i Zi, kapen 14 somalez\u00eb - Lajme nga Ulqini","description":"Policia kufitare n\u00eb Shkod\u00ebr b\u00ebn me dije se ka arrestuar 14 shtetas nga Somalia t\u00eb cil\u00ebt kishin hyr\u00eb ilegalisht n\u00eb vendin ton\u00eb dhe po ilegalisht po","robots":{"index":"index","follow":"follow","max-snippet":"max-snippet:-1","max-image-preview":"max-image-preview:large","max-video-preview":"max-video-preview:-1"},"canonical":"https:\/\/www.visit-ulcinj.com\/blog\/2013\/08\/05\/ne-kufirin-shqiperi-mali-i-zi-kapen-14-somaleze\/","og_locale":"en_US","og_type":"article","og_title":"N\u00eb kufirin Shqip\u00ebri - Mali i Zi, kapen 14 somalez\u00eb - Lajme nga Ulqini","og_description":"Policia kufitare n\u00eb Shkod\u00ebr b\u00ebn me dije se ka arrestuar 14 shtetas nga Somalia t\u00eb cil\u00ebt kishin hyr\u00eb ilegalisht n\u00eb vendin ton\u00eb dhe po ilegalisht po","og_url":"https:\/\/www.visit-ulcinj.com\/blog\/2013\/08\/05\/ne-kufirin-shqiperi-mali-i-zi-kapen-14-somaleze\/","og_site_name":"Lajme nga Ulqini","article_published_time":"2013-08-05T02:13:39+00:00","og_image":[{"url":"http:\/\/www.visit-ulcinj.com\/blog\/wp-content\/uploads\/2013\/08\/kufiri-shqiperi-mali-zi.jpg"}],"twitter_misc":{"Written by":"ulqini"},"schema":{"@context":"https:\/\/schema.org","@graph":[{"@type":"WebSite","@id":"https:\/\/www.visit-ulcinj.com\/blog\/#website","url":"https:\/\/www.visit-ulcinj.com\/blog\/","name":"Lajme nga Ulqini","description":"Lajme,Vijesti,Ulqini,Ulqin,Crna Gora,Mali i Zi","potentialAction":[{"@type":"SearchAction","target":{"@type":"EntryPoint","urlTemplate":"https:\/\/www.visit-ulcinj.com\/blog\/?s={search_term_string}"},"query-input":"required name=search_term_string"}],"inLanguage":"en-US"},{"@type":"ImageObject","inLanguage":"en-US","@id":"https:\/\/www.visit-ulcinj.com\/blog\/2013\/08\/05\/ne-kufirin-shqiperi-mali-i-zi-kapen-14-somaleze\/#primaryimage","url":"https:\/\/www.visit-ulcinj.com\/blog\/wp-content\/uploads\/2013\/08\/kufiri-shqiperi-mali-zi.jpg","contentUrl":"https:\/\/www.visit-ulcinj.com\/blog\/wp-content\/uploads\/2013\/08\/kufiri-shqiperi-mali-zi.jpg","width":645,"height":483},{"@type":"WebPage","@id":"https:\/\/www.visit-ulcinj.com\/blog\/2013\/08\/05\/ne-kufirin-shqiperi-mali-i-zi-kapen-14-somaleze\/#webpage","url":"https:\/\/www.visit-ulcinj.com\/blog\/2013\/08\/05\/ne-kufirin-shqiperi-mali-i-zi-kapen-14-somaleze\/","name":"N\u00eb kufirin Shqip\u00ebri - Mali i Zi, kapen 14 somalez\u00eb - Lajme nga Ulqini","isPartOf":{"@id":"https:\/\/www.visit-ulcinj.com\/blog\/#website"},"primaryImageOfPage":{"@id":"https:\/\/www.visit-ulcinj.com\/blog\/2013\/08\/05\/ne-kufirin-shqiperi-mali-i-zi-kapen-14-somaleze\/#primaryimage"},"datePublished":"2013-08-05T02:13:39+00:00","dateModified":"2013-08-05T02:13:39+00:00","author":{"@id":"https:\/\/www.visit-ulcinj.com\/blog\/#\/schema\/person\/dcab619c614d3038751c63bc2aadc06d"},"description":"Policia kufitare n\u00eb Shkod\u00ebr b\u00ebn me dije se ka arrestuar 14 shtetas nga Somalia t\u00eb cil\u00ebt kishin hyr\u00eb ilegalisht n\u00eb vendin ton\u00eb dhe po ilegalisht po","breadcrumb":{"@id":"https:\/\/www.visit-ulcinj.com\/blog\/2013\/08\/05\/ne-kufirin-shqiperi-mali-i-zi-kapen-14-somaleze\/#breadcrumb"},"inLanguage":"en-US","potentialAction":[{"@type":"ReadAction","target":["https:\/\/www.visit-ulcinj.com\/blog\/2013\/08\/05\/ne-kufirin-shqiperi-mali-i-zi-kapen-14-somaleze\/"]}]},{"@type":"BreadcrumbList","@id":"https:\/\/www.visit-ulcinj.com\/blog\/2013\/08\/05\/ne-kufirin-shqiperi-mali-i-zi-kapen-14-somaleze\/#breadcrumb","itemListElement":[{"@type":"ListItem","position":1,"name":"N\u00eb kufirin Shqip\u00ebri &#8211; Mali i Zi, kapen 14 somalez\u00eb"}]},{"@type":"Person","@id":"https:\/\/www.visit-ulcinj.com\/blog\/#\/schema\/person\/dcab619c614d3038751c63bc2aadc06d","name":"ulqini","sameAs":["http:\/\/www.visit-ulcinj.com"],"url":"https:\/\/www.visit-ulcinj.com\/blog\/author\/admin\/"}]}},"jetpack_featured_media_url":"","jetpack_sharing_enabled":true,"jetpack_shortlink":"https:\/\/wp.me\/pe6lTn-jg5","_links":{"self":[{"href":"https:\/\/www.visit-ulcinj.com\/blog\/wp-json\/wp\/v2\/posts\/74033"}],"collection":[{"href":"https:\/\/www.visit-ulcinj.com\/blog\/wp-json\/wp\/v2\/posts"}],"about":[{"href":"https:\/\/www.visit-ulcinj.com\/blog\/wp-json\/wp\/v2\/types\/post"}],"author":[{"embeddable":true,"href":"https:\/\/www.visit-ulcinj.com\/blog\/wp-json\/wp\/v2\/users\/1"}],"replies":[{"embeddable":true,"href":"https:\/\/www.visit-ulcinj.com\/blog\/wp-json\/wp\/v2\/comments?post=74033"}],"version-history":[{"count":1,"href":"https:\/\/www.visit-ulcinj.com\/blog\/wp-json\/wp\/v2\/posts\/74033\/revisions"}],"predecessor-version":[{"id":74035,"href":"https:\/\/www.visit-ulcinj.com\/blog\/wp-json\/wp\/v2\/posts\/74033\/revisions\/74035"}],"wp:attachment":[{"href":"https:\/\/www.visit-ulcinj.com\/blog\/wp-json\/wp\/v2\/media?parent=74033"}],"wp:term":[{"taxonomy":"category","embeddable":true,"href":"https:\/\/www.visit-ulcinj.com\/blog\/wp-json\/wp\/v2\/categories?post=74033"},{"taxonomy":"post_tag","embeddable":true,"href":"https:\/\/www.visit-ulcinj.com\/blog\/wp-json\/wp\/v2\/tags?post=74033"}],"curies":[{"name":"wp","href":"https:\/\/api.w.org\/{rel}","templated":true}]}}