{"id":74039,"date":"2013-08-05T03:43:05","date_gmt":"2013-08-05T02:43:05","guid":{"rendered":"http:\/\/www.visit-ulcinj.com\/blog\/?p=74039"},"modified":"2013-08-05T03:43:05","modified_gmt":"2013-08-05T02:43:05","slug":"abazoviq-pushteti-i-pergjegjshem-do-ta-kthente-mandatin","status":"publish","type":"post","link":"https:\/\/www.visit-ulcinj.com\/blog\/2013\/08\/05\/abazoviq-pushteti-i-pergjegjshem-do-ta-kthente-mandatin\/","title":{"rendered":"Abazoviq: Pushteti i p\u00ebrgjegjsh\u00ebm do ta kthente mandatin"},"content":{"rendered":"<p><a href=\"http:\/\/www.visit-ulcinj.com\/blog\/wp-content\/uploads\/2013\/02\/DRITANABAZOVIC.jpg\"><img loading=\"lazy\" class=\"alignleft  wp-image-68625\" alt=\"DRITANABAZOVIC\" src=\"http:\/\/www.visit-ulcinj.com\/blog\/wp-content\/uploads\/2013\/02\/DRITANABAZOVIC.jpg\" width=\"508\" height=\"360\" \/><\/a><br \/>\nVotimi n\u00eb Parlament gjat\u00eb disa dit\u00ebve t\u00eb kaluara ka treguar se nuk ekziston\u00a0 shumica absolute p\u00ebr asnj\u00eb \u00e7\u00ebshtje t\u00eb r\u00ebnd\u00ebsishme, dhe \u00e7do pushtet i p\u00ebrgjegjsh\u00ebm nga k\u00ebto shkaqe do t\u00eb jepte dor\u00ebheqje, kan\u00eb vler\u00ebsuar nga Mali i Zi Pozitiv.<\/p>\n<p>\u201c\u00cbsht\u00eb e qart\u00eb se nuk ekziston shumica absolute p\u00ebr asnj\u00eb \u00e7\u00ebshtje t\u00eb r\u00ebnd\u00ebsishme gj\u00eb q\u00eb \u00ebsht\u00eb par\u00eb para dy dit\u00ebsh p\u00ebrmes votimit, \u00ebsht\u00eb par\u00eb edhe mbr\u00ebm\u00eb, por edhe sot p\u00ebrmes t\u00ebrheqjes s\u00eb rebalancit. \u00c7do pushtet i p\u00ebrgjegjsh\u00ebm n\u00eb rrethanat e tilla thjesht do t\u00eb jepte dor\u00ebheqje dhe mandatin to tua kthente qytetar\u00ebve\u201d, ka deklaruar p\u00ebr agjencin\u00eb MINA deputeti i Pozitiv\u00ebs Dritan Abazoviq. Ai ka theksuar se megjithat\u00eb nuk e pret nj\u00eb gj\u00eb t\u00eb till\u00eb nga pushteti. Abazoviq konsideron se b\u00ebhen p\u00ebrpjekje p\u00ebr t\u00eb simuluar demokracin\u00eb nga partner\u00ebt m\u00eb t\u00eb vegj\u00ebl n\u00eb pushtet.<\/p>\n<p>TVCG<\/p>\n","protected":false},"excerpt":{"rendered":"<p>Votimi n\u00eb Parlament gjat\u00eb disa dit\u00ebve t\u00eb kaluara ka treguar se nuk ekziston\u00a0 shumica absolute p\u00ebr asnj\u00eb \u00e7\u00ebshtje t\u00eb r\u00ebnd\u00ebsishme, dhe \u00e7do pushtet i p\u00ebrgjegjsh\u00ebm nga k\u00ebto shkaqe do t\u00eb jepte dor\u00ebheqje, kan\u00eb vler\u00ebsuar nga Mali i Zi Pozitiv. \u201c\u00cbsht\u00eb e qart\u00eb se nuk ekziston shumica absolute p\u00ebr asnj\u00eb \u00e7\u00ebshtje t\u00eb r\u00ebnd\u00ebsishme gj\u00eb q\u00eb \u00ebsht\u00eb [&hellip;]<\/p>\n","protected":false},"author":1,"featured_media":0,"comment_status":"closed","ping_status":"closed","sticky":false,"template":"","format":"standard","meta":{"spay_email":"","jetpack_publicize_message":"","jetpack_is_tweetstorm":false,"jetpack_publicize_feature_enabled":true},"categories":[11],"tags":[],"jetpack_publicize_connections":[],"yoast_head":"<!-- This site is optimized with the Yoast SEO plugin v19.1 - https:\/\/yoast.com\/wordpress\/plugins\/seo\/ -->\n<title>Abazoviq: Pushteti i p\u00ebrgjegjsh\u00ebm do ta kthente mandatin - Lajme nga Ulqini<\/title>\n<meta name=\"description\" content=\"Votimi n\u00eb Parlament gjat\u00eb disa dit\u00ebve t\u00eb kaluara ka treguar se nuk ekziston\u00a0 shumica absolute p\u00ebr asnj\u00eb \u00e7\u00ebshtje t\u00eb r\u00ebnd\u00ebsishme, dhe \u00e7do pushtet i\" \/>\n<meta name=\"robots\" content=\"index, follow, max-snippet:-1, max-image-preview:large, max-video-preview:-1\" \/>\n<link rel=\"canonical\" href=\"https:\/\/www.visit-ulcinj.com\/blog\/2013\/08\/05\/abazoviq-pushteti-i-pergjegjshem-do-ta-kthente-mandatin\/\" \/>\n<meta property=\"og:locale\" content=\"en_US\" \/>\n<meta property=\"og:type\" content=\"article\" \/>\n<meta property=\"og:title\" content=\"Abazoviq: Pushteti i p\u00ebrgjegjsh\u00ebm do ta kthente mandatin - Lajme nga Ulqini\" \/>\n<meta property=\"og:description\" content=\"Votimi n\u00eb Parlament gjat\u00eb disa dit\u00ebve t\u00eb kaluara ka treguar se nuk ekziston\u00a0 shumica absolute p\u00ebr asnj\u00eb \u00e7\u00ebshtje t\u00eb r\u00ebnd\u00ebsishme, dhe \u00e7do pushtet i\" \/>\n<meta property=\"og:url\" content=\"https:\/\/www.visit-ulcinj.com\/blog\/2013\/08\/05\/abazoviq-pushteti-i-pergjegjshem-do-ta-kthente-mandatin\/\" \/>\n<meta property=\"og:site_name\" content=\"Lajme nga Ulqini\" \/>\n<meta property=\"article:published_time\" content=\"2013-08-05T02:43:05+00:00\" \/>\n<meta property=\"og:image\" content=\"http:\/\/www.visit-ulcinj.com\/blog\/wp-content\/uploads\/2013\/02\/DRITANABAZOVIC.jpg\" \/>\n<meta name=\"twitter:label1\" content=\"Written by\" \/>\n\t<meta name=\"twitter:data1\" content=\"ulqini\" \/>\n\t<meta name=\"twitter:label2\" content=\"Est. reading time\" \/>\n\t<meta name=\"twitter:data2\" content=\"1 minute\" \/>\n<script type=\"application\/ld+json\" class=\"yoast-schema-graph\">{\"@context\":\"https:\/\/schema.org\",\"@graph\":[{\"@type\":\"WebSite\",\"@id\":\"https:\/\/www.visit-ulcinj.com\/blog\/#website\",\"url\":\"https:\/\/www.visit-ulcinj.com\/blog\/\",\"name\":\"Lajme nga Ulqini\",\"description\":\"Lajme,Vijesti,Ulqini,Ulqin,Crna Gora,Mali i Zi\",\"potentialAction\":[{\"@type\":\"SearchAction\",\"target\":{\"@type\":\"EntryPoint\",\"urlTemplate\":\"https:\/\/www.visit-ulcinj.com\/blog\/?s={search_term_string}\"},\"query-input\":\"required name=search_term_string\"}],\"inLanguage\":\"en-US\"},{\"@type\":\"ImageObject\",\"inLanguage\":\"en-US\",\"@id\":\"https:\/\/www.visit-ulcinj.com\/blog\/2013\/08\/05\/abazoviq-pushteti-i-pergjegjshem-do-ta-kthente-mandatin\/#primaryimage\",\"url\":\"https:\/\/www.visit-ulcinj.com\/blog\/wp-content\/uploads\/2013\/02\/DRITANABAZOVIC.jpg\",\"contentUrl\":\"https:\/\/www.visit-ulcinj.com\/blog\/wp-content\/uploads\/2013\/02\/DRITANABAZOVIC.jpg\",\"width\":960,\"height\":637},{\"@type\":\"WebPage\",\"@id\":\"https:\/\/www.visit-ulcinj.com\/blog\/2013\/08\/05\/abazoviq-pushteti-i-pergjegjshem-do-ta-kthente-mandatin\/#webpage\",\"url\":\"https:\/\/www.visit-ulcinj.com\/blog\/2013\/08\/05\/abazoviq-pushteti-i-pergjegjshem-do-ta-kthente-mandatin\/\",\"name\":\"Abazoviq: Pushteti i p\u00ebrgjegjsh\u00ebm do ta kthente mandatin - Lajme nga Ulqini\",\"isPartOf\":{\"@id\":\"https:\/\/www.visit-ulcinj.com\/blog\/#website\"},\"primaryImageOfPage\":{\"@id\":\"https:\/\/www.visit-ulcinj.com\/blog\/2013\/08\/05\/abazoviq-pushteti-i-pergjegjshem-do-ta-kthente-mandatin\/#primaryimage\"},\"datePublished\":\"2013-08-05T02:43:05+00:00\",\"dateModified\":\"2013-08-05T02:43:05+00:00\",\"author\":{\"@id\":\"https:\/\/www.visit-ulcinj.com\/blog\/#\/schema\/person\/dcab619c614d3038751c63bc2aadc06d\"},\"description\":\"Votimi n\u00eb Parlament gjat\u00eb disa dit\u00ebve t\u00eb kaluara ka treguar se nuk ekziston\u00a0 shumica absolute p\u00ebr asnj\u00eb \u00e7\u00ebshtje t\u00eb r\u00ebnd\u00ebsishme, dhe \u00e7do pushtet i\",\"breadcrumb\":{\"@id\":\"https:\/\/www.visit-ulcinj.com\/blog\/2013\/08\/05\/abazoviq-pushteti-i-pergjegjshem-do-ta-kthente-mandatin\/#breadcrumb\"},\"inLanguage\":\"en-US\",\"potentialAction\":[{\"@type\":\"ReadAction\",\"target\":[\"https:\/\/www.visit-ulcinj.com\/blog\/2013\/08\/05\/abazoviq-pushteti-i-pergjegjshem-do-ta-kthente-mandatin\/\"]}]},{\"@type\":\"BreadcrumbList\",\"@id\":\"https:\/\/www.visit-ulcinj.com\/blog\/2013\/08\/05\/abazoviq-pushteti-i-pergjegjshem-do-ta-kthente-mandatin\/#breadcrumb\",\"itemListElement\":[{\"@type\":\"ListItem\",\"position\":1,\"name\":\"Abazoviq: Pushteti i p\u00ebrgjegjsh\u00ebm do ta kthente mandatin\"}]},{\"@type\":\"Person\",\"@id\":\"https:\/\/www.visit-ulcinj.com\/blog\/#\/schema\/person\/dcab619c614d3038751c63bc2aadc06d\",\"name\":\"ulqini\",\"sameAs\":[\"http:\/\/www.visit-ulcinj.com\"],\"url\":\"https:\/\/www.visit-ulcinj.com\/blog\/author\/admin\/\"}]}<\/script>\n<!-- \/ Yoast SEO plugin. -->","yoast_head_json":{"title":"Abazoviq: Pushteti i p\u00ebrgjegjsh\u00ebm do ta kthente mandatin - Lajme nga Ulqini","description":"Votimi n\u00eb Parlament gjat\u00eb disa dit\u00ebve t\u00eb kaluara ka treguar se nuk ekziston\u00a0 shumica absolute p\u00ebr asnj\u00eb \u00e7\u00ebshtje t\u00eb r\u00ebnd\u00ebsishme, dhe \u00e7do pushtet i","robots":{"index":"index","follow":"follow","max-snippet":"max-snippet:-1","max-image-preview":"max-image-preview:large","max-video-preview":"max-video-preview:-1"},"canonical":"https:\/\/www.visit-ulcinj.com\/blog\/2013\/08\/05\/abazoviq-pushteti-i-pergjegjshem-do-ta-kthente-mandatin\/","og_locale":"en_US","og_type":"article","og_title":"Abazoviq: Pushteti i p\u00ebrgjegjsh\u00ebm do ta kthente mandatin - Lajme nga Ulqini","og_description":"Votimi n\u00eb Parlament gjat\u00eb disa dit\u00ebve t\u00eb kaluara ka treguar se nuk ekziston\u00a0 shumica absolute p\u00ebr asnj\u00eb \u00e7\u00ebshtje t\u00eb r\u00ebnd\u00ebsishme, dhe \u00e7do pushtet i","og_url":"https:\/\/www.visit-ulcinj.com\/blog\/2013\/08\/05\/abazoviq-pushteti-i-pergjegjshem-do-ta-kthente-mandatin\/","og_site_name":"Lajme nga Ulqini","article_published_time":"2013-08-05T02:43:05+00:00","og_image":[{"url":"http:\/\/www.visit-ulcinj.com\/blog\/wp-content\/uploads\/2013\/02\/DRITANABAZOVIC.jpg"}],"twitter_misc":{"Written by":"ulqini","Est. reading time":"1 minute"},"schema":{"@context":"https:\/\/schema.org","@graph":[{"@type":"WebSite","@id":"https:\/\/www.visit-ulcinj.com\/blog\/#website","url":"https:\/\/www.visit-ulcinj.com\/blog\/","name":"Lajme nga Ulqini","description":"Lajme,Vijesti,Ulqini,Ulqin,Crna Gora,Mali i Zi","potentialAction":[{"@type":"SearchAction","target":{"@type":"EntryPoint","urlTemplate":"https:\/\/www.visit-ulcinj.com\/blog\/?s={search_term_string}"},"query-input":"required name=search_term_string"}],"inLanguage":"en-US"},{"@type":"ImageObject","inLanguage":"en-US","@id":"https:\/\/www.visit-ulcinj.com\/blog\/2013\/08\/05\/abazoviq-pushteti-i-pergjegjshem-do-ta-kthente-mandatin\/#primaryimage","url":"https:\/\/www.visit-ulcinj.com\/blog\/wp-content\/uploads\/2013\/02\/DRITANABAZOVIC.jpg","contentUrl":"https:\/\/www.visit-ulcinj.com\/blog\/wp-content\/uploads\/2013\/02\/DRITANABAZOVIC.jpg","width":960,"height":637},{"@type":"WebPage","@id":"https:\/\/www.visit-ulcinj.com\/blog\/2013\/08\/05\/abazoviq-pushteti-i-pergjegjshem-do-ta-kthente-mandatin\/#webpage","url":"https:\/\/www.visit-ulcinj.com\/blog\/2013\/08\/05\/abazoviq-pushteti-i-pergjegjshem-do-ta-kthente-mandatin\/","name":"Abazoviq: Pushteti i p\u00ebrgjegjsh\u00ebm do ta kthente mandatin - Lajme nga Ulqini","isPartOf":{"@id":"https:\/\/www.visit-ulcinj.com\/blog\/#website"},"primaryImageOfPage":{"@id":"https:\/\/www.visit-ulcinj.com\/blog\/2013\/08\/05\/abazoviq-pushteti-i-pergjegjshem-do-ta-kthente-mandatin\/#primaryimage"},"datePublished":"2013-08-05T02:43:05+00:00","dateModified":"2013-08-05T02:43:05+00:00","author":{"@id":"https:\/\/www.visit-ulcinj.com\/blog\/#\/schema\/person\/dcab619c614d3038751c63bc2aadc06d"},"description":"Votimi n\u00eb Parlament gjat\u00eb disa dit\u00ebve t\u00eb kaluara ka treguar se nuk ekziston\u00a0 shumica absolute p\u00ebr asnj\u00eb \u00e7\u00ebshtje t\u00eb r\u00ebnd\u00ebsishme, dhe \u00e7do pushtet i","breadcrumb":{"@id":"https:\/\/www.visit-ulcinj.com\/blog\/2013\/08\/05\/abazoviq-pushteti-i-pergjegjshem-do-ta-kthente-mandatin\/#breadcrumb"},"inLanguage":"en-US","potentialAction":[{"@type":"ReadAction","target":["https:\/\/www.visit-ulcinj.com\/blog\/2013\/08\/05\/abazoviq-pushteti-i-pergjegjshem-do-ta-kthente-mandatin\/"]}]},{"@type":"BreadcrumbList","@id":"https:\/\/www.visit-ulcinj.com\/blog\/2013\/08\/05\/abazoviq-pushteti-i-pergjegjshem-do-ta-kthente-mandatin\/#breadcrumb","itemListElement":[{"@type":"ListItem","position":1,"name":"Abazoviq: Pushteti i p\u00ebrgjegjsh\u00ebm do ta kthente mandatin"}]},{"@type":"Person","@id":"https:\/\/www.visit-ulcinj.com\/blog\/#\/schema\/person\/dcab619c614d3038751c63bc2aadc06d","name":"ulqini","sameAs":["http:\/\/www.visit-ulcinj.com"],"url":"https:\/\/www.visit-ulcinj.com\/blog\/author\/admin\/"}]}},"jetpack_featured_media_url":"","jetpack_sharing_enabled":true,"jetpack_shortlink":"https:\/\/wp.me\/pe6lTn-jgb","_links":{"self":[{"href":"https:\/\/www.visit-ulcinj.com\/blog\/wp-json\/wp\/v2\/posts\/74039"}],"collection":[{"href":"https:\/\/www.visit-ulcinj.com\/blog\/wp-json\/wp\/v2\/posts"}],"about":[{"href":"https:\/\/www.visit-ulcinj.com\/blog\/wp-json\/wp\/v2\/types\/post"}],"author":[{"embeddable":true,"href":"https:\/\/www.visit-ulcinj.com\/blog\/wp-json\/wp\/v2\/users\/1"}],"replies":[{"embeddable":true,"href":"https:\/\/www.visit-ulcinj.com\/blog\/wp-json\/wp\/v2\/comments?post=74039"}],"version-history":[{"count":1,"href":"https:\/\/www.visit-ulcinj.com\/blog\/wp-json\/wp\/v2\/posts\/74039\/revisions"}],"predecessor-version":[{"id":74040,"href":"https:\/\/www.visit-ulcinj.com\/blog\/wp-json\/wp\/v2\/posts\/74039\/revisions\/74040"}],"wp:attachment":[{"href":"https:\/\/www.visit-ulcinj.com\/blog\/wp-json\/wp\/v2\/media?parent=74039"}],"wp:term":[{"taxonomy":"category","embeddable":true,"href":"https:\/\/www.visit-ulcinj.com\/blog\/wp-json\/wp\/v2\/categories?post=74039"},{"taxonomy":"post_tag","embeddable":true,"href":"https:\/\/www.visit-ulcinj.com\/blog\/wp-json\/wp\/v2\/tags?post=74039"}],"curies":[{"name":"wp","href":"https:\/\/api.w.org\/{rel}","templated":true}]}}