{"id":74043,"date":"2013-08-05T04:04:44","date_gmt":"2013-08-05T03:04:44","guid":{"rendered":"http:\/\/www.visit-ulcinj.com\/blog\/?p=74043"},"modified":"2013-08-05T04:10:08","modified_gmt":"2013-08-05T03:10:08","slug":"xhensila-dhe-besi-vizitojn-monte-karlon","status":"publish","type":"post","link":"https:\/\/www.visit-ulcinj.com\/blog\/2013\/08\/05\/xhensila-dhe-besi-vizitojn-monte-karlon\/","title":{"rendered":"Xhensila dhe Besi vizitojn Monte Karlon"},"content":{"rendered":"<p><a href=\"http:\/\/www.visit-ulcinj.com\/blog\/wp-content\/uploads\/2013\/08\/Xhensila-dhe-Besi-vizitojn-Monte-Karlon.jpg\"><img loading=\"lazy\" class=\"alignleft  wp-image-74044\" alt=\"Xhensila dhe Besi vizitojn Monte Karlon\" src=\"http:\/\/www.visit-ulcinj.com\/blog\/wp-content\/uploads\/2013\/08\/Xhensila-dhe-Besi-vizitojn-Monte-Karlon.jpg\" width=\"508\" height=\"360\" \/><\/a><br \/>\nDuket se k\u00ebt\u00eb ver\u00eb po e shijon m\u00eb mir\u00eb nga \u00e7do vit tjet\u00ebr k\u00ebng\u00ebtarja Xhensila Myrtezaj, e cila po kalon pushime mbres\u00ebl\u00ebn\u00ebse n\u00eb t\u00eb gjith\u00eb Europ\u00ebn. S\u00eb bashku me t\u00eb fejuarin e saj, aktorin Bes Kallaku, k\u00ebto dit\u00eb ata kan\u00eb ndaluar dhe n\u00eb Monte Karlo, nga ku kan\u00eb postuar dhe foto n\u00eb profilet e tyre zyrtare n\u00eb Facebook.<\/p>\n<p>Pas dy vitesh fejes\u00eb, kjo \u00ebsht\u00eb hera e par\u00eb q\u00eb Xhensila dhe Besi \u201carratisen\u201d s\u00eb bashku me pushime t\u00eb gjata jasht\u00eb Shqip\u00ebris\u00eb, duke i kaluar dit\u00ebt m\u00eb t\u00eb nxehta larg koncerteve dhe pun\u00ebs s\u00eb tyre intensive si artist\u00eb.<\/p>\n<p>N\u00eb k\u00ebt\u00eb vit, ku Xhensila festoi n\u00eb nj\u00eb dit\u00eb 20-vjetorin dhe dyvjetorin e fejes\u00ebs, kan\u00eb menduar t\u00eb arg\u00ebtohen pa fund, p\u00ebr ta kompletuar me k\u00ebt\u00eb udh\u00ebtim, ku po i shijojn\u00eb edhe m\u00eb shum\u00eb dit\u00ebt e tyre t\u00eb mira t\u00eb dashuris\u00eb.\/laj.me\/<\/p>\n<p>&nbsp;<br \/>\n<iframe loading=\"lazy\" width=\"508\" height=\"360\" src=\"\/\/www.youtube.com\/embed\/A0HexB0lNYk\" frameborder=\"0\" allowfullscreen><\/iframe><\/p>\n","protected":false},"excerpt":{"rendered":"<p>Duket se k\u00ebt\u00eb ver\u00eb po e shijon m\u00eb mir\u00eb nga \u00e7do vit tjet\u00ebr k\u00ebng\u00ebtarja Xhensila Myrtezaj, e cila po kalon pushime mbres\u00ebl\u00ebn\u00ebse n\u00eb t\u00eb gjith\u00eb Europ\u00ebn. S\u00eb bashku me t\u00eb fejuarin e saj, aktorin Bes Kallaku, k\u00ebto dit\u00eb ata kan\u00eb ndaluar dhe n\u00eb Monte Karlo, nga ku kan\u00eb postuar dhe foto n\u00eb profilet e tyre [&hellip;]<\/p>\n","protected":false},"author":1,"featured_media":0,"comment_status":"closed","ping_status":"closed","sticky":false,"template":"","format":"standard","meta":{"spay_email":"","jetpack_publicize_message":"","jetpack_is_tweetstorm":false,"jetpack_publicize_feature_enabled":true},"categories":[1],"tags":[],"jetpack_publicize_connections":[],"yoast_head":"<!-- This site is optimized with the Yoast SEO plugin v19.1 - https:\/\/yoast.com\/wordpress\/plugins\/seo\/ -->\n<title>Xhensila dhe Besi vizitojn Monte Karlon - Lajme nga Ulqini<\/title>\n<meta name=\"description\" content=\"Duket se k\u00ebt\u00eb ver\u00eb po e shijon m\u00eb mir\u00eb nga \u00e7do vit tjet\u00ebr k\u00ebng\u00ebtarja Xhensila Myrtezaj, e cila po kalon pushime mbres\u00ebl\u00ebn\u00ebse n\u00eb t\u00eb gjith\u00eb Europ\u00ebn. S\u00eb\" \/>\n<meta name=\"robots\" content=\"index, follow, max-snippet:-1, max-image-preview:large, max-video-preview:-1\" \/>\n<link rel=\"canonical\" href=\"https:\/\/www.visit-ulcinj.com\/blog\/2013\/08\/05\/xhensila-dhe-besi-vizitojn-monte-karlon\/\" \/>\n<meta property=\"og:locale\" content=\"en_US\" \/>\n<meta property=\"og:type\" content=\"article\" \/>\n<meta property=\"og:title\" content=\"Xhensila dhe Besi vizitojn Monte Karlon - Lajme nga Ulqini\" \/>\n<meta property=\"og:description\" content=\"Duket se k\u00ebt\u00eb ver\u00eb po e shijon m\u00eb mir\u00eb nga \u00e7do vit tjet\u00ebr k\u00ebng\u00ebtarja Xhensila Myrtezaj, e cila po kalon pushime mbres\u00ebl\u00ebn\u00ebse n\u00eb t\u00eb gjith\u00eb Europ\u00ebn. S\u00eb\" \/>\n<meta property=\"og:url\" content=\"https:\/\/www.visit-ulcinj.com\/blog\/2013\/08\/05\/xhensila-dhe-besi-vizitojn-monte-karlon\/\" \/>\n<meta property=\"og:site_name\" content=\"Lajme nga Ulqini\" \/>\n<meta property=\"article:published_time\" content=\"2013-08-05T03:04:44+00:00\" \/>\n<meta property=\"article:modified_time\" content=\"2013-08-05T03:10:08+00:00\" \/>\n<meta property=\"og:image\" content=\"http:\/\/www.visit-ulcinj.com\/blog\/wp-content\/uploads\/2013\/08\/Xhensila-dhe-Besi-vizitojn-Monte-Karlon.jpg\" \/>\n<meta name=\"twitter:label1\" content=\"Written by\" \/>\n\t<meta name=\"twitter:data1\" content=\"ulqini\" \/>\n\t<meta name=\"twitter:label2\" content=\"Est. reading time\" \/>\n\t<meta name=\"twitter:data2\" content=\"1 minute\" \/>\n<script type=\"application\/ld+json\" class=\"yoast-schema-graph\">{\"@context\":\"https:\/\/schema.org\",\"@graph\":[{\"@type\":\"WebSite\",\"@id\":\"https:\/\/www.visit-ulcinj.com\/blog\/#website\",\"url\":\"https:\/\/www.visit-ulcinj.com\/blog\/\",\"name\":\"Lajme nga Ulqini\",\"description\":\"Lajme,Vijesti,Ulqini,Ulqin,Crna Gora,Mali i Zi\",\"potentialAction\":[{\"@type\":\"SearchAction\",\"target\":{\"@type\":\"EntryPoint\",\"urlTemplate\":\"https:\/\/www.visit-ulcinj.com\/blog\/?s={search_term_string}\"},\"query-input\":\"required name=search_term_string\"}],\"inLanguage\":\"en-US\"},{\"@type\":\"ImageObject\",\"inLanguage\":\"en-US\",\"@id\":\"https:\/\/www.visit-ulcinj.com\/blog\/2013\/08\/05\/xhensila-dhe-besi-vizitojn-monte-karlon\/#primaryimage\",\"url\":\"http:\/\/www.visit-ulcinj.com\/blog\/wp-content\/uploads\/2013\/08\/Xhensila-dhe-Besi-vizitojn-Monte-Karlon.jpg\",\"contentUrl\":\"http:\/\/www.visit-ulcinj.com\/blog\/wp-content\/uploads\/2013\/08\/Xhensila-dhe-Besi-vizitojn-Monte-Karlon.jpg\"},{\"@type\":\"WebPage\",\"@id\":\"https:\/\/www.visit-ulcinj.com\/blog\/2013\/08\/05\/xhensila-dhe-besi-vizitojn-monte-karlon\/#webpage\",\"url\":\"https:\/\/www.visit-ulcinj.com\/blog\/2013\/08\/05\/xhensila-dhe-besi-vizitojn-monte-karlon\/\",\"name\":\"Xhensila dhe Besi vizitojn Monte Karlon - Lajme nga Ulqini\",\"isPartOf\":{\"@id\":\"https:\/\/www.visit-ulcinj.com\/blog\/#website\"},\"primaryImageOfPage\":{\"@id\":\"https:\/\/www.visit-ulcinj.com\/blog\/2013\/08\/05\/xhensila-dhe-besi-vizitojn-monte-karlon\/#primaryimage\"},\"datePublished\":\"2013-08-05T03:04:44+00:00\",\"dateModified\":\"2013-08-05T03:10:08+00:00\",\"author\":{\"@id\":\"https:\/\/www.visit-ulcinj.com\/blog\/#\/schema\/person\/dcab619c614d3038751c63bc2aadc06d\"},\"description\":\"Duket se k\u00ebt\u00eb ver\u00eb po e shijon m\u00eb mir\u00eb nga \u00e7do vit tjet\u00ebr k\u00ebng\u00ebtarja Xhensila Myrtezaj, e cila po kalon pushime mbres\u00ebl\u00ebn\u00ebse n\u00eb t\u00eb gjith\u00eb Europ\u00ebn. S\u00eb\",\"breadcrumb\":{\"@id\":\"https:\/\/www.visit-ulcinj.com\/blog\/2013\/08\/05\/xhensila-dhe-besi-vizitojn-monte-karlon\/#breadcrumb\"},\"inLanguage\":\"en-US\",\"potentialAction\":[{\"@type\":\"ReadAction\",\"target\":[\"https:\/\/www.visit-ulcinj.com\/blog\/2013\/08\/05\/xhensila-dhe-besi-vizitojn-monte-karlon\/\"]}]},{\"@type\":\"BreadcrumbList\",\"@id\":\"https:\/\/www.visit-ulcinj.com\/blog\/2013\/08\/05\/xhensila-dhe-besi-vizitojn-monte-karlon\/#breadcrumb\",\"itemListElement\":[{\"@type\":\"ListItem\",\"position\":1,\"name\":\"Xhensila dhe Besi vizitojn Monte Karlon\"}]},{\"@type\":\"Person\",\"@id\":\"https:\/\/www.visit-ulcinj.com\/blog\/#\/schema\/person\/dcab619c614d3038751c63bc2aadc06d\",\"name\":\"ulqini\",\"sameAs\":[\"http:\/\/www.visit-ulcinj.com\"],\"url\":\"https:\/\/www.visit-ulcinj.com\/blog\/author\/admin\/\"}]}<\/script>\n<!-- \/ Yoast SEO plugin. -->","yoast_head_json":{"title":"Xhensila dhe Besi vizitojn Monte Karlon - Lajme nga Ulqini","description":"Duket se k\u00ebt\u00eb ver\u00eb po e shijon m\u00eb mir\u00eb nga \u00e7do vit tjet\u00ebr k\u00ebng\u00ebtarja Xhensila Myrtezaj, e cila po kalon pushime mbres\u00ebl\u00ebn\u00ebse n\u00eb t\u00eb gjith\u00eb Europ\u00ebn. S\u00eb","robots":{"index":"index","follow":"follow","max-snippet":"max-snippet:-1","max-image-preview":"max-image-preview:large","max-video-preview":"max-video-preview:-1"},"canonical":"https:\/\/www.visit-ulcinj.com\/blog\/2013\/08\/05\/xhensila-dhe-besi-vizitojn-monte-karlon\/","og_locale":"en_US","og_type":"article","og_title":"Xhensila dhe Besi vizitojn Monte Karlon - Lajme nga Ulqini","og_description":"Duket se k\u00ebt\u00eb ver\u00eb po e shijon m\u00eb mir\u00eb nga \u00e7do vit tjet\u00ebr k\u00ebng\u00ebtarja Xhensila Myrtezaj, e cila po kalon pushime mbres\u00ebl\u00ebn\u00ebse n\u00eb t\u00eb gjith\u00eb Europ\u00ebn. S\u00eb","og_url":"https:\/\/www.visit-ulcinj.com\/blog\/2013\/08\/05\/xhensila-dhe-besi-vizitojn-monte-karlon\/","og_site_name":"Lajme nga Ulqini","article_published_time":"2013-08-05T03:04:44+00:00","article_modified_time":"2013-08-05T03:10:08+00:00","og_image":[{"url":"http:\/\/www.visit-ulcinj.com\/blog\/wp-content\/uploads\/2013\/08\/Xhensila-dhe-Besi-vizitojn-Monte-Karlon.jpg"}],"twitter_misc":{"Written by":"ulqini","Est. reading time":"1 minute"},"schema":{"@context":"https:\/\/schema.org","@graph":[{"@type":"WebSite","@id":"https:\/\/www.visit-ulcinj.com\/blog\/#website","url":"https:\/\/www.visit-ulcinj.com\/blog\/","name":"Lajme nga Ulqini","description":"Lajme,Vijesti,Ulqini,Ulqin,Crna Gora,Mali i Zi","potentialAction":[{"@type":"SearchAction","target":{"@type":"EntryPoint","urlTemplate":"https:\/\/www.visit-ulcinj.com\/blog\/?s={search_term_string}"},"query-input":"required name=search_term_string"}],"inLanguage":"en-US"},{"@type":"ImageObject","inLanguage":"en-US","@id":"https:\/\/www.visit-ulcinj.com\/blog\/2013\/08\/05\/xhensila-dhe-besi-vizitojn-monte-karlon\/#primaryimage","url":"http:\/\/www.visit-ulcinj.com\/blog\/wp-content\/uploads\/2013\/08\/Xhensila-dhe-Besi-vizitojn-Monte-Karlon.jpg","contentUrl":"http:\/\/www.visit-ulcinj.com\/blog\/wp-content\/uploads\/2013\/08\/Xhensila-dhe-Besi-vizitojn-Monte-Karlon.jpg"},{"@type":"WebPage","@id":"https:\/\/www.visit-ulcinj.com\/blog\/2013\/08\/05\/xhensila-dhe-besi-vizitojn-monte-karlon\/#webpage","url":"https:\/\/www.visit-ulcinj.com\/blog\/2013\/08\/05\/xhensila-dhe-besi-vizitojn-monte-karlon\/","name":"Xhensila dhe Besi vizitojn Monte Karlon - Lajme nga Ulqini","isPartOf":{"@id":"https:\/\/www.visit-ulcinj.com\/blog\/#website"},"primaryImageOfPage":{"@id":"https:\/\/www.visit-ulcinj.com\/blog\/2013\/08\/05\/xhensila-dhe-besi-vizitojn-monte-karlon\/#primaryimage"},"datePublished":"2013-08-05T03:04:44+00:00","dateModified":"2013-08-05T03:10:08+00:00","author":{"@id":"https:\/\/www.visit-ulcinj.com\/blog\/#\/schema\/person\/dcab619c614d3038751c63bc2aadc06d"},"description":"Duket se k\u00ebt\u00eb ver\u00eb po e shijon m\u00eb mir\u00eb nga \u00e7do vit tjet\u00ebr k\u00ebng\u00ebtarja Xhensila Myrtezaj, e cila po kalon pushime mbres\u00ebl\u00ebn\u00ebse n\u00eb t\u00eb gjith\u00eb Europ\u00ebn. S\u00eb","breadcrumb":{"@id":"https:\/\/www.visit-ulcinj.com\/blog\/2013\/08\/05\/xhensila-dhe-besi-vizitojn-monte-karlon\/#breadcrumb"},"inLanguage":"en-US","potentialAction":[{"@type":"ReadAction","target":["https:\/\/www.visit-ulcinj.com\/blog\/2013\/08\/05\/xhensila-dhe-besi-vizitojn-monte-karlon\/"]}]},{"@type":"BreadcrumbList","@id":"https:\/\/www.visit-ulcinj.com\/blog\/2013\/08\/05\/xhensila-dhe-besi-vizitojn-monte-karlon\/#breadcrumb","itemListElement":[{"@type":"ListItem","position":1,"name":"Xhensila dhe Besi vizitojn Monte Karlon"}]},{"@type":"Person","@id":"https:\/\/www.visit-ulcinj.com\/blog\/#\/schema\/person\/dcab619c614d3038751c63bc2aadc06d","name":"ulqini","sameAs":["http:\/\/www.visit-ulcinj.com"],"url":"https:\/\/www.visit-ulcinj.com\/blog\/author\/admin\/"}]}},"jetpack_featured_media_url":"","jetpack_sharing_enabled":true,"jetpack_shortlink":"https:\/\/wp.me\/pe6lTn-jgf","_links":{"self":[{"href":"https:\/\/www.visit-ulcinj.com\/blog\/wp-json\/wp\/v2\/posts\/74043"}],"collection":[{"href":"https:\/\/www.visit-ulcinj.com\/blog\/wp-json\/wp\/v2\/posts"}],"about":[{"href":"https:\/\/www.visit-ulcinj.com\/blog\/wp-json\/wp\/v2\/types\/post"}],"author":[{"embeddable":true,"href":"https:\/\/www.visit-ulcinj.com\/blog\/wp-json\/wp\/v2\/users\/1"}],"replies":[{"embeddable":true,"href":"https:\/\/www.visit-ulcinj.com\/blog\/wp-json\/wp\/v2\/comments?post=74043"}],"version-history":[{"count":3,"href":"https:\/\/www.visit-ulcinj.com\/blog\/wp-json\/wp\/v2\/posts\/74043\/revisions"}],"predecessor-version":[{"id":74047,"href":"https:\/\/www.visit-ulcinj.com\/blog\/wp-json\/wp\/v2\/posts\/74043\/revisions\/74047"}],"wp:attachment":[{"href":"https:\/\/www.visit-ulcinj.com\/blog\/wp-json\/wp\/v2\/media?parent=74043"}],"wp:term":[{"taxonomy":"category","embeddable":true,"href":"https:\/\/www.visit-ulcinj.com\/blog\/wp-json\/wp\/v2\/categories?post=74043"},{"taxonomy":"post_tag","embeddable":true,"href":"https:\/\/www.visit-ulcinj.com\/blog\/wp-json\/wp\/v2\/tags?post=74043"}],"curies":[{"name":"wp","href":"https:\/\/api.w.org\/{rel}","templated":true}]}}