{"id":74055,"date":"2013-08-05T18:37:55","date_gmt":"2013-08-05T17:37:55","guid":{"rendered":"http:\/\/www.visit-ulcinj.com\/blog\/?p=74055"},"modified":"2013-08-06T14:14:37","modified_gmt":"2013-08-06T13:14:37","slug":"xhamia-e-klleznes-shperndane-100-shporta-per-ramazan","status":"publish","type":"post","link":"https:\/\/www.visit-ulcinj.com\/blog\/2013\/08\/05\/xhamia-e-klleznes-shperndane-100-shporta-per-ramazan\/","title":{"rendered":"Xhamia e Kllezn\u00ebs shp\u00ebrndan\u00eb  100 &#8220;Shporta p\u00ebr Ramazan&#8221;"},"content":{"rendered":"<p><strong><a href=\"http:\/\/www.visit-ulcinj.com\/blog\/wp-content\/uploads\/2013\/08\/Xhamia-e-Klleznes-100-Shporta-100-Familje.jpg\"><img loading=\"lazy\" class=\"alignleft  wp-image-74056\" alt=\"Xhamia e Klleznes-100 Shporta - 100 Familje\" src=\"http:\/\/www.visit-ulcinj.com\/blog\/wp-content\/uploads\/2013\/08\/Xhamia-e-Klleznes-100-Shporta-100-Familje.jpg\" width=\"508\" height=\"360\" \/><\/a>100 Shporta &#8211; 100 Familje n\u00eb Nat\u00ebn e Kadrit<\/strong><\/p>\n<p>Xhamia e Kllezn\u00ebs, me rastin e muajit t\u00eb bekuar t\u00eb Ramazanit, nd\u00ebrmorri nj\u00eb aktivitet humanitar\u00eb n\u00eb ndarjen e ndihmave q\u00eb iu dedikua jetim\u00ebve, skamnor\u00ebve, personave me aft\u00ebsi t\u00eb kufizuar dhe nevojtar\u00ebve n\u00eb t\u00ebr\u00eb territorin e komun\u00ebs s\u00eb Ulqinit me rrethin\u00eb.<br \/>\nN\u00eb Nat\u00ebn e Kadrit, gjegj\u00ebsisht dit\u00ebn e Shtun\u00eb, me 03.08.2013, Xhamia e Kllezn\u00ebs shp\u00ebrndau 100 Shporta Ramazani p\u00ebr 100 familje t\u00eb k\u00ebtyre kategorive. Ku pjesa tjet\u00ebr e mbetur dhe ato q\u00eb do t\u00eb grumbullohen deri n\u00eb nat\u00ebn e Fit\u00ebr Bajramit, do t\u00eb ndahen pik\u00ebrisht t\u00eb M\u00ebrkur\u00eb Shportat tjera t\u00eb Ramazanit.<\/p>\n<p>Besojm\u00eb q\u00eb k\u00ebtyre familjeve sadopak iu kemi kthyer buz\u00ebqeshjen n\u00eb k\u00ebt\u00eb muaj t\u00eb shenjt\u00eb, ku buz\u00ebqeshja e tyre \u00ebsht\u00eb amaneti i jon\u00eb.<br \/>\nAndaj si Imami, komisioni i Xhamis\u00eb s\u00eb Kllezn\u00ebs dhe n\u00eb em\u00ebr t\u00eb k\u00ebtyre kategorive ju jemi shum\u00eb mir\u00ebnjoh\u00ebs p\u00ebr ndihm\u00ebn e dh\u00ebn\u00eb ku mes tjerash, Lusim Zotin e lart\u00ebmadheruar q\u00eb \u00e7do ndihm\u00eb tuaj\u00ebn ta radhis\u00eb n\u00eb veprat e mira.<\/p>\n<p>Me shum Fotografi n\u00eb<\/p>\n<p><strong><a id=\"js_23\" href=\"https:\/\/www.facebook.com\/xhamiaklleznes\" data-hovercard=\"\/ajax\/hovercard\/hovercard.php?id=100004174742969&amp;extragetparams=%7B%7D\"><strong><\/strong><\/a><strong><a id=\"js_23\" href=\"https:\/\/www.facebook.com\/xhamiaklleznes\" data-hovercard=\"\/ajax\/hovercard\/hovercard.php?id=100004174742969&amp;extragetparams=%7B%7D\">Xhamia Klleznes Ulqin<\/a>\u00a0Facebook<\/strong><br \/>\n<\/strong><\/p>\n<p><a href=\"http:\/\/www.visit-ulcinj.com\/blog\/wp-content\/uploads\/2013\/08\/Xhamia-e-Klleznes-100-Shporta-100-Familje-1.jpg\"><img loading=\"lazy\" class=\"alignleft  wp-image-74058\" alt=\"Xhamia e Klleznes-100 Shporta - 100 Familje-1\" src=\"http:\/\/www.visit-ulcinj.com\/blog\/wp-content\/uploads\/2013\/08\/Xhamia-e-Klleznes-100-Shporta-100-Familje-1.jpg\" width=\"508\" height=\"360\" \/><\/a> <a href=\"http:\/\/www.visit-ulcinj.com\/blog\/wp-content\/uploads\/2013\/08\/Xhamia-e-Klleznes-100-Shporta-100-Familje-2.jpg\"><img loading=\"lazy\" class=\"alignleft  wp-image-74059\" alt=\"Xhamia e Klleznes-100 Shporta - 100 Familje-2\" src=\"http:\/\/www.visit-ulcinj.com\/blog\/wp-content\/uploads\/2013\/08\/Xhamia-e-Klleznes-100-Shporta-100-Familje-2.jpg\" width=\"508\" height=\"360\" \/><\/a> <a href=\"http:\/\/www.visit-ulcinj.com\/blog\/wp-content\/uploads\/2013\/08\/Xhamia-e-Klleznes-100-Shporta-100-Familje-3.jpg\"><img loading=\"lazy\" class=\"alignleft  wp-image-74060\" alt=\"Xhamia e Klleznes-100 Shporta - 100 Familje-3\" src=\"http:\/\/www.visit-ulcinj.com\/blog\/wp-content\/uploads\/2013\/08\/Xhamia-e-Klleznes-100-Shporta-100-Familje-3.jpg\" width=\"508\" height=\"360\" \/><\/a> <a href=\"http:\/\/www.visit-ulcinj.com\/blog\/wp-content\/uploads\/2013\/08\/Xhamia-e-Klleznes-100-Shporta-100-Familje-4.jpg\"><img loading=\"lazy\" class=\"alignleft  wp-image-74061\" alt=\"Xhamia e Klleznes-100 Shporta - 100 Familje-4\" src=\"http:\/\/www.visit-ulcinj.com\/blog\/wp-content\/uploads\/2013\/08\/Xhamia-e-Klleznes-100-Shporta-100-Familje-4.jpg\" width=\"508\" height=\"360\" \/><\/a> <a href=\"http:\/\/www.visit-ulcinj.com\/blog\/wp-content\/uploads\/2013\/08\/Xhamia-e-Klleznes-100-Shporta-100-Familje-5.jpg\"><img loading=\"lazy\" class=\"alignleft  wp-image-74062\" alt=\"Xhamia e Klleznes-100 Shporta - 100 Familje-5\" src=\"http:\/\/www.visit-ulcinj.com\/blog\/wp-content\/uploads\/2013\/08\/Xhamia-e-Klleznes-100-Shporta-100-Familje-5.jpg\" width=\"508\" height=\"360\" \/><\/a><\/p>\n","protected":false},"excerpt":{"rendered":"<p>100 Shporta &#8211; 100 Familje n\u00eb Nat\u00ebn e Kadrit Xhamia e Kllezn\u00ebs, me rastin e muajit t\u00eb bekuar t\u00eb Ramazanit, nd\u00ebrmorri nj\u00eb aktivitet humanitar\u00eb n\u00eb ndarjen e ndihmave q\u00eb iu dedikua jetim\u00ebve, skamnor\u00ebve, personave me aft\u00ebsi t\u00eb kufizuar dhe nevojtar\u00ebve n\u00eb t\u00ebr\u00eb territorin e komun\u00ebs s\u00eb Ulqinit me rrethin\u00eb. N\u00eb Nat\u00ebn e Kadrit, gjegj\u00ebsisht dit\u00ebn [&hellip;]<\/p>\n","protected":false},"author":1,"featured_media":0,"comment_status":"closed","ping_status":"closed","sticky":false,"template":"","format":"standard","meta":{"spay_email":"","jetpack_publicize_message":"","jetpack_is_tweetstorm":false,"jetpack_publicize_feature_enabled":true},"categories":[1,11],"tags":[],"jetpack_publicize_connections":[],"yoast_head":"<!-- This site is optimized with the Yoast SEO plugin v19.1 - https:\/\/yoast.com\/wordpress\/plugins\/seo\/ -->\n<title>Xhamia e Kllezn\u00ebs shp\u00ebrndan\u00eb 100 &quot;Shporta p\u00ebr Ramazan&quot; - Lajme nga Ulqini<\/title>\n<meta name=\"description\" content=\"100 Shporta - 100 Familje n\u00eb Nat\u00ebn e Kadrit Xhamia e Kllezn\u00ebs, me rastin e muajit t\u00eb bekuar t\u00eb Ramazanit, nd\u00ebrmorri nj\u00eb aktivitet humanitar\u00eb n\u00eb ndarjen e\" \/>\n<meta name=\"robots\" content=\"index, follow, max-snippet:-1, max-image-preview:large, max-video-preview:-1\" \/>\n<link rel=\"canonical\" href=\"https:\/\/www.visit-ulcinj.com\/blog\/2013\/08\/05\/xhamia-e-klleznes-shperndane-100-shporta-per-ramazan\/\" \/>\n<meta property=\"og:locale\" content=\"en_US\" \/>\n<meta property=\"og:type\" content=\"article\" \/>\n<meta property=\"og:title\" content=\"Xhamia e Kllezn\u00ebs shp\u00ebrndan\u00eb 100 &quot;Shporta p\u00ebr Ramazan&quot; - Lajme nga Ulqini\" \/>\n<meta property=\"og:description\" content=\"100 Shporta - 100 Familje n\u00eb Nat\u00ebn e Kadrit Xhamia e Kllezn\u00ebs, me rastin e muajit t\u00eb bekuar t\u00eb Ramazanit, nd\u00ebrmorri nj\u00eb aktivitet humanitar\u00eb n\u00eb ndarjen e\" \/>\n<meta property=\"og:url\" content=\"https:\/\/www.visit-ulcinj.com\/blog\/2013\/08\/05\/xhamia-e-klleznes-shperndane-100-shporta-per-ramazan\/\" \/>\n<meta property=\"og:site_name\" content=\"Lajme nga Ulqini\" \/>\n<meta property=\"article:published_time\" content=\"2013-08-05T17:37:55+00:00\" \/>\n<meta property=\"article:modified_time\" content=\"2013-08-06T13:14:37+00:00\" \/>\n<meta property=\"og:image\" content=\"http:\/\/www.visit-ulcinj.com\/blog\/wp-content\/uploads\/2013\/08\/Xhamia-e-Klleznes-100-Shporta-100-Familje.jpg\" \/>\n<meta name=\"twitter:label1\" content=\"Written by\" \/>\n\t<meta name=\"twitter:data1\" content=\"ulqini\" \/>\n\t<meta name=\"twitter:label2\" content=\"Est. reading time\" \/>\n\t<meta name=\"twitter:data2\" content=\"1 minute\" \/>\n<script type=\"application\/ld+json\" class=\"yoast-schema-graph\">{\"@context\":\"https:\/\/schema.org\",\"@graph\":[{\"@type\":\"WebSite\",\"@id\":\"https:\/\/www.visit-ulcinj.com\/blog\/#website\",\"url\":\"https:\/\/www.visit-ulcinj.com\/blog\/\",\"name\":\"Lajme nga Ulqini\",\"description\":\"Lajme,Vijesti,Ulqini,Ulqin,Crna Gora,Mali i Zi\",\"potentialAction\":[{\"@type\":\"SearchAction\",\"target\":{\"@type\":\"EntryPoint\",\"urlTemplate\":\"https:\/\/www.visit-ulcinj.com\/blog\/?s={search_term_string}\"},\"query-input\":\"required name=search_term_string\"}],\"inLanguage\":\"en-US\"},{\"@type\":\"ImageObject\",\"inLanguage\":\"en-US\",\"@id\":\"https:\/\/www.visit-ulcinj.com\/blog\/2013\/08\/05\/xhamia-e-klleznes-shperndane-100-shporta-per-ramazan\/#primaryimage\",\"url\":\"https:\/\/www.visit-ulcinj.com\/blog\/wp-content\/uploads\/2013\/08\/Xhamia-e-Klleznes-100-Shporta-100-Familje.jpg\",\"contentUrl\":\"https:\/\/www.visit-ulcinj.com\/blog\/wp-content\/uploads\/2013\/08\/Xhamia-e-Klleznes-100-Shporta-100-Familje.jpg\",\"width\":960,\"height\":720},{\"@type\":\"WebPage\",\"@id\":\"https:\/\/www.visit-ulcinj.com\/blog\/2013\/08\/05\/xhamia-e-klleznes-shperndane-100-shporta-per-ramazan\/#webpage\",\"url\":\"https:\/\/www.visit-ulcinj.com\/blog\/2013\/08\/05\/xhamia-e-klleznes-shperndane-100-shporta-per-ramazan\/\",\"name\":\"Xhamia e Kllezn\u00ebs shp\u00ebrndan\u00eb 100 \\\"Shporta p\u00ebr Ramazan\\\" - Lajme nga Ulqini\",\"isPartOf\":{\"@id\":\"https:\/\/www.visit-ulcinj.com\/blog\/#website\"},\"primaryImageOfPage\":{\"@id\":\"https:\/\/www.visit-ulcinj.com\/blog\/2013\/08\/05\/xhamia-e-klleznes-shperndane-100-shporta-per-ramazan\/#primaryimage\"},\"datePublished\":\"2013-08-05T17:37:55+00:00\",\"dateModified\":\"2013-08-06T13:14:37+00:00\",\"author\":{\"@id\":\"https:\/\/www.visit-ulcinj.com\/blog\/#\/schema\/person\/dcab619c614d3038751c63bc2aadc06d\"},\"description\":\"100 Shporta - 100 Familje n\u00eb Nat\u00ebn e Kadrit Xhamia e Kllezn\u00ebs, me rastin e muajit t\u00eb bekuar t\u00eb Ramazanit, nd\u00ebrmorri nj\u00eb aktivitet humanitar\u00eb n\u00eb ndarjen e\",\"breadcrumb\":{\"@id\":\"https:\/\/www.visit-ulcinj.com\/blog\/2013\/08\/05\/xhamia-e-klleznes-shperndane-100-shporta-per-ramazan\/#breadcrumb\"},\"inLanguage\":\"en-US\",\"potentialAction\":[{\"@type\":\"ReadAction\",\"target\":[\"https:\/\/www.visit-ulcinj.com\/blog\/2013\/08\/05\/xhamia-e-klleznes-shperndane-100-shporta-per-ramazan\/\"]}]},{\"@type\":\"BreadcrumbList\",\"@id\":\"https:\/\/www.visit-ulcinj.com\/blog\/2013\/08\/05\/xhamia-e-klleznes-shperndane-100-shporta-per-ramazan\/#breadcrumb\",\"itemListElement\":[{\"@type\":\"ListItem\",\"position\":1,\"name\":\"Xhamia e Kllezn\u00ebs shp\u00ebrndan\u00eb 100 &#8220;Shporta p\u00ebr Ramazan&#8221;\"}]},{\"@type\":\"Person\",\"@id\":\"https:\/\/www.visit-ulcinj.com\/blog\/#\/schema\/person\/dcab619c614d3038751c63bc2aadc06d\",\"name\":\"ulqini\",\"sameAs\":[\"http:\/\/www.visit-ulcinj.com\"],\"url\":\"https:\/\/www.visit-ulcinj.com\/blog\/author\/admin\/\"}]}<\/script>\n<!-- \/ Yoast SEO plugin. -->","yoast_head_json":{"title":"Xhamia e Kllezn\u00ebs shp\u00ebrndan\u00eb 100 \"Shporta p\u00ebr Ramazan\" - Lajme nga Ulqini","description":"100 Shporta - 100 Familje n\u00eb Nat\u00ebn e Kadrit Xhamia e Kllezn\u00ebs, me rastin e muajit t\u00eb bekuar t\u00eb Ramazanit, nd\u00ebrmorri nj\u00eb aktivitet humanitar\u00eb n\u00eb ndarjen e","robots":{"index":"index","follow":"follow","max-snippet":"max-snippet:-1","max-image-preview":"max-image-preview:large","max-video-preview":"max-video-preview:-1"},"canonical":"https:\/\/www.visit-ulcinj.com\/blog\/2013\/08\/05\/xhamia-e-klleznes-shperndane-100-shporta-per-ramazan\/","og_locale":"en_US","og_type":"article","og_title":"Xhamia e Kllezn\u00ebs shp\u00ebrndan\u00eb 100 \"Shporta p\u00ebr Ramazan\" - Lajme nga Ulqini","og_description":"100 Shporta - 100 Familje n\u00eb Nat\u00ebn e Kadrit Xhamia e Kllezn\u00ebs, me rastin e muajit t\u00eb bekuar t\u00eb Ramazanit, nd\u00ebrmorri nj\u00eb aktivitet humanitar\u00eb n\u00eb ndarjen e","og_url":"https:\/\/www.visit-ulcinj.com\/blog\/2013\/08\/05\/xhamia-e-klleznes-shperndane-100-shporta-per-ramazan\/","og_site_name":"Lajme nga Ulqini","article_published_time":"2013-08-05T17:37:55+00:00","article_modified_time":"2013-08-06T13:14:37+00:00","og_image":[{"url":"http:\/\/www.visit-ulcinj.com\/blog\/wp-content\/uploads\/2013\/08\/Xhamia-e-Klleznes-100-Shporta-100-Familje.jpg"}],"twitter_misc":{"Written by":"ulqini","Est. reading time":"1 minute"},"schema":{"@context":"https:\/\/schema.org","@graph":[{"@type":"WebSite","@id":"https:\/\/www.visit-ulcinj.com\/blog\/#website","url":"https:\/\/www.visit-ulcinj.com\/blog\/","name":"Lajme nga Ulqini","description":"Lajme,Vijesti,Ulqini,Ulqin,Crna Gora,Mali i Zi","potentialAction":[{"@type":"SearchAction","target":{"@type":"EntryPoint","urlTemplate":"https:\/\/www.visit-ulcinj.com\/blog\/?s={search_term_string}"},"query-input":"required name=search_term_string"}],"inLanguage":"en-US"},{"@type":"ImageObject","inLanguage":"en-US","@id":"https:\/\/www.visit-ulcinj.com\/blog\/2013\/08\/05\/xhamia-e-klleznes-shperndane-100-shporta-per-ramazan\/#primaryimage","url":"https:\/\/www.visit-ulcinj.com\/blog\/wp-content\/uploads\/2013\/08\/Xhamia-e-Klleznes-100-Shporta-100-Familje.jpg","contentUrl":"https:\/\/www.visit-ulcinj.com\/blog\/wp-content\/uploads\/2013\/08\/Xhamia-e-Klleznes-100-Shporta-100-Familje.jpg","width":960,"height":720},{"@type":"WebPage","@id":"https:\/\/www.visit-ulcinj.com\/blog\/2013\/08\/05\/xhamia-e-klleznes-shperndane-100-shporta-per-ramazan\/#webpage","url":"https:\/\/www.visit-ulcinj.com\/blog\/2013\/08\/05\/xhamia-e-klleznes-shperndane-100-shporta-per-ramazan\/","name":"Xhamia e Kllezn\u00ebs shp\u00ebrndan\u00eb 100 \"Shporta p\u00ebr Ramazan\" - Lajme nga Ulqini","isPartOf":{"@id":"https:\/\/www.visit-ulcinj.com\/blog\/#website"},"primaryImageOfPage":{"@id":"https:\/\/www.visit-ulcinj.com\/blog\/2013\/08\/05\/xhamia-e-klleznes-shperndane-100-shporta-per-ramazan\/#primaryimage"},"datePublished":"2013-08-05T17:37:55+00:00","dateModified":"2013-08-06T13:14:37+00:00","author":{"@id":"https:\/\/www.visit-ulcinj.com\/blog\/#\/schema\/person\/dcab619c614d3038751c63bc2aadc06d"},"description":"100 Shporta - 100 Familje n\u00eb Nat\u00ebn e Kadrit Xhamia e Kllezn\u00ebs, me rastin e muajit t\u00eb bekuar t\u00eb Ramazanit, nd\u00ebrmorri nj\u00eb aktivitet humanitar\u00eb n\u00eb ndarjen e","breadcrumb":{"@id":"https:\/\/www.visit-ulcinj.com\/blog\/2013\/08\/05\/xhamia-e-klleznes-shperndane-100-shporta-per-ramazan\/#breadcrumb"},"inLanguage":"en-US","potentialAction":[{"@type":"ReadAction","target":["https:\/\/www.visit-ulcinj.com\/blog\/2013\/08\/05\/xhamia-e-klleznes-shperndane-100-shporta-per-ramazan\/"]}]},{"@type":"BreadcrumbList","@id":"https:\/\/www.visit-ulcinj.com\/blog\/2013\/08\/05\/xhamia-e-klleznes-shperndane-100-shporta-per-ramazan\/#breadcrumb","itemListElement":[{"@type":"ListItem","position":1,"name":"Xhamia e Kllezn\u00ebs shp\u00ebrndan\u00eb 100 &#8220;Shporta p\u00ebr Ramazan&#8221;"}]},{"@type":"Person","@id":"https:\/\/www.visit-ulcinj.com\/blog\/#\/schema\/person\/dcab619c614d3038751c63bc2aadc06d","name":"ulqini","sameAs":["http:\/\/www.visit-ulcinj.com"],"url":"https:\/\/www.visit-ulcinj.com\/blog\/author\/admin\/"}]}},"jetpack_featured_media_url":"","jetpack_sharing_enabled":true,"jetpack_shortlink":"https:\/\/wp.me\/pe6lTn-jgr","_links":{"self":[{"href":"https:\/\/www.visit-ulcinj.com\/blog\/wp-json\/wp\/v2\/posts\/74055"}],"collection":[{"href":"https:\/\/www.visit-ulcinj.com\/blog\/wp-json\/wp\/v2\/posts"}],"about":[{"href":"https:\/\/www.visit-ulcinj.com\/blog\/wp-json\/wp\/v2\/types\/post"}],"author":[{"embeddable":true,"href":"https:\/\/www.visit-ulcinj.com\/blog\/wp-json\/wp\/v2\/users\/1"}],"replies":[{"embeddable":true,"href":"https:\/\/www.visit-ulcinj.com\/blog\/wp-json\/wp\/v2\/comments?post=74055"}],"version-history":[{"count":6,"href":"https:\/\/www.visit-ulcinj.com\/blog\/wp-json\/wp\/v2\/posts\/74055\/revisions"}],"predecessor-version":[{"id":74080,"href":"https:\/\/www.visit-ulcinj.com\/blog\/wp-json\/wp\/v2\/posts\/74055\/revisions\/74080"}],"wp:attachment":[{"href":"https:\/\/www.visit-ulcinj.com\/blog\/wp-json\/wp\/v2\/media?parent=74055"}],"wp:term":[{"taxonomy":"category","embeddable":true,"href":"https:\/\/www.visit-ulcinj.com\/blog\/wp-json\/wp\/v2\/categories?post=74055"},{"taxonomy":"post_tag","embeddable":true,"href":"https:\/\/www.visit-ulcinj.com\/blog\/wp-json\/wp\/v2\/tags?post=74055"}],"curies":[{"name":"wp","href":"https:\/\/api.w.org\/{rel}","templated":true}]}}