{"id":74071,"date":"2013-08-06T07:23:08","date_gmt":"2013-08-06T06:23:08","guid":{"rendered":"http:\/\/www.visit-ulcinj.com\/blog\/?p=74071"},"modified":"2013-08-06T07:23:08","modified_gmt":"2013-08-06T06:23:08","slug":"perfundoi-shpalosja-e-letersise-ne-kalimera-poetike","status":"publish","type":"post","link":"https:\/\/www.visit-ulcinj.com\/blog\/2013\/08\/06\/perfundoi-shpalosja-e-letersise-ne-kalimera-poetike\/","title":{"rendered":"P\u00ebrfundoi shpalosja e let\u00ebrsis\u00eb n\u00eb \u201cKalimera Poetike\u201d"},"content":{"rendered":"<p><a href=\"http:\/\/www.visit-ulcinj.com\/blog\/wp-content\/uploads\/2013\/08\/kalimera-poetike-ulqin.jpg\"><img loading=\"lazy\" class=\"alignleft size-full wp-image-74072\" alt=\"kalimera-poetike-ulqin\" src=\"http:\/\/www.visit-ulcinj.com\/blog\/wp-content\/uploads\/2013\/08\/kalimera-poetike-ulqin.jpg\" width=\"508\" height=\"360\" \/><\/a><br \/>\nKalimera poetike\u201d, manifestimi tradicional q\u00eb organizohet n\u00eb kuad\u00ebr t\u00eb Festivalit \u201cSkena Verore\u201d n\u00eb Ulqin, k\u00ebt\u00eb vit ka b\u00ebr\u00eb 21 edicione. M\u00eb 2, 3 dhe 4 gusht t\u00eb k\u00ebtij viti, mbajtur n\u00eb Muzeun e Kalas\u00eb n\u00eb Ulqin, ishin prezent mysafir\u00eb t\u00eb ndrysh\u00ebm duke e pasqyruar let\u00ebrsin\u00eb shqiptare nga vende t\u00eb ndryshme.<\/p>\n<p>Kim Mehmeti nga Maqedonia, Mehmet Kraja nga Kosova dhe Slavko Pregl nga Sllovenia shpalos\u00ebn let\u00ebrsin\u00eb si rrjedhoj\u00eb e k\u00ebtij manifestimi, t\u00eb cil\u00ebve iu kushtua mbr\u00ebmje autoriale. N\u00eb nat\u00ebn e dyt\u00eb, shkrimtari slloven Slavko Prelg ka b\u00ebr\u00eb bised\u00eb interaktive n\u00eb form\u00eb pyetje-p\u00ebrgjigje t\u00eb drejtuara nga Nikoll\u00eb Berishaj, q\u00eb \u00ebsht\u00eb edhe p\u00ebrkthyesi i autorit n\u00eb gjuh\u00ebn shqipe. Nd\u00ebrkaq p\u00ebr romanin e vet\u00ebm t\u00eb p\u00ebrkthyer \u201cGjenit\u00eb pa brek\u00eb\u201d t\u00eb Pregl, ka folur studiuesi Anton Goj\u00e7aj. N\u00eb veprat e tij, Pregl, paraqet jet\u00ebn dhe aventurat e t\u00eb rinjve, pa i zbukuruar ato, n\u00eb m\u00ebnyr\u00eb q\u00eb t\u00eb jen\u00eb m\u00eb af\u00ebr realitetit.<br \/>\n<a href=\"http:\/\/www.visit-ulcinj.com\/blog\/wp-content\/uploads\/2013\/08\/kalimera-poetike-ulqin-1.jpg\"><img loading=\"lazy\" class=\"alignleft  wp-image-74073\" alt=\"kalimera-poetike-ulqin-1\" src=\"http:\/\/www.visit-ulcinj.com\/blog\/wp-content\/uploads\/2013\/08\/kalimera-poetike-ulqin-1.jpg\" width=\"508\" height=\"360\" \/><\/a><\/p>\n<p>Ai ka treguar se \u00ebsht\u00eb n\u00eb mesin e shkrimtar\u00ebve m\u00eb t\u00eb lexuar n\u00eb Slloveni. \u201cNuk jam shkrimtari m\u00eb i lexuari n\u00eb Slloveni, por n\u00eb 5 vitet e fundit jam n\u00eb mesin e 25 shkrimtar\u00ebve m\u00eb t\u00eb lexuar, q\u00eb \u00ebsht\u00eb nder i madh p\u00ebr mua\u201d, ka th\u00ebn\u00eb shkrimtari Slavko Pregl. Shkrimtari slloven q\u00eb \u00ebsht\u00eb fitues i disa \u00e7mimeve ka treguar se p\u00ebr t\u2019i shkruar romanet e tij ai viziton nga af\u00ebr t\u00eb rinjt\u00eb dhe merr ide edhe nga ata. I pyetur se kur do ta shkruaj\u00eb librin e tij t\u00eb fundit, Slavko Pregl ka th\u00ebn\u00eb se duhet pritur gjat\u00eb p\u00ebr k\u00ebt\u00eb, derisa ka th\u00ebn\u00eb se \u00e7do lib\u00ebr e shkruan me p\u00ebrkushtim t\u00eb madh dhe se \u00e7do lib\u00ebr ka r\u00ebnd\u00ebsin\u00eb e vet. Let\u00ebrsin\u00eb sllovene, sipas Pregl e vizitojn\u00eb shum\u00eb t\u00eb rinjt\u00eb, q\u00eb mesatarisht ai thot\u00eb se \u201cnj\u00eb slloven merr mesatarisht n\u00eb biblioteka publike 12 libra n\u00eb vit\u201d.<\/p>\n<p>Ai ka treguar se n\u00eb Slloveni ka 50 vite q\u00eb ndahet \u00e7mimi \u201cDekorat e leximit\u201d, i cili ndahet p\u00ebr nx\u00ebn\u00ebsit q\u00eb e p\u00ebrfundojn\u00eb shkoll\u00ebn fillore, dhe ky \u00e7mim ka p\u00ebr q\u00ebllim t\u2019i nxis\u00eb t\u00eb rinjt\u00eb t\u00eb lexojn\u00eb. \u201cNe nuk u themi t\u00eb rinjve q\u00eb duhet t\u00eb lexojn\u00eb, por u ofrojm\u00eb t\u00eb lexojn\u00eb, dhe jemi t\u00eb bindur q\u00eb t\u00ebr\u00eb jet\u00ebn do t\u00eb mbesin lexues\u201d, ka th\u00ebn\u00eb Pregl.<\/p>\n<p>Nd\u00ebrsa p\u00ebr festivalin, Nikoll\u00eb Berishaj, \u00ebsht\u00eb shprehur se festivale t\u00eb tilla n\u00eb ruajtjen e identitetit kulturor shqiptar duhet t\u00eb ket\u00eb edhe m\u00eb shum\u00eb, ngase sipas tij, kjo \u00ebsht\u00eb m\u00ebnyra e ruajtjes s\u00eb identitetit kulturor. \u201cMe k\u00ebt\u00eb festival d\u00ebshirojm\u00eb t\u00eb tregojm\u00eb se edhe ne jetojm\u00eb dhe veprojm\u00eb p\u00ebr ruajtjen e identitetit ton\u00eb para s\u00eb gjithash kulturor\u201d, ka th\u00ebn\u00eb Berishaj. Studiuesi dhe kritiku Anton Goj\u00e7aj, n\u00eb recensionin e tij me titull \u201cKoktej hormonesh dhe tundimesh rinore\u201d, p\u00ebr romanin \u201cGjenit\u00eb pa brek\u00eb\u201d, t\u00eb Pregl, ka b\u00ebr\u00eb nj\u00eb analiz\u00eb t\u00eb holl\u00ebsishme p\u00ebr romanin duke analizuar n\u00eb mes t\u00eb tjerash personazhet, koh\u00ebn dhe hap\u00ebsir\u00ebn. \u201cTipologjikisht, qoft\u00eb p\u00ebr kah tematika, qoft\u00eb p\u00ebr nga trajta e rr\u00ebfimit, \u201cGjenit\u00eb&#8230;\u201d mund t\u00eb klasifikohet si let\u00ebrsi p\u00ebr t\u00eb rinj, i n\u00ebnzhanrit t\u00eb romaneve me tematik\u00eb nga jeta e adoleshent\u00ebve\u201d, thot\u00eb ai.<\/p>\n<p>Prezent n\u00eb nat\u00ebn e dyt\u00eb, shkrimtari nga Maqedonia, Kim Mehmeti, ka th\u00ebn\u00eb se edhe pse \u00ebsht\u00eb ftuar si shkrimtar biseda ka marr\u00eb kahje politike, sipas tij, si\u00e7 ndodh gjithmon\u00eb ku ai \u00ebsht\u00eb i ftuar. \u201cUn\u00eb e kam at\u00eb fat q\u00eb \u00e7do kund m\u00eb ftojn\u00eb si shkrimtar, por pastaj biseda merr kahje politike ajo ndodhi edhe mbr\u00ebm\u00eb. Un\u00eb jam i gatsh\u00ebm, sepse un\u00eb jam edhe nj\u00ebra edhe tjetra p\u00ebr fat t\u00eb mir\u00eb ose t\u00eb keq. Gjithsesi ndjehem vet\u00ebm shkrimtar\u201d, ka th\u00ebn\u00eb Mehmeti, duke treguar edhe p\u00ebr r\u00ebnd\u00ebsin\u00eb q\u00eb kan\u00eb organizimet e tilla.<\/p>\n<p>\u201cK\u00ebto organizime jan\u00eb t\u00eb mira, mua ve\u00e7an\u00ebrisht m\u00eb g\u00ebzojn\u00eb kur b\u00ebhen n\u00eb at\u00eb q\u00eb e quaj un\u00eb unaza e kombit ton\u00eb, n\u00ebp\u00ebr vendbanimet ku jan\u00eb shqiptar\u00ebt. Pse e quaj unaz\u00eb \u00ebsht\u00eb shum\u00eb e r\u00ebnd\u00ebsishme, sepse ajo e shpjegon edhe se cili \u00ebsht\u00eb gishti q\u00eb e mban at\u00eb dhe kujdesin ndaj qendrave kulturore q\u00eb un\u00eb mendoj se jan\u00eb t\u00eb l\u00ebna pas dore\u201d, ka th\u00ebn\u00eb ai p\u00ebr \u201cZ\u00ebrin\u201d. \u201cKalimera poetike\u201d sh\u00ebrben si nj\u00eb takim n\u00eb mes t\u00eb shkrimtar\u00ebve shqiptar\u00eb dhe atyre nd\u00ebrkomb\u00ebtar\u00eb, krijuar nga Ali Podrimja. \u201cArt club\u201d vitin e kaluar ka propozuar q\u00eb nj\u00eb shesh ose rrug\u00eb n\u00eb Ulqin t\u00eb marr\u00eb emrin e Ali Podrimj\u00ebs.<\/p>\n<p><strong>Dafina Kabashi<\/strong><br \/>\n<strong>Z\u00ebri<\/strong><\/p>\n","protected":false},"excerpt":{"rendered":"<p>Kalimera poetike\u201d, manifestimi tradicional q\u00eb organizohet n\u00eb kuad\u00ebr t\u00eb Festivalit \u201cSkena Verore\u201d n\u00eb Ulqin, k\u00ebt\u00eb vit ka b\u00ebr\u00eb 21 edicione. M\u00eb 2, 3 dhe 4 gusht t\u00eb k\u00ebtij viti, mbajtur n\u00eb Muzeun e Kalas\u00eb n\u00eb Ulqin, ishin prezent mysafir\u00eb t\u00eb ndrysh\u00ebm duke e pasqyruar let\u00ebrsin\u00eb shqiptare nga vende t\u00eb ndryshme. Kim Mehmeti nga Maqedonia, Mehmet [&hellip;]<\/p>\n","protected":false},"author":1,"featured_media":0,"comment_status":"closed","ping_status":"closed","sticky":false,"template":"","format":"standard","meta":{"spay_email":"","jetpack_publicize_message":"","jetpack_is_tweetstorm":false,"jetpack_publicize_feature_enabled":true},"categories":[4],"tags":[],"jetpack_publicize_connections":[],"yoast_head":"<!-- This site is optimized with the Yoast SEO plugin v19.1 - https:\/\/yoast.com\/wordpress\/plugins\/seo\/ -->\n<title>P\u00ebrfundoi shpalosja e let\u00ebrsis\u00eb n\u00eb \u201cKalimera Poetike\u201d - Lajme nga Ulqini<\/title>\n<meta name=\"description\" content=\"Kalimera poetike\u201d, manifestimi tradicional q\u00eb organizohet n\u00eb kuad\u00ebr t\u00eb Festivalit \u201cSkena Verore\u201d n\u00eb Ulqin, k\u00ebt\u00eb vit ka b\u00ebr\u00eb 21 edicione. M\u00eb 2, 3 dhe 4\" \/>\n<meta name=\"robots\" content=\"index, follow, max-snippet:-1, max-image-preview:large, max-video-preview:-1\" \/>\n<link rel=\"canonical\" href=\"https:\/\/www.visit-ulcinj.com\/blog\/2013\/08\/06\/perfundoi-shpalosja-e-letersise-ne-kalimera-poetike\/\" \/>\n<meta property=\"og:locale\" content=\"en_US\" \/>\n<meta property=\"og:type\" content=\"article\" \/>\n<meta property=\"og:title\" content=\"P\u00ebrfundoi shpalosja e let\u00ebrsis\u00eb n\u00eb \u201cKalimera Poetike\u201d - Lajme nga Ulqini\" \/>\n<meta property=\"og:description\" content=\"Kalimera poetike\u201d, manifestimi tradicional q\u00eb organizohet n\u00eb kuad\u00ebr t\u00eb Festivalit \u201cSkena Verore\u201d n\u00eb Ulqin, k\u00ebt\u00eb vit ka b\u00ebr\u00eb 21 edicione. M\u00eb 2, 3 dhe 4\" \/>\n<meta property=\"og:url\" content=\"https:\/\/www.visit-ulcinj.com\/blog\/2013\/08\/06\/perfundoi-shpalosja-e-letersise-ne-kalimera-poetike\/\" \/>\n<meta property=\"og:site_name\" content=\"Lajme nga Ulqini\" \/>\n<meta property=\"article:published_time\" content=\"2013-08-06T06:23:08+00:00\" \/>\n<meta property=\"og:image\" content=\"http:\/\/www.visit-ulcinj.com\/blog\/wp-content\/uploads\/2013\/08\/kalimera-poetike-ulqin.jpg\" \/>\n<meta name=\"twitter:label1\" content=\"Written by\" \/>\n\t<meta name=\"twitter:data1\" content=\"ulqini\" \/>\n\t<meta name=\"twitter:label2\" content=\"Est. reading time\" \/>\n\t<meta name=\"twitter:data2\" content=\"4 minutes\" \/>\n<script type=\"application\/ld+json\" class=\"yoast-schema-graph\">{\"@context\":\"https:\/\/schema.org\",\"@graph\":[{\"@type\":\"WebSite\",\"@id\":\"https:\/\/www.visit-ulcinj.com\/blog\/#website\",\"url\":\"https:\/\/www.visit-ulcinj.com\/blog\/\",\"name\":\"Lajme nga Ulqini\",\"description\":\"Lajme,Vijesti,Ulqini,Ulqin,Crna Gora,Mali i Zi\",\"potentialAction\":[{\"@type\":\"SearchAction\",\"target\":{\"@type\":\"EntryPoint\",\"urlTemplate\":\"https:\/\/www.visit-ulcinj.com\/blog\/?s={search_term_string}\"},\"query-input\":\"required name=search_term_string\"}],\"inLanguage\":\"en-US\"},{\"@type\":\"ImageObject\",\"inLanguage\":\"en-US\",\"@id\":\"https:\/\/www.visit-ulcinj.com\/blog\/2013\/08\/06\/perfundoi-shpalosja-e-letersise-ne-kalimera-poetike\/#primaryimage\",\"url\":\"https:\/\/www.visit-ulcinj.com\/blog\/wp-content\/uploads\/2013\/08\/kalimera-poetike-ulqin.jpg\",\"contentUrl\":\"https:\/\/www.visit-ulcinj.com\/blog\/wp-content\/uploads\/2013\/08\/kalimera-poetike-ulqin.jpg\",\"width\":960,\"height\":720},{\"@type\":\"WebPage\",\"@id\":\"https:\/\/www.visit-ulcinj.com\/blog\/2013\/08\/06\/perfundoi-shpalosja-e-letersise-ne-kalimera-poetike\/#webpage\",\"url\":\"https:\/\/www.visit-ulcinj.com\/blog\/2013\/08\/06\/perfundoi-shpalosja-e-letersise-ne-kalimera-poetike\/\",\"name\":\"P\u00ebrfundoi shpalosja e let\u00ebrsis\u00eb n\u00eb \u201cKalimera Poetike\u201d - Lajme nga Ulqini\",\"isPartOf\":{\"@id\":\"https:\/\/www.visit-ulcinj.com\/blog\/#website\"},\"primaryImageOfPage\":{\"@id\":\"https:\/\/www.visit-ulcinj.com\/blog\/2013\/08\/06\/perfundoi-shpalosja-e-letersise-ne-kalimera-poetike\/#primaryimage\"},\"datePublished\":\"2013-08-06T06:23:08+00:00\",\"dateModified\":\"2013-08-06T06:23:08+00:00\",\"author\":{\"@id\":\"https:\/\/www.visit-ulcinj.com\/blog\/#\/schema\/person\/dcab619c614d3038751c63bc2aadc06d\"},\"description\":\"Kalimera poetike\u201d, manifestimi tradicional q\u00eb organizohet n\u00eb kuad\u00ebr t\u00eb Festivalit \u201cSkena Verore\u201d n\u00eb Ulqin, k\u00ebt\u00eb vit ka b\u00ebr\u00eb 21 edicione. M\u00eb 2, 3 dhe 4\",\"breadcrumb\":{\"@id\":\"https:\/\/www.visit-ulcinj.com\/blog\/2013\/08\/06\/perfundoi-shpalosja-e-letersise-ne-kalimera-poetike\/#breadcrumb\"},\"inLanguage\":\"en-US\",\"potentialAction\":[{\"@type\":\"ReadAction\",\"target\":[\"https:\/\/www.visit-ulcinj.com\/blog\/2013\/08\/06\/perfundoi-shpalosja-e-letersise-ne-kalimera-poetike\/\"]}]},{\"@type\":\"BreadcrumbList\",\"@id\":\"https:\/\/www.visit-ulcinj.com\/blog\/2013\/08\/06\/perfundoi-shpalosja-e-letersise-ne-kalimera-poetike\/#breadcrumb\",\"itemListElement\":[{\"@type\":\"ListItem\",\"position\":1,\"name\":\"P\u00ebrfundoi shpalosja e let\u00ebrsis\u00eb n\u00eb \u201cKalimera Poetike\u201d\"}]},{\"@type\":\"Person\",\"@id\":\"https:\/\/www.visit-ulcinj.com\/blog\/#\/schema\/person\/dcab619c614d3038751c63bc2aadc06d\",\"name\":\"ulqini\",\"sameAs\":[\"http:\/\/www.visit-ulcinj.com\"],\"url\":\"https:\/\/www.visit-ulcinj.com\/blog\/author\/admin\/\"}]}<\/script>\n<!-- \/ Yoast SEO plugin. -->","yoast_head_json":{"title":"P\u00ebrfundoi shpalosja e let\u00ebrsis\u00eb n\u00eb \u201cKalimera Poetike\u201d - Lajme nga Ulqini","description":"Kalimera poetike\u201d, manifestimi tradicional q\u00eb organizohet n\u00eb kuad\u00ebr t\u00eb Festivalit \u201cSkena Verore\u201d n\u00eb Ulqin, k\u00ebt\u00eb vit ka b\u00ebr\u00eb 21 edicione. M\u00eb 2, 3 dhe 4","robots":{"index":"index","follow":"follow","max-snippet":"max-snippet:-1","max-image-preview":"max-image-preview:large","max-video-preview":"max-video-preview:-1"},"canonical":"https:\/\/www.visit-ulcinj.com\/blog\/2013\/08\/06\/perfundoi-shpalosja-e-letersise-ne-kalimera-poetike\/","og_locale":"en_US","og_type":"article","og_title":"P\u00ebrfundoi shpalosja e let\u00ebrsis\u00eb n\u00eb \u201cKalimera Poetike\u201d - Lajme nga Ulqini","og_description":"Kalimera poetike\u201d, manifestimi tradicional q\u00eb organizohet n\u00eb kuad\u00ebr t\u00eb Festivalit \u201cSkena Verore\u201d n\u00eb Ulqin, k\u00ebt\u00eb vit ka b\u00ebr\u00eb 21 edicione. M\u00eb 2, 3 dhe 4","og_url":"https:\/\/www.visit-ulcinj.com\/blog\/2013\/08\/06\/perfundoi-shpalosja-e-letersise-ne-kalimera-poetike\/","og_site_name":"Lajme nga Ulqini","article_published_time":"2013-08-06T06:23:08+00:00","og_image":[{"url":"http:\/\/www.visit-ulcinj.com\/blog\/wp-content\/uploads\/2013\/08\/kalimera-poetike-ulqin.jpg"}],"twitter_misc":{"Written by":"ulqini","Est. reading time":"4 minutes"},"schema":{"@context":"https:\/\/schema.org","@graph":[{"@type":"WebSite","@id":"https:\/\/www.visit-ulcinj.com\/blog\/#website","url":"https:\/\/www.visit-ulcinj.com\/blog\/","name":"Lajme nga Ulqini","description":"Lajme,Vijesti,Ulqini,Ulqin,Crna Gora,Mali i Zi","potentialAction":[{"@type":"SearchAction","target":{"@type":"EntryPoint","urlTemplate":"https:\/\/www.visit-ulcinj.com\/blog\/?s={search_term_string}"},"query-input":"required name=search_term_string"}],"inLanguage":"en-US"},{"@type":"ImageObject","inLanguage":"en-US","@id":"https:\/\/www.visit-ulcinj.com\/blog\/2013\/08\/06\/perfundoi-shpalosja-e-letersise-ne-kalimera-poetike\/#primaryimage","url":"https:\/\/www.visit-ulcinj.com\/blog\/wp-content\/uploads\/2013\/08\/kalimera-poetike-ulqin.jpg","contentUrl":"https:\/\/www.visit-ulcinj.com\/blog\/wp-content\/uploads\/2013\/08\/kalimera-poetike-ulqin.jpg","width":960,"height":720},{"@type":"WebPage","@id":"https:\/\/www.visit-ulcinj.com\/blog\/2013\/08\/06\/perfundoi-shpalosja-e-letersise-ne-kalimera-poetike\/#webpage","url":"https:\/\/www.visit-ulcinj.com\/blog\/2013\/08\/06\/perfundoi-shpalosja-e-letersise-ne-kalimera-poetike\/","name":"P\u00ebrfundoi shpalosja e let\u00ebrsis\u00eb n\u00eb \u201cKalimera Poetike\u201d - Lajme nga Ulqini","isPartOf":{"@id":"https:\/\/www.visit-ulcinj.com\/blog\/#website"},"primaryImageOfPage":{"@id":"https:\/\/www.visit-ulcinj.com\/blog\/2013\/08\/06\/perfundoi-shpalosja-e-letersise-ne-kalimera-poetike\/#primaryimage"},"datePublished":"2013-08-06T06:23:08+00:00","dateModified":"2013-08-06T06:23:08+00:00","author":{"@id":"https:\/\/www.visit-ulcinj.com\/blog\/#\/schema\/person\/dcab619c614d3038751c63bc2aadc06d"},"description":"Kalimera poetike\u201d, manifestimi tradicional q\u00eb organizohet n\u00eb kuad\u00ebr t\u00eb Festivalit \u201cSkena Verore\u201d n\u00eb Ulqin, k\u00ebt\u00eb vit ka b\u00ebr\u00eb 21 edicione. M\u00eb 2, 3 dhe 4","breadcrumb":{"@id":"https:\/\/www.visit-ulcinj.com\/blog\/2013\/08\/06\/perfundoi-shpalosja-e-letersise-ne-kalimera-poetike\/#breadcrumb"},"inLanguage":"en-US","potentialAction":[{"@type":"ReadAction","target":["https:\/\/www.visit-ulcinj.com\/blog\/2013\/08\/06\/perfundoi-shpalosja-e-letersise-ne-kalimera-poetike\/"]}]},{"@type":"BreadcrumbList","@id":"https:\/\/www.visit-ulcinj.com\/blog\/2013\/08\/06\/perfundoi-shpalosja-e-letersise-ne-kalimera-poetike\/#breadcrumb","itemListElement":[{"@type":"ListItem","position":1,"name":"P\u00ebrfundoi shpalosja e let\u00ebrsis\u00eb n\u00eb \u201cKalimera Poetike\u201d"}]},{"@type":"Person","@id":"https:\/\/www.visit-ulcinj.com\/blog\/#\/schema\/person\/dcab619c614d3038751c63bc2aadc06d","name":"ulqini","sameAs":["http:\/\/www.visit-ulcinj.com"],"url":"https:\/\/www.visit-ulcinj.com\/blog\/author\/admin\/"}]}},"jetpack_featured_media_url":"","jetpack_sharing_enabled":true,"jetpack_shortlink":"https:\/\/wp.me\/pe6lTn-jgH","_links":{"self":[{"href":"https:\/\/www.visit-ulcinj.com\/blog\/wp-json\/wp\/v2\/posts\/74071"}],"collection":[{"href":"https:\/\/www.visit-ulcinj.com\/blog\/wp-json\/wp\/v2\/posts"}],"about":[{"href":"https:\/\/www.visit-ulcinj.com\/blog\/wp-json\/wp\/v2\/types\/post"}],"author":[{"embeddable":true,"href":"https:\/\/www.visit-ulcinj.com\/blog\/wp-json\/wp\/v2\/users\/1"}],"replies":[{"embeddable":true,"href":"https:\/\/www.visit-ulcinj.com\/blog\/wp-json\/wp\/v2\/comments?post=74071"}],"version-history":[{"count":1,"href":"https:\/\/www.visit-ulcinj.com\/blog\/wp-json\/wp\/v2\/posts\/74071\/revisions"}],"predecessor-version":[{"id":74074,"href":"https:\/\/www.visit-ulcinj.com\/blog\/wp-json\/wp\/v2\/posts\/74071\/revisions\/74074"}],"wp:attachment":[{"href":"https:\/\/www.visit-ulcinj.com\/blog\/wp-json\/wp\/v2\/media?parent=74071"}],"wp:term":[{"taxonomy":"category","embeddable":true,"href":"https:\/\/www.visit-ulcinj.com\/blog\/wp-json\/wp\/v2\/categories?post=74071"},{"taxonomy":"post_tag","embeddable":true,"href":"https:\/\/www.visit-ulcinj.com\/blog\/wp-json\/wp\/v2\/tags?post=74071"}],"curies":[{"name":"wp","href":"https:\/\/api.w.org\/{rel}","templated":true}]}}