{"id":74081,"date":"2013-08-06T14:21:51","date_gmt":"2013-08-06T13:21:51","guid":{"rendered":"http:\/\/www.visit-ulcinj.com\/blog\/?p=74081"},"modified":"2013-08-06T14:22:15","modified_gmt":"2013-08-06T13:22:15","slug":"treni-beograd-tivar-del-nga-binaret","status":"publish","type":"post","link":"https:\/\/www.visit-ulcinj.com\/blog\/2013\/08\/06\/treni-beograd-tivar-del-nga-binaret\/","title":{"rendered":"Treni Beograd \u2013 Tivar del nga binar\u00ebt"},"content":{"rendered":"<p><a href=\"http:\/\/www.visit-ulcinj.com\/blog\/wp-content\/uploads\/2013\/08\/Treni-Beograd-\u2013-Tivar.jpg\"><img loading=\"lazy\" class=\"alignleft  wp-image-74082\" alt=\"Treni Beograd \u2013 Tivar\" src=\"http:\/\/www.visit-ulcinj.com\/blog\/wp-content\/uploads\/2013\/08\/Treni-Beograd-\u2013-Tivar.jpg\" width=\"508\" height=\"360\" \/><\/a>Uzhice, 5 gusht &#8211; Nj\u00eb tren i shpejt\u00eb i linj\u00ebs Beograd \u2013 Tivar t\u00eb Malit t\u00eb Zi ka dal nga binar\u00ebt n\u00eb or\u00ebn 13:30 n\u00eb dalje t\u00eb Uzhic\u00ebs, njofton Blic.Sipas informacioneve t\u00eb para asnj\u00eb prej udh\u00ebtar\u00ebve nuk \u00ebsht\u00eb l\u00ebnduar.<\/p>\n<p>Aksidenti ka ndodhur n\u00eb vendin e quajtur Turica, ku shpejt\u00ebsia maksimale e lejuar \u00ebsht\u00eb 20 kilometra p\u00ebr or\u00eb.<\/p>\n<p>Sipas vler\u00ebsimeve t\u00eb para, arsyeja m\u00eb e mundshme p\u00ebr k\u00ebt\u00eb aksident jan\u00eb binar\u00ebt e vjetruar.<\/p>\n<p>Koha Net<\/p>\n","protected":false},"excerpt":{"rendered":"<p>Uzhice, 5 gusht &#8211; Nj\u00eb tren i shpejt\u00eb i linj\u00ebs Beograd \u2013 Tivar t\u00eb Malit t\u00eb Zi ka dal nga binar\u00ebt n\u00eb or\u00ebn 13:30 n\u00eb dalje t\u00eb Uzhic\u00ebs, njofton Blic.Sipas informacioneve t\u00eb para asnj\u00eb prej udh\u00ebtar\u00ebve nuk \u00ebsht\u00eb l\u00ebnduar. Aksidenti ka ndodhur n\u00eb vendin e quajtur Turica, ku shpejt\u00ebsia maksimale e lejuar \u00ebsht\u00eb 20 kilometra [&hellip;]<\/p>\n","protected":false},"author":1,"featured_media":0,"comment_status":"closed","ping_status":"closed","sticky":false,"template":"","format":"standard","meta":{"spay_email":"","jetpack_publicize_message":"","jetpack_is_tweetstorm":false,"jetpack_publicize_feature_enabled":true},"categories":[14],"tags":[],"jetpack_publicize_connections":[],"yoast_head":"<!-- This site is optimized with the Yoast SEO plugin v19.1 - https:\/\/yoast.com\/wordpress\/plugins\/seo\/ -->\n<title>Treni Beograd \u2013 Tivar del nga binar\u00ebt - Lajme nga Ulqini<\/title>\n<meta name=\"description\" content=\"Uzhice, 5 gusht - Nj\u00eb tren i shpejt\u00eb i linj\u00ebs Beograd \u2013 Tivar t\u00eb Malit t\u00eb Zi ka dal nga binar\u00ebt n\u00eb or\u00ebn 13:30 n\u00eb dalje t\u00eb Uzhic\u00ebs, njofton Blic.Sipas\" \/>\n<meta name=\"robots\" content=\"index, follow, max-snippet:-1, max-image-preview:large, max-video-preview:-1\" \/>\n<link rel=\"canonical\" href=\"https:\/\/www.visit-ulcinj.com\/blog\/2013\/08\/06\/treni-beograd-tivar-del-nga-binaret\/\" \/>\n<meta property=\"og:locale\" content=\"en_US\" \/>\n<meta property=\"og:type\" content=\"article\" \/>\n<meta property=\"og:title\" content=\"Treni Beograd \u2013 Tivar del nga binar\u00ebt - Lajme nga Ulqini\" \/>\n<meta property=\"og:description\" content=\"Uzhice, 5 gusht - Nj\u00eb tren i shpejt\u00eb i linj\u00ebs Beograd \u2013 Tivar t\u00eb Malit t\u00eb Zi ka dal nga binar\u00ebt n\u00eb or\u00ebn 13:30 n\u00eb dalje t\u00eb Uzhic\u00ebs, njofton Blic.Sipas\" \/>\n<meta property=\"og:url\" content=\"https:\/\/www.visit-ulcinj.com\/blog\/2013\/08\/06\/treni-beograd-tivar-del-nga-binaret\/\" \/>\n<meta property=\"og:site_name\" content=\"Lajme nga Ulqini\" \/>\n<meta property=\"article:published_time\" content=\"2013-08-06T13:21:51+00:00\" \/>\n<meta property=\"article:modified_time\" content=\"2013-08-06T13:22:15+00:00\" \/>\n<meta name=\"twitter:label1\" content=\"Written by\" \/>\n\t<meta name=\"twitter:data1\" content=\"ulqini\" \/>\n<script type=\"application\/ld+json\" class=\"yoast-schema-graph\">{\"@context\":\"https:\/\/schema.org\",\"@graph\":[{\"@type\":\"WebSite\",\"@id\":\"https:\/\/www.visit-ulcinj.com\/blog\/#website\",\"url\":\"https:\/\/www.visit-ulcinj.com\/blog\/\",\"name\":\"Lajme nga Ulqini\",\"description\":\"Lajme,Vijesti,Ulqini,Ulqin,Crna Gora,Mali i Zi\",\"potentialAction\":[{\"@type\":\"SearchAction\",\"target\":{\"@type\":\"EntryPoint\",\"urlTemplate\":\"https:\/\/www.visit-ulcinj.com\/blog\/?s={search_term_string}\"},\"query-input\":\"required name=search_term_string\"}],\"inLanguage\":\"en-US\"},{\"@type\":\"WebPage\",\"@id\":\"https:\/\/www.visit-ulcinj.com\/blog\/2013\/08\/06\/treni-beograd-tivar-del-nga-binaret\/#webpage\",\"url\":\"https:\/\/www.visit-ulcinj.com\/blog\/2013\/08\/06\/treni-beograd-tivar-del-nga-binaret\/\",\"name\":\"Treni Beograd \u2013 Tivar del nga binar\u00ebt - Lajme nga Ulqini\",\"isPartOf\":{\"@id\":\"https:\/\/www.visit-ulcinj.com\/blog\/#website\"},\"datePublished\":\"2013-08-06T13:21:51+00:00\",\"dateModified\":\"2013-08-06T13:22:15+00:00\",\"author\":{\"@id\":\"https:\/\/www.visit-ulcinj.com\/blog\/#\/schema\/person\/dcab619c614d3038751c63bc2aadc06d\"},\"description\":\"Uzhice, 5 gusht - Nj\u00eb tren i shpejt\u00eb i linj\u00ebs Beograd \u2013 Tivar t\u00eb Malit t\u00eb Zi ka dal nga binar\u00ebt n\u00eb or\u00ebn 13:30 n\u00eb dalje t\u00eb Uzhic\u00ebs, njofton Blic.Sipas\",\"breadcrumb\":{\"@id\":\"https:\/\/www.visit-ulcinj.com\/blog\/2013\/08\/06\/treni-beograd-tivar-del-nga-binaret\/#breadcrumb\"},\"inLanguage\":\"en-US\",\"potentialAction\":[{\"@type\":\"ReadAction\",\"target\":[\"https:\/\/www.visit-ulcinj.com\/blog\/2013\/08\/06\/treni-beograd-tivar-del-nga-binaret\/\"]}]},{\"@type\":\"BreadcrumbList\",\"@id\":\"https:\/\/www.visit-ulcinj.com\/blog\/2013\/08\/06\/treni-beograd-tivar-del-nga-binaret\/#breadcrumb\",\"itemListElement\":[{\"@type\":\"ListItem\",\"position\":1,\"name\":\"Treni Beograd \u2013 Tivar del nga binar\u00ebt\"}]},{\"@type\":\"Person\",\"@id\":\"https:\/\/www.visit-ulcinj.com\/blog\/#\/schema\/person\/dcab619c614d3038751c63bc2aadc06d\",\"name\":\"ulqini\",\"sameAs\":[\"http:\/\/www.visit-ulcinj.com\"],\"url\":\"https:\/\/www.visit-ulcinj.com\/blog\/author\/admin\/\"}]}<\/script>\n<!-- \/ Yoast SEO plugin. -->","yoast_head_json":{"title":"Treni Beograd \u2013 Tivar del nga binar\u00ebt - Lajme nga Ulqini","description":"Uzhice, 5 gusht - Nj\u00eb tren i shpejt\u00eb i linj\u00ebs Beograd \u2013 Tivar t\u00eb Malit t\u00eb Zi ka dal nga binar\u00ebt n\u00eb or\u00ebn 13:30 n\u00eb dalje t\u00eb Uzhic\u00ebs, njofton Blic.Sipas","robots":{"index":"index","follow":"follow","max-snippet":"max-snippet:-1","max-image-preview":"max-image-preview:large","max-video-preview":"max-video-preview:-1"},"canonical":"https:\/\/www.visit-ulcinj.com\/blog\/2013\/08\/06\/treni-beograd-tivar-del-nga-binaret\/","og_locale":"en_US","og_type":"article","og_title":"Treni Beograd \u2013 Tivar del nga binar\u00ebt - Lajme nga Ulqini","og_description":"Uzhice, 5 gusht - Nj\u00eb tren i shpejt\u00eb i linj\u00ebs Beograd \u2013 Tivar t\u00eb Malit t\u00eb Zi ka dal nga binar\u00ebt n\u00eb or\u00ebn 13:30 n\u00eb dalje t\u00eb Uzhic\u00ebs, njofton Blic.Sipas","og_url":"https:\/\/www.visit-ulcinj.com\/blog\/2013\/08\/06\/treni-beograd-tivar-del-nga-binaret\/","og_site_name":"Lajme nga Ulqini","article_published_time":"2013-08-06T13:21:51+00:00","article_modified_time":"2013-08-06T13:22:15+00:00","twitter_misc":{"Written by":"ulqini"},"schema":{"@context":"https:\/\/schema.org","@graph":[{"@type":"WebSite","@id":"https:\/\/www.visit-ulcinj.com\/blog\/#website","url":"https:\/\/www.visit-ulcinj.com\/blog\/","name":"Lajme nga Ulqini","description":"Lajme,Vijesti,Ulqini,Ulqin,Crna Gora,Mali i Zi","potentialAction":[{"@type":"SearchAction","target":{"@type":"EntryPoint","urlTemplate":"https:\/\/www.visit-ulcinj.com\/blog\/?s={search_term_string}"},"query-input":"required name=search_term_string"}],"inLanguage":"en-US"},{"@type":"WebPage","@id":"https:\/\/www.visit-ulcinj.com\/blog\/2013\/08\/06\/treni-beograd-tivar-del-nga-binaret\/#webpage","url":"https:\/\/www.visit-ulcinj.com\/blog\/2013\/08\/06\/treni-beograd-tivar-del-nga-binaret\/","name":"Treni Beograd \u2013 Tivar del nga binar\u00ebt - Lajme nga Ulqini","isPartOf":{"@id":"https:\/\/www.visit-ulcinj.com\/blog\/#website"},"datePublished":"2013-08-06T13:21:51+00:00","dateModified":"2013-08-06T13:22:15+00:00","author":{"@id":"https:\/\/www.visit-ulcinj.com\/blog\/#\/schema\/person\/dcab619c614d3038751c63bc2aadc06d"},"description":"Uzhice, 5 gusht - Nj\u00eb tren i shpejt\u00eb i linj\u00ebs Beograd \u2013 Tivar t\u00eb Malit t\u00eb Zi ka dal nga binar\u00ebt n\u00eb or\u00ebn 13:30 n\u00eb dalje t\u00eb Uzhic\u00ebs, njofton Blic.Sipas","breadcrumb":{"@id":"https:\/\/www.visit-ulcinj.com\/blog\/2013\/08\/06\/treni-beograd-tivar-del-nga-binaret\/#breadcrumb"},"inLanguage":"en-US","potentialAction":[{"@type":"ReadAction","target":["https:\/\/www.visit-ulcinj.com\/blog\/2013\/08\/06\/treni-beograd-tivar-del-nga-binaret\/"]}]},{"@type":"BreadcrumbList","@id":"https:\/\/www.visit-ulcinj.com\/blog\/2013\/08\/06\/treni-beograd-tivar-del-nga-binaret\/#breadcrumb","itemListElement":[{"@type":"ListItem","position":1,"name":"Treni Beograd \u2013 Tivar del nga binar\u00ebt"}]},{"@type":"Person","@id":"https:\/\/www.visit-ulcinj.com\/blog\/#\/schema\/person\/dcab619c614d3038751c63bc2aadc06d","name":"ulqini","sameAs":["http:\/\/www.visit-ulcinj.com"],"url":"https:\/\/www.visit-ulcinj.com\/blog\/author\/admin\/"}]}},"jetpack_featured_media_url":"","jetpack_sharing_enabled":true,"jetpack_shortlink":"https:\/\/wp.me\/pe6lTn-jgR","_links":{"self":[{"href":"https:\/\/www.visit-ulcinj.com\/blog\/wp-json\/wp\/v2\/posts\/74081"}],"collection":[{"href":"https:\/\/www.visit-ulcinj.com\/blog\/wp-json\/wp\/v2\/posts"}],"about":[{"href":"https:\/\/www.visit-ulcinj.com\/blog\/wp-json\/wp\/v2\/types\/post"}],"author":[{"embeddable":true,"href":"https:\/\/www.visit-ulcinj.com\/blog\/wp-json\/wp\/v2\/users\/1"}],"replies":[{"embeddable":true,"href":"https:\/\/www.visit-ulcinj.com\/blog\/wp-json\/wp\/v2\/comments?post=74081"}],"version-history":[{"count":2,"href":"https:\/\/www.visit-ulcinj.com\/blog\/wp-json\/wp\/v2\/posts\/74081\/revisions"}],"predecessor-version":[{"id":74084,"href":"https:\/\/www.visit-ulcinj.com\/blog\/wp-json\/wp\/v2\/posts\/74081\/revisions\/74084"}],"wp:attachment":[{"href":"https:\/\/www.visit-ulcinj.com\/blog\/wp-json\/wp\/v2\/media?parent=74081"}],"wp:term":[{"taxonomy":"category","embeddable":true,"href":"https:\/\/www.visit-ulcinj.com\/blog\/wp-json\/wp\/v2\/categories?post=74081"},{"taxonomy":"post_tag","embeddable":true,"href":"https:\/\/www.visit-ulcinj.com\/blog\/wp-json\/wp\/v2\/tags?post=74081"}],"curies":[{"name":"wp","href":"https:\/\/api.w.org\/{rel}","templated":true}]}}