{"id":7409,"date":"2008-12-17T20:43:51","date_gmt":"2008-12-17T19:43:51","guid":{"rendered":"http:\/\/www.visit-ulcinj.com\/blog\/?p=7409"},"modified":"2008-12-17T20:43:51","modified_gmt":"2008-12-17T19:43:51","slug":"shqiptaret-kerkojne-ndryshimin-e-ligjit-per-simbole","status":"publish","type":"post","link":"https:\/\/www.visit-ulcinj.com\/blog\/2008\/12\/17\/shqiptaret-kerkojne-ndryshimin-e-ligjit-per-simbole\/","title":{"rendered":"Shqiptar\u00ebt k\u00ebrkojn\u00eb ndryshimin e ligjit p\u00ebr simbole"},"content":{"rendered":"<p><a href=\"http:\/\/www.visit-ulcinj.com\/blog\/wp-content\/uploads\/2008\/12\/fuad-nimani2.jpg\"><img loading=\"lazy\" class=\"alignleft size-medium wp-image-7410\" title=\"fuad-nimani2\" src=\"http:\/\/www.visit-ulcinj.com\/blog\/wp-content\/uploads\/2008\/12\/fuad-nimani2-210x300.jpg\" alt=\"\" width=\"247\" height=\"300\" \/><\/a>Ministri shqiptar p\u00ebr t\u00eb Drejtat e Njeriut dhe Pakicave n\u00eb Qeverin\u00eb e Malit t\u00eb Zi, Fuad Nimani, tha t\u00eb h\u00ebn\u00ebn se ligji ekzistues p\u00ebr p\u00ebrdorimin e simboleve komb\u00ebtare ka defekte, por tha se \u00ebsht\u00eb duke punuar p\u00ebr ta ndryshuar ligjin e vitit 2000.<br \/>\n\u201cKjo ministri \u00ebsht\u00eb duke punuar n\u00eb ndryshimin e Ligjit p\u00ebr p\u00ebrdorimin e simboleve komb\u00ebtare dhe do te ndodh brenda nj\u00eb kohe shum\u00eb t\u00eb shkurt\u00ebr\u201d, tha ai, duke shtuar se k\u00ebto ndryshime kan\u00eb p\u00ebr q\u00ebllim avancimin e t\u00eb drejtave t\u00eb p\u00ebrdorimit t\u00eb simboleve komb\u00ebtare.<br \/>\nMinistri Nimani shton se mir\u00ebpret sugjerimet dhe propozimet e subjekteve t\u00eb ndryshme politike, n\u00eb rastin konkret t\u00eb atyre shqiptare, si dhe ekspert\u00ebve.<br \/>\nKryetari i Lidhjes Demokratike n\u00eb Mal t\u00eb Zi, Mehmet Bardhi, ka th\u00ebn\u00eb se partia q\u00eb ai drejton e ka kritikuar k\u00ebt\u00eb ligj q\u00eb nga dita e miratimit t\u00eb tij, sepse nuk garanton p\u00ebrdorim t\u00eb lir\u00eb t\u00eb Flamurit ton\u00eb komb\u00ebtar.<\/p>\n<p><strong>KosovaLive<\/strong><\/p>\n","protected":false},"excerpt":{"rendered":"<p>Ministri shqiptar p\u00ebr t\u00eb Drejtat e Njeriut dhe Pakicave n\u00eb Qeverin\u00eb e Malit t\u00eb Zi, Fuad Nimani, tha t\u00eb h\u00ebn\u00ebn se ligji ekzistues p\u00ebr p\u00ebrdorimin e simboleve komb\u00ebtare ka defekte, por tha se \u00ebsht\u00eb duke punuar p\u00ebr ta ndryshuar ligjin e vitit 2000. \u201cKjo ministri \u00ebsht\u00eb duke punuar n\u00eb ndryshimin e Ligjit p\u00ebr p\u00ebrdorimin e [&hellip;]<\/p>\n","protected":false},"author":1,"featured_media":0,"comment_status":"open","ping_status":"closed","sticky":false,"template":"","format":"standard","meta":{"spay_email":"","jetpack_publicize_message":"","jetpack_is_tweetstorm":false,"jetpack_publicize_feature_enabled":true},"categories":[1],"tags":[106,95,200,18],"jetpack_publicize_connections":[],"yoast_head":"<!-- This site is optimized with the Yoast SEO plugin v19.1 - https:\/\/yoast.com\/wordpress\/plugins\/seo\/ -->\n<title>Shqiptar\u00ebt k\u00ebrkojn\u00eb ndryshimin e ligjit p\u00ebr simbole - Lajme nga Ulqini<\/title>\n<meta name=\"description\" content=\"Ministri shqiptar p\u00ebr t\u00eb Drejtat e Njeriut dhe Pakicave n\u00eb Qeverin\u00eb e Malit t\u00eb Zi, Fuad Nimani, tha t\u00eb h\u00ebn\u00ebn se ligji ekzistues p\u00ebr p\u00ebrdorimin e simboleve\" \/>\n<meta name=\"robots\" content=\"index, follow, max-snippet:-1, max-image-preview:large, max-video-preview:-1\" \/>\n<link rel=\"canonical\" href=\"https:\/\/www.visit-ulcinj.com\/blog\/2008\/12\/17\/shqiptaret-kerkojne-ndryshimin-e-ligjit-per-simbole\/\" \/>\n<meta property=\"og:locale\" content=\"en_US\" \/>\n<meta property=\"og:type\" content=\"article\" \/>\n<meta property=\"og:title\" content=\"Shqiptar\u00ebt k\u00ebrkojn\u00eb ndryshimin e ligjit p\u00ebr simbole - Lajme nga Ulqini\" \/>\n<meta property=\"og:description\" content=\"Ministri shqiptar p\u00ebr t\u00eb Drejtat e Njeriut dhe Pakicave n\u00eb Qeverin\u00eb e Malit t\u00eb Zi, Fuad Nimani, tha t\u00eb h\u00ebn\u00ebn se ligji ekzistues p\u00ebr p\u00ebrdorimin e simboleve\" \/>\n<meta property=\"og:url\" content=\"https:\/\/www.visit-ulcinj.com\/blog\/2008\/12\/17\/shqiptaret-kerkojne-ndryshimin-e-ligjit-per-simbole\/\" \/>\n<meta property=\"og:site_name\" content=\"Lajme nga Ulqini\" \/>\n<meta property=\"article:published_time\" content=\"2008-12-17T19:43:51+00:00\" \/>\n<meta property=\"og:image\" content=\"http:\/\/www.visit-ulcinj.com\/blog\/wp-content\/uploads\/2008\/12\/fuad-nimani2-210x300.jpg\" \/>\n<meta name=\"twitter:label1\" content=\"Written by\" \/>\n\t<meta name=\"twitter:data1\" content=\"ulqini\" \/>\n\t<meta name=\"twitter:label2\" content=\"Est. reading time\" \/>\n\t<meta name=\"twitter:data2\" content=\"1 minute\" \/>\n<script type=\"application\/ld+json\" class=\"yoast-schema-graph\">{\"@context\":\"https:\/\/schema.org\",\"@graph\":[{\"@type\":\"WebSite\",\"@id\":\"https:\/\/www.visit-ulcinj.com\/blog\/#website\",\"url\":\"https:\/\/www.visit-ulcinj.com\/blog\/\",\"name\":\"Lajme nga Ulqini\",\"description\":\"Lajme,Vijesti,Ulqini,Ulqin,Crna Gora,Mali i Zi\",\"potentialAction\":[{\"@type\":\"SearchAction\",\"target\":{\"@type\":\"EntryPoint\",\"urlTemplate\":\"https:\/\/www.visit-ulcinj.com\/blog\/?s={search_term_string}\"},\"query-input\":\"required name=search_term_string\"}],\"inLanguage\":\"en-US\"},{\"@type\":\"ImageObject\",\"inLanguage\":\"en-US\",\"@id\":\"https:\/\/www.visit-ulcinj.com\/blog\/2008\/12\/17\/shqiptaret-kerkojne-ndryshimin-e-ligjit-per-simbole\/#primaryimage\",\"url\":\"http:\/\/www.visit-ulcinj.com\/blog\/wp-content\/uploads\/2008\/12\/fuad-nimani2-210x300.jpg\",\"contentUrl\":\"http:\/\/www.visit-ulcinj.com\/blog\/wp-content\/uploads\/2008\/12\/fuad-nimani2-210x300.jpg\"},{\"@type\":\"WebPage\",\"@id\":\"https:\/\/www.visit-ulcinj.com\/blog\/2008\/12\/17\/shqiptaret-kerkojne-ndryshimin-e-ligjit-per-simbole\/#webpage\",\"url\":\"https:\/\/www.visit-ulcinj.com\/blog\/2008\/12\/17\/shqiptaret-kerkojne-ndryshimin-e-ligjit-per-simbole\/\",\"name\":\"Shqiptar\u00ebt k\u00ebrkojn\u00eb ndryshimin e ligjit p\u00ebr simbole - Lajme nga Ulqini\",\"isPartOf\":{\"@id\":\"https:\/\/www.visit-ulcinj.com\/blog\/#website\"},\"primaryImageOfPage\":{\"@id\":\"https:\/\/www.visit-ulcinj.com\/blog\/2008\/12\/17\/shqiptaret-kerkojne-ndryshimin-e-ligjit-per-simbole\/#primaryimage\"},\"datePublished\":\"2008-12-17T19:43:51+00:00\",\"dateModified\":\"2008-12-17T19:43:51+00:00\",\"author\":{\"@id\":\"https:\/\/www.visit-ulcinj.com\/blog\/#\/schema\/person\/dcab619c614d3038751c63bc2aadc06d\"},\"description\":\"Ministri shqiptar p\u00ebr t\u00eb Drejtat e Njeriut dhe Pakicave n\u00eb Qeverin\u00eb e Malit t\u00eb Zi, Fuad Nimani, tha t\u00eb h\u00ebn\u00ebn se ligji ekzistues p\u00ebr p\u00ebrdorimin e simboleve\",\"breadcrumb\":{\"@id\":\"https:\/\/www.visit-ulcinj.com\/blog\/2008\/12\/17\/shqiptaret-kerkojne-ndryshimin-e-ligjit-per-simbole\/#breadcrumb\"},\"inLanguage\":\"en-US\",\"potentialAction\":[{\"@type\":\"ReadAction\",\"target\":[\"https:\/\/www.visit-ulcinj.com\/blog\/2008\/12\/17\/shqiptaret-kerkojne-ndryshimin-e-ligjit-per-simbole\/\"]}]},{\"@type\":\"BreadcrumbList\",\"@id\":\"https:\/\/www.visit-ulcinj.com\/blog\/2008\/12\/17\/shqiptaret-kerkojne-ndryshimin-e-ligjit-per-simbole\/#breadcrumb\",\"itemListElement\":[{\"@type\":\"ListItem\",\"position\":1,\"name\":\"Shqiptar\u00ebt k\u00ebrkojn\u00eb ndryshimin e ligjit p\u00ebr simbole\"}]},{\"@type\":\"Person\",\"@id\":\"https:\/\/www.visit-ulcinj.com\/blog\/#\/schema\/person\/dcab619c614d3038751c63bc2aadc06d\",\"name\":\"ulqini\",\"sameAs\":[\"http:\/\/www.visit-ulcinj.com\"],\"url\":\"https:\/\/www.visit-ulcinj.com\/blog\/author\/admin\/\"}]}<\/script>\n<!-- \/ Yoast SEO plugin. -->","yoast_head_json":{"title":"Shqiptar\u00ebt k\u00ebrkojn\u00eb ndryshimin e ligjit p\u00ebr simbole - Lajme nga Ulqini","description":"Ministri shqiptar p\u00ebr t\u00eb Drejtat e Njeriut dhe Pakicave n\u00eb Qeverin\u00eb e Malit t\u00eb Zi, Fuad Nimani, tha t\u00eb h\u00ebn\u00ebn se ligji ekzistues p\u00ebr p\u00ebrdorimin e simboleve","robots":{"index":"index","follow":"follow","max-snippet":"max-snippet:-1","max-image-preview":"max-image-preview:large","max-video-preview":"max-video-preview:-1"},"canonical":"https:\/\/www.visit-ulcinj.com\/blog\/2008\/12\/17\/shqiptaret-kerkojne-ndryshimin-e-ligjit-per-simbole\/","og_locale":"en_US","og_type":"article","og_title":"Shqiptar\u00ebt k\u00ebrkojn\u00eb ndryshimin e ligjit p\u00ebr simbole - Lajme nga Ulqini","og_description":"Ministri shqiptar p\u00ebr t\u00eb Drejtat e Njeriut dhe Pakicave n\u00eb Qeverin\u00eb e Malit t\u00eb Zi, Fuad Nimani, tha t\u00eb h\u00ebn\u00ebn se ligji ekzistues p\u00ebr p\u00ebrdorimin e simboleve","og_url":"https:\/\/www.visit-ulcinj.com\/blog\/2008\/12\/17\/shqiptaret-kerkojne-ndryshimin-e-ligjit-per-simbole\/","og_site_name":"Lajme nga Ulqini","article_published_time":"2008-12-17T19:43:51+00:00","og_image":[{"url":"http:\/\/www.visit-ulcinj.com\/blog\/wp-content\/uploads\/2008\/12\/fuad-nimani2-210x300.jpg"}],"twitter_misc":{"Written by":"ulqini","Est. reading time":"1 minute"},"schema":{"@context":"https:\/\/schema.org","@graph":[{"@type":"WebSite","@id":"https:\/\/www.visit-ulcinj.com\/blog\/#website","url":"https:\/\/www.visit-ulcinj.com\/blog\/","name":"Lajme nga Ulqini","description":"Lajme,Vijesti,Ulqini,Ulqin,Crna Gora,Mali i Zi","potentialAction":[{"@type":"SearchAction","target":{"@type":"EntryPoint","urlTemplate":"https:\/\/www.visit-ulcinj.com\/blog\/?s={search_term_string}"},"query-input":"required name=search_term_string"}],"inLanguage":"en-US"},{"@type":"ImageObject","inLanguage":"en-US","@id":"https:\/\/www.visit-ulcinj.com\/blog\/2008\/12\/17\/shqiptaret-kerkojne-ndryshimin-e-ligjit-per-simbole\/#primaryimage","url":"http:\/\/www.visit-ulcinj.com\/blog\/wp-content\/uploads\/2008\/12\/fuad-nimani2-210x300.jpg","contentUrl":"http:\/\/www.visit-ulcinj.com\/blog\/wp-content\/uploads\/2008\/12\/fuad-nimani2-210x300.jpg"},{"@type":"WebPage","@id":"https:\/\/www.visit-ulcinj.com\/blog\/2008\/12\/17\/shqiptaret-kerkojne-ndryshimin-e-ligjit-per-simbole\/#webpage","url":"https:\/\/www.visit-ulcinj.com\/blog\/2008\/12\/17\/shqiptaret-kerkojne-ndryshimin-e-ligjit-per-simbole\/","name":"Shqiptar\u00ebt k\u00ebrkojn\u00eb ndryshimin e ligjit p\u00ebr simbole - Lajme nga Ulqini","isPartOf":{"@id":"https:\/\/www.visit-ulcinj.com\/blog\/#website"},"primaryImageOfPage":{"@id":"https:\/\/www.visit-ulcinj.com\/blog\/2008\/12\/17\/shqiptaret-kerkojne-ndryshimin-e-ligjit-per-simbole\/#primaryimage"},"datePublished":"2008-12-17T19:43:51+00:00","dateModified":"2008-12-17T19:43:51+00:00","author":{"@id":"https:\/\/www.visit-ulcinj.com\/blog\/#\/schema\/person\/dcab619c614d3038751c63bc2aadc06d"},"description":"Ministri shqiptar p\u00ebr t\u00eb Drejtat e Njeriut dhe Pakicave n\u00eb Qeverin\u00eb e Malit t\u00eb Zi, Fuad Nimani, tha t\u00eb h\u00ebn\u00ebn se ligji ekzistues p\u00ebr p\u00ebrdorimin e simboleve","breadcrumb":{"@id":"https:\/\/www.visit-ulcinj.com\/blog\/2008\/12\/17\/shqiptaret-kerkojne-ndryshimin-e-ligjit-per-simbole\/#breadcrumb"},"inLanguage":"en-US","potentialAction":[{"@type":"ReadAction","target":["https:\/\/www.visit-ulcinj.com\/blog\/2008\/12\/17\/shqiptaret-kerkojne-ndryshimin-e-ligjit-per-simbole\/"]}]},{"@type":"BreadcrumbList","@id":"https:\/\/www.visit-ulcinj.com\/blog\/2008\/12\/17\/shqiptaret-kerkojne-ndryshimin-e-ligjit-per-simbole\/#breadcrumb","itemListElement":[{"@type":"ListItem","position":1,"name":"Shqiptar\u00ebt k\u00ebrkojn\u00eb ndryshimin e ligjit p\u00ebr simbole"}]},{"@type":"Person","@id":"https:\/\/www.visit-ulcinj.com\/blog\/#\/schema\/person\/dcab619c614d3038751c63bc2aadc06d","name":"ulqini","sameAs":["http:\/\/www.visit-ulcinj.com"],"url":"https:\/\/www.visit-ulcinj.com\/blog\/author\/admin\/"}]}},"jetpack_featured_media_url":"","jetpack_sharing_enabled":true,"jetpack_shortlink":"https:\/\/wp.me\/pe6lTn-1Vv","_links":{"self":[{"href":"https:\/\/www.visit-ulcinj.com\/blog\/wp-json\/wp\/v2\/posts\/7409"}],"collection":[{"href":"https:\/\/www.visit-ulcinj.com\/blog\/wp-json\/wp\/v2\/posts"}],"about":[{"href":"https:\/\/www.visit-ulcinj.com\/blog\/wp-json\/wp\/v2\/types\/post"}],"author":[{"embeddable":true,"href":"https:\/\/www.visit-ulcinj.com\/blog\/wp-json\/wp\/v2\/users\/1"}],"replies":[{"embeddable":true,"href":"https:\/\/www.visit-ulcinj.com\/blog\/wp-json\/wp\/v2\/comments?post=7409"}],"version-history":[{"count":0,"href":"https:\/\/www.visit-ulcinj.com\/blog\/wp-json\/wp\/v2\/posts\/7409\/revisions"}],"wp:attachment":[{"href":"https:\/\/www.visit-ulcinj.com\/blog\/wp-json\/wp\/v2\/media?parent=7409"}],"wp:term":[{"taxonomy":"category","embeddable":true,"href":"https:\/\/www.visit-ulcinj.com\/blog\/wp-json\/wp\/v2\/categories?post=7409"},{"taxonomy":"post_tag","embeddable":true,"href":"https:\/\/www.visit-ulcinj.com\/blog\/wp-json\/wp\/v2\/tags?post=7409"}],"curies":[{"name":"wp","href":"https:\/\/api.w.org\/{rel}","templated":true}]}}