{"id":74092,"date":"2013-08-06T18:28:26","date_gmt":"2013-08-06T17:28:26","guid":{"rendered":"http:\/\/www.visit-ulcinj.com\/blog\/?p=74092"},"modified":"2013-08-07T15:35:23","modified_gmt":"2013-08-07T14:35:23","slug":"urim-per-festen-e-bajramit-te-madh-2","status":"publish","type":"post","link":"https:\/\/www.visit-ulcinj.com\/blog\/2013\/08\/06\/urim-per-festen-e-bajramit-te-madh-2\/","title":{"rendered":"Urim p\u00ebr fest\u00ebn e Bajramit t\u00eb Madh"},"content":{"rendered":"<p dir=\"ltr\"><a href=\"http:\/\/www.visit-ulcinj.com\/blog\/wp-content\/uploads\/2013\/08\/K\u00cbSHILLI-NACIONAL-I-SHQIPTAR\u00cbVE-N\u00cb-MALIN-E-ZI-URIME-BAJRAMI.jpg\"><img loading=\"lazy\" class=\"alignleft  wp-image-74093\" alt=\"K\u00cbSHILLI-NACIONAL-I-SHQIPTAR\u00cbVE-N\u00cb-MALIN-E-ZI-URIME-BAJRAMI\" src=\"http:\/\/www.visit-ulcinj.com\/blog\/wp-content\/uploads\/2013\/08\/K\u00cbSHILLI-NACIONAL-I-SHQIPTAR\u00cbVE-N\u00cb-MALIN-E-ZI-URIME-BAJRAMI.jpg\" width=\"508\" height=\"327\" \/><\/a>Me \u00a0rastin e \u00a0fest\u00ebs s\u00eb \u00a0Bajramit t\u00eb Madh, K\u00ebshilli Nacional i Shqiptar\u00ebve n\u00eb Malin e Zi, uron t\u00eb gjith\u00eb besimtar\u00ebt \u00a0e fes\u00eb Islame dhe shqiptar\u00ebt kudo q\u00eb jetojn\u00eb dhe punojn\u00eb.<\/p>\n<p dir=\"ltr\">Urojm\u00eb q\u00eb \u00a0\u00a0kjo \u00a0fest\u00eb e madhe, e cila vjen pas Muajit t\u00eb shejt\u00eb e t\u00eb bekuar \u00a0t\u00eb Ramazanit,muajit t\u00eb sakrific\u00ebs, vet\u00ebp\u00ebrmbajtjes, faljes, lutjes dhe p\u00ebrkushtimit ndaj Zotit Krijues, t\u00eb na udh\u00ebheq\u00eb n\u00eb \u00e7do dit\u00eb dhe n\u00eb cdo hap e veprim t\u00eb jet\u00ebs son\u00eb, n\u00eb t\u00eb mir\u00eb \u00a0familjeve tona,t\u00eb af\u00ebrmve, t\u00eb shoq\u00ebris\u00eb dhe n\u00eb t\u00eb mir\u00eb t\u00eb kombit.<\/p>\n<p dir=\"ltr\">Le t\u00eb jet\u00eb kjo fest\u00eb,moment i unitetit dhe mir\u00ebkuptimit \u00a0edhe ma t\u00eb madh me nj\u00ebri tjetrin, si \u00a0nj\u00eb vler\u00eb e domosdoshme \u00a0edhe sot aktuale p\u00ebr ne shqiptar\u00ebt, p\u00ebr t\u00eb \u00a0punuar e vepruar p\u00ebr nj\u00eb t\u00eb ardhme sa m\u00eb t\u00eb mir\u00eb t\u00eb \u00a0brezave q\u00eb vijn\u00eb, duke v\u00ebn\u00eb interesin e p\u00ebrgjithsh\u00ebm \u00a0\u00a0mbi intertesat p\u00ebrsonale.<\/p>\n<p dir=\"ltr\">Dhasht\u00eb \u00a0Zoti, q\u00eb \u00a0Festa e \u00a0Bajramit, t\u00eb stolis\u00eb \u00a0familjet \u00a0tona \u00a0me \u00a0g\u00ebzim, \u00a0dashuri, \u00a0mir\u00ebkuptim \u00a0e \u00a0solidaritet \u00a0t\u00eb \u00a0nd\u00ebrsjell\u00eb \u00a0mes njer\u00ebzve.<\/p>\n<p>&nbsp;<\/p>\n<p dir=\"ltr\">G\u00ebzuar !<\/p>\n<p dir=\"ltr\">Kryetari,<\/p>\n<p>Tahir TAHIRI d.v<\/p>\n","protected":false},"excerpt":{"rendered":"<p>Me \u00a0rastin e \u00a0fest\u00ebs s\u00eb \u00a0Bajramit t\u00eb Madh, K\u00ebshilli Nacional i Shqiptar\u00ebve n\u00eb Malin e Zi, uron t\u00eb gjith\u00eb besimtar\u00ebt \u00a0e fes\u00eb Islame dhe shqiptar\u00ebt kudo q\u00eb jetojn\u00eb dhe punojn\u00eb. Urojm\u00eb q\u00eb \u00a0\u00a0kjo \u00a0fest\u00eb e madhe, e cila vjen pas Muajit t\u00eb shejt\u00eb e t\u00eb bekuar \u00a0t\u00eb Ramazanit,muajit t\u00eb sakrific\u00ebs, vet\u00ebp\u00ebrmbajtjes, faljes, lutjes dhe p\u00ebrkushtimit [&hellip;]<\/p>\n","protected":false},"author":1,"featured_media":0,"comment_status":"closed","ping_status":"closed","sticky":false,"template":"","format":"standard","meta":{"spay_email":"","jetpack_publicize_message":"","jetpack_is_tweetstorm":false,"jetpack_publicize_feature_enabled":true},"categories":[1,14],"tags":[],"jetpack_publicize_connections":[],"yoast_head":"<!-- This site is optimized with the Yoast SEO plugin v19.1 - https:\/\/yoast.com\/wordpress\/plugins\/seo\/ -->\n<title>Urim p\u00ebr fest\u00ebn e Bajramit t\u00eb Madh - Lajme nga Ulqini<\/title>\n<meta name=\"description\" content=\"Me \u00a0rastin e \u00a0fest\u00ebs s\u00eb \u00a0Bajramit t\u00eb Madh, K\u00ebshilli Nacional i Shqiptar\u00ebve n\u00eb Malin e Zi, uron t\u00eb gjith\u00eb besimtar\u00ebt \u00a0e fes\u00eb Islame dhe shqiptar\u00ebt kudo q\u00eb\" \/>\n<meta name=\"robots\" content=\"index, follow, max-snippet:-1, max-image-preview:large, max-video-preview:-1\" \/>\n<link rel=\"canonical\" href=\"https:\/\/www.visit-ulcinj.com\/blog\/2013\/08\/06\/urim-per-festen-e-bajramit-te-madh-2\/\" \/>\n<meta property=\"og:locale\" content=\"en_US\" \/>\n<meta property=\"og:type\" content=\"article\" \/>\n<meta property=\"og:title\" content=\"Urim p\u00ebr fest\u00ebn e Bajramit t\u00eb Madh - Lajme nga Ulqini\" \/>\n<meta property=\"og:description\" content=\"Me \u00a0rastin e \u00a0fest\u00ebs s\u00eb \u00a0Bajramit t\u00eb Madh, K\u00ebshilli Nacional i Shqiptar\u00ebve n\u00eb Malin e Zi, uron t\u00eb gjith\u00eb besimtar\u00ebt \u00a0e fes\u00eb Islame dhe shqiptar\u00ebt kudo q\u00eb\" \/>\n<meta property=\"og:url\" content=\"https:\/\/www.visit-ulcinj.com\/blog\/2013\/08\/06\/urim-per-festen-e-bajramit-te-madh-2\/\" \/>\n<meta property=\"og:site_name\" content=\"Lajme nga Ulqini\" \/>\n<meta property=\"article:published_time\" content=\"2013-08-06T17:28:26+00:00\" \/>\n<meta property=\"article:modified_time\" content=\"2013-08-07T14:35:23+00:00\" \/>\n<meta name=\"twitter:label1\" content=\"Written by\" \/>\n\t<meta name=\"twitter:data1\" content=\"ulqini\" \/>\n\t<meta name=\"twitter:label2\" content=\"Est. reading time\" \/>\n\t<meta name=\"twitter:data2\" content=\"1 minute\" \/>\n<script type=\"application\/ld+json\" class=\"yoast-schema-graph\">{\"@context\":\"https:\/\/schema.org\",\"@graph\":[{\"@type\":\"WebSite\",\"@id\":\"https:\/\/www.visit-ulcinj.com\/blog\/#website\",\"url\":\"https:\/\/www.visit-ulcinj.com\/blog\/\",\"name\":\"Lajme nga Ulqini\",\"description\":\"Lajme,Vijesti,Ulqini,Ulqin,Crna Gora,Mali i Zi\",\"potentialAction\":[{\"@type\":\"SearchAction\",\"target\":{\"@type\":\"EntryPoint\",\"urlTemplate\":\"https:\/\/www.visit-ulcinj.com\/blog\/?s={search_term_string}\"},\"query-input\":\"required name=search_term_string\"}],\"inLanguage\":\"en-US\"},{\"@type\":\"WebPage\",\"@id\":\"https:\/\/www.visit-ulcinj.com\/blog\/2013\/08\/06\/urim-per-festen-e-bajramit-te-madh-2\/#webpage\",\"url\":\"https:\/\/www.visit-ulcinj.com\/blog\/2013\/08\/06\/urim-per-festen-e-bajramit-te-madh-2\/\",\"name\":\"Urim p\u00ebr fest\u00ebn e Bajramit t\u00eb Madh - Lajme nga Ulqini\",\"isPartOf\":{\"@id\":\"https:\/\/www.visit-ulcinj.com\/blog\/#website\"},\"datePublished\":\"2013-08-06T17:28:26+00:00\",\"dateModified\":\"2013-08-07T14:35:23+00:00\",\"author\":{\"@id\":\"https:\/\/www.visit-ulcinj.com\/blog\/#\/schema\/person\/dcab619c614d3038751c63bc2aadc06d\"},\"description\":\"Me \u00a0rastin e \u00a0fest\u00ebs s\u00eb \u00a0Bajramit t\u00eb Madh, K\u00ebshilli Nacional i Shqiptar\u00ebve n\u00eb Malin e Zi, uron t\u00eb gjith\u00eb besimtar\u00ebt \u00a0e fes\u00eb Islame dhe shqiptar\u00ebt kudo q\u00eb\",\"breadcrumb\":{\"@id\":\"https:\/\/www.visit-ulcinj.com\/blog\/2013\/08\/06\/urim-per-festen-e-bajramit-te-madh-2\/#breadcrumb\"},\"inLanguage\":\"en-US\",\"potentialAction\":[{\"@type\":\"ReadAction\",\"target\":[\"https:\/\/www.visit-ulcinj.com\/blog\/2013\/08\/06\/urim-per-festen-e-bajramit-te-madh-2\/\"]}]},{\"@type\":\"BreadcrumbList\",\"@id\":\"https:\/\/www.visit-ulcinj.com\/blog\/2013\/08\/06\/urim-per-festen-e-bajramit-te-madh-2\/#breadcrumb\",\"itemListElement\":[{\"@type\":\"ListItem\",\"position\":1,\"name\":\"Urim p\u00ebr fest\u00ebn e Bajramit t\u00eb Madh\"}]},{\"@type\":\"Person\",\"@id\":\"https:\/\/www.visit-ulcinj.com\/blog\/#\/schema\/person\/dcab619c614d3038751c63bc2aadc06d\",\"name\":\"ulqini\",\"sameAs\":[\"http:\/\/www.visit-ulcinj.com\"],\"url\":\"https:\/\/www.visit-ulcinj.com\/blog\/author\/admin\/\"}]}<\/script>\n<!-- \/ Yoast SEO plugin. -->","yoast_head_json":{"title":"Urim p\u00ebr fest\u00ebn e Bajramit t\u00eb Madh - Lajme nga Ulqini","description":"Me \u00a0rastin e \u00a0fest\u00ebs s\u00eb \u00a0Bajramit t\u00eb Madh, K\u00ebshilli Nacional i Shqiptar\u00ebve n\u00eb Malin e Zi, uron t\u00eb gjith\u00eb besimtar\u00ebt \u00a0e fes\u00eb Islame dhe shqiptar\u00ebt kudo q\u00eb","robots":{"index":"index","follow":"follow","max-snippet":"max-snippet:-1","max-image-preview":"max-image-preview:large","max-video-preview":"max-video-preview:-1"},"canonical":"https:\/\/www.visit-ulcinj.com\/blog\/2013\/08\/06\/urim-per-festen-e-bajramit-te-madh-2\/","og_locale":"en_US","og_type":"article","og_title":"Urim p\u00ebr fest\u00ebn e Bajramit t\u00eb Madh - Lajme nga Ulqini","og_description":"Me \u00a0rastin e \u00a0fest\u00ebs s\u00eb \u00a0Bajramit t\u00eb Madh, K\u00ebshilli Nacional i Shqiptar\u00ebve n\u00eb Malin e Zi, uron t\u00eb gjith\u00eb besimtar\u00ebt \u00a0e fes\u00eb Islame dhe shqiptar\u00ebt kudo q\u00eb","og_url":"https:\/\/www.visit-ulcinj.com\/blog\/2013\/08\/06\/urim-per-festen-e-bajramit-te-madh-2\/","og_site_name":"Lajme nga Ulqini","article_published_time":"2013-08-06T17:28:26+00:00","article_modified_time":"2013-08-07T14:35:23+00:00","twitter_misc":{"Written by":"ulqini","Est. reading time":"1 minute"},"schema":{"@context":"https:\/\/schema.org","@graph":[{"@type":"WebSite","@id":"https:\/\/www.visit-ulcinj.com\/blog\/#website","url":"https:\/\/www.visit-ulcinj.com\/blog\/","name":"Lajme nga Ulqini","description":"Lajme,Vijesti,Ulqini,Ulqin,Crna Gora,Mali i Zi","potentialAction":[{"@type":"SearchAction","target":{"@type":"EntryPoint","urlTemplate":"https:\/\/www.visit-ulcinj.com\/blog\/?s={search_term_string}"},"query-input":"required name=search_term_string"}],"inLanguage":"en-US"},{"@type":"WebPage","@id":"https:\/\/www.visit-ulcinj.com\/blog\/2013\/08\/06\/urim-per-festen-e-bajramit-te-madh-2\/#webpage","url":"https:\/\/www.visit-ulcinj.com\/blog\/2013\/08\/06\/urim-per-festen-e-bajramit-te-madh-2\/","name":"Urim p\u00ebr fest\u00ebn e Bajramit t\u00eb Madh - Lajme nga Ulqini","isPartOf":{"@id":"https:\/\/www.visit-ulcinj.com\/blog\/#website"},"datePublished":"2013-08-06T17:28:26+00:00","dateModified":"2013-08-07T14:35:23+00:00","author":{"@id":"https:\/\/www.visit-ulcinj.com\/blog\/#\/schema\/person\/dcab619c614d3038751c63bc2aadc06d"},"description":"Me \u00a0rastin e \u00a0fest\u00ebs s\u00eb \u00a0Bajramit t\u00eb Madh, K\u00ebshilli Nacional i Shqiptar\u00ebve n\u00eb Malin e Zi, uron t\u00eb gjith\u00eb besimtar\u00ebt \u00a0e fes\u00eb Islame dhe shqiptar\u00ebt kudo q\u00eb","breadcrumb":{"@id":"https:\/\/www.visit-ulcinj.com\/blog\/2013\/08\/06\/urim-per-festen-e-bajramit-te-madh-2\/#breadcrumb"},"inLanguage":"en-US","potentialAction":[{"@type":"ReadAction","target":["https:\/\/www.visit-ulcinj.com\/blog\/2013\/08\/06\/urim-per-festen-e-bajramit-te-madh-2\/"]}]},{"@type":"BreadcrumbList","@id":"https:\/\/www.visit-ulcinj.com\/blog\/2013\/08\/06\/urim-per-festen-e-bajramit-te-madh-2\/#breadcrumb","itemListElement":[{"@type":"ListItem","position":1,"name":"Urim p\u00ebr fest\u00ebn e Bajramit t\u00eb Madh"}]},{"@type":"Person","@id":"https:\/\/www.visit-ulcinj.com\/blog\/#\/schema\/person\/dcab619c614d3038751c63bc2aadc06d","name":"ulqini","sameAs":["http:\/\/www.visit-ulcinj.com"],"url":"https:\/\/www.visit-ulcinj.com\/blog\/author\/admin\/"}]}},"jetpack_featured_media_url":"","jetpack_sharing_enabled":true,"jetpack_shortlink":"https:\/\/wp.me\/pe6lTn-jh2","_links":{"self":[{"href":"https:\/\/www.visit-ulcinj.com\/blog\/wp-json\/wp\/v2\/posts\/74092"}],"collection":[{"href":"https:\/\/www.visit-ulcinj.com\/blog\/wp-json\/wp\/v2\/posts"}],"about":[{"href":"https:\/\/www.visit-ulcinj.com\/blog\/wp-json\/wp\/v2\/types\/post"}],"author":[{"embeddable":true,"href":"https:\/\/www.visit-ulcinj.com\/blog\/wp-json\/wp\/v2\/users\/1"}],"replies":[{"embeddable":true,"href":"https:\/\/www.visit-ulcinj.com\/blog\/wp-json\/wp\/v2\/comments?post=74092"}],"version-history":[{"count":2,"href":"https:\/\/www.visit-ulcinj.com\/blog\/wp-json\/wp\/v2\/posts\/74092\/revisions"}],"predecessor-version":[{"id":74125,"href":"https:\/\/www.visit-ulcinj.com\/blog\/wp-json\/wp\/v2\/posts\/74092\/revisions\/74125"}],"wp:attachment":[{"href":"https:\/\/www.visit-ulcinj.com\/blog\/wp-json\/wp\/v2\/media?parent=74092"}],"wp:term":[{"taxonomy":"category","embeddable":true,"href":"https:\/\/www.visit-ulcinj.com\/blog\/wp-json\/wp\/v2\/categories?post=74092"},{"taxonomy":"post_tag","embeddable":true,"href":"https:\/\/www.visit-ulcinj.com\/blog\/wp-json\/wp\/v2\/tags?post=74092"}],"curies":[{"name":"wp","href":"https:\/\/api.w.org\/{rel}","templated":true}]}}