{"id":74095,"date":"2013-08-06T18:36:33","date_gmt":"2013-08-06T17:36:33","guid":{"rendered":"http:\/\/www.visit-ulcinj.com\/blog\/?p=74095"},"modified":"2013-08-07T21:30:41","modified_gmt":"2013-08-07T20:30:41","slug":"pd-uron-festen-e-fiter-bajramin","status":"publish","type":"post","link":"https:\/\/www.visit-ulcinj.com\/blog\/2013\/08\/06\/pd-uron-festen-e-fiter-bajramin\/","title":{"rendered":"PD uron fest\u00ebn e Fit\u00ebr Bajramin"},"content":{"rendered":"<p><a href=\"http:\/\/www.visit-ulcinj.com\/blog\/wp-content\/uploads\/2013\/08\/Fatmir-Gjeka-Partia-Demokratike-Mali-i-Zi.jpg\"><img loading=\"lazy\" class=\"alignleft  wp-image-74096\" alt=\"Fatmir-Gjeka-Partia-Demokratike-Mali-i-Zi\" src=\"http:\/\/www.visit-ulcinj.com\/blog\/wp-content\/uploads\/2013\/08\/Fatmir-Gjeka-Partia-Demokratike-Mali-i-Zi.jpg\" width=\"508\" height=\"360\" \/><\/a><\/p>\n<p>Ulqin, 7 gusht 2013- Partia Demokratike (PD ) me seli n\u00eb Ulqin,me rastin e fest\u00ebs s\u00eb Fit\u00ebr Bajramit,ka p\u00ebrg\u00ebzuar t\u00eb gjith\u00eb besimtar\u00ebt islam\u00eb,duke d\u00ebshiruar q\u00eb t\u00eb kalojn\u00eb \u00e7aste t\u00eb lumtura me familjet e tyre, me t\u00eb af\u00ebrmit dhe me t\u00eb gjith\u00eb njer\u00ebzit q\u00eb i rrethojn\u00eb.<br \/>\n\u201cQytetar\u00ebt tan\u00eb t\u00eb besimit islam shquhen p\u00ebr kultivim t\u00eb vlerave humane, p\u00ebr urt\u00ebsi, shpirt paq\u00ebsor, tolerant dhe respekt p\u00ebr njer\u00ebzit e besimeve t\u00eb ndryshme\u201d,- thuhet nd\u00ebr t\u00eb tjera n\u00eb k\u00ebt\u00eb mesazh t\u00eb PD.<br \/>\nLideri i k\u00ebsaj partie nacionale shqiptare parlamentare,Fatmir Gjeka uron qe kjo frym\u00eb e mir\u00ebkuptimit dhe kultivimit t\u00eb vlerave t\u00eb na bashkoj\u00eb dhe unj\u00ebsoj\u00eb.<br \/>\n\u201cMuaji i madh\u00ebruesh\u00ebm i agjerimit, sakrific\u00ebs,p\u00ebrkushtimit,dashuris\u00eb ndaj Krijuesit,le t\u00eb jet\u00eb atmosfera e kremtimit t\u00eb festimit t\u00eb Bajramit t\u00eb Madh, t\u00eb solidaritetit,paqes dhe respektit mes njer\u00ebzve vullnetmir\u00eb\u201d,- porosit Gjeka.<\/p>\n<p>&nbsp;<\/p>\n<p>Sh\u00ebrbimi p\u00ebr informim i PD<\/p>\n","protected":false},"excerpt":{"rendered":"<p>Ulqin, 7 gusht 2013- Partia Demokratike (PD ) me seli n\u00eb Ulqin,me rastin e fest\u00ebs s\u00eb Fit\u00ebr Bajramit,ka p\u00ebrg\u00ebzuar t\u00eb gjith\u00eb besimtar\u00ebt islam\u00eb,duke d\u00ebshiruar q\u00eb t\u00eb kalojn\u00eb \u00e7aste t\u00eb lumtura me familjet e tyre, me t\u00eb af\u00ebrmit dhe me t\u00eb gjith\u00eb njer\u00ebzit q\u00eb i rrethojn\u00eb. \u201cQytetar\u00ebt tan\u00eb t\u00eb besimit islam shquhen p\u00ebr kultivim t\u00eb vlerave [&hellip;]<\/p>\n","protected":false},"author":1,"featured_media":0,"comment_status":"closed","ping_status":"closed","sticky":false,"template":"","format":"standard","meta":{"spay_email":"","jetpack_publicize_message":"","jetpack_is_tweetstorm":false,"jetpack_publicize_feature_enabled":true},"categories":[6950],"tags":[],"jetpack_publicize_connections":[],"yoast_head":"<!-- This site is optimized with the Yoast SEO plugin v19.1 - https:\/\/yoast.com\/wordpress\/plugins\/seo\/ -->\n<title>PD uron fest\u00ebn e Fit\u00ebr Bajramin - Lajme nga Ulqini<\/title>\n<meta name=\"description\" content=\"Ulqin, 7 gusht 2013- Partia Demokratike (PD ) me seli n\u00eb Ulqin,me rastin e fest\u00ebs s\u00eb Fit\u00ebr Bajramit,ka p\u00ebrg\u00ebzuar t\u00eb gjith\u00eb besimtar\u00ebt islam\u00eb,duke\" \/>\n<meta name=\"robots\" content=\"index, follow, max-snippet:-1, max-image-preview:large, max-video-preview:-1\" \/>\n<link rel=\"canonical\" href=\"https:\/\/www.visit-ulcinj.com\/blog\/2013\/08\/06\/pd-uron-festen-e-fiter-bajramin\/\" \/>\n<meta property=\"og:locale\" content=\"en_US\" \/>\n<meta property=\"og:type\" content=\"article\" \/>\n<meta property=\"og:title\" content=\"PD uron fest\u00ebn e Fit\u00ebr Bajramin - Lajme nga Ulqini\" \/>\n<meta property=\"og:description\" content=\"Ulqin, 7 gusht 2013- Partia Demokratike (PD ) me seli n\u00eb Ulqin,me rastin e fest\u00ebs s\u00eb Fit\u00ebr Bajramit,ka p\u00ebrg\u00ebzuar t\u00eb gjith\u00eb besimtar\u00ebt islam\u00eb,duke\" \/>\n<meta property=\"og:url\" content=\"https:\/\/www.visit-ulcinj.com\/blog\/2013\/08\/06\/pd-uron-festen-e-fiter-bajramin\/\" \/>\n<meta property=\"og:site_name\" content=\"Lajme nga Ulqini\" \/>\n<meta property=\"article:published_time\" content=\"2013-08-06T17:36:33+00:00\" \/>\n<meta property=\"article:modified_time\" content=\"2013-08-07T20:30:41+00:00\" \/>\n<meta property=\"og:image\" content=\"http:\/\/www.visit-ulcinj.com\/blog\/wp-content\/uploads\/2013\/08\/Fatmir-Gjeka-Partia-Demokratike-Mali-i-Zi.jpg\" \/>\n<meta name=\"twitter:label1\" content=\"Written by\" \/>\n\t<meta name=\"twitter:data1\" content=\"ulqini\" \/>\n\t<meta name=\"twitter:label2\" content=\"Est. reading time\" \/>\n\t<meta name=\"twitter:data2\" content=\"1 minute\" \/>\n<script type=\"application\/ld+json\" class=\"yoast-schema-graph\">{\"@context\":\"https:\/\/schema.org\",\"@graph\":[{\"@type\":\"WebSite\",\"@id\":\"https:\/\/www.visit-ulcinj.com\/blog\/#website\",\"url\":\"https:\/\/www.visit-ulcinj.com\/blog\/\",\"name\":\"Lajme nga Ulqini\",\"description\":\"Lajme,Vijesti,Ulqini,Ulqin,Crna Gora,Mali i Zi\",\"potentialAction\":[{\"@type\":\"SearchAction\",\"target\":{\"@type\":\"EntryPoint\",\"urlTemplate\":\"https:\/\/www.visit-ulcinj.com\/blog\/?s={search_term_string}\"},\"query-input\":\"required name=search_term_string\"}],\"inLanguage\":\"en-US\"},{\"@type\":\"ImageObject\",\"inLanguage\":\"en-US\",\"@id\":\"https:\/\/www.visit-ulcinj.com\/blog\/2013\/08\/06\/pd-uron-festen-e-fiter-bajramin\/#primaryimage\",\"url\":\"https:\/\/www.visit-ulcinj.com\/blog\/wp-content\/uploads\/2013\/08\/Fatmir-Gjeka-Partia-Demokratike-Mali-i-Zi.jpg\",\"contentUrl\":\"https:\/\/www.visit-ulcinj.com\/blog\/wp-content\/uploads\/2013\/08\/Fatmir-Gjeka-Partia-Demokratike-Mali-i-Zi.jpg\",\"width\":800,\"height\":452},{\"@type\":\"WebPage\",\"@id\":\"https:\/\/www.visit-ulcinj.com\/blog\/2013\/08\/06\/pd-uron-festen-e-fiter-bajramin\/#webpage\",\"url\":\"https:\/\/www.visit-ulcinj.com\/blog\/2013\/08\/06\/pd-uron-festen-e-fiter-bajramin\/\",\"name\":\"PD uron fest\u00ebn e Fit\u00ebr Bajramin - Lajme nga Ulqini\",\"isPartOf\":{\"@id\":\"https:\/\/www.visit-ulcinj.com\/blog\/#website\"},\"primaryImageOfPage\":{\"@id\":\"https:\/\/www.visit-ulcinj.com\/blog\/2013\/08\/06\/pd-uron-festen-e-fiter-bajramin\/#primaryimage\"},\"datePublished\":\"2013-08-06T17:36:33+00:00\",\"dateModified\":\"2013-08-07T20:30:41+00:00\",\"author\":{\"@id\":\"https:\/\/www.visit-ulcinj.com\/blog\/#\/schema\/person\/dcab619c614d3038751c63bc2aadc06d\"},\"description\":\"Ulqin, 7 gusht 2013- Partia Demokratike (PD ) me seli n\u00eb Ulqin,me rastin e fest\u00ebs s\u00eb Fit\u00ebr Bajramit,ka p\u00ebrg\u00ebzuar t\u00eb gjith\u00eb besimtar\u00ebt islam\u00eb,duke\",\"breadcrumb\":{\"@id\":\"https:\/\/www.visit-ulcinj.com\/blog\/2013\/08\/06\/pd-uron-festen-e-fiter-bajramin\/#breadcrumb\"},\"inLanguage\":\"en-US\",\"potentialAction\":[{\"@type\":\"ReadAction\",\"target\":[\"https:\/\/www.visit-ulcinj.com\/blog\/2013\/08\/06\/pd-uron-festen-e-fiter-bajramin\/\"]}]},{\"@type\":\"BreadcrumbList\",\"@id\":\"https:\/\/www.visit-ulcinj.com\/blog\/2013\/08\/06\/pd-uron-festen-e-fiter-bajramin\/#breadcrumb\",\"itemListElement\":[{\"@type\":\"ListItem\",\"position\":1,\"name\":\"PD uron fest\u00ebn e Fit\u00ebr Bajramin\"}]},{\"@type\":\"Person\",\"@id\":\"https:\/\/www.visit-ulcinj.com\/blog\/#\/schema\/person\/dcab619c614d3038751c63bc2aadc06d\",\"name\":\"ulqini\",\"sameAs\":[\"http:\/\/www.visit-ulcinj.com\"],\"url\":\"https:\/\/www.visit-ulcinj.com\/blog\/author\/admin\/\"}]}<\/script>\n<!-- \/ Yoast SEO plugin. -->","yoast_head_json":{"title":"PD uron fest\u00ebn e Fit\u00ebr Bajramin - Lajme nga Ulqini","description":"Ulqin, 7 gusht 2013- Partia Demokratike (PD ) me seli n\u00eb Ulqin,me rastin e fest\u00ebs s\u00eb Fit\u00ebr Bajramit,ka p\u00ebrg\u00ebzuar t\u00eb gjith\u00eb besimtar\u00ebt islam\u00eb,duke","robots":{"index":"index","follow":"follow","max-snippet":"max-snippet:-1","max-image-preview":"max-image-preview:large","max-video-preview":"max-video-preview:-1"},"canonical":"https:\/\/www.visit-ulcinj.com\/blog\/2013\/08\/06\/pd-uron-festen-e-fiter-bajramin\/","og_locale":"en_US","og_type":"article","og_title":"PD uron fest\u00ebn e Fit\u00ebr Bajramin - Lajme nga Ulqini","og_description":"Ulqin, 7 gusht 2013- Partia Demokratike (PD ) me seli n\u00eb Ulqin,me rastin e fest\u00ebs s\u00eb Fit\u00ebr Bajramit,ka p\u00ebrg\u00ebzuar t\u00eb gjith\u00eb besimtar\u00ebt islam\u00eb,duke","og_url":"https:\/\/www.visit-ulcinj.com\/blog\/2013\/08\/06\/pd-uron-festen-e-fiter-bajramin\/","og_site_name":"Lajme nga Ulqini","article_published_time":"2013-08-06T17:36:33+00:00","article_modified_time":"2013-08-07T20:30:41+00:00","og_image":[{"url":"http:\/\/www.visit-ulcinj.com\/blog\/wp-content\/uploads\/2013\/08\/Fatmir-Gjeka-Partia-Demokratike-Mali-i-Zi.jpg"}],"twitter_misc":{"Written by":"ulqini","Est. reading time":"1 minute"},"schema":{"@context":"https:\/\/schema.org","@graph":[{"@type":"WebSite","@id":"https:\/\/www.visit-ulcinj.com\/blog\/#website","url":"https:\/\/www.visit-ulcinj.com\/blog\/","name":"Lajme nga Ulqini","description":"Lajme,Vijesti,Ulqini,Ulqin,Crna Gora,Mali i Zi","potentialAction":[{"@type":"SearchAction","target":{"@type":"EntryPoint","urlTemplate":"https:\/\/www.visit-ulcinj.com\/blog\/?s={search_term_string}"},"query-input":"required name=search_term_string"}],"inLanguage":"en-US"},{"@type":"ImageObject","inLanguage":"en-US","@id":"https:\/\/www.visit-ulcinj.com\/blog\/2013\/08\/06\/pd-uron-festen-e-fiter-bajramin\/#primaryimage","url":"https:\/\/www.visit-ulcinj.com\/blog\/wp-content\/uploads\/2013\/08\/Fatmir-Gjeka-Partia-Demokratike-Mali-i-Zi.jpg","contentUrl":"https:\/\/www.visit-ulcinj.com\/blog\/wp-content\/uploads\/2013\/08\/Fatmir-Gjeka-Partia-Demokratike-Mali-i-Zi.jpg","width":800,"height":452},{"@type":"WebPage","@id":"https:\/\/www.visit-ulcinj.com\/blog\/2013\/08\/06\/pd-uron-festen-e-fiter-bajramin\/#webpage","url":"https:\/\/www.visit-ulcinj.com\/blog\/2013\/08\/06\/pd-uron-festen-e-fiter-bajramin\/","name":"PD uron fest\u00ebn e Fit\u00ebr Bajramin - Lajme nga Ulqini","isPartOf":{"@id":"https:\/\/www.visit-ulcinj.com\/blog\/#website"},"primaryImageOfPage":{"@id":"https:\/\/www.visit-ulcinj.com\/blog\/2013\/08\/06\/pd-uron-festen-e-fiter-bajramin\/#primaryimage"},"datePublished":"2013-08-06T17:36:33+00:00","dateModified":"2013-08-07T20:30:41+00:00","author":{"@id":"https:\/\/www.visit-ulcinj.com\/blog\/#\/schema\/person\/dcab619c614d3038751c63bc2aadc06d"},"description":"Ulqin, 7 gusht 2013- Partia Demokratike (PD ) me seli n\u00eb Ulqin,me rastin e fest\u00ebs s\u00eb Fit\u00ebr Bajramit,ka p\u00ebrg\u00ebzuar t\u00eb gjith\u00eb besimtar\u00ebt islam\u00eb,duke","breadcrumb":{"@id":"https:\/\/www.visit-ulcinj.com\/blog\/2013\/08\/06\/pd-uron-festen-e-fiter-bajramin\/#breadcrumb"},"inLanguage":"en-US","potentialAction":[{"@type":"ReadAction","target":["https:\/\/www.visit-ulcinj.com\/blog\/2013\/08\/06\/pd-uron-festen-e-fiter-bajramin\/"]}]},{"@type":"BreadcrumbList","@id":"https:\/\/www.visit-ulcinj.com\/blog\/2013\/08\/06\/pd-uron-festen-e-fiter-bajramin\/#breadcrumb","itemListElement":[{"@type":"ListItem","position":1,"name":"PD uron fest\u00ebn e Fit\u00ebr Bajramin"}]},{"@type":"Person","@id":"https:\/\/www.visit-ulcinj.com\/blog\/#\/schema\/person\/dcab619c614d3038751c63bc2aadc06d","name":"ulqini","sameAs":["http:\/\/www.visit-ulcinj.com"],"url":"https:\/\/www.visit-ulcinj.com\/blog\/author\/admin\/"}]}},"jetpack_featured_media_url":"","jetpack_sharing_enabled":true,"jetpack_shortlink":"https:\/\/wp.me\/pe6lTn-jh5","_links":{"self":[{"href":"https:\/\/www.visit-ulcinj.com\/blog\/wp-json\/wp\/v2\/posts\/74095"}],"collection":[{"href":"https:\/\/www.visit-ulcinj.com\/blog\/wp-json\/wp\/v2\/posts"}],"about":[{"href":"https:\/\/www.visit-ulcinj.com\/blog\/wp-json\/wp\/v2\/types\/post"}],"author":[{"embeddable":true,"href":"https:\/\/www.visit-ulcinj.com\/blog\/wp-json\/wp\/v2\/users\/1"}],"replies":[{"embeddable":true,"href":"https:\/\/www.visit-ulcinj.com\/blog\/wp-json\/wp\/v2\/comments?post=74095"}],"version-history":[{"count":4,"href":"https:\/\/www.visit-ulcinj.com\/blog\/wp-json\/wp\/v2\/posts\/74095\/revisions"}],"predecessor-version":[{"id":74131,"href":"https:\/\/www.visit-ulcinj.com\/blog\/wp-json\/wp\/v2\/posts\/74095\/revisions\/74131"}],"wp:attachment":[{"href":"https:\/\/www.visit-ulcinj.com\/blog\/wp-json\/wp\/v2\/media?parent=74095"}],"wp:term":[{"taxonomy":"category","embeddable":true,"href":"https:\/\/www.visit-ulcinj.com\/blog\/wp-json\/wp\/v2\/categories?post=74095"},{"taxonomy":"post_tag","embeddable":true,"href":"https:\/\/www.visit-ulcinj.com\/blog\/wp-json\/wp\/v2\/tags?post=74095"}],"curies":[{"name":"wp","href":"https:\/\/api.w.org\/{rel}","templated":true}]}}