{"id":74100,"date":"2013-08-06T18:45:39","date_gmt":"2013-08-06T17:45:39","guid":{"rendered":"http:\/\/www.visit-ulcinj.com\/blog\/?p=74100"},"modified":"2013-08-06T18:45:39","modified_gmt":"2013-08-06T17:45:39","slug":"shqyrtimi-publik-i-projekt-planeve","status":"publish","type":"post","link":"https:\/\/www.visit-ulcinj.com\/blog\/2013\/08\/06\/shqyrtimi-publik-i-projekt-planeve\/","title":{"rendered":"SHQYRTIMI PUBLIK I PROJEKT PLANEVE"},"content":{"rendered":"<p><a href=\"http:\/\/www.visit-ulcinj.com\/blog\/wp-content\/uploads\/2013\/08\/plani-hapsinor-i-Ulqinit.jpg\"><img loading=\"lazy\" class=\"alignleft  wp-image-74101\" alt=\"plani-hapsinor-i-Ulqinit\" src=\"http:\/\/www.visit-ulcinj.com\/blog\/wp-content\/uploads\/2013\/08\/plani-hapsinor-i-Ulqinit.jpg\" width=\"508\" height=\"360\" \/><\/a><br \/>\n1. Ndrimet dhe plot\u00ebsimet p\u00ebr parcela t\u00eb caktuara urbanistike dhe katastrale n\u00eb kuad\u00ebr t\u00eb Ndrimeve dhe plot\u00ebsimeve t\u00eb planit detal urbanistik &#8220;Qyteti-Ulqin&#8221; p\u00ebr lokalitetin &#8220;Pinjesh 1&#8221; n\u00eb Ulqin,<\/p>\n<p>2. Ndrimet dhe plot\u00ebsimet p\u00ebr parcela t\u00eb caktuara urbanistike n\u00eb kuad\u00ebr t\u00eb Ndrimeve dhe plot\u00ebsimeve t\u00eb planit detal urbanistik &#8220;Qyteti-Ulqin&#8221; p\u00ebr lokalitetin &#8220;Pinjeh 2&#8221; n\u00eb Ulqin,<\/p>\n<p>3. Ndrimet dhe plot\u00ebsimet p\u00ebr parcela t\u00eb caktuara urbanistike n\u00eb kuad\u00ebr t\u00eb Ndrimeve dhe plot\u00ebsimeve t\u00eb planit detal urbanistik &#8220;Qyteti-Ulqin&#8221; p\u00ebr lokalitetin &#8220;Meraja 2&#8221; n\u00eb Ulqin,<\/p>\n<p>4. Ndrimet dhe plot\u00ebsimet p\u00ebr parcela t\u00eb caktuara urbanistike dhe katastrale n\u00eb kuad\u00ebr t\u00eb Ndrimeve dhe plot\u00ebsimeve t\u00eb planit detal urbanistik &#8220;Qyteti-Ulqin&#8221; p\u00ebr lokalitetin &#8220;Meterizi 1&#8221; n\u00eb Ulqin,<\/p>\n<p>5. Ndrimet dhe plot\u00ebsimet p\u00ebr parcela t\u00eb caktuara urbanistike dhe katastrale n\u00eb kuad\u00ebr t\u00eb Ndrimeve dhe plot\u00ebsimeve t\u00eb planit detal urbanistik &#8220;Qyteti-Ulqin&#8221; p\u00ebr lokalitetin &#8220;Rana&#8221; n\u00eb Ulqin,<\/p>\n<p>6. Ndrimet dhe plot\u00ebsimet e Ndrimeve dhe plot\u00ebsimeve t\u00eb planit<br \/>\nGjeneral urbanistik Ulqin p\u00ebr lokalitetet: Pinjesh, Kepi Gjeranave<br \/>\n\u2013 Port Milena, Gjerana 2, Fusha e Ulqinit, Kodra dhe nj\u00eb pjes\u00eb e<br \/>\nZogajve n\u00eb Ulqin dhe<\/p>\n<p>7. Ndrimet dhe plot\u00ebsimet e planit Detal urbanistik &#8221; Fusha e Ulqinit&#8221; n\u00eb<br \/>\nkuad\u00ebr t\u00eb parcelave urbanistike nr.47, 48, 49 dhe rrug\u00ebs s\u00eb planifikuar (bulevardit) n\u00eb Ulqin<\/p>\n<p>&#8211; Prezantimi i Projekt\u00eb Planeve me q\u00ebllim t\u00eb shikimit publik t\u00eb t\u00eb interesuarve do t\u00eb jet\u00eb n\u00eb sall\u00ebn e vog\u00ebl t\u00eb Komun\u00ebs s\u00eb Ulqinit n\u00eb katin e I (par\u00eb).<br \/>\n&#8211; Shikimi n\u00eb Projekt Plane t\u00eb ekspozuar do t\u00eb b\u00ebhet \u00e7do dit\u00eb n\u00eb orarin 11,00 deri n\u00eb 14,00.<\/p>\n<p><strong>Sekretariati p\u00ebr planifikim hapsinor dhe zhvillim te qendrueshem<\/strong><\/p>\n<p><strong>\u00a0 \u00a0Arh. Valon Buzuku, inxh.dip<\/strong>l.<\/p>\n","protected":false},"excerpt":{"rendered":"<p>1. Ndrimet dhe plot\u00ebsimet p\u00ebr parcela t\u00eb caktuara urbanistike dhe katastrale n\u00eb kuad\u00ebr t\u00eb Ndrimeve dhe plot\u00ebsimeve t\u00eb planit detal urbanistik &#8220;Qyteti-Ulqin&#8221; p\u00ebr lokalitetin &#8220;Pinjesh 1&#8221; n\u00eb Ulqin, 2. Ndrimet dhe plot\u00ebsimet p\u00ebr parcela t\u00eb caktuara urbanistike n\u00eb kuad\u00ebr t\u00eb Ndrimeve dhe plot\u00ebsimeve t\u00eb planit detal urbanistik &#8220;Qyteti-Ulqin&#8221; p\u00ebr lokalitetin &#8220;Pinjeh 2&#8221; n\u00eb Ulqin, 3. [&hellip;]<\/p>\n","protected":false},"author":1,"featured_media":0,"comment_status":"closed","ping_status":"closed","sticky":false,"template":"","format":"standard","meta":{"spay_email":"","jetpack_publicize_message":"","jetpack_is_tweetstorm":false,"jetpack_publicize_feature_enabled":true},"categories":[12],"tags":[],"jetpack_publicize_connections":[],"yoast_head":"<!-- This site is optimized with the Yoast SEO plugin v19.1 - https:\/\/yoast.com\/wordpress\/plugins\/seo\/ -->\n<title>SHQYRTIMI PUBLIK I PROJEKT PLANEVE - Lajme nga Ulqini<\/title>\n<meta name=\"description\" content=\"1. Ndrimet dhe plot\u00ebsimet p\u00ebr parcela t\u00eb caktuara urbanistike dhe katastrale n\u00eb kuad\u00ebr t\u00eb Ndrimeve dhe plot\u00ebsimeve t\u00eb planit detal urbanistik\" \/>\n<meta name=\"robots\" content=\"index, follow, max-snippet:-1, max-image-preview:large, max-video-preview:-1\" \/>\n<link rel=\"canonical\" href=\"https:\/\/www.visit-ulcinj.com\/blog\/2013\/08\/06\/shqyrtimi-publik-i-projekt-planeve\/\" \/>\n<meta property=\"og:locale\" content=\"en_US\" \/>\n<meta property=\"og:type\" content=\"article\" \/>\n<meta property=\"og:title\" content=\"SHQYRTIMI PUBLIK I PROJEKT PLANEVE - Lajme nga Ulqini\" \/>\n<meta property=\"og:description\" content=\"1. Ndrimet dhe plot\u00ebsimet p\u00ebr parcela t\u00eb caktuara urbanistike dhe katastrale n\u00eb kuad\u00ebr t\u00eb Ndrimeve dhe plot\u00ebsimeve t\u00eb planit detal urbanistik\" \/>\n<meta property=\"og:url\" content=\"https:\/\/www.visit-ulcinj.com\/blog\/2013\/08\/06\/shqyrtimi-publik-i-projekt-planeve\/\" \/>\n<meta property=\"og:site_name\" content=\"Lajme nga Ulqini\" \/>\n<meta property=\"article:published_time\" content=\"2013-08-06T17:45:39+00:00\" \/>\n<meta property=\"og:image\" content=\"http:\/\/www.visit-ulcinj.com\/blog\/wp-content\/uploads\/2013\/08\/plani-hapsinor-i-Ulqinit.jpg\" \/>\n<meta name=\"twitter:label1\" content=\"Written by\" \/>\n\t<meta name=\"twitter:data1\" content=\"ulqini\" \/>\n\t<meta name=\"twitter:label2\" content=\"Est. reading time\" \/>\n\t<meta name=\"twitter:data2\" content=\"1 minute\" \/>\n<script type=\"application\/ld+json\" class=\"yoast-schema-graph\">{\"@context\":\"https:\/\/schema.org\",\"@graph\":[{\"@type\":\"WebSite\",\"@id\":\"https:\/\/www.visit-ulcinj.com\/blog\/#website\",\"url\":\"https:\/\/www.visit-ulcinj.com\/blog\/\",\"name\":\"Lajme nga Ulqini\",\"description\":\"Lajme,Vijesti,Ulqini,Ulqin,Crna Gora,Mali i Zi\",\"potentialAction\":[{\"@type\":\"SearchAction\",\"target\":{\"@type\":\"EntryPoint\",\"urlTemplate\":\"https:\/\/www.visit-ulcinj.com\/blog\/?s={search_term_string}\"},\"query-input\":\"required name=search_term_string\"}],\"inLanguage\":\"en-US\"},{\"@type\":\"ImageObject\",\"inLanguage\":\"en-US\",\"@id\":\"https:\/\/www.visit-ulcinj.com\/blog\/2013\/08\/06\/shqyrtimi-publik-i-projekt-planeve\/#primaryimage\",\"url\":\"https:\/\/www.visit-ulcinj.com\/blog\/wp-content\/uploads\/2013\/08\/plani-hapsinor-i-Ulqinit.jpg\",\"contentUrl\":\"https:\/\/www.visit-ulcinj.com\/blog\/wp-content\/uploads\/2013\/08\/plani-hapsinor-i-Ulqinit.jpg\",\"width\":831,\"height\":520},{\"@type\":\"WebPage\",\"@id\":\"https:\/\/www.visit-ulcinj.com\/blog\/2013\/08\/06\/shqyrtimi-publik-i-projekt-planeve\/#webpage\",\"url\":\"https:\/\/www.visit-ulcinj.com\/blog\/2013\/08\/06\/shqyrtimi-publik-i-projekt-planeve\/\",\"name\":\"SHQYRTIMI PUBLIK I PROJEKT PLANEVE - Lajme nga Ulqini\",\"isPartOf\":{\"@id\":\"https:\/\/www.visit-ulcinj.com\/blog\/#website\"},\"primaryImageOfPage\":{\"@id\":\"https:\/\/www.visit-ulcinj.com\/blog\/2013\/08\/06\/shqyrtimi-publik-i-projekt-planeve\/#primaryimage\"},\"datePublished\":\"2013-08-06T17:45:39+00:00\",\"dateModified\":\"2013-08-06T17:45:39+00:00\",\"author\":{\"@id\":\"https:\/\/www.visit-ulcinj.com\/blog\/#\/schema\/person\/dcab619c614d3038751c63bc2aadc06d\"},\"description\":\"1. Ndrimet dhe plot\u00ebsimet p\u00ebr parcela t\u00eb caktuara urbanistike dhe katastrale n\u00eb kuad\u00ebr t\u00eb Ndrimeve dhe plot\u00ebsimeve t\u00eb planit detal urbanistik\",\"breadcrumb\":{\"@id\":\"https:\/\/www.visit-ulcinj.com\/blog\/2013\/08\/06\/shqyrtimi-publik-i-projekt-planeve\/#breadcrumb\"},\"inLanguage\":\"en-US\",\"potentialAction\":[{\"@type\":\"ReadAction\",\"target\":[\"https:\/\/www.visit-ulcinj.com\/blog\/2013\/08\/06\/shqyrtimi-publik-i-projekt-planeve\/\"]}]},{\"@type\":\"BreadcrumbList\",\"@id\":\"https:\/\/www.visit-ulcinj.com\/blog\/2013\/08\/06\/shqyrtimi-publik-i-projekt-planeve\/#breadcrumb\",\"itemListElement\":[{\"@type\":\"ListItem\",\"position\":1,\"name\":\"SHQYRTIMI PUBLIK I PROJEKT PLANEVE\"}]},{\"@type\":\"Person\",\"@id\":\"https:\/\/www.visit-ulcinj.com\/blog\/#\/schema\/person\/dcab619c614d3038751c63bc2aadc06d\",\"name\":\"ulqini\",\"sameAs\":[\"http:\/\/www.visit-ulcinj.com\"],\"url\":\"https:\/\/www.visit-ulcinj.com\/blog\/author\/admin\/\"}]}<\/script>\n<!-- \/ Yoast SEO plugin. -->","yoast_head_json":{"title":"SHQYRTIMI PUBLIK I PROJEKT PLANEVE - Lajme nga Ulqini","description":"1. Ndrimet dhe plot\u00ebsimet p\u00ebr parcela t\u00eb caktuara urbanistike dhe katastrale n\u00eb kuad\u00ebr t\u00eb Ndrimeve dhe plot\u00ebsimeve t\u00eb planit detal urbanistik","robots":{"index":"index","follow":"follow","max-snippet":"max-snippet:-1","max-image-preview":"max-image-preview:large","max-video-preview":"max-video-preview:-1"},"canonical":"https:\/\/www.visit-ulcinj.com\/blog\/2013\/08\/06\/shqyrtimi-publik-i-projekt-planeve\/","og_locale":"en_US","og_type":"article","og_title":"SHQYRTIMI PUBLIK I PROJEKT PLANEVE - Lajme nga Ulqini","og_description":"1. Ndrimet dhe plot\u00ebsimet p\u00ebr parcela t\u00eb caktuara urbanistike dhe katastrale n\u00eb kuad\u00ebr t\u00eb Ndrimeve dhe plot\u00ebsimeve t\u00eb planit detal urbanistik","og_url":"https:\/\/www.visit-ulcinj.com\/blog\/2013\/08\/06\/shqyrtimi-publik-i-projekt-planeve\/","og_site_name":"Lajme nga Ulqini","article_published_time":"2013-08-06T17:45:39+00:00","og_image":[{"url":"http:\/\/www.visit-ulcinj.com\/blog\/wp-content\/uploads\/2013\/08\/plani-hapsinor-i-Ulqinit.jpg"}],"twitter_misc":{"Written by":"ulqini","Est. reading time":"1 minute"},"schema":{"@context":"https:\/\/schema.org","@graph":[{"@type":"WebSite","@id":"https:\/\/www.visit-ulcinj.com\/blog\/#website","url":"https:\/\/www.visit-ulcinj.com\/blog\/","name":"Lajme nga Ulqini","description":"Lajme,Vijesti,Ulqini,Ulqin,Crna Gora,Mali i Zi","potentialAction":[{"@type":"SearchAction","target":{"@type":"EntryPoint","urlTemplate":"https:\/\/www.visit-ulcinj.com\/blog\/?s={search_term_string}"},"query-input":"required name=search_term_string"}],"inLanguage":"en-US"},{"@type":"ImageObject","inLanguage":"en-US","@id":"https:\/\/www.visit-ulcinj.com\/blog\/2013\/08\/06\/shqyrtimi-publik-i-projekt-planeve\/#primaryimage","url":"https:\/\/www.visit-ulcinj.com\/blog\/wp-content\/uploads\/2013\/08\/plani-hapsinor-i-Ulqinit.jpg","contentUrl":"https:\/\/www.visit-ulcinj.com\/blog\/wp-content\/uploads\/2013\/08\/plani-hapsinor-i-Ulqinit.jpg","width":831,"height":520},{"@type":"WebPage","@id":"https:\/\/www.visit-ulcinj.com\/blog\/2013\/08\/06\/shqyrtimi-publik-i-projekt-planeve\/#webpage","url":"https:\/\/www.visit-ulcinj.com\/blog\/2013\/08\/06\/shqyrtimi-publik-i-projekt-planeve\/","name":"SHQYRTIMI PUBLIK I PROJEKT PLANEVE - Lajme nga Ulqini","isPartOf":{"@id":"https:\/\/www.visit-ulcinj.com\/blog\/#website"},"primaryImageOfPage":{"@id":"https:\/\/www.visit-ulcinj.com\/blog\/2013\/08\/06\/shqyrtimi-publik-i-projekt-planeve\/#primaryimage"},"datePublished":"2013-08-06T17:45:39+00:00","dateModified":"2013-08-06T17:45:39+00:00","author":{"@id":"https:\/\/www.visit-ulcinj.com\/blog\/#\/schema\/person\/dcab619c614d3038751c63bc2aadc06d"},"description":"1. Ndrimet dhe plot\u00ebsimet p\u00ebr parcela t\u00eb caktuara urbanistike dhe katastrale n\u00eb kuad\u00ebr t\u00eb Ndrimeve dhe plot\u00ebsimeve t\u00eb planit detal urbanistik","breadcrumb":{"@id":"https:\/\/www.visit-ulcinj.com\/blog\/2013\/08\/06\/shqyrtimi-publik-i-projekt-planeve\/#breadcrumb"},"inLanguage":"en-US","potentialAction":[{"@type":"ReadAction","target":["https:\/\/www.visit-ulcinj.com\/blog\/2013\/08\/06\/shqyrtimi-publik-i-projekt-planeve\/"]}]},{"@type":"BreadcrumbList","@id":"https:\/\/www.visit-ulcinj.com\/blog\/2013\/08\/06\/shqyrtimi-publik-i-projekt-planeve\/#breadcrumb","itemListElement":[{"@type":"ListItem","position":1,"name":"SHQYRTIMI PUBLIK I PROJEKT PLANEVE"}]},{"@type":"Person","@id":"https:\/\/www.visit-ulcinj.com\/blog\/#\/schema\/person\/dcab619c614d3038751c63bc2aadc06d","name":"ulqini","sameAs":["http:\/\/www.visit-ulcinj.com"],"url":"https:\/\/www.visit-ulcinj.com\/blog\/author\/admin\/"}]}},"jetpack_featured_media_url":"","jetpack_sharing_enabled":true,"jetpack_shortlink":"https:\/\/wp.me\/pe6lTn-jha","_links":{"self":[{"href":"https:\/\/www.visit-ulcinj.com\/blog\/wp-json\/wp\/v2\/posts\/74100"}],"collection":[{"href":"https:\/\/www.visit-ulcinj.com\/blog\/wp-json\/wp\/v2\/posts"}],"about":[{"href":"https:\/\/www.visit-ulcinj.com\/blog\/wp-json\/wp\/v2\/types\/post"}],"author":[{"embeddable":true,"href":"https:\/\/www.visit-ulcinj.com\/blog\/wp-json\/wp\/v2\/users\/1"}],"replies":[{"embeddable":true,"href":"https:\/\/www.visit-ulcinj.com\/blog\/wp-json\/wp\/v2\/comments?post=74100"}],"version-history":[{"count":1,"href":"https:\/\/www.visit-ulcinj.com\/blog\/wp-json\/wp\/v2\/posts\/74100\/revisions"}],"predecessor-version":[{"id":74102,"href":"https:\/\/www.visit-ulcinj.com\/blog\/wp-json\/wp\/v2\/posts\/74100\/revisions\/74102"}],"wp:attachment":[{"href":"https:\/\/www.visit-ulcinj.com\/blog\/wp-json\/wp\/v2\/media?parent=74100"}],"wp:term":[{"taxonomy":"category","embeddable":true,"href":"https:\/\/www.visit-ulcinj.com\/blog\/wp-json\/wp\/v2\/categories?post=74100"},{"taxonomy":"post_tag","embeddable":true,"href":"https:\/\/www.visit-ulcinj.com\/blog\/wp-json\/wp\/v2\/tags?post=74100"}],"curies":[{"name":"wp","href":"https:\/\/api.w.org\/{rel}","templated":true}]}}