{"id":74115,"date":"2013-08-07T15:19:25","date_gmt":"2013-08-07T14:19:25","guid":{"rendered":"http:\/\/www.visit-ulcinj.com\/blog\/?p=74115"},"modified":"2013-08-07T15:19:45","modified_gmt":"2013-08-07T14:19:45","slug":"abazovic-silovanje-demokratije","status":"publish","type":"post","link":"https:\/\/www.visit-ulcinj.com\/blog\/2013\/08\/07\/abazovic-silovanje-demokratije\/","title":{"rendered":"Abazovic: Silovanje demokratije"},"content":{"rendered":"<p><a href=\"http:\/\/www.visit-ulcinj.com\/blog\/wp-content\/uploads\/2013\/04\/abazovic.jpg\"><img loading=\"lazy\" class=\"alignleft  wp-image-70533\" alt=\"abazovic\" src=\"http:\/\/www.visit-ulcinj.com\/blog\/wp-content\/uploads\/2013\/04\/abazovic.jpg\" width=\"508\" height=\"350\" \/><\/a>Aktuelni politi\u010dko-ekonomski model je krahirao. Vlada ne pada, ona se raspada u najve\u0107im mukama i na teret gra\u0111ana. Stoga je bitno prekinuti ovo nedostojno i \u0161teto\u010dinsko dru\u0161tveno i politi\u010dko mrcvarenje koje je na sceni, raspustiti Skup\u0161tinu i raspisati nove izbore.<\/p>\n<p>U Crnoj Gori ve\u0107 dugi niz godina imamo na sceni klasi\u010dno simuliranje demokratije. No, ova faza politi\u010dke devijacije, usljed svoje metastaze, polako prelazi u jo\u0161 flagrantniji oblik izrugivanja narodne volje. Tako se simulicija pretvorila u silovanje.<\/p>\n<p>Kako druga\u010dije objasniti ovo \u0161to se posljednjih dana zbivalo na politi\u010dkoj sceni. Parlamentarna ve\u0107ina naprosto ne postoji, ona se svela na ad hoc ve\u0107inu. Brojni zna\u010dajni zakoni, izvje\u0161taji i odluke vi\u0161e ne mogu glatko pro\u0107i, a rebalans su br\u017ee bolje povukli kada su uvidjeli da ni za to nemaju potrebnu ve\u0107inu. Zaribala je glasa\u010dka ma\u0161inerija! Jedina radosna vijest iz politi\u010dkog \u017eivota Crne Gore je usvajanje ustavnih promjena, i to samo zbog jedne \u010dinjenice &#8211; \u0161to je dio opozicije evropski put Crne Gore stavio ispred nekorektnog i omalova\u017eavaju\u0107eg odnosa DPS-SDP koalicije, koja kao i uvijek brani svoj i isklju\u010divo svoj interes, bez pretjerane \u017eelje po pitanju punog konsenzusa.<\/p>\n<p>U \u010demu se ogleda silovanje demokrtije. Primjeri su brojni, ali pomenu\u0107emo samo neke aktuelne fenomene. Zar je mogu\u0107e govoriti o demokratiji u zemlji gdje se afera \u201eSnimak\u201c koja je otkrila lice i karakter re\u017eima, tretira kroz smje\u0161ni tehni\u010dki izvje\u0161taj? Gdje se najbitnije istrage otvaraju samo pod pritiskom me\u0111unarodnih zvani\u010dnika, medija ili civilnog sektora? U zemlji \u010diji je predsjednik dr\u017eave nelegalan i neligitiman, a Ustavni sud politi\u010dka loptica koju sme\u010diraju partneri u vlasti, i zemlja gdje se gra\u0111ani uredno zadu\u017euju kako bi pomagali biznise nekolicine ljudi koji vedre i obla\u010de dr\u017eavom. Zar je demokratska dr\u017eava ona gdje se ubijaju i tuku novinari, a dr\u017eavni list \u201ePobjeda\u201c, bestidno kr\u0161i Ustav i njegov \u010dlan 49. koji govori o slobodi \u0161tampe, izme\u0111u ostalog, i o pravu na odgovor. O kakvoj demokratiji govorimo kad vam vlasnici kazina i kladionica ne daju da uvedete porez na igre na sre\u0107u, a ta\u010dku dnevnog reda koja se ti\u010de njihovog problema stavljaju u rang najve\u0107ih problema sa kojim se Crna Gora suo\u010dava!? Pa \u0161ta ako je uveden porez od igara na sre\u0107u? Ako dijete mo\u017ee da odvoji 19% kad kupuje sladoled, za\u0161to ne bi i onaj ko upla\u0107uje tikete ili kupuje \u017eetone u kazinu? Ka\u017eu nema toga nigdje na svijetu. Mogu\u0107e. A ima li igdje na svijetu da se afere ovakvih razmjere ne osvijetle do kraja? Ima li igdje na svijetu da za 400 miliona duga niko ne odgovara? Ima li negdje na svijetu da \u010dovjek postavi kapiju na sred javnog puta i da napla\u0107uje prolaz,&#8230; itd? Teatar apsurda mo\u017ee biti beskona\u010dan, ali indiferentni odnos prema svemu tome mora kona\u010dno prestati.<\/p>\n<p>Nije samo dr\u017eavni parlament postao mjesto gdje se siluje demokratija. Primjeri postoje i na lokalnom nivou. U Ulcinju vladaju\u0107a partija ne \u017eeli da do\u0111e na sjednicu jer nisu sigurni da \u0107e pro\u0107i izvje\u0161taj gradona\u010delnika koji je odavno probio zakonski rok, te da \u0107e to kasnije izavati njegovu smjenu. Ka\u017eu Ramazan je toku, a gradona\u010delnik posti. Prona\u0107i transedentalnu vezu izme\u0111u svetog mjeseca Ramazana, religije i redovnog izvje\u0161taja o radu, jeste mogu\u0107e, ali je prili\u010dno nedostojno, jer se ovdje ne radi o nikavoj meditaciji. I u dr\u017eavnom parlamentu je bilo onih koji poste, pa su dolazili svaki dan i aktivno u\u010destvovali u njegovom radu, a u pojedinim danima radili i do pono\u0107i. Treba\u0107e da pro\u0111e samo jo\u0161 mnogo vremena dok ne shvatimo da javne funkcije i javni poslovi nisu privatna firma u koju do\u0111ete ako se naspavate, niti stvar li\u010dnog interesa, i da se ne treba izrugivati svakoj instituciji, jer se na taj na\u010din izrugujemo sebi i svome narodu.<\/p>\n<p>Ovakavo stanje je postalo neodr\u017eivo. Moramo ne\u0161to mijenjati! Mislim da u ovom trenutku postoji op\u0161ti dru\u0161tveni konsenzus kada je u pitanju konstatacija da ovako ne mo\u017ee dalje. Aktuelni politi\u010dko-ekonomski model je krahirao. Vlada ne pada, ona se raspada u najve\u0107im mukama i na teret gra\u0111ana. Stoga je bitno prekinuti ovo nedostojno i \u0161teto\u010dinsko dru\u0161tveno i politi\u010dko mrcvarenje koje je na sceni, raspustiti Skup\u0161tinu i raspisati nove izbore. Zakonom je predvi\u0111eno da za silovatelje nema amnestije, a silovateljima demokratije to nije bitno. Njima je ionako maksimalna kazna silazak sa vlasti!<\/p>\n<p>&nbsp;<\/p>\n<p><strong>Autor je magistar politi\u010dkih nauka i poslanik Pozitivne Crne Gore u Skup\u0161tini CG <\/strong><\/p>\n<p><strong>katakomba@hotmail.com<\/strong><\/p>\n<p><strong>Izvor: Vijesti Online<\/strong><\/p>\n","protected":false},"excerpt":{"rendered":"<p>Aktuelni politi\u010dko-ekonomski model je krahirao. Vlada ne pada, ona se raspada u najve\u0107im mukama i na teret gra\u0111ana. Stoga je bitno prekinuti ovo nedostojno i \u0161teto\u010dinsko dru\u0161tveno i politi\u010dko mrcvarenje koje je na sceni, raspustiti Skup\u0161tinu i raspisati nove izbore. U Crnoj Gori ve\u0107 dugi niz godina imamo na sceni klasi\u010dno simuliranje demokratije. No, ova [&hellip;]<\/p>\n","protected":false},"author":1,"featured_media":0,"comment_status":"closed","ping_status":"closed","sticky":false,"template":"","format":"standard","meta":{"spay_email":"","jetpack_publicize_message":"","jetpack_is_tweetstorm":false,"jetpack_publicize_feature_enabled":true},"categories":[8337],"tags":[],"jetpack_publicize_connections":[],"yoast_head":"<!-- This site is optimized with the Yoast SEO plugin v19.1 - https:\/\/yoast.com\/wordpress\/plugins\/seo\/ -->\n<title>Abazovic: Silovanje demokratije - Lajme nga Ulqini<\/title>\n<meta name=\"description\" content=\"Aktuelni politi\u010dko-ekonomski model je krahirao. Vlada ne pada, ona se raspada u najve\u0107im mukama i na teret gra\u0111ana. Stoga je bitno prekinuti ovo\" \/>\n<meta name=\"robots\" content=\"index, follow, max-snippet:-1, max-image-preview:large, max-video-preview:-1\" \/>\n<link rel=\"canonical\" href=\"https:\/\/www.visit-ulcinj.com\/blog\/2013\/08\/07\/abazovic-silovanje-demokratije\/\" \/>\n<meta property=\"og:locale\" content=\"en_US\" \/>\n<meta property=\"og:type\" content=\"article\" \/>\n<meta property=\"og:title\" content=\"Abazovic: Silovanje demokratije - Lajme nga Ulqini\" \/>\n<meta property=\"og:description\" content=\"Aktuelni politi\u010dko-ekonomski model je krahirao. Vlada ne pada, ona se raspada u najve\u0107im mukama i na teret gra\u0111ana. Stoga je bitno prekinuti ovo\" \/>\n<meta property=\"og:url\" content=\"https:\/\/www.visit-ulcinj.com\/blog\/2013\/08\/07\/abazovic-silovanje-demokratije\/\" \/>\n<meta property=\"og:site_name\" content=\"Lajme nga Ulqini\" \/>\n<meta property=\"article:published_time\" content=\"2013-08-07T14:19:25+00:00\" \/>\n<meta property=\"article:modified_time\" content=\"2013-08-07T14:19:45+00:00\" \/>\n<meta property=\"og:image\" content=\"http:\/\/www.visit-ulcinj.com\/blog\/wp-content\/uploads\/2013\/04\/abazovic.jpg\" \/>\n<meta name=\"twitter:label1\" content=\"Written by\" \/>\n\t<meta name=\"twitter:data1\" content=\"ulqini\" \/>\n\t<meta name=\"twitter:label2\" content=\"Est. reading time\" \/>\n\t<meta name=\"twitter:data2\" content=\"4 minutes\" \/>\n<script type=\"application\/ld+json\" class=\"yoast-schema-graph\">{\"@context\":\"https:\/\/schema.org\",\"@graph\":[{\"@type\":\"WebSite\",\"@id\":\"https:\/\/www.visit-ulcinj.com\/blog\/#website\",\"url\":\"https:\/\/www.visit-ulcinj.com\/blog\/\",\"name\":\"Lajme nga Ulqini\",\"description\":\"Lajme,Vijesti,Ulqini,Ulqin,Crna Gora,Mali i Zi\",\"potentialAction\":[{\"@type\":\"SearchAction\",\"target\":{\"@type\":\"EntryPoint\",\"urlTemplate\":\"https:\/\/www.visit-ulcinj.com\/blog\/?s={search_term_string}\"},\"query-input\":\"required name=search_term_string\"}],\"inLanguage\":\"en-US\"},{\"@type\":\"ImageObject\",\"inLanguage\":\"en-US\",\"@id\":\"https:\/\/www.visit-ulcinj.com\/blog\/2013\/08\/07\/abazovic-silovanje-demokratije\/#primaryimage\",\"url\":\"https:\/\/www.visit-ulcinj.com\/blog\/wp-content\/uploads\/2013\/04\/abazovic.jpg\",\"contentUrl\":\"https:\/\/www.visit-ulcinj.com\/blog\/wp-content\/uploads\/2013\/04\/abazovic.jpg\",\"width\":621,\"height\":358},{\"@type\":\"WebPage\",\"@id\":\"https:\/\/www.visit-ulcinj.com\/blog\/2013\/08\/07\/abazovic-silovanje-demokratije\/#webpage\",\"url\":\"https:\/\/www.visit-ulcinj.com\/blog\/2013\/08\/07\/abazovic-silovanje-demokratije\/\",\"name\":\"Abazovic: Silovanje demokratije - Lajme nga Ulqini\",\"isPartOf\":{\"@id\":\"https:\/\/www.visit-ulcinj.com\/blog\/#website\"},\"primaryImageOfPage\":{\"@id\":\"https:\/\/www.visit-ulcinj.com\/blog\/2013\/08\/07\/abazovic-silovanje-demokratije\/#primaryimage\"},\"datePublished\":\"2013-08-07T14:19:25+00:00\",\"dateModified\":\"2013-08-07T14:19:45+00:00\",\"author\":{\"@id\":\"https:\/\/www.visit-ulcinj.com\/blog\/#\/schema\/person\/dcab619c614d3038751c63bc2aadc06d\"},\"description\":\"Aktuelni politi\u010dko-ekonomski model je krahirao. Vlada ne pada, ona se raspada u najve\u0107im mukama i na teret gra\u0111ana. Stoga je bitno prekinuti ovo\",\"breadcrumb\":{\"@id\":\"https:\/\/www.visit-ulcinj.com\/blog\/2013\/08\/07\/abazovic-silovanje-demokratije\/#breadcrumb\"},\"inLanguage\":\"en-US\",\"potentialAction\":[{\"@type\":\"ReadAction\",\"target\":[\"https:\/\/www.visit-ulcinj.com\/blog\/2013\/08\/07\/abazovic-silovanje-demokratije\/\"]}]},{\"@type\":\"BreadcrumbList\",\"@id\":\"https:\/\/www.visit-ulcinj.com\/blog\/2013\/08\/07\/abazovic-silovanje-demokratije\/#breadcrumb\",\"itemListElement\":[{\"@type\":\"ListItem\",\"position\":1,\"name\":\"Abazovic: Silovanje demokratije\"}]},{\"@type\":\"Person\",\"@id\":\"https:\/\/www.visit-ulcinj.com\/blog\/#\/schema\/person\/dcab619c614d3038751c63bc2aadc06d\",\"name\":\"ulqini\",\"sameAs\":[\"http:\/\/www.visit-ulcinj.com\"],\"url\":\"https:\/\/www.visit-ulcinj.com\/blog\/author\/admin\/\"}]}<\/script>\n<!-- \/ Yoast SEO plugin. -->","yoast_head_json":{"title":"Abazovic: Silovanje demokratije - Lajme nga Ulqini","description":"Aktuelni politi\u010dko-ekonomski model je krahirao. Vlada ne pada, ona se raspada u najve\u0107im mukama i na teret gra\u0111ana. Stoga je bitno prekinuti ovo","robots":{"index":"index","follow":"follow","max-snippet":"max-snippet:-1","max-image-preview":"max-image-preview:large","max-video-preview":"max-video-preview:-1"},"canonical":"https:\/\/www.visit-ulcinj.com\/blog\/2013\/08\/07\/abazovic-silovanje-demokratije\/","og_locale":"en_US","og_type":"article","og_title":"Abazovic: Silovanje demokratije - Lajme nga Ulqini","og_description":"Aktuelni politi\u010dko-ekonomski model je krahirao. Vlada ne pada, ona se raspada u najve\u0107im mukama i na teret gra\u0111ana. Stoga je bitno prekinuti ovo","og_url":"https:\/\/www.visit-ulcinj.com\/blog\/2013\/08\/07\/abazovic-silovanje-demokratije\/","og_site_name":"Lajme nga Ulqini","article_published_time":"2013-08-07T14:19:25+00:00","article_modified_time":"2013-08-07T14:19:45+00:00","og_image":[{"url":"http:\/\/www.visit-ulcinj.com\/blog\/wp-content\/uploads\/2013\/04\/abazovic.jpg"}],"twitter_misc":{"Written by":"ulqini","Est. reading time":"4 minutes"},"schema":{"@context":"https:\/\/schema.org","@graph":[{"@type":"WebSite","@id":"https:\/\/www.visit-ulcinj.com\/blog\/#website","url":"https:\/\/www.visit-ulcinj.com\/blog\/","name":"Lajme nga Ulqini","description":"Lajme,Vijesti,Ulqini,Ulqin,Crna Gora,Mali i Zi","potentialAction":[{"@type":"SearchAction","target":{"@type":"EntryPoint","urlTemplate":"https:\/\/www.visit-ulcinj.com\/blog\/?s={search_term_string}"},"query-input":"required name=search_term_string"}],"inLanguage":"en-US"},{"@type":"ImageObject","inLanguage":"en-US","@id":"https:\/\/www.visit-ulcinj.com\/blog\/2013\/08\/07\/abazovic-silovanje-demokratije\/#primaryimage","url":"https:\/\/www.visit-ulcinj.com\/blog\/wp-content\/uploads\/2013\/04\/abazovic.jpg","contentUrl":"https:\/\/www.visit-ulcinj.com\/blog\/wp-content\/uploads\/2013\/04\/abazovic.jpg","width":621,"height":358},{"@type":"WebPage","@id":"https:\/\/www.visit-ulcinj.com\/blog\/2013\/08\/07\/abazovic-silovanje-demokratije\/#webpage","url":"https:\/\/www.visit-ulcinj.com\/blog\/2013\/08\/07\/abazovic-silovanje-demokratije\/","name":"Abazovic: Silovanje demokratije - Lajme nga Ulqini","isPartOf":{"@id":"https:\/\/www.visit-ulcinj.com\/blog\/#website"},"primaryImageOfPage":{"@id":"https:\/\/www.visit-ulcinj.com\/blog\/2013\/08\/07\/abazovic-silovanje-demokratije\/#primaryimage"},"datePublished":"2013-08-07T14:19:25+00:00","dateModified":"2013-08-07T14:19:45+00:00","author":{"@id":"https:\/\/www.visit-ulcinj.com\/blog\/#\/schema\/person\/dcab619c614d3038751c63bc2aadc06d"},"description":"Aktuelni politi\u010dko-ekonomski model je krahirao. Vlada ne pada, ona se raspada u najve\u0107im mukama i na teret gra\u0111ana. Stoga je bitno prekinuti ovo","breadcrumb":{"@id":"https:\/\/www.visit-ulcinj.com\/blog\/2013\/08\/07\/abazovic-silovanje-demokratije\/#breadcrumb"},"inLanguage":"en-US","potentialAction":[{"@type":"ReadAction","target":["https:\/\/www.visit-ulcinj.com\/blog\/2013\/08\/07\/abazovic-silovanje-demokratije\/"]}]},{"@type":"BreadcrumbList","@id":"https:\/\/www.visit-ulcinj.com\/blog\/2013\/08\/07\/abazovic-silovanje-demokratije\/#breadcrumb","itemListElement":[{"@type":"ListItem","position":1,"name":"Abazovic: Silovanje demokratije"}]},{"@type":"Person","@id":"https:\/\/www.visit-ulcinj.com\/blog\/#\/schema\/person\/dcab619c614d3038751c63bc2aadc06d","name":"ulqini","sameAs":["http:\/\/www.visit-ulcinj.com"],"url":"https:\/\/www.visit-ulcinj.com\/blog\/author\/admin\/"}]}},"jetpack_featured_media_url":"","jetpack_sharing_enabled":true,"jetpack_shortlink":"https:\/\/wp.me\/pe6lTn-jhp","_links":{"self":[{"href":"https:\/\/www.visit-ulcinj.com\/blog\/wp-json\/wp\/v2\/posts\/74115"}],"collection":[{"href":"https:\/\/www.visit-ulcinj.com\/blog\/wp-json\/wp\/v2\/posts"}],"about":[{"href":"https:\/\/www.visit-ulcinj.com\/blog\/wp-json\/wp\/v2\/types\/post"}],"author":[{"embeddable":true,"href":"https:\/\/www.visit-ulcinj.com\/blog\/wp-json\/wp\/v2\/users\/1"}],"replies":[{"embeddable":true,"href":"https:\/\/www.visit-ulcinj.com\/blog\/wp-json\/wp\/v2\/comments?post=74115"}],"version-history":[{"count":2,"href":"https:\/\/www.visit-ulcinj.com\/blog\/wp-json\/wp\/v2\/posts\/74115\/revisions"}],"predecessor-version":[{"id":74117,"href":"https:\/\/www.visit-ulcinj.com\/blog\/wp-json\/wp\/v2\/posts\/74115\/revisions\/74117"}],"wp:attachment":[{"href":"https:\/\/www.visit-ulcinj.com\/blog\/wp-json\/wp\/v2\/media?parent=74115"}],"wp:term":[{"taxonomy":"category","embeddable":true,"href":"https:\/\/www.visit-ulcinj.com\/blog\/wp-json\/wp\/v2\/categories?post=74115"},{"taxonomy":"post_tag","embeddable":true,"href":"https:\/\/www.visit-ulcinj.com\/blog\/wp-json\/wp\/v2\/tags?post=74115"}],"curies":[{"name":"wp","href":"https:\/\/api.w.org\/{rel}","templated":true}]}}