{"id":74118,"date":"2013-08-07T15:27:00","date_gmt":"2013-08-07T14:27:00","guid":{"rendered":"http:\/\/www.visit-ulcinj.com\/blog\/?p=74118"},"modified":"2013-08-07T15:27:00","modified_gmt":"2013-08-07T14:27:00","slug":"salaj-kalimera-poetike-embleme-kulturore-e-ulqinit","status":"publish","type":"post","link":"https:\/\/www.visit-ulcinj.com\/blog\/2013\/08\/07\/salaj-kalimera-poetike-embleme-kulturore-e-ulqinit\/","title":{"rendered":"Salaj: &#8220;Kalimera Poetike&#8221; , emblem\u00eb kulturore e Ulqinit"},"content":{"rendered":"<p><a href=\"http:\/\/www.visit-ulcinj.com\/blog\/wp-content\/uploads\/2013\/08\/Ali-Salaj.jpg\"><img loading=\"lazy\" class=\"alignleft  wp-image-74119\" alt=\"Ali-Salaj\" src=\"http:\/\/www.visit-ulcinj.com\/blog\/wp-content\/uploads\/2013\/08\/Ali-Salaj.jpg\" width=\"508\" height=\"360\" \/><\/a><strong>Foto: Ismet Karamanaga<\/strong><\/p>\n<p dir=\"ltr\"><strong>Ali Salaj<\/strong><\/p>\n<p dir=\"ltr\">&#8220;Kalimera Poetike&#8221; nisi si nj\u00eb veprimtari kulturore, e shtyr\u00eb nga k\u00ebrsh\u00ebria \u00a0intelektuale p\u00ebr ta gjall\u00ebruar artin T\u00eb nderuara zonja dhe zotrinj\u00eb, te nderuar mysafir\u00eb , t\u00eb nderuar pjes\u00ebmarr\u00ebs dhe let\u00ebrsin\u00eb \u00a0n\u00eb nj\u00eb provinc\u00eb t\u00eb bukur bregdetare, por shum\u00eb anemike n\u00eb aspektin kulturor.<\/p>\n<p dir=\"ltr\">Ajo nisi si nj\u00eb Or\u00eb letrare p\u00ebr tu transformuar ngadal\u00eb, por sigurt, n\u00eb nj\u00eb manifestim kulturor komb\u00ebtar dhe vazhdon t\u00eb marr\u00eb \u00a0fizionomin\u00eb e nj\u00eb ngjarjeje kulturore nd\u00ebrkomb\u00ebtare.<\/p>\n<p dir=\"ltr\">&#8220;Kalimera Poetike&#8221; nisi si nj\u00eb reaksion ndaj mend\u00ebsis\u00eb shp\u00ebrfill\u00ebse t\u00eb institucioneve publike dhe shtet\u00ebrore ndaj artit dhe kultur\u00ebs, shp\u00ebrfillje kjo q\u00eb gati e zbehu identitetin shqiptar n\u00eb Mal t\u00eb Zi.<\/p>\n<p dir=\"ltr\">Fillimisht Kalimera nisi si nj\u00eb Tavern\u00eb Poetike, e ideuar nga poeti yn\u00eb i ndjer\u00eb \u00a0Ali Podrimja , i cili kishte nj\u00eb dashuri t\u00eb ve\u00e7ant\u00eb p\u00ebr Ulqinin , p\u00ebr Detin dhe Kalan\u00eb e lasht\u00eb . N\u00eb k\u00ebt\u00eb Tavern\u00eb shoq\u00ebroheshini poet\u00ebt mysafir\u00eb dhe vend\u00ebs , t\u00eb cil\u00ebt thurnin vargje p\u00ebr detin e debatonin p\u00ebr fjal\u00ebn e shkruar.<\/p>\n<p dir=\"ltr\">N\u00eb 21 edicionet e &#8220;Kalimer\u00ebs Poetike&#8221; kan\u00eb \u00a0parakaluan penda t\u00eb njohura si Drit\u00ebro Agolli, Fatos Arapi, Enver Gjerqeku , Qerim Ujkani, \u00a0Xhuzepe Skiro di Maxho, Basri \u00c7apriqi, Zija \u00c7ela, Hajro Ulqinaku, Zuvdija Hoxhiq, Andrej Nikolaidis , Gilbert Beers etj., t\u00eb cil\u00ebt e kthyen k\u00ebt\u00eb ngjarje n\u00eb nj\u00eb fest\u00eb poetike apo n\u00eb nj\u00eb or\u00eb letrare akademike t\u00eb let\u00ebrsis\u00eb n\u00eb p\u00ebrgjith\u00ebsi.<\/p>\n<p dir=\"ltr\">Ligj\u00ebrimi p\u00ebr librin nxiti fluturimin e mendimit , fisnik\u00ebrin\u00eb e fjal\u00ebs dhe trazimin poetik. Ishin k\u00ebto, \u00a0si\u00e7 do t\u00eb thoshte shkrimtari Mehmet Kraja, \u00a0&#8220;marr\u00ebzit\u00eb e vogla t\u00eb let\u00ebrsis\u00eb&#8221;, t\u00eb cilat p\u00eblqehen jasht\u00eb mase.<\/p>\n<p dir=\"ltr\">&#8220;Kalimera Poetike&#8221; i p\u00ebrballoi sfidat e qarkullimit \u00a0e t\u00eb njohjes s\u00eb let\u00ebrsis\u00eb, dhe kjo ndodhi ashtu si\u00e7 u shprehej n\u00eb nj\u00eb koh\u00eb Ali Podrimja, se &#8220;N\u00eb Ulqin ekziston organizimi, njer\u00ebzit, vullneti dhe d\u00ebshira e vend\u00ebsve q\u00eb kultur\u00ebs shqiptare tia hapin zemr\u00ebn dhe ti ofrojn\u00eb mikpritje&#8221;.<\/p>\n<p dir=\"ltr\">&#8220;Kalimera Poetike&#8221; u kthye n\u00eb nj\u00eb simbol dhe emblem\u00eb kulturore t\u00eb qytetit t\u00eb Ulqinit , e cila s\u00eb fundmi po shnd\u00ebrrohet n\u00eb nj\u00eb festival letrar nd\u00ebrkomb\u00ebtar. Me pjes\u00ebmarrjen e shkrimtarit slloven, Sllavko Pregl, edhe edicioni i sivjetsh\u00ebm \u00ebsht\u00eb vazhdim i realizimit t\u00eb k\u00ebtij synimi.<\/p>\n<p>&nbsp;<\/p>\n","protected":false},"excerpt":{"rendered":"<p>Foto: Ismet Karamanaga Ali Salaj &#8220;Kalimera Poetike&#8221; nisi si nj\u00eb veprimtari kulturore, e shtyr\u00eb nga k\u00ebrsh\u00ebria \u00a0intelektuale p\u00ebr ta gjall\u00ebruar artin T\u00eb nderuara zonja dhe zotrinj\u00eb, te nderuar mysafir\u00eb , t\u00eb nderuar pjes\u00ebmarr\u00ebs dhe let\u00ebrsin\u00eb \u00a0n\u00eb nj\u00eb provinc\u00eb t\u00eb bukur bregdetare, por shum\u00eb anemike n\u00eb aspektin kulturor. Ajo nisi si nj\u00eb Or\u00eb letrare p\u00ebr tu [&hellip;]<\/p>\n","protected":false},"author":1,"featured_media":0,"comment_status":"closed","ping_status":"closed","sticky":false,"template":"","format":"standard","meta":{"spay_email":"","jetpack_publicize_message":"","jetpack_is_tweetstorm":false,"jetpack_publicize_feature_enabled":true},"categories":[4],"tags":[],"jetpack_publicize_connections":[],"yoast_head":"<!-- This site is optimized with the Yoast SEO plugin v19.1 - https:\/\/yoast.com\/wordpress\/plugins\/seo\/ -->\n<title>Salaj: &quot;Kalimera Poetike&quot; , emblem\u00eb kulturore e Ulqinit - Lajme nga Ulqini<\/title>\n<meta name=\"description\" content=\"Foto: Ismet Karamanaga Ali Salaj &quot;Kalimera Poetike&quot; nisi si nj\u00eb veprimtari kulturore, e shtyr\u00eb nga k\u00ebrsh\u00ebria \u00a0intelektuale p\u00ebr ta gjall\u00ebruar artin T\u00eb\" \/>\n<meta name=\"robots\" content=\"index, follow, max-snippet:-1, max-image-preview:large, max-video-preview:-1\" \/>\n<link rel=\"canonical\" href=\"https:\/\/www.visit-ulcinj.com\/blog\/2013\/08\/07\/salaj-kalimera-poetike-embleme-kulturore-e-ulqinit\/\" \/>\n<meta property=\"og:locale\" content=\"en_US\" \/>\n<meta property=\"og:type\" content=\"article\" \/>\n<meta property=\"og:title\" content=\"Salaj: &quot;Kalimera Poetike&quot; , emblem\u00eb kulturore e Ulqinit - Lajme nga Ulqini\" \/>\n<meta property=\"og:description\" content=\"Foto: Ismet Karamanaga Ali Salaj &quot;Kalimera Poetike&quot; nisi si nj\u00eb veprimtari kulturore, e shtyr\u00eb nga k\u00ebrsh\u00ebria \u00a0intelektuale p\u00ebr ta gjall\u00ebruar artin T\u00eb\" \/>\n<meta property=\"og:url\" content=\"https:\/\/www.visit-ulcinj.com\/blog\/2013\/08\/07\/salaj-kalimera-poetike-embleme-kulturore-e-ulqinit\/\" \/>\n<meta property=\"og:site_name\" content=\"Lajme nga Ulqini\" \/>\n<meta property=\"article:published_time\" content=\"2013-08-07T14:27:00+00:00\" \/>\n<meta property=\"og:image\" content=\"http:\/\/www.visit-ulcinj.com\/blog\/wp-content\/uploads\/2013\/08\/Ali-Salaj.jpg\" \/>\n<meta name=\"twitter:label1\" content=\"Written by\" \/>\n\t<meta name=\"twitter:data1\" content=\"ulqini\" \/>\n\t<meta name=\"twitter:label2\" content=\"Est. reading time\" \/>\n\t<meta name=\"twitter:data2\" content=\"2 minutes\" \/>\n<script type=\"application\/ld+json\" class=\"yoast-schema-graph\">{\"@context\":\"https:\/\/schema.org\",\"@graph\":[{\"@type\":\"WebSite\",\"@id\":\"https:\/\/www.visit-ulcinj.com\/blog\/#website\",\"url\":\"https:\/\/www.visit-ulcinj.com\/blog\/\",\"name\":\"Lajme nga Ulqini\",\"description\":\"Lajme,Vijesti,Ulqini,Ulqin,Crna Gora,Mali i Zi\",\"potentialAction\":[{\"@type\":\"SearchAction\",\"target\":{\"@type\":\"EntryPoint\",\"urlTemplate\":\"https:\/\/www.visit-ulcinj.com\/blog\/?s={search_term_string}\"},\"query-input\":\"required name=search_term_string\"}],\"inLanguage\":\"en-US\"},{\"@type\":\"ImageObject\",\"inLanguage\":\"en-US\",\"@id\":\"https:\/\/www.visit-ulcinj.com\/blog\/2013\/08\/07\/salaj-kalimera-poetike-embleme-kulturore-e-ulqinit\/#primaryimage\",\"url\":\"https:\/\/www.visit-ulcinj.com\/blog\/wp-content\/uploads\/2013\/08\/Ali-Salaj.jpg\",\"contentUrl\":\"https:\/\/www.visit-ulcinj.com\/blog\/wp-content\/uploads\/2013\/08\/Ali-Salaj.jpg\",\"width\":960,\"height\":720},{\"@type\":\"WebPage\",\"@id\":\"https:\/\/www.visit-ulcinj.com\/blog\/2013\/08\/07\/salaj-kalimera-poetike-embleme-kulturore-e-ulqinit\/#webpage\",\"url\":\"https:\/\/www.visit-ulcinj.com\/blog\/2013\/08\/07\/salaj-kalimera-poetike-embleme-kulturore-e-ulqinit\/\",\"name\":\"Salaj: \\\"Kalimera Poetike\\\" , emblem\u00eb kulturore e Ulqinit - Lajme nga Ulqini\",\"isPartOf\":{\"@id\":\"https:\/\/www.visit-ulcinj.com\/blog\/#website\"},\"primaryImageOfPage\":{\"@id\":\"https:\/\/www.visit-ulcinj.com\/blog\/2013\/08\/07\/salaj-kalimera-poetike-embleme-kulturore-e-ulqinit\/#primaryimage\"},\"datePublished\":\"2013-08-07T14:27:00+00:00\",\"dateModified\":\"2013-08-07T14:27:00+00:00\",\"author\":{\"@id\":\"https:\/\/www.visit-ulcinj.com\/blog\/#\/schema\/person\/dcab619c614d3038751c63bc2aadc06d\"},\"description\":\"Foto: Ismet Karamanaga Ali Salaj \\\"Kalimera Poetike\\\" nisi si nj\u00eb veprimtari kulturore, e shtyr\u00eb nga k\u00ebrsh\u00ebria \u00a0intelektuale p\u00ebr ta gjall\u00ebruar artin T\u00eb\",\"breadcrumb\":{\"@id\":\"https:\/\/www.visit-ulcinj.com\/blog\/2013\/08\/07\/salaj-kalimera-poetike-embleme-kulturore-e-ulqinit\/#breadcrumb\"},\"inLanguage\":\"en-US\",\"potentialAction\":[{\"@type\":\"ReadAction\",\"target\":[\"https:\/\/www.visit-ulcinj.com\/blog\/2013\/08\/07\/salaj-kalimera-poetike-embleme-kulturore-e-ulqinit\/\"]}]},{\"@type\":\"BreadcrumbList\",\"@id\":\"https:\/\/www.visit-ulcinj.com\/blog\/2013\/08\/07\/salaj-kalimera-poetike-embleme-kulturore-e-ulqinit\/#breadcrumb\",\"itemListElement\":[{\"@type\":\"ListItem\",\"position\":1,\"name\":\"Salaj: &#8220;Kalimera Poetike&#8221; , emblem\u00eb kulturore e Ulqinit\"}]},{\"@type\":\"Person\",\"@id\":\"https:\/\/www.visit-ulcinj.com\/blog\/#\/schema\/person\/dcab619c614d3038751c63bc2aadc06d\",\"name\":\"ulqini\",\"sameAs\":[\"http:\/\/www.visit-ulcinj.com\"],\"url\":\"https:\/\/www.visit-ulcinj.com\/blog\/author\/admin\/\"}]}<\/script>\n<!-- \/ Yoast SEO plugin. -->","yoast_head_json":{"title":"Salaj: \"Kalimera Poetike\" , emblem\u00eb kulturore e Ulqinit - Lajme nga Ulqini","description":"Foto: Ismet Karamanaga Ali Salaj \"Kalimera Poetike\" nisi si nj\u00eb veprimtari kulturore, e shtyr\u00eb nga k\u00ebrsh\u00ebria \u00a0intelektuale p\u00ebr ta gjall\u00ebruar artin T\u00eb","robots":{"index":"index","follow":"follow","max-snippet":"max-snippet:-1","max-image-preview":"max-image-preview:large","max-video-preview":"max-video-preview:-1"},"canonical":"https:\/\/www.visit-ulcinj.com\/blog\/2013\/08\/07\/salaj-kalimera-poetike-embleme-kulturore-e-ulqinit\/","og_locale":"en_US","og_type":"article","og_title":"Salaj: \"Kalimera Poetike\" , emblem\u00eb kulturore e Ulqinit - Lajme nga Ulqini","og_description":"Foto: Ismet Karamanaga Ali Salaj \"Kalimera Poetike\" nisi si nj\u00eb veprimtari kulturore, e shtyr\u00eb nga k\u00ebrsh\u00ebria \u00a0intelektuale p\u00ebr ta gjall\u00ebruar artin T\u00eb","og_url":"https:\/\/www.visit-ulcinj.com\/blog\/2013\/08\/07\/salaj-kalimera-poetike-embleme-kulturore-e-ulqinit\/","og_site_name":"Lajme nga Ulqini","article_published_time":"2013-08-07T14:27:00+00:00","og_image":[{"url":"http:\/\/www.visit-ulcinj.com\/blog\/wp-content\/uploads\/2013\/08\/Ali-Salaj.jpg"}],"twitter_misc":{"Written by":"ulqini","Est. reading time":"2 minutes"},"schema":{"@context":"https:\/\/schema.org","@graph":[{"@type":"WebSite","@id":"https:\/\/www.visit-ulcinj.com\/blog\/#website","url":"https:\/\/www.visit-ulcinj.com\/blog\/","name":"Lajme nga Ulqini","description":"Lajme,Vijesti,Ulqini,Ulqin,Crna Gora,Mali i Zi","potentialAction":[{"@type":"SearchAction","target":{"@type":"EntryPoint","urlTemplate":"https:\/\/www.visit-ulcinj.com\/blog\/?s={search_term_string}"},"query-input":"required name=search_term_string"}],"inLanguage":"en-US"},{"@type":"ImageObject","inLanguage":"en-US","@id":"https:\/\/www.visit-ulcinj.com\/blog\/2013\/08\/07\/salaj-kalimera-poetike-embleme-kulturore-e-ulqinit\/#primaryimage","url":"https:\/\/www.visit-ulcinj.com\/blog\/wp-content\/uploads\/2013\/08\/Ali-Salaj.jpg","contentUrl":"https:\/\/www.visit-ulcinj.com\/blog\/wp-content\/uploads\/2013\/08\/Ali-Salaj.jpg","width":960,"height":720},{"@type":"WebPage","@id":"https:\/\/www.visit-ulcinj.com\/blog\/2013\/08\/07\/salaj-kalimera-poetike-embleme-kulturore-e-ulqinit\/#webpage","url":"https:\/\/www.visit-ulcinj.com\/blog\/2013\/08\/07\/salaj-kalimera-poetike-embleme-kulturore-e-ulqinit\/","name":"Salaj: \"Kalimera Poetike\" , emblem\u00eb kulturore e Ulqinit - Lajme nga Ulqini","isPartOf":{"@id":"https:\/\/www.visit-ulcinj.com\/blog\/#website"},"primaryImageOfPage":{"@id":"https:\/\/www.visit-ulcinj.com\/blog\/2013\/08\/07\/salaj-kalimera-poetike-embleme-kulturore-e-ulqinit\/#primaryimage"},"datePublished":"2013-08-07T14:27:00+00:00","dateModified":"2013-08-07T14:27:00+00:00","author":{"@id":"https:\/\/www.visit-ulcinj.com\/blog\/#\/schema\/person\/dcab619c614d3038751c63bc2aadc06d"},"description":"Foto: Ismet Karamanaga Ali Salaj \"Kalimera Poetike\" nisi si nj\u00eb veprimtari kulturore, e shtyr\u00eb nga k\u00ebrsh\u00ebria \u00a0intelektuale p\u00ebr ta gjall\u00ebruar artin T\u00eb","breadcrumb":{"@id":"https:\/\/www.visit-ulcinj.com\/blog\/2013\/08\/07\/salaj-kalimera-poetike-embleme-kulturore-e-ulqinit\/#breadcrumb"},"inLanguage":"en-US","potentialAction":[{"@type":"ReadAction","target":["https:\/\/www.visit-ulcinj.com\/blog\/2013\/08\/07\/salaj-kalimera-poetike-embleme-kulturore-e-ulqinit\/"]}]},{"@type":"BreadcrumbList","@id":"https:\/\/www.visit-ulcinj.com\/blog\/2013\/08\/07\/salaj-kalimera-poetike-embleme-kulturore-e-ulqinit\/#breadcrumb","itemListElement":[{"@type":"ListItem","position":1,"name":"Salaj: &#8220;Kalimera Poetike&#8221; , emblem\u00eb kulturore e Ulqinit"}]},{"@type":"Person","@id":"https:\/\/www.visit-ulcinj.com\/blog\/#\/schema\/person\/dcab619c614d3038751c63bc2aadc06d","name":"ulqini","sameAs":["http:\/\/www.visit-ulcinj.com"],"url":"https:\/\/www.visit-ulcinj.com\/blog\/author\/admin\/"}]}},"jetpack_featured_media_url":"","jetpack_sharing_enabled":true,"jetpack_shortlink":"https:\/\/wp.me\/pe6lTn-jhs","_links":{"self":[{"href":"https:\/\/www.visit-ulcinj.com\/blog\/wp-json\/wp\/v2\/posts\/74118"}],"collection":[{"href":"https:\/\/www.visit-ulcinj.com\/blog\/wp-json\/wp\/v2\/posts"}],"about":[{"href":"https:\/\/www.visit-ulcinj.com\/blog\/wp-json\/wp\/v2\/types\/post"}],"author":[{"embeddable":true,"href":"https:\/\/www.visit-ulcinj.com\/blog\/wp-json\/wp\/v2\/users\/1"}],"replies":[{"embeddable":true,"href":"https:\/\/www.visit-ulcinj.com\/blog\/wp-json\/wp\/v2\/comments?post=74118"}],"version-history":[{"count":1,"href":"https:\/\/www.visit-ulcinj.com\/blog\/wp-json\/wp\/v2\/posts\/74118\/revisions"}],"predecessor-version":[{"id":74120,"href":"https:\/\/www.visit-ulcinj.com\/blog\/wp-json\/wp\/v2\/posts\/74118\/revisions\/74120"}],"wp:attachment":[{"href":"https:\/\/www.visit-ulcinj.com\/blog\/wp-json\/wp\/v2\/media?parent=74118"}],"wp:term":[{"taxonomy":"category","embeddable":true,"href":"https:\/\/www.visit-ulcinj.com\/blog\/wp-json\/wp\/v2\/categories?post=74118"},{"taxonomy":"post_tag","embeddable":true,"href":"https:\/\/www.visit-ulcinj.com\/blog\/wp-json\/wp\/v2\/tags?post=74118"}],"curies":[{"name":"wp","href":"https:\/\/api.w.org\/{rel}","templated":true}]}}