{"id":74133,"date":"2013-08-07T21:37:46","date_gmt":"2013-08-07T20:37:46","guid":{"rendered":"http:\/\/www.visit-ulcinj.com\/blog\/?p=74133"},"modified":"2013-08-07T21:37:46","modified_gmt":"2013-08-07T20:37:46","slug":"ppd-ja-urime-per-festen-fiter-bajram","status":"publish","type":"post","link":"https:\/\/www.visit-ulcinj.com\/blog\/2013\/08\/07\/ppd-ja-urime-per-festen-fiter-bajram\/","title":{"rendered":"PPD-ja: Urime p\u00ebr fest\u00ebn \u201cFit\u00ebr Bajram&#8221;"},"content":{"rendered":"<p><a href=\"http:\/\/www.visit-ulcinj.com\/blog\/wp-content\/uploads\/2011\/12\/Ali-Rexha_Lideri-i-PPD_se.jpg.1.jpg\"><img loading=\"lazy\" class=\"alignleft  wp-image-54826\" alt=\"Ali-Rexha_Lideri-i-PPD_se.jpg.1\" src=\"http:\/\/www.visit-ulcinj.com\/blog\/wp-content\/uploads\/2011\/12\/Ali-Rexha_Lideri-i-PPD_se.jpg.1.jpg\" width=\"508\" height=\"360\" \/><\/a><\/p>\n<p dir=\"ltr\">Ulqin, m\u00eb 7.08.2013<\/p>\n<p dir=\"ltr\" style=\"text-align: center;\"><strong>Urime p\u00ebr fest\u00ebn \u201cFit\u00ebr Bajram\u201e<\/strong><\/p>\n<p dir=\"ltr\">Urime fest\u00ebn e Fiter Bajramit, Lumturia, suksesi dhe paqja ju percjellt\u00eb n\u00eb jet\u00eb.<\/p>\n<p dir=\"ltr\">Bajrami \u00ebsht\u00eb dit\u00eb shp\u00ebrblimi, dit\u00eb g\u00ebzimi, dit\u00eb kremtimi dhe dit\u00eb pajtimi n\u00eb mes njer\u00ebzve.<\/p>\n<p>&nbsp;<\/p>\n<p dir=\"ltr\">Duke ju uruar Fiter Bajramin t\u00eb gjith\u00eb besimtar\u00ebve mysliman\u00eb, urojm\u00eb q\u00eb sakrificat, adhurimet dhe lutjet tuaja t\u00eb sinqerta, t\u00eb shp\u00ebrblehen me mir\u00ebsin\u00eb e Krijuesit t\u00eb Madh\u00ebrish\u00ebm.<\/p>\n<p>&nbsp;<\/p>\n<p dir=\"ltr\">Kryetari dhe Kryesia e Partis\u00eb s\u00eb Prosperitetit Demokratik.<\/p>\n<p>Kryetari, Ali Rexha<\/p>\n","protected":false},"excerpt":{"rendered":"<p>Ulqin, m\u00eb 7.08.2013 Urime p\u00ebr fest\u00ebn \u201cFit\u00ebr Bajram\u201e Urime fest\u00ebn e Fiter Bajramit, Lumturia, suksesi dhe paqja ju percjellt\u00eb n\u00eb jet\u00eb. Bajrami \u00ebsht\u00eb dit\u00eb shp\u00ebrblimi, dit\u00eb g\u00ebzimi, dit\u00eb kremtimi dhe dit\u00eb pajtimi n\u00eb mes njer\u00ebzve. &nbsp; Duke ju uruar Fiter Bajramin t\u00eb gjith\u00eb besimtar\u00ebve mysliman\u00eb, urojm\u00eb q\u00eb sakrificat, adhurimet dhe lutjet tuaja t\u00eb sinqerta, t\u00eb [&hellip;]<\/p>\n","protected":false},"author":1,"featured_media":0,"comment_status":"closed","ping_status":"closed","sticky":false,"template":"","format":"standard","meta":{"spay_email":"","jetpack_publicize_message":"","jetpack_is_tweetstorm":false,"jetpack_publicize_feature_enabled":true},"categories":[7],"tags":[],"jetpack_publicize_connections":[],"yoast_head":"<!-- This site is optimized with the Yoast SEO plugin v19.1 - https:\/\/yoast.com\/wordpress\/plugins\/seo\/ -->\n<title>PPD-ja: Urime p\u00ebr fest\u00ebn \u201cFit\u00ebr Bajram&quot; - Lajme nga Ulqini<\/title>\n<meta name=\"description\" content=\"Ulqin, m\u00eb 7.08.2013 Urime p\u00ebr fest\u00ebn \u201cFit\u00ebr Bajram\u201e Urime fest\u00ebn e Fiter Bajramit, Lumturia, suksesi dhe paqja ju percjellt\u00eb n\u00eb jet\u00eb. Bajrami \u00ebsht\u00eb dit\u00eb\" \/>\n<meta name=\"robots\" content=\"index, follow, max-snippet:-1, max-image-preview:large, max-video-preview:-1\" \/>\n<link rel=\"canonical\" href=\"https:\/\/www.visit-ulcinj.com\/blog\/2013\/08\/07\/ppd-ja-urime-per-festen-fiter-bajram\/\" \/>\n<meta property=\"og:locale\" content=\"en_US\" \/>\n<meta property=\"og:type\" content=\"article\" \/>\n<meta property=\"og:title\" content=\"PPD-ja: Urime p\u00ebr fest\u00ebn \u201cFit\u00ebr Bajram&quot; - Lajme nga Ulqini\" \/>\n<meta property=\"og:description\" content=\"Ulqin, m\u00eb 7.08.2013 Urime p\u00ebr fest\u00ebn \u201cFit\u00ebr Bajram\u201e Urime fest\u00ebn e Fiter Bajramit, Lumturia, suksesi dhe paqja ju percjellt\u00eb n\u00eb jet\u00eb. Bajrami \u00ebsht\u00eb dit\u00eb\" \/>\n<meta property=\"og:url\" content=\"https:\/\/www.visit-ulcinj.com\/blog\/2013\/08\/07\/ppd-ja-urime-per-festen-fiter-bajram\/\" \/>\n<meta property=\"og:site_name\" content=\"Lajme nga Ulqini\" \/>\n<meta property=\"article:published_time\" content=\"2013-08-07T20:37:46+00:00\" \/>\n<meta property=\"og:image\" content=\"http:\/\/www.visit-ulcinj.com\/blog\/wp-content\/uploads\/2011\/12\/Ali-Rexha_Lideri-i-PPD_se.jpg.1.jpg\" \/>\n<meta name=\"twitter:label1\" content=\"Written by\" \/>\n\t<meta name=\"twitter:data1\" content=\"ulqini\" \/>\n<script type=\"application\/ld+json\" class=\"yoast-schema-graph\">{\"@context\":\"https:\/\/schema.org\",\"@graph\":[{\"@type\":\"WebSite\",\"@id\":\"https:\/\/www.visit-ulcinj.com\/blog\/#website\",\"url\":\"https:\/\/www.visit-ulcinj.com\/blog\/\",\"name\":\"Lajme nga Ulqini\",\"description\":\"Lajme,Vijesti,Ulqini,Ulqin,Crna Gora,Mali i Zi\",\"potentialAction\":[{\"@type\":\"SearchAction\",\"target\":{\"@type\":\"EntryPoint\",\"urlTemplate\":\"https:\/\/www.visit-ulcinj.com\/blog\/?s={search_term_string}\"},\"query-input\":\"required name=search_term_string\"}],\"inLanguage\":\"en-US\"},{\"@type\":\"ImageObject\",\"inLanguage\":\"en-US\",\"@id\":\"https:\/\/www.visit-ulcinj.com\/blog\/2013\/08\/07\/ppd-ja-urime-per-festen-fiter-bajram\/#primaryimage\",\"url\":\"https:\/\/www.visit-ulcinj.com\/blog\/wp-content\/uploads\/2011\/12\/Ali-Rexha_Lideri-i-PPD_se.jpg.1.jpg\",\"contentUrl\":\"https:\/\/www.visit-ulcinj.com\/blog\/wp-content\/uploads\/2011\/12\/Ali-Rexha_Lideri-i-PPD_se.jpg.1.jpg\",\"width\":\"1024\",\"height\":\"768\"},{\"@type\":\"WebPage\",\"@id\":\"https:\/\/www.visit-ulcinj.com\/blog\/2013\/08\/07\/ppd-ja-urime-per-festen-fiter-bajram\/#webpage\",\"url\":\"https:\/\/www.visit-ulcinj.com\/blog\/2013\/08\/07\/ppd-ja-urime-per-festen-fiter-bajram\/\",\"name\":\"PPD-ja: Urime p\u00ebr fest\u00ebn \u201cFit\u00ebr Bajram\\\" - Lajme nga Ulqini\",\"isPartOf\":{\"@id\":\"https:\/\/www.visit-ulcinj.com\/blog\/#website\"},\"primaryImageOfPage\":{\"@id\":\"https:\/\/www.visit-ulcinj.com\/blog\/2013\/08\/07\/ppd-ja-urime-per-festen-fiter-bajram\/#primaryimage\"},\"datePublished\":\"2013-08-07T20:37:46+00:00\",\"dateModified\":\"2013-08-07T20:37:46+00:00\",\"author\":{\"@id\":\"https:\/\/www.visit-ulcinj.com\/blog\/#\/schema\/person\/dcab619c614d3038751c63bc2aadc06d\"},\"description\":\"Ulqin, m\u00eb 7.08.2013 Urime p\u00ebr fest\u00ebn \u201cFit\u00ebr Bajram\u201e Urime fest\u00ebn e Fiter Bajramit, Lumturia, suksesi dhe paqja ju percjellt\u00eb n\u00eb jet\u00eb. Bajrami \u00ebsht\u00eb dit\u00eb\",\"breadcrumb\":{\"@id\":\"https:\/\/www.visit-ulcinj.com\/blog\/2013\/08\/07\/ppd-ja-urime-per-festen-fiter-bajram\/#breadcrumb\"},\"inLanguage\":\"en-US\",\"potentialAction\":[{\"@type\":\"ReadAction\",\"target\":[\"https:\/\/www.visit-ulcinj.com\/blog\/2013\/08\/07\/ppd-ja-urime-per-festen-fiter-bajram\/\"]}]},{\"@type\":\"BreadcrumbList\",\"@id\":\"https:\/\/www.visit-ulcinj.com\/blog\/2013\/08\/07\/ppd-ja-urime-per-festen-fiter-bajram\/#breadcrumb\",\"itemListElement\":[{\"@type\":\"ListItem\",\"position\":1,\"name\":\"PPD-ja: Urime p\u00ebr fest\u00ebn \u201cFit\u00ebr Bajram&#8221;\"}]},{\"@type\":\"Person\",\"@id\":\"https:\/\/www.visit-ulcinj.com\/blog\/#\/schema\/person\/dcab619c614d3038751c63bc2aadc06d\",\"name\":\"ulqini\",\"sameAs\":[\"http:\/\/www.visit-ulcinj.com\"],\"url\":\"https:\/\/www.visit-ulcinj.com\/blog\/author\/admin\/\"}]}<\/script>\n<!-- \/ Yoast SEO plugin. -->","yoast_head_json":{"title":"PPD-ja: Urime p\u00ebr fest\u00ebn \u201cFit\u00ebr Bajram\" - Lajme nga Ulqini","description":"Ulqin, m\u00eb 7.08.2013 Urime p\u00ebr fest\u00ebn \u201cFit\u00ebr Bajram\u201e Urime fest\u00ebn e Fiter Bajramit, Lumturia, suksesi dhe paqja ju percjellt\u00eb n\u00eb jet\u00eb. Bajrami \u00ebsht\u00eb dit\u00eb","robots":{"index":"index","follow":"follow","max-snippet":"max-snippet:-1","max-image-preview":"max-image-preview:large","max-video-preview":"max-video-preview:-1"},"canonical":"https:\/\/www.visit-ulcinj.com\/blog\/2013\/08\/07\/ppd-ja-urime-per-festen-fiter-bajram\/","og_locale":"en_US","og_type":"article","og_title":"PPD-ja: Urime p\u00ebr fest\u00ebn \u201cFit\u00ebr Bajram\" - Lajme nga Ulqini","og_description":"Ulqin, m\u00eb 7.08.2013 Urime p\u00ebr fest\u00ebn \u201cFit\u00ebr Bajram\u201e Urime fest\u00ebn e Fiter Bajramit, Lumturia, suksesi dhe paqja ju percjellt\u00eb n\u00eb jet\u00eb. Bajrami \u00ebsht\u00eb dit\u00eb","og_url":"https:\/\/www.visit-ulcinj.com\/blog\/2013\/08\/07\/ppd-ja-urime-per-festen-fiter-bajram\/","og_site_name":"Lajme nga Ulqini","article_published_time":"2013-08-07T20:37:46+00:00","og_image":[{"url":"http:\/\/www.visit-ulcinj.com\/blog\/wp-content\/uploads\/2011\/12\/Ali-Rexha_Lideri-i-PPD_se.jpg.1.jpg"}],"twitter_misc":{"Written by":"ulqini"},"schema":{"@context":"https:\/\/schema.org","@graph":[{"@type":"WebSite","@id":"https:\/\/www.visit-ulcinj.com\/blog\/#website","url":"https:\/\/www.visit-ulcinj.com\/blog\/","name":"Lajme nga Ulqini","description":"Lajme,Vijesti,Ulqini,Ulqin,Crna Gora,Mali i Zi","potentialAction":[{"@type":"SearchAction","target":{"@type":"EntryPoint","urlTemplate":"https:\/\/www.visit-ulcinj.com\/blog\/?s={search_term_string}"},"query-input":"required name=search_term_string"}],"inLanguage":"en-US"},{"@type":"ImageObject","inLanguage":"en-US","@id":"https:\/\/www.visit-ulcinj.com\/blog\/2013\/08\/07\/ppd-ja-urime-per-festen-fiter-bajram\/#primaryimage","url":"https:\/\/www.visit-ulcinj.com\/blog\/wp-content\/uploads\/2011\/12\/Ali-Rexha_Lideri-i-PPD_se.jpg.1.jpg","contentUrl":"https:\/\/www.visit-ulcinj.com\/blog\/wp-content\/uploads\/2011\/12\/Ali-Rexha_Lideri-i-PPD_se.jpg.1.jpg","width":"1024","height":"768"},{"@type":"WebPage","@id":"https:\/\/www.visit-ulcinj.com\/blog\/2013\/08\/07\/ppd-ja-urime-per-festen-fiter-bajram\/#webpage","url":"https:\/\/www.visit-ulcinj.com\/blog\/2013\/08\/07\/ppd-ja-urime-per-festen-fiter-bajram\/","name":"PPD-ja: Urime p\u00ebr fest\u00ebn \u201cFit\u00ebr Bajram\" - Lajme nga Ulqini","isPartOf":{"@id":"https:\/\/www.visit-ulcinj.com\/blog\/#website"},"primaryImageOfPage":{"@id":"https:\/\/www.visit-ulcinj.com\/blog\/2013\/08\/07\/ppd-ja-urime-per-festen-fiter-bajram\/#primaryimage"},"datePublished":"2013-08-07T20:37:46+00:00","dateModified":"2013-08-07T20:37:46+00:00","author":{"@id":"https:\/\/www.visit-ulcinj.com\/blog\/#\/schema\/person\/dcab619c614d3038751c63bc2aadc06d"},"description":"Ulqin, m\u00eb 7.08.2013 Urime p\u00ebr fest\u00ebn \u201cFit\u00ebr Bajram\u201e Urime fest\u00ebn e Fiter Bajramit, Lumturia, suksesi dhe paqja ju percjellt\u00eb n\u00eb jet\u00eb. Bajrami \u00ebsht\u00eb dit\u00eb","breadcrumb":{"@id":"https:\/\/www.visit-ulcinj.com\/blog\/2013\/08\/07\/ppd-ja-urime-per-festen-fiter-bajram\/#breadcrumb"},"inLanguage":"en-US","potentialAction":[{"@type":"ReadAction","target":["https:\/\/www.visit-ulcinj.com\/blog\/2013\/08\/07\/ppd-ja-urime-per-festen-fiter-bajram\/"]}]},{"@type":"BreadcrumbList","@id":"https:\/\/www.visit-ulcinj.com\/blog\/2013\/08\/07\/ppd-ja-urime-per-festen-fiter-bajram\/#breadcrumb","itemListElement":[{"@type":"ListItem","position":1,"name":"PPD-ja: Urime p\u00ebr fest\u00ebn \u201cFit\u00ebr Bajram&#8221;"}]},{"@type":"Person","@id":"https:\/\/www.visit-ulcinj.com\/blog\/#\/schema\/person\/dcab619c614d3038751c63bc2aadc06d","name":"ulqini","sameAs":["http:\/\/www.visit-ulcinj.com"],"url":"https:\/\/www.visit-ulcinj.com\/blog\/author\/admin\/"}]}},"jetpack_featured_media_url":"","jetpack_sharing_enabled":true,"jetpack_shortlink":"https:\/\/wp.me\/pe6lTn-jhH","_links":{"self":[{"href":"https:\/\/www.visit-ulcinj.com\/blog\/wp-json\/wp\/v2\/posts\/74133"}],"collection":[{"href":"https:\/\/www.visit-ulcinj.com\/blog\/wp-json\/wp\/v2\/posts"}],"about":[{"href":"https:\/\/www.visit-ulcinj.com\/blog\/wp-json\/wp\/v2\/types\/post"}],"author":[{"embeddable":true,"href":"https:\/\/www.visit-ulcinj.com\/blog\/wp-json\/wp\/v2\/users\/1"}],"replies":[{"embeddable":true,"href":"https:\/\/www.visit-ulcinj.com\/blog\/wp-json\/wp\/v2\/comments?post=74133"}],"version-history":[{"count":1,"href":"https:\/\/www.visit-ulcinj.com\/blog\/wp-json\/wp\/v2\/posts\/74133\/revisions"}],"predecessor-version":[{"id":74134,"href":"https:\/\/www.visit-ulcinj.com\/blog\/wp-json\/wp\/v2\/posts\/74133\/revisions\/74134"}],"wp:attachment":[{"href":"https:\/\/www.visit-ulcinj.com\/blog\/wp-json\/wp\/v2\/media?parent=74133"}],"wp:term":[{"taxonomy":"category","embeddable":true,"href":"https:\/\/www.visit-ulcinj.com\/blog\/wp-json\/wp\/v2\/categories?post=74133"},{"taxonomy":"post_tag","embeddable":true,"href":"https:\/\/www.visit-ulcinj.com\/blog\/wp-json\/wp\/v2\/tags?post=74133"}],"curies":[{"name":"wp","href":"https:\/\/api.w.org\/{rel}","templated":true}]}}