{"id":74139,"date":"2013-08-08T07:38:54","date_gmt":"2013-08-08T06:38:54","guid":{"rendered":"http:\/\/www.visit-ulcinj.com\/blog\/?p=74139"},"modified":"2013-08-08T07:38:54","modified_gmt":"2013-08-08T06:38:54","slug":"mali-i-zi-pozitiv-urimi-me-rasti-e-festes-se-bajramit","status":"publish","type":"post","link":"https:\/\/www.visit-ulcinj.com\/blog\/2013\/08\/08\/mali-i-zi-pozitiv-urimi-me-rasti-e-festes-se-bajramit\/","title":{"rendered":"Mali i Zi Pozitiv: Urimi me rasti e festes se Bajramit"},"content":{"rendered":"<p><a href=\"http:\/\/www.visit-ulcinj.com\/blog\/wp-content\/uploads\/2013\/08\/pozitivna.jpg\"><img loading=\"lazy\" class=\"alignleft  wp-image-74140\" alt=\"pozitivna\" src=\"http:\/\/www.visit-ulcinj.com\/blog\/wp-content\/uploads\/2013\/08\/pozitivna.jpg\" width=\"508\" height=\"360\" \/><\/a>&#8220;T\u00eb nderuar,<\/p>\n<p>&nbsp;<\/p>\n<p>N\u00eb emrin e Malit t\u00eb Zi Pozitiv dhe n\u00eb emrin tim personal Reisit Rifat ef. Fejziq, Meshihatit t\u00eb Bashk\u00ebsis\u00eb Islame n\u00eb Mal t\u00eb Zi dhe t\u00eb gjith\u00eb besimtar\u00ebve t\u00eb fes\u00eb islame ja uroj Bajramin e ramazanit.<\/p>\n<p>Mbas muajit t\u00eb agj\u00ebrimit dhe sprov\u00ebs ju d\u00ebshiroj q\u00eb fest\u00ebn e Bajramit ta kaloni n\u00eb qet\u00ebsi, sh\u00ebndet, disponim t\u00eb mir\u00eb me familje, miq dhe komshinj.<\/p>\n<p>Obligimi i t\u00eb gjith\u00eb qytetar\u00ebve t\u00eb Malit t\u00eb Zi \u00ebsht\u00eb q\u00eb n\u00eb t\u00eb ardhmen t\u00eb kultivojm\u00eb toleranc\u00ebn, mir\u00ebkuptimin dhe solidaritetin n\u00eb m\u00ebnyr\u00eb q\u00eb gjeneratat q\u00eb vijn\u00eb t\u00eb m\u00ebsojn\u00eb t\u00eb jetojn\u00eb n\u00eb harmoni dhe diversitete \u00a0q\u00eb paraqesin pasurin\u00eb e \u00e7do shoq\u00ebrie qytetare.<\/p>\n<p>&nbsp;<\/p>\n<p>Darko Pajoviq<\/p>\n<p>Kryetari i Malit t\u00eb Zi Pozitiv&#8221;<\/p>\n","protected":false},"excerpt":{"rendered":"<p>&#8220;T\u00eb nderuar, &nbsp; N\u00eb emrin e Malit t\u00eb Zi Pozitiv dhe n\u00eb emrin tim personal Reisit Rifat ef. Fejziq, Meshihatit t\u00eb Bashk\u00ebsis\u00eb Islame n\u00eb Mal t\u00eb Zi dhe t\u00eb gjith\u00eb besimtar\u00ebve t\u00eb fes\u00eb islame ja uroj Bajramin e ramazanit. Mbas muajit t\u00eb agj\u00ebrimit dhe sprov\u00ebs ju d\u00ebshiroj q\u00eb fest\u00ebn e Bajramit ta kaloni n\u00eb qet\u00ebsi, [&hellip;]<\/p>\n","protected":false},"author":1,"featured_media":0,"comment_status":"closed","ping_status":"closed","sticky":false,"template":"","format":"standard","meta":{"spay_email":"","jetpack_publicize_message":"","jetpack_is_tweetstorm":false,"jetpack_publicize_feature_enabled":true},"categories":[14249],"tags":[],"jetpack_publicize_connections":[],"yoast_head":"<!-- This site is optimized with the Yoast SEO plugin v19.1 - https:\/\/yoast.com\/wordpress\/plugins\/seo\/ -->\n<title>Mali i Zi Pozitiv: Urimi me rasti e festes se Bajramit - Lajme nga Ulqini<\/title>\n<meta name=\"description\" content=\"&quot;T\u00eb nderuar, &nbsp; N\u00eb emrin e Malit t\u00eb Zi Pozitiv dhe n\u00eb emrin tim personal Reisit Rifat ef. Fejziq, Meshihatit t\u00eb Bashk\u00ebsis\u00eb Islame n\u00eb Mal t\u00eb Zi dhe t\u00eb\" \/>\n<meta name=\"robots\" content=\"index, follow, max-snippet:-1, max-image-preview:large, max-video-preview:-1\" \/>\n<link rel=\"canonical\" href=\"https:\/\/www.visit-ulcinj.com\/blog\/2013\/08\/08\/mali-i-zi-pozitiv-urimi-me-rasti-e-festes-se-bajramit\/\" \/>\n<meta property=\"og:locale\" content=\"en_US\" \/>\n<meta property=\"og:type\" content=\"article\" \/>\n<meta property=\"og:title\" content=\"Mali i Zi Pozitiv: Urimi me rasti e festes se Bajramit - Lajme nga Ulqini\" \/>\n<meta property=\"og:description\" content=\"&quot;T\u00eb nderuar, &nbsp; N\u00eb emrin e Malit t\u00eb Zi Pozitiv dhe n\u00eb emrin tim personal Reisit Rifat ef. Fejziq, Meshihatit t\u00eb Bashk\u00ebsis\u00eb Islame n\u00eb Mal t\u00eb Zi dhe t\u00eb\" \/>\n<meta property=\"og:url\" content=\"https:\/\/www.visit-ulcinj.com\/blog\/2013\/08\/08\/mali-i-zi-pozitiv-urimi-me-rasti-e-festes-se-bajramit\/\" \/>\n<meta property=\"og:site_name\" content=\"Lajme nga Ulqini\" \/>\n<meta property=\"article:published_time\" content=\"2013-08-08T06:38:54+00:00\" \/>\n<meta property=\"og:image\" content=\"http:\/\/www.visit-ulcinj.com\/blog\/wp-content\/uploads\/2013\/08\/pozitivna.jpg\" \/>\n<meta name=\"twitter:label1\" content=\"Written by\" \/>\n\t<meta name=\"twitter:data1\" content=\"ulqini\" \/>\n\t<meta name=\"twitter:label2\" content=\"Est. reading time\" \/>\n\t<meta name=\"twitter:data2\" content=\"1 minute\" \/>\n<script type=\"application\/ld+json\" class=\"yoast-schema-graph\">{\"@context\":\"https:\/\/schema.org\",\"@graph\":[{\"@type\":\"WebSite\",\"@id\":\"https:\/\/www.visit-ulcinj.com\/blog\/#website\",\"url\":\"https:\/\/www.visit-ulcinj.com\/blog\/\",\"name\":\"Lajme nga Ulqini\",\"description\":\"Lajme,Vijesti,Ulqini,Ulqin,Crna Gora,Mali i Zi\",\"potentialAction\":[{\"@type\":\"SearchAction\",\"target\":{\"@type\":\"EntryPoint\",\"urlTemplate\":\"https:\/\/www.visit-ulcinj.com\/blog\/?s={search_term_string}\"},\"query-input\":\"required name=search_term_string\"}],\"inLanguage\":\"en-US\"},{\"@type\":\"ImageObject\",\"inLanguage\":\"en-US\",\"@id\":\"https:\/\/www.visit-ulcinj.com\/blog\/2013\/08\/08\/mali-i-zi-pozitiv-urimi-me-rasti-e-festes-se-bajramit\/#primaryimage\",\"url\":\"https:\/\/www.visit-ulcinj.com\/blog\/wp-content\/uploads\/2013\/08\/pozitivna.jpg\",\"contentUrl\":\"https:\/\/www.visit-ulcinj.com\/blog\/wp-content\/uploads\/2013\/08\/pozitivna.jpg\",\"width\":628,\"height\":417},{\"@type\":\"WebPage\",\"@id\":\"https:\/\/www.visit-ulcinj.com\/blog\/2013\/08\/08\/mali-i-zi-pozitiv-urimi-me-rasti-e-festes-se-bajramit\/#webpage\",\"url\":\"https:\/\/www.visit-ulcinj.com\/blog\/2013\/08\/08\/mali-i-zi-pozitiv-urimi-me-rasti-e-festes-se-bajramit\/\",\"name\":\"Mali i Zi Pozitiv: Urimi me rasti e festes se Bajramit - Lajme nga Ulqini\",\"isPartOf\":{\"@id\":\"https:\/\/www.visit-ulcinj.com\/blog\/#website\"},\"primaryImageOfPage\":{\"@id\":\"https:\/\/www.visit-ulcinj.com\/blog\/2013\/08\/08\/mali-i-zi-pozitiv-urimi-me-rasti-e-festes-se-bajramit\/#primaryimage\"},\"datePublished\":\"2013-08-08T06:38:54+00:00\",\"dateModified\":\"2013-08-08T06:38:54+00:00\",\"author\":{\"@id\":\"https:\/\/www.visit-ulcinj.com\/blog\/#\/schema\/person\/dcab619c614d3038751c63bc2aadc06d\"},\"description\":\"\\\"T\u00eb nderuar, &nbsp; N\u00eb emrin e Malit t\u00eb Zi Pozitiv dhe n\u00eb emrin tim personal Reisit Rifat ef. Fejziq, Meshihatit t\u00eb Bashk\u00ebsis\u00eb Islame n\u00eb Mal t\u00eb Zi dhe t\u00eb\",\"breadcrumb\":{\"@id\":\"https:\/\/www.visit-ulcinj.com\/blog\/2013\/08\/08\/mali-i-zi-pozitiv-urimi-me-rasti-e-festes-se-bajramit\/#breadcrumb\"},\"inLanguage\":\"en-US\",\"potentialAction\":[{\"@type\":\"ReadAction\",\"target\":[\"https:\/\/www.visit-ulcinj.com\/blog\/2013\/08\/08\/mali-i-zi-pozitiv-urimi-me-rasti-e-festes-se-bajramit\/\"]}]},{\"@type\":\"BreadcrumbList\",\"@id\":\"https:\/\/www.visit-ulcinj.com\/blog\/2013\/08\/08\/mali-i-zi-pozitiv-urimi-me-rasti-e-festes-se-bajramit\/#breadcrumb\",\"itemListElement\":[{\"@type\":\"ListItem\",\"position\":1,\"name\":\"Mali i Zi Pozitiv: Urimi me rasti e festes se Bajramit\"}]},{\"@type\":\"Person\",\"@id\":\"https:\/\/www.visit-ulcinj.com\/blog\/#\/schema\/person\/dcab619c614d3038751c63bc2aadc06d\",\"name\":\"ulqini\",\"sameAs\":[\"http:\/\/www.visit-ulcinj.com\"],\"url\":\"https:\/\/www.visit-ulcinj.com\/blog\/author\/admin\/\"}]}<\/script>\n<!-- \/ Yoast SEO plugin. -->","yoast_head_json":{"title":"Mali i Zi Pozitiv: Urimi me rasti e festes se Bajramit - Lajme nga Ulqini","description":"\"T\u00eb nderuar, &nbsp; N\u00eb emrin e Malit t\u00eb Zi Pozitiv dhe n\u00eb emrin tim personal Reisit Rifat ef. Fejziq, Meshihatit t\u00eb Bashk\u00ebsis\u00eb Islame n\u00eb Mal t\u00eb Zi dhe t\u00eb","robots":{"index":"index","follow":"follow","max-snippet":"max-snippet:-1","max-image-preview":"max-image-preview:large","max-video-preview":"max-video-preview:-1"},"canonical":"https:\/\/www.visit-ulcinj.com\/blog\/2013\/08\/08\/mali-i-zi-pozitiv-urimi-me-rasti-e-festes-se-bajramit\/","og_locale":"en_US","og_type":"article","og_title":"Mali i Zi Pozitiv: Urimi me rasti e festes se Bajramit - Lajme nga Ulqini","og_description":"\"T\u00eb nderuar, &nbsp; N\u00eb emrin e Malit t\u00eb Zi Pozitiv dhe n\u00eb emrin tim personal Reisit Rifat ef. Fejziq, Meshihatit t\u00eb Bashk\u00ebsis\u00eb Islame n\u00eb Mal t\u00eb Zi dhe t\u00eb","og_url":"https:\/\/www.visit-ulcinj.com\/blog\/2013\/08\/08\/mali-i-zi-pozitiv-urimi-me-rasti-e-festes-se-bajramit\/","og_site_name":"Lajme nga Ulqini","article_published_time":"2013-08-08T06:38:54+00:00","og_image":[{"url":"http:\/\/www.visit-ulcinj.com\/blog\/wp-content\/uploads\/2013\/08\/pozitivna.jpg"}],"twitter_misc":{"Written by":"ulqini","Est. reading time":"1 minute"},"schema":{"@context":"https:\/\/schema.org","@graph":[{"@type":"WebSite","@id":"https:\/\/www.visit-ulcinj.com\/blog\/#website","url":"https:\/\/www.visit-ulcinj.com\/blog\/","name":"Lajme nga Ulqini","description":"Lajme,Vijesti,Ulqini,Ulqin,Crna Gora,Mali i Zi","potentialAction":[{"@type":"SearchAction","target":{"@type":"EntryPoint","urlTemplate":"https:\/\/www.visit-ulcinj.com\/blog\/?s={search_term_string}"},"query-input":"required name=search_term_string"}],"inLanguage":"en-US"},{"@type":"ImageObject","inLanguage":"en-US","@id":"https:\/\/www.visit-ulcinj.com\/blog\/2013\/08\/08\/mali-i-zi-pozitiv-urimi-me-rasti-e-festes-se-bajramit\/#primaryimage","url":"https:\/\/www.visit-ulcinj.com\/blog\/wp-content\/uploads\/2013\/08\/pozitivna.jpg","contentUrl":"https:\/\/www.visit-ulcinj.com\/blog\/wp-content\/uploads\/2013\/08\/pozitivna.jpg","width":628,"height":417},{"@type":"WebPage","@id":"https:\/\/www.visit-ulcinj.com\/blog\/2013\/08\/08\/mali-i-zi-pozitiv-urimi-me-rasti-e-festes-se-bajramit\/#webpage","url":"https:\/\/www.visit-ulcinj.com\/blog\/2013\/08\/08\/mali-i-zi-pozitiv-urimi-me-rasti-e-festes-se-bajramit\/","name":"Mali i Zi Pozitiv: Urimi me rasti e festes se Bajramit - Lajme nga Ulqini","isPartOf":{"@id":"https:\/\/www.visit-ulcinj.com\/blog\/#website"},"primaryImageOfPage":{"@id":"https:\/\/www.visit-ulcinj.com\/blog\/2013\/08\/08\/mali-i-zi-pozitiv-urimi-me-rasti-e-festes-se-bajramit\/#primaryimage"},"datePublished":"2013-08-08T06:38:54+00:00","dateModified":"2013-08-08T06:38:54+00:00","author":{"@id":"https:\/\/www.visit-ulcinj.com\/blog\/#\/schema\/person\/dcab619c614d3038751c63bc2aadc06d"},"description":"\"T\u00eb nderuar, &nbsp; N\u00eb emrin e Malit t\u00eb Zi Pozitiv dhe n\u00eb emrin tim personal Reisit Rifat ef. Fejziq, Meshihatit t\u00eb Bashk\u00ebsis\u00eb Islame n\u00eb Mal t\u00eb Zi dhe t\u00eb","breadcrumb":{"@id":"https:\/\/www.visit-ulcinj.com\/blog\/2013\/08\/08\/mali-i-zi-pozitiv-urimi-me-rasti-e-festes-se-bajramit\/#breadcrumb"},"inLanguage":"en-US","potentialAction":[{"@type":"ReadAction","target":["https:\/\/www.visit-ulcinj.com\/blog\/2013\/08\/08\/mali-i-zi-pozitiv-urimi-me-rasti-e-festes-se-bajramit\/"]}]},{"@type":"BreadcrumbList","@id":"https:\/\/www.visit-ulcinj.com\/blog\/2013\/08\/08\/mali-i-zi-pozitiv-urimi-me-rasti-e-festes-se-bajramit\/#breadcrumb","itemListElement":[{"@type":"ListItem","position":1,"name":"Mali i Zi Pozitiv: Urimi me rasti e festes se Bajramit"}]},{"@type":"Person","@id":"https:\/\/www.visit-ulcinj.com\/blog\/#\/schema\/person\/dcab619c614d3038751c63bc2aadc06d","name":"ulqini","sameAs":["http:\/\/www.visit-ulcinj.com"],"url":"https:\/\/www.visit-ulcinj.com\/blog\/author\/admin\/"}]}},"jetpack_featured_media_url":"","jetpack_sharing_enabled":true,"jetpack_shortlink":"https:\/\/wp.me\/pe6lTn-jhN","_links":{"self":[{"href":"https:\/\/www.visit-ulcinj.com\/blog\/wp-json\/wp\/v2\/posts\/74139"}],"collection":[{"href":"https:\/\/www.visit-ulcinj.com\/blog\/wp-json\/wp\/v2\/posts"}],"about":[{"href":"https:\/\/www.visit-ulcinj.com\/blog\/wp-json\/wp\/v2\/types\/post"}],"author":[{"embeddable":true,"href":"https:\/\/www.visit-ulcinj.com\/blog\/wp-json\/wp\/v2\/users\/1"}],"replies":[{"embeddable":true,"href":"https:\/\/www.visit-ulcinj.com\/blog\/wp-json\/wp\/v2\/comments?post=74139"}],"version-history":[{"count":1,"href":"https:\/\/www.visit-ulcinj.com\/blog\/wp-json\/wp\/v2\/posts\/74139\/revisions"}],"predecessor-version":[{"id":74141,"href":"https:\/\/www.visit-ulcinj.com\/blog\/wp-json\/wp\/v2\/posts\/74139\/revisions\/74141"}],"wp:attachment":[{"href":"https:\/\/www.visit-ulcinj.com\/blog\/wp-json\/wp\/v2\/media?parent=74139"}],"wp:term":[{"taxonomy":"category","embeddable":true,"href":"https:\/\/www.visit-ulcinj.com\/blog\/wp-json\/wp\/v2\/categories?post=74139"},{"taxonomy":"post_tag","embeddable":true,"href":"https:\/\/www.visit-ulcinj.com\/blog\/wp-json\/wp\/v2\/tags?post=74139"}],"curies":[{"name":"wp","href":"https:\/\/api.w.org\/{rel}","templated":true}]}}