{"id":74161,"date":"2013-08-13T19:15:03","date_gmt":"2013-08-13T18:15:03","guid":{"rendered":"http:\/\/www.visit-ulcinj.com\/blog\/?p=74161"},"modified":"2013-08-13T19:15:03","modified_gmt":"2013-08-13T18:15:03","slug":"mbushet-me-turiste-hotel-mediterani","status":"publish","type":"post","link":"https:\/\/www.visit-ulcinj.com\/blog\/2013\/08\/13\/mbushet-me-turiste-hotel-mediterani\/","title":{"rendered":"Mbushet me turist\u00eb Hotel Mediterani"},"content":{"rendered":"<p><a href=\"http:\/\/www.visit-ulcinj.com\/blog\/wp-content\/uploads\/2013\/08\/Hotel-Mediteran-Ulqin.jpg\"><img loading=\"lazy\" class=\"alignleft  wp-image-74162\" alt=\"Hotel-Mediteran-Ulqin\" src=\"http:\/\/www.visit-ulcinj.com\/blog\/wp-content\/uploads\/2013\/08\/Hotel-Mediteran-Ulqin.jpg\" width=\"508\" height=\"360\" \/><\/a>Sot\u00eb Hoteli Mediteran n\u00eb Ulqin v\u00ebrshohet nga turist\u00ebt vendas dhe t\u00eb huaj. P\u00ebrmir\u00ebsimi i koh\u00ebs ka b\u00ebr\u00eb q\u00eb sot n\u00eb k\u00ebt\u00eb pik\u00eb turistike t\u00eb ket\u00eb num\u00ebr t\u00eb madh t\u00eb turist\u00ebve t\u00eb cil\u00ebt kryesisht vijn\u00eb nga Polonia dhe viset tjera t\u00eb rajonit,por nuk mungojn\u00eb edhe ata nga Kosova e Shqip\u00ebria. Shum\u00eb mir\u00eb sepse atmosfera esht\u00eb shum\u00eb mir\u00eb dhe njer\u00ebzit jan\u00eb t\u00eb mrekulluesh\u00ebm\u201dtha nj\u00eb turist,duke par\u00eb pritjen me nj\u00eb atmospfere shum\u00eb t\u00eb p\u00eblqyar nga musafir\u00ebt. \u201cAtmosfera m\u00eb p\u00eblqyeshme dhe\u00a0koha e mrekullueshme,b\u00ebri q\u00eb turist\u00ebt t\u00eb jen\u00eb t\u00eb knaqur duke ja ber\u00eb nj\u00eb mikpritje jashtzakonisht t\u00eb mir\u00eb nga personeli i hotelit.<br \/>\nMegjithat\u00eb, ky vit nuk \u00ebsht\u00eb si viti i kaluar.Mbasi kriza ekonomike persiston esht\u00eb menduar se k\u00ebtij\u00eb viti ka me pas m\u00eb pak turista,mirpo simbas menaxheres t\u00eb hotel Mediteran qe pretendon se hotel Mediterani esht\u00eb komplet dhe kjo ka b\u00ebr\u00eb q\u00eb numri i turist\u00ebve t\u00eb jet\u00eb n\u00eb nivelin e duhur ketij viti 2013 .<\/p>\n<p>Mysafir\u00ebt e k\u00ebtij hoteli do t\u00eb jan\u00eb nga Kosova dhe Polonia.Ne jemi t\u00eb k\u00ebnaqur kemi mysafir nga, Shqip\u00ebria, Hungaria,Bosna&amp;Hercegovina dhe Turqia.<\/p>\n<p>Drejtuesi i hotel Mediteranit z.Selatin Gjeloshi shprehen se sivjet sezoni \u00ebsht\u00eb m\u00eb i mire se vitin e \u00a0kaluar. Fakti q\u00eb \u00e7ka shikoni sot\u00eb flet m\u00eb s\u00eb miri p\u00ebr pun\u00ebn e mir\u00eb q\u00eb b\u00ebn\u00eb menaxhmenti i k\u00ebtij hoteli n\u00eb thithjen t\u00eb sa m\u00eb shum\u00eb mysafir\u00ebve nga ghitha viset e bot\u00ebs,sepse ne kemi ende \u00e7ka p\u00ebr t\u00eb ofruar tha ai.<\/p>\n<p><strong>Lajme nga Ulqini<\/strong><\/p>\n","protected":false},"excerpt":{"rendered":"<p>Sot\u00eb Hoteli Mediteran n\u00eb Ulqin v\u00ebrshohet nga turist\u00ebt vendas dhe t\u00eb huaj. P\u00ebrmir\u00ebsimi i koh\u00ebs ka b\u00ebr\u00eb q\u00eb sot n\u00eb k\u00ebt\u00eb pik\u00eb turistike t\u00eb ket\u00eb num\u00ebr t\u00eb madh t\u00eb turist\u00ebve t\u00eb cil\u00ebt kryesisht vijn\u00eb nga Polonia dhe viset tjera t\u00eb rajonit,por nuk mungojn\u00eb edhe ata nga Kosova e Shqip\u00ebria. Shum\u00eb mir\u00eb sepse atmosfera esht\u00eb shum\u00eb [&hellip;]<\/p>\n","protected":false},"author":1,"featured_media":0,"comment_status":"closed","ping_status":"closed","sticky":false,"template":"","format":"standard","meta":{"spay_email":"","jetpack_publicize_message":"","jetpack_is_tweetstorm":false,"jetpack_publicize_feature_enabled":true},"categories":[15],"tags":[],"jetpack_publicize_connections":[],"yoast_head":"<!-- This site is optimized with the Yoast SEO plugin v19.1 - https:\/\/yoast.com\/wordpress\/plugins\/seo\/ -->\n<title>Mbushet me turist\u00eb Hotel Mediterani - Lajme nga Ulqini<\/title>\n<meta name=\"description\" content=\"Sot\u00eb Hoteli Mediteran n\u00eb Ulqin v\u00ebrshohet nga turist\u00ebt vendas dhe t\u00eb huaj. P\u00ebrmir\u00ebsimi i koh\u00ebs ka b\u00ebr\u00eb q\u00eb sot n\u00eb k\u00ebt\u00eb pik\u00eb turistike t\u00eb ket\u00eb num\u00ebr t\u00eb madh\" \/>\n<meta name=\"robots\" content=\"index, follow, max-snippet:-1, max-image-preview:large, max-video-preview:-1\" \/>\n<link rel=\"canonical\" href=\"https:\/\/www.visit-ulcinj.com\/blog\/2013\/08\/13\/mbushet-me-turiste-hotel-mediterani\/\" \/>\n<meta property=\"og:locale\" content=\"en_US\" \/>\n<meta property=\"og:type\" content=\"article\" \/>\n<meta property=\"og:title\" content=\"Mbushet me turist\u00eb Hotel Mediterani - Lajme nga Ulqini\" \/>\n<meta property=\"og:description\" content=\"Sot\u00eb Hoteli Mediteran n\u00eb Ulqin v\u00ebrshohet nga turist\u00ebt vendas dhe t\u00eb huaj. P\u00ebrmir\u00ebsimi i koh\u00ebs ka b\u00ebr\u00eb q\u00eb sot n\u00eb k\u00ebt\u00eb pik\u00eb turistike t\u00eb ket\u00eb num\u00ebr t\u00eb madh\" \/>\n<meta property=\"og:url\" content=\"https:\/\/www.visit-ulcinj.com\/blog\/2013\/08\/13\/mbushet-me-turiste-hotel-mediterani\/\" \/>\n<meta property=\"og:site_name\" content=\"Lajme nga Ulqini\" \/>\n<meta property=\"article:published_time\" content=\"2013-08-13T18:15:03+00:00\" \/>\n<meta property=\"og:image\" content=\"http:\/\/www.visit-ulcinj.com\/blog\/wp-content\/uploads\/2013\/08\/Hotel-Mediteran-Ulqin.jpg\" \/>\n<meta name=\"twitter:label1\" content=\"Written by\" \/>\n\t<meta name=\"twitter:data1\" content=\"ulqini\" \/>\n\t<meta name=\"twitter:label2\" content=\"Est. reading time\" \/>\n\t<meta name=\"twitter:data2\" content=\"1 minute\" \/>\n<script type=\"application\/ld+json\" class=\"yoast-schema-graph\">{\"@context\":\"https:\/\/schema.org\",\"@graph\":[{\"@type\":\"WebSite\",\"@id\":\"https:\/\/www.visit-ulcinj.com\/blog\/#website\",\"url\":\"https:\/\/www.visit-ulcinj.com\/blog\/\",\"name\":\"Lajme nga Ulqini\",\"description\":\"Lajme,Vijesti,Ulqini,Ulqin,Crna Gora,Mali i Zi\",\"potentialAction\":[{\"@type\":\"SearchAction\",\"target\":{\"@type\":\"EntryPoint\",\"urlTemplate\":\"https:\/\/www.visit-ulcinj.com\/blog\/?s={search_term_string}\"},\"query-input\":\"required name=search_term_string\"}],\"inLanguage\":\"en-US\"},{\"@type\":\"ImageObject\",\"inLanguage\":\"en-US\",\"@id\":\"https:\/\/www.visit-ulcinj.com\/blog\/2013\/08\/13\/mbushet-me-turiste-hotel-mediterani\/#primaryimage\",\"url\":\"https:\/\/www.visit-ulcinj.com\/blog\/wp-content\/uploads\/2013\/08\/Hotel-Mediteran-Ulqin.jpg\",\"contentUrl\":\"https:\/\/www.visit-ulcinj.com\/blog\/wp-content\/uploads\/2013\/08\/Hotel-Mediteran-Ulqin.jpg\",\"width\":960,\"height\":720},{\"@type\":\"WebPage\",\"@id\":\"https:\/\/www.visit-ulcinj.com\/blog\/2013\/08\/13\/mbushet-me-turiste-hotel-mediterani\/#webpage\",\"url\":\"https:\/\/www.visit-ulcinj.com\/blog\/2013\/08\/13\/mbushet-me-turiste-hotel-mediterani\/\",\"name\":\"Mbushet me turist\u00eb Hotel Mediterani - Lajme nga Ulqini\",\"isPartOf\":{\"@id\":\"https:\/\/www.visit-ulcinj.com\/blog\/#website\"},\"primaryImageOfPage\":{\"@id\":\"https:\/\/www.visit-ulcinj.com\/blog\/2013\/08\/13\/mbushet-me-turiste-hotel-mediterani\/#primaryimage\"},\"datePublished\":\"2013-08-13T18:15:03+00:00\",\"dateModified\":\"2013-08-13T18:15:03+00:00\",\"author\":{\"@id\":\"https:\/\/www.visit-ulcinj.com\/blog\/#\/schema\/person\/dcab619c614d3038751c63bc2aadc06d\"},\"description\":\"Sot\u00eb Hoteli Mediteran n\u00eb Ulqin v\u00ebrshohet nga turist\u00ebt vendas dhe t\u00eb huaj. P\u00ebrmir\u00ebsimi i koh\u00ebs ka b\u00ebr\u00eb q\u00eb sot n\u00eb k\u00ebt\u00eb pik\u00eb turistike t\u00eb ket\u00eb num\u00ebr t\u00eb madh\",\"breadcrumb\":{\"@id\":\"https:\/\/www.visit-ulcinj.com\/blog\/2013\/08\/13\/mbushet-me-turiste-hotel-mediterani\/#breadcrumb\"},\"inLanguage\":\"en-US\",\"potentialAction\":[{\"@type\":\"ReadAction\",\"target\":[\"https:\/\/www.visit-ulcinj.com\/blog\/2013\/08\/13\/mbushet-me-turiste-hotel-mediterani\/\"]}]},{\"@type\":\"BreadcrumbList\",\"@id\":\"https:\/\/www.visit-ulcinj.com\/blog\/2013\/08\/13\/mbushet-me-turiste-hotel-mediterani\/#breadcrumb\",\"itemListElement\":[{\"@type\":\"ListItem\",\"position\":1,\"name\":\"Mbushet me turist\u00eb Hotel Mediterani\"}]},{\"@type\":\"Person\",\"@id\":\"https:\/\/www.visit-ulcinj.com\/blog\/#\/schema\/person\/dcab619c614d3038751c63bc2aadc06d\",\"name\":\"ulqini\",\"sameAs\":[\"http:\/\/www.visit-ulcinj.com\"],\"url\":\"https:\/\/www.visit-ulcinj.com\/blog\/author\/admin\/\"}]}<\/script>\n<!-- \/ Yoast SEO plugin. -->","yoast_head_json":{"title":"Mbushet me turist\u00eb Hotel Mediterani - Lajme nga Ulqini","description":"Sot\u00eb Hoteli Mediteran n\u00eb Ulqin v\u00ebrshohet nga turist\u00ebt vendas dhe t\u00eb huaj. P\u00ebrmir\u00ebsimi i koh\u00ebs ka b\u00ebr\u00eb q\u00eb sot n\u00eb k\u00ebt\u00eb pik\u00eb turistike t\u00eb ket\u00eb num\u00ebr t\u00eb madh","robots":{"index":"index","follow":"follow","max-snippet":"max-snippet:-1","max-image-preview":"max-image-preview:large","max-video-preview":"max-video-preview:-1"},"canonical":"https:\/\/www.visit-ulcinj.com\/blog\/2013\/08\/13\/mbushet-me-turiste-hotel-mediterani\/","og_locale":"en_US","og_type":"article","og_title":"Mbushet me turist\u00eb Hotel Mediterani - Lajme nga Ulqini","og_description":"Sot\u00eb Hoteli Mediteran n\u00eb Ulqin v\u00ebrshohet nga turist\u00ebt vendas dhe t\u00eb huaj. P\u00ebrmir\u00ebsimi i koh\u00ebs ka b\u00ebr\u00eb q\u00eb sot n\u00eb k\u00ebt\u00eb pik\u00eb turistike t\u00eb ket\u00eb num\u00ebr t\u00eb madh","og_url":"https:\/\/www.visit-ulcinj.com\/blog\/2013\/08\/13\/mbushet-me-turiste-hotel-mediterani\/","og_site_name":"Lajme nga Ulqini","article_published_time":"2013-08-13T18:15:03+00:00","og_image":[{"url":"http:\/\/www.visit-ulcinj.com\/blog\/wp-content\/uploads\/2013\/08\/Hotel-Mediteran-Ulqin.jpg"}],"twitter_misc":{"Written by":"ulqini","Est. reading time":"1 minute"},"schema":{"@context":"https:\/\/schema.org","@graph":[{"@type":"WebSite","@id":"https:\/\/www.visit-ulcinj.com\/blog\/#website","url":"https:\/\/www.visit-ulcinj.com\/blog\/","name":"Lajme nga Ulqini","description":"Lajme,Vijesti,Ulqini,Ulqin,Crna Gora,Mali i Zi","potentialAction":[{"@type":"SearchAction","target":{"@type":"EntryPoint","urlTemplate":"https:\/\/www.visit-ulcinj.com\/blog\/?s={search_term_string}"},"query-input":"required name=search_term_string"}],"inLanguage":"en-US"},{"@type":"ImageObject","inLanguage":"en-US","@id":"https:\/\/www.visit-ulcinj.com\/blog\/2013\/08\/13\/mbushet-me-turiste-hotel-mediterani\/#primaryimage","url":"https:\/\/www.visit-ulcinj.com\/blog\/wp-content\/uploads\/2013\/08\/Hotel-Mediteran-Ulqin.jpg","contentUrl":"https:\/\/www.visit-ulcinj.com\/blog\/wp-content\/uploads\/2013\/08\/Hotel-Mediteran-Ulqin.jpg","width":960,"height":720},{"@type":"WebPage","@id":"https:\/\/www.visit-ulcinj.com\/blog\/2013\/08\/13\/mbushet-me-turiste-hotel-mediterani\/#webpage","url":"https:\/\/www.visit-ulcinj.com\/blog\/2013\/08\/13\/mbushet-me-turiste-hotel-mediterani\/","name":"Mbushet me turist\u00eb Hotel Mediterani - Lajme nga Ulqini","isPartOf":{"@id":"https:\/\/www.visit-ulcinj.com\/blog\/#website"},"primaryImageOfPage":{"@id":"https:\/\/www.visit-ulcinj.com\/blog\/2013\/08\/13\/mbushet-me-turiste-hotel-mediterani\/#primaryimage"},"datePublished":"2013-08-13T18:15:03+00:00","dateModified":"2013-08-13T18:15:03+00:00","author":{"@id":"https:\/\/www.visit-ulcinj.com\/blog\/#\/schema\/person\/dcab619c614d3038751c63bc2aadc06d"},"description":"Sot\u00eb Hoteli Mediteran n\u00eb Ulqin v\u00ebrshohet nga turist\u00ebt vendas dhe t\u00eb huaj. P\u00ebrmir\u00ebsimi i koh\u00ebs ka b\u00ebr\u00eb q\u00eb sot n\u00eb k\u00ebt\u00eb pik\u00eb turistike t\u00eb ket\u00eb num\u00ebr t\u00eb madh","breadcrumb":{"@id":"https:\/\/www.visit-ulcinj.com\/blog\/2013\/08\/13\/mbushet-me-turiste-hotel-mediterani\/#breadcrumb"},"inLanguage":"en-US","potentialAction":[{"@type":"ReadAction","target":["https:\/\/www.visit-ulcinj.com\/blog\/2013\/08\/13\/mbushet-me-turiste-hotel-mediterani\/"]}]},{"@type":"BreadcrumbList","@id":"https:\/\/www.visit-ulcinj.com\/blog\/2013\/08\/13\/mbushet-me-turiste-hotel-mediterani\/#breadcrumb","itemListElement":[{"@type":"ListItem","position":1,"name":"Mbushet me turist\u00eb Hotel Mediterani"}]},{"@type":"Person","@id":"https:\/\/www.visit-ulcinj.com\/blog\/#\/schema\/person\/dcab619c614d3038751c63bc2aadc06d","name":"ulqini","sameAs":["http:\/\/www.visit-ulcinj.com"],"url":"https:\/\/www.visit-ulcinj.com\/blog\/author\/admin\/"}]}},"jetpack_featured_media_url":"","jetpack_sharing_enabled":true,"jetpack_shortlink":"https:\/\/wp.me\/pe6lTn-ji9","_links":{"self":[{"href":"https:\/\/www.visit-ulcinj.com\/blog\/wp-json\/wp\/v2\/posts\/74161"}],"collection":[{"href":"https:\/\/www.visit-ulcinj.com\/blog\/wp-json\/wp\/v2\/posts"}],"about":[{"href":"https:\/\/www.visit-ulcinj.com\/blog\/wp-json\/wp\/v2\/types\/post"}],"author":[{"embeddable":true,"href":"https:\/\/www.visit-ulcinj.com\/blog\/wp-json\/wp\/v2\/users\/1"}],"replies":[{"embeddable":true,"href":"https:\/\/www.visit-ulcinj.com\/blog\/wp-json\/wp\/v2\/comments?post=74161"}],"version-history":[{"count":1,"href":"https:\/\/www.visit-ulcinj.com\/blog\/wp-json\/wp\/v2\/posts\/74161\/revisions"}],"predecessor-version":[{"id":74163,"href":"https:\/\/www.visit-ulcinj.com\/blog\/wp-json\/wp\/v2\/posts\/74161\/revisions\/74163"}],"wp:attachment":[{"href":"https:\/\/www.visit-ulcinj.com\/blog\/wp-json\/wp\/v2\/media?parent=74161"}],"wp:term":[{"taxonomy":"category","embeddable":true,"href":"https:\/\/www.visit-ulcinj.com\/blog\/wp-json\/wp\/v2\/categories?post=74161"},{"taxonomy":"post_tag","embeddable":true,"href":"https:\/\/www.visit-ulcinj.com\/blog\/wp-json\/wp\/v2\/tags?post=74161"}],"curies":[{"name":"wp","href":"https:\/\/api.w.org\/{rel}","templated":true}]}}