{"id":74164,"date":"2013-08-13T19:18:28","date_gmt":"2013-08-13T18:18:28","guid":{"rendered":"http:\/\/www.visit-ulcinj.com\/blog\/?p=74164"},"modified":"2013-08-13T19:18:57","modified_gmt":"2013-08-13T18:18:57","slug":"mbytja-ne-det-vetedijesimi-mbi-rrezikun-masa-me-e-mire-preventive","status":"publish","type":"post","link":"https:\/\/www.visit-ulcinj.com\/blog\/2013\/08\/13\/mbytja-ne-det-vetedijesimi-mbi-rrezikun-masa-me-e-mire-preventive\/","title":{"rendered":"MBYTJA N\u00cb DET, VET\u00cbDIJ\u00cbSIMI MBI RREZIKUN MASA M\u00cb E MIR\u00cb PREVENTIVE"},"content":{"rendered":"<p><strong><a href=\"http:\/\/www.visit-ulcinj.com\/blog\/wp-content\/uploads\/2013\/08\/mbytja-ne-det.jpg\"><img loading=\"lazy\" class=\"alignleft  wp-image-74165\" alt=\"mbytja ne det\" src=\"http:\/\/www.visit-ulcinj.com\/blog\/wp-content\/uploads\/2013\/08\/mbytja-ne-det.jpg\" width=\"508\" height=\"300\" \/><\/a>Nga: Dr\u00a0A. Sulejmani\u00a0<\/strong><\/p>\n<p>Mbytja n\u00eb det \u00ebsht\u00eb nj\u00eb fenomen m\u00ebvete p\u00ebrgjat\u00eb cdo brezi q\u00eb laget nga uji, vacanarisht stin\u00ebve t\u00eb ngrohta t\u00ebvitit. Duke qen\u00eb nj\u00eb vend bregdetar edhe Ulqini nuk p\u00ebrjashtohet dot nga ngjarjete tilla me pasoj\u00eb humbjen e jet\u00ebve. Fushatat vet\u00ebdij\u00ebsuese si dhe rritja esiguris\u00eb n\u00eb plazhet publike japin shanse t\u00eb mira n\u00eb preventiv\u00ebn e rastevetragjike.<br \/>\nMbytja n\u00eb det hy n\u00eb ngulfatjet(mekanike) e traktit respirator p\u00ebrmes l\u00ebngjeve e te ngjashmeve si k\u00ebto. S\u2019domend q\u00eb m\u00eb t\u00eb rrezikuarit e k\u00ebtij procesi jan\u00eb pasionant\u00ebt e ujit (notar\u00ebt,zhyt\u00ebsit). Pastaj, f\u00ebmij\u00ebt e vegj\u00ebl, alkoolist\u00ebt si dhe t\u00eb s\u00ebmur\u00ebt kronik(epilepsi, hipertension, dijabetes melitus,<\/p>\n<p>depresion, anksiozitet, autiz\u00ebm, diagnozat kardi-respiratore). Jorrall\u00eb-her\u00eb ceket q\u00eb \u2018\u2019i mbyturi ishte nj\u00eb notar i zoti\u2019\u2019. V\u00ebrtet\u00eb ata shpeshb\u00ebhen personazhe fatkeqe t\u00eb k\u00ebsaj drame nisur nga pasioni i madh i tyre p\u00ebratraksionet n\u00eb uj\u00eb si dhe avanturat rekorde me koh\u00ebn dhe thell\u00ebsine. \u2018\u2019Me uj\u00ebdhe zjarr nuk b\u00ebhet loj\u00eb\u2019\u2019 e thot\u00eb populli. N\u00eb cdo rast hapet dosjamjeko-ligjore, e cila p\u00ebrcakton karakterin e humbjes s\u00eb jet\u00ebs(aksident,vet\u00ebvrasje, vrasje).<\/p>\n<p>Mekanizmi i mbytjes ne det \u00ebsht\u00eb leht\u00ebi kapsh\u00ebm. Njeriu e ka element te domosdoshem pranin\u00eb e oksigjenit (vecanarishttruri). Me humbjen n\u00eb uj\u00eb organizmi i njeriut p\u00ebr disa minuta shmang\u00eb <i>dep\u00ebrtimin<\/i> e ujit n\u00eb traktin respirator.Por, pas k\u00ebsaj pason <i>frym\u00ebmarrjareflektive <\/i>e thell\u00eb p\u00ebr pasoj\u00eb dhunimi i rrug\u00ebve respiratore nga l\u00ebngjet.N\u00eb k\u00ebt\u00eb shkak organizmi reagon me rrahje t\u00eb shtuara t\u00eb zemr\u00ebs (<i>takikardi<\/i>) me q\u00ebllimin q\u00eb me cdo kushtt\u00eb prevenohet demtimi i pakthyesh\u00ebm i funksioneve t\u00eb trurit nga hipoksemia.N\u00ebse kjo nuk arrihet dot at\u00ebher\u00eb sistemi kardiak zvog\u00eblon e dor\u00ebzon rrahjet (<i>bradikardi<\/i>) deri n\u00eb <i>arrest kardiak<\/i>. P\u00ebrshkruhen edhe mekanizma t\u00eb tjer\u00eb m\u00eb t\u00eb rrall\u00eb t\u00ebt\u00eb mbyturit n\u00eb uj\u00eb. Gjithashtu, fataliteti ndryshon koh\u00eb var\u00ebsisht asaj n\u00ebsekemi t\u00eb b\u00ebjme me ujra t\u00eb njelmta apo jo, n\u00ebse b\u00ebhet fjal\u00eb p\u00ebr mbytje n\u00eb ujra t\u00ebthella apo t\u00eb cekta, n\u00eb temperatura te ul\u00ebta apo t\u00eb larta. Shpresat jan\u00eb m\u00ebkoh\u00ebgjata n\u00eb ujrat e \u00ebmbla, n\u00eb thell\u00ebsit\u00eb modeste dhe n\u00eb temperaturat e ul\u00ebtahidrike (hipotermia mbron nga hipoksemia).<\/p>\n<p>Mbytja n\u00eb det \u00ebsht\u00eb nga ata pasoja n\u00ebt\u00eb cilat preventiva luan rol kyc. Personeli i cdo <i>plazhi<\/i> duhet t\u00eb ofroj\u00eb sherbim profesional n\u00eb p\u00ebrshkrimin erelievit detar dhe t\u00eb tjera sinjalistikave t\u00eb nevojshme, sh\u00ebnjimin e zonave merrezikshm\u00ebri t\u00eb vecant\u00eb, definimin dinjitoz dhe mbikqyrjen e brezit teperkufizuar detar si dhe infrastruktur\u00ebn e k\u00ebrkuar infrastrukturore dhenjer\u00ebzore. Nga ana e <i>pushuesve<\/i> biepjesa tjet\u00ebr e p\u00ebrgjegjesis\u00eb: kujdesi i vecant\u00eb p\u00ebr minoren\u00ebt dhe t\u00eb s\u00ebmur\u00ebtkronik, d\u00ebfrimi n\u00eb rajone t\u00eb sigurta (af\u00ebr brigjeve, notuesve, shp\u00ebtimtar\u00ebve),neglizhim i notit dhe zhytjes pas racioneve ushqimore, alkoolit, drogave,qet\u00ebsuesve, n\u00eb kontraste temperaturash (gradualisht), n\u00eb thell\u00ebsi t\u00eb panjohura.<\/p>\n<p>Rolin e shp\u00ebtimtarit duhet t\u2019a b\u00ebni n\u00eb cdo rast q\u00eb gjykoni se nuk rrezikonijet\u00eb t\u00eb tjera. Parakushte jane notuesit profesionist\u00eb, sh\u00ebndetplot\u00eb, t\u00eb paisurme mjete shp\u00ebtuese(pluskuese, kamerdare, llast\u00ebk, motor uji). N\u00eb cdo rast irrezikuari gjendet n\u00eb gjendje paniku, cka rrezikon m\u00eb shum\u00eb se nj\u00eb jet\u00eb.<br \/>\nGjithcka q\u00eb duhet b\u00ebr\u00eb n\u00eb rastet e nxjerrjes s\u00eb viktim\u00ebs potenciale \u00ebsht\u00eb t\u00ebp\u00ebrcaktoni statusin e tij jet\u00ebsor duke palpuar ndonj\u00eb en\u00eb gjaku (zakonisht n\u00ebqaf\u00eb) ose duke percjellur l\u00ebvizjet e kafazit t\u00eb kraharorit. N\u00eb rastet kurv\u00ebrtetoni se ka shenja optimale jete personi akomodohet me baz\u00eb krahun dhek\u00ebmb\u00ebn e asaj ane (q\u00eb t\u00eb mos aspiroj\u00eb sasi t\u00eb tjera uji q\u00eb ndodhen n\u00eb lukth).<\/p>\n<p>N\u00eb rastet pa shenja jete filloni me reanimacionin kardio-pulmonar pa humbjekohe. Gjithcka q\u00eb duhet t\u00eb b\u00ebni \u00ebsht\u00eb t\u00eb riclironi rrug\u00ebt e frym\u00ebmarrjes dhet\u2019i riajrosni ato. Personi vendoset n\u00eb pozicion shpin\u00eb kurse shp\u00ebtimtari nis\u00ebmasazh\u00ebn e zemr\u00ebs (me vendosjen e nj\u00ebr\u00ebs p\u00ebllemb\u00eb n\u00eb mesin e kraharorit-sternumdhe tjetr\u00ebn mbi k\u00ebt\u00eb n\u00eb rol pompe-shtypjeje 3-5cm). N\u00eb rastin e nj\u00eb shp\u00ebtimtarit\u00eb vet\u00ebm pas 5 shtypjesh t\u00eb kraharorit jepet nj\u00eb frym\u00ebdh\u00ebnje, kurse tek praniae dy shp\u00ebtimtar\u00ebve raporti sillet n\u00eb 15:2 (shtypje-frym\u00ebdh\u00ebnje). Pas cdo 60sekond\u00ebshi kontrolloni n\u00ebse ka shenja jete. Prania e pulseve ose l\u00ebvizjet ekafazit flasin p\u00ebr sukses nga dh\u00ebnja e ndihm\u00ebs s\u00eb par\u00eb. M\u00eb tej pacientitransportohet n\u00eb pozicion krah-k\u00ebmbe p\u00ebr kur\u00ebn profesionale n\u00eb repartinintenziv t\u00eb stacionit m\u00eb t\u00eb af\u00ebrt spitalor.<br \/>\nPavar\u00ebsisht hapave gjigand teknologjik, frymemarrja artificiale ende sot mbetetzbulim modest q\u00eb i reziston koh\u00ebve dhe ideve. E thon\u00eb edhe mjek\u00ebt e karrieravese: \u2018\u2019N\u00ebduart e nj\u00eb eksperti, masazhi sh\u00ebrben p\u00ebr t\u00eb pompuar gjak n\u00eb zem\u00ebr dhefrym\u00ebmarrja p\u00ebr t\u00eb oksigjenuar gjakun.\u201d<br \/>\nGjithsesi, p\u00ebr tem\u00ebn n\u00eb fjal\u00eb vetedij\u00ebsimi i cdo pushuesi mbi rrezikun dhesiguria profesionale n\u00eb plazhet publike jan\u00eb pikat kyce n\u00eb parandalimin dheshp\u00ebtimin e mbytjeve n\u00eb det.<\/p>\n<p><strong> Dr\u00a0A. Sulejmani<br \/>\n<\/strong><\/p>\n","protected":false},"excerpt":{"rendered":"<p>Nga: Dr\u00a0A. Sulejmani\u00a0 Mbytja n\u00eb det \u00ebsht\u00eb nj\u00eb fenomen m\u00ebvete p\u00ebrgjat\u00eb cdo brezi q\u00eb laget nga uji, vacanarisht stin\u00ebve t\u00eb ngrohta t\u00ebvitit. Duke qen\u00eb nj\u00eb vend bregdetar edhe Ulqini nuk p\u00ebrjashtohet dot nga ngjarjete tilla me pasoj\u00eb humbjen e jet\u00ebve. Fushatat vet\u00ebdij\u00ebsuese si dhe rritja esiguris\u00eb n\u00eb plazhet publike japin shanse t\u00eb mira n\u00eb preventiv\u00ebn [&hellip;]<\/p>\n","protected":false},"author":1,"featured_media":0,"comment_status":"closed","ping_status":"closed","sticky":false,"template":"","format":"standard","meta":{"spay_email":"","jetpack_publicize_message":"","jetpack_is_tweetstorm":false,"jetpack_publicize_feature_enabled":true},"categories":[14249],"tags":[],"jetpack_publicize_connections":[],"yoast_head":"<!-- This site is optimized with the Yoast SEO plugin v19.1 - https:\/\/yoast.com\/wordpress\/plugins\/seo\/ -->\n<title>MBYTJA N\u00cb DET, VET\u00cbDIJ\u00cbSIMI MBI RREZIKUN MASA M\u00cb E MIR\u00cb PREVENTIVE - Lajme nga Ulqini<\/title>\n<meta name=\"description\" content=\"Nga: Dr\u00a0A. Sulejmani\u00a0 Mbytja n\u00eb det \u00ebsht\u00eb nj\u00eb fenomen m\u00ebvete p\u00ebrgjat\u00eb cdo brezi q\u00eb laget nga uji, vacanarisht stin\u00ebve t\u00eb ngrohta t\u00ebvitit. Duke qen\u00eb nj\u00eb\" \/>\n<meta name=\"robots\" content=\"index, follow, max-snippet:-1, max-image-preview:large, max-video-preview:-1\" \/>\n<link rel=\"canonical\" href=\"https:\/\/www.visit-ulcinj.com\/blog\/2013\/08\/13\/mbytja-ne-det-vetedijesimi-mbi-rrezikun-masa-me-e-mire-preventive\/\" \/>\n<meta property=\"og:locale\" content=\"en_US\" \/>\n<meta property=\"og:type\" content=\"article\" \/>\n<meta property=\"og:title\" content=\"MBYTJA N\u00cb DET, VET\u00cbDIJ\u00cbSIMI MBI RREZIKUN MASA M\u00cb E MIR\u00cb PREVENTIVE - Lajme nga Ulqini\" \/>\n<meta property=\"og:description\" content=\"Nga: Dr\u00a0A. Sulejmani\u00a0 Mbytja n\u00eb det \u00ebsht\u00eb nj\u00eb fenomen m\u00ebvete p\u00ebrgjat\u00eb cdo brezi q\u00eb laget nga uji, vacanarisht stin\u00ebve t\u00eb ngrohta t\u00ebvitit. Duke qen\u00eb nj\u00eb\" \/>\n<meta property=\"og:url\" content=\"https:\/\/www.visit-ulcinj.com\/blog\/2013\/08\/13\/mbytja-ne-det-vetedijesimi-mbi-rrezikun-masa-me-e-mire-preventive\/\" \/>\n<meta property=\"og:site_name\" content=\"Lajme nga Ulqini\" \/>\n<meta property=\"article:published_time\" content=\"2013-08-13T18:18:28+00:00\" \/>\n<meta property=\"article:modified_time\" content=\"2013-08-13T18:18:57+00:00\" \/>\n<meta property=\"og:image\" content=\"http:\/\/www.visit-ulcinj.com\/blog\/wp-content\/uploads\/2013\/08\/mbytja-ne-det.jpg\" \/>\n<meta name=\"twitter:label1\" content=\"Written by\" \/>\n\t<meta name=\"twitter:data1\" content=\"ulqini\" \/>\n\t<meta name=\"twitter:label2\" content=\"Est. reading time\" \/>\n\t<meta name=\"twitter:data2\" content=\"4 minutes\" \/>\n<script type=\"application\/ld+json\" class=\"yoast-schema-graph\">{\"@context\":\"https:\/\/schema.org\",\"@graph\":[{\"@type\":\"WebSite\",\"@id\":\"https:\/\/www.visit-ulcinj.com\/blog\/#website\",\"url\":\"https:\/\/www.visit-ulcinj.com\/blog\/\",\"name\":\"Lajme nga Ulqini\",\"description\":\"Lajme,Vijesti,Ulqini,Ulqin,Crna Gora,Mali i Zi\",\"potentialAction\":[{\"@type\":\"SearchAction\",\"target\":{\"@type\":\"EntryPoint\",\"urlTemplate\":\"https:\/\/www.visit-ulcinj.com\/blog\/?s={search_term_string}\"},\"query-input\":\"required name=search_term_string\"}],\"inLanguage\":\"en-US\"},{\"@type\":\"ImageObject\",\"inLanguage\":\"en-US\",\"@id\":\"https:\/\/www.visit-ulcinj.com\/blog\/2013\/08\/13\/mbytja-ne-det-vetedijesimi-mbi-rrezikun-masa-me-e-mire-preventive\/#primaryimage\",\"url\":\"https:\/\/www.visit-ulcinj.com\/blog\/wp-content\/uploads\/2013\/08\/mbytja-ne-det.jpg\",\"contentUrl\":\"https:\/\/www.visit-ulcinj.com\/blog\/wp-content\/uploads\/2013\/08\/mbytja-ne-det.jpg\",\"width\":390,\"height\":281},{\"@type\":\"WebPage\",\"@id\":\"https:\/\/www.visit-ulcinj.com\/blog\/2013\/08\/13\/mbytja-ne-det-vetedijesimi-mbi-rrezikun-masa-me-e-mire-preventive\/#webpage\",\"url\":\"https:\/\/www.visit-ulcinj.com\/blog\/2013\/08\/13\/mbytja-ne-det-vetedijesimi-mbi-rrezikun-masa-me-e-mire-preventive\/\",\"name\":\"MBYTJA N\u00cb DET, VET\u00cbDIJ\u00cbSIMI MBI RREZIKUN MASA M\u00cb E MIR\u00cb PREVENTIVE - Lajme nga Ulqini\",\"isPartOf\":{\"@id\":\"https:\/\/www.visit-ulcinj.com\/blog\/#website\"},\"primaryImageOfPage\":{\"@id\":\"https:\/\/www.visit-ulcinj.com\/blog\/2013\/08\/13\/mbytja-ne-det-vetedijesimi-mbi-rrezikun-masa-me-e-mire-preventive\/#primaryimage\"},\"datePublished\":\"2013-08-13T18:18:28+00:00\",\"dateModified\":\"2013-08-13T18:18:57+00:00\",\"author\":{\"@id\":\"https:\/\/www.visit-ulcinj.com\/blog\/#\/schema\/person\/dcab619c614d3038751c63bc2aadc06d\"},\"description\":\"Nga: Dr\u00a0A. Sulejmani\u00a0 Mbytja n\u00eb det \u00ebsht\u00eb nj\u00eb fenomen m\u00ebvete p\u00ebrgjat\u00eb cdo brezi q\u00eb laget nga uji, vacanarisht stin\u00ebve t\u00eb ngrohta t\u00ebvitit. Duke qen\u00eb nj\u00eb\",\"breadcrumb\":{\"@id\":\"https:\/\/www.visit-ulcinj.com\/blog\/2013\/08\/13\/mbytja-ne-det-vetedijesimi-mbi-rrezikun-masa-me-e-mire-preventive\/#breadcrumb\"},\"inLanguage\":\"en-US\",\"potentialAction\":[{\"@type\":\"ReadAction\",\"target\":[\"https:\/\/www.visit-ulcinj.com\/blog\/2013\/08\/13\/mbytja-ne-det-vetedijesimi-mbi-rrezikun-masa-me-e-mire-preventive\/\"]}]},{\"@type\":\"BreadcrumbList\",\"@id\":\"https:\/\/www.visit-ulcinj.com\/blog\/2013\/08\/13\/mbytja-ne-det-vetedijesimi-mbi-rrezikun-masa-me-e-mire-preventive\/#breadcrumb\",\"itemListElement\":[{\"@type\":\"ListItem\",\"position\":1,\"name\":\"MBYTJA N\u00cb DET, VET\u00cbDIJ\u00cbSIMI MBI RREZIKUN MASA M\u00cb E MIR\u00cb PREVENTIVE\"}]},{\"@type\":\"Person\",\"@id\":\"https:\/\/www.visit-ulcinj.com\/blog\/#\/schema\/person\/dcab619c614d3038751c63bc2aadc06d\",\"name\":\"ulqini\",\"sameAs\":[\"http:\/\/www.visit-ulcinj.com\"],\"url\":\"https:\/\/www.visit-ulcinj.com\/blog\/author\/admin\/\"}]}<\/script>\n<!-- \/ Yoast SEO plugin. -->","yoast_head_json":{"title":"MBYTJA N\u00cb DET, VET\u00cbDIJ\u00cbSIMI MBI RREZIKUN MASA M\u00cb E MIR\u00cb PREVENTIVE - Lajme nga Ulqini","description":"Nga: Dr\u00a0A. Sulejmani\u00a0 Mbytja n\u00eb det \u00ebsht\u00eb nj\u00eb fenomen m\u00ebvete p\u00ebrgjat\u00eb cdo brezi q\u00eb laget nga uji, vacanarisht stin\u00ebve t\u00eb ngrohta t\u00ebvitit. Duke qen\u00eb nj\u00eb","robots":{"index":"index","follow":"follow","max-snippet":"max-snippet:-1","max-image-preview":"max-image-preview:large","max-video-preview":"max-video-preview:-1"},"canonical":"https:\/\/www.visit-ulcinj.com\/blog\/2013\/08\/13\/mbytja-ne-det-vetedijesimi-mbi-rrezikun-masa-me-e-mire-preventive\/","og_locale":"en_US","og_type":"article","og_title":"MBYTJA N\u00cb DET, VET\u00cbDIJ\u00cbSIMI MBI RREZIKUN MASA M\u00cb E MIR\u00cb PREVENTIVE - Lajme nga Ulqini","og_description":"Nga: Dr\u00a0A. Sulejmani\u00a0 Mbytja n\u00eb det \u00ebsht\u00eb nj\u00eb fenomen m\u00ebvete p\u00ebrgjat\u00eb cdo brezi q\u00eb laget nga uji, vacanarisht stin\u00ebve t\u00eb ngrohta t\u00ebvitit. Duke qen\u00eb nj\u00eb","og_url":"https:\/\/www.visit-ulcinj.com\/blog\/2013\/08\/13\/mbytja-ne-det-vetedijesimi-mbi-rrezikun-masa-me-e-mire-preventive\/","og_site_name":"Lajme nga Ulqini","article_published_time":"2013-08-13T18:18:28+00:00","article_modified_time":"2013-08-13T18:18:57+00:00","og_image":[{"url":"http:\/\/www.visit-ulcinj.com\/blog\/wp-content\/uploads\/2013\/08\/mbytja-ne-det.jpg"}],"twitter_misc":{"Written by":"ulqini","Est. reading time":"4 minutes"},"schema":{"@context":"https:\/\/schema.org","@graph":[{"@type":"WebSite","@id":"https:\/\/www.visit-ulcinj.com\/blog\/#website","url":"https:\/\/www.visit-ulcinj.com\/blog\/","name":"Lajme nga Ulqini","description":"Lajme,Vijesti,Ulqini,Ulqin,Crna Gora,Mali i Zi","potentialAction":[{"@type":"SearchAction","target":{"@type":"EntryPoint","urlTemplate":"https:\/\/www.visit-ulcinj.com\/blog\/?s={search_term_string}"},"query-input":"required name=search_term_string"}],"inLanguage":"en-US"},{"@type":"ImageObject","inLanguage":"en-US","@id":"https:\/\/www.visit-ulcinj.com\/blog\/2013\/08\/13\/mbytja-ne-det-vetedijesimi-mbi-rrezikun-masa-me-e-mire-preventive\/#primaryimage","url":"https:\/\/www.visit-ulcinj.com\/blog\/wp-content\/uploads\/2013\/08\/mbytja-ne-det.jpg","contentUrl":"https:\/\/www.visit-ulcinj.com\/blog\/wp-content\/uploads\/2013\/08\/mbytja-ne-det.jpg","width":390,"height":281},{"@type":"WebPage","@id":"https:\/\/www.visit-ulcinj.com\/blog\/2013\/08\/13\/mbytja-ne-det-vetedijesimi-mbi-rrezikun-masa-me-e-mire-preventive\/#webpage","url":"https:\/\/www.visit-ulcinj.com\/blog\/2013\/08\/13\/mbytja-ne-det-vetedijesimi-mbi-rrezikun-masa-me-e-mire-preventive\/","name":"MBYTJA N\u00cb DET, VET\u00cbDIJ\u00cbSIMI MBI RREZIKUN MASA M\u00cb E MIR\u00cb PREVENTIVE - Lajme nga Ulqini","isPartOf":{"@id":"https:\/\/www.visit-ulcinj.com\/blog\/#website"},"primaryImageOfPage":{"@id":"https:\/\/www.visit-ulcinj.com\/blog\/2013\/08\/13\/mbytja-ne-det-vetedijesimi-mbi-rrezikun-masa-me-e-mire-preventive\/#primaryimage"},"datePublished":"2013-08-13T18:18:28+00:00","dateModified":"2013-08-13T18:18:57+00:00","author":{"@id":"https:\/\/www.visit-ulcinj.com\/blog\/#\/schema\/person\/dcab619c614d3038751c63bc2aadc06d"},"description":"Nga: Dr\u00a0A. Sulejmani\u00a0 Mbytja n\u00eb det \u00ebsht\u00eb nj\u00eb fenomen m\u00ebvete p\u00ebrgjat\u00eb cdo brezi q\u00eb laget nga uji, vacanarisht stin\u00ebve t\u00eb ngrohta t\u00ebvitit. Duke qen\u00eb nj\u00eb","breadcrumb":{"@id":"https:\/\/www.visit-ulcinj.com\/blog\/2013\/08\/13\/mbytja-ne-det-vetedijesimi-mbi-rrezikun-masa-me-e-mire-preventive\/#breadcrumb"},"inLanguage":"en-US","potentialAction":[{"@type":"ReadAction","target":["https:\/\/www.visit-ulcinj.com\/blog\/2013\/08\/13\/mbytja-ne-det-vetedijesimi-mbi-rrezikun-masa-me-e-mire-preventive\/"]}]},{"@type":"BreadcrumbList","@id":"https:\/\/www.visit-ulcinj.com\/blog\/2013\/08\/13\/mbytja-ne-det-vetedijesimi-mbi-rrezikun-masa-me-e-mire-preventive\/#breadcrumb","itemListElement":[{"@type":"ListItem","position":1,"name":"MBYTJA N\u00cb DET, VET\u00cbDIJ\u00cbSIMI MBI RREZIKUN MASA M\u00cb E MIR\u00cb PREVENTIVE"}]},{"@type":"Person","@id":"https:\/\/www.visit-ulcinj.com\/blog\/#\/schema\/person\/dcab619c614d3038751c63bc2aadc06d","name":"ulqini","sameAs":["http:\/\/www.visit-ulcinj.com"],"url":"https:\/\/www.visit-ulcinj.com\/blog\/author\/admin\/"}]}},"jetpack_featured_media_url":"","jetpack_sharing_enabled":true,"jetpack_shortlink":"https:\/\/wp.me\/pe6lTn-jic","_links":{"self":[{"href":"https:\/\/www.visit-ulcinj.com\/blog\/wp-json\/wp\/v2\/posts\/74164"}],"collection":[{"href":"https:\/\/www.visit-ulcinj.com\/blog\/wp-json\/wp\/v2\/posts"}],"about":[{"href":"https:\/\/www.visit-ulcinj.com\/blog\/wp-json\/wp\/v2\/types\/post"}],"author":[{"embeddable":true,"href":"https:\/\/www.visit-ulcinj.com\/blog\/wp-json\/wp\/v2\/users\/1"}],"replies":[{"embeddable":true,"href":"https:\/\/www.visit-ulcinj.com\/blog\/wp-json\/wp\/v2\/comments?post=74164"}],"version-history":[{"count":2,"href":"https:\/\/www.visit-ulcinj.com\/blog\/wp-json\/wp\/v2\/posts\/74164\/revisions"}],"predecessor-version":[{"id":74167,"href":"https:\/\/www.visit-ulcinj.com\/blog\/wp-json\/wp\/v2\/posts\/74164\/revisions\/74167"}],"wp:attachment":[{"href":"https:\/\/www.visit-ulcinj.com\/blog\/wp-json\/wp\/v2\/media?parent=74164"}],"wp:term":[{"taxonomy":"category","embeddable":true,"href":"https:\/\/www.visit-ulcinj.com\/blog\/wp-json\/wp\/v2\/categories?post=74164"},{"taxonomy":"post_tag","embeddable":true,"href":"https:\/\/www.visit-ulcinj.com\/blog\/wp-json\/wp\/v2\/tags?post=74164"}],"curies":[{"name":"wp","href":"https:\/\/api.w.org\/{rel}","templated":true}]}}