{"id":74168,"date":"2013-08-14T19:38:28","date_gmt":"2013-08-14T18:38:28","guid":{"rendered":"http:\/\/www.visit-ulcinj.com\/blog\/?p=74168"},"modified":"2013-08-16T19:27:19","modified_gmt":"2013-08-16T18:27:19","slug":"rita-ora-ne-kite-surf-dolcinium-ne-ulqin","status":"publish","type":"post","link":"https:\/\/www.visit-ulcinj.com\/blog\/2013\/08\/14\/rita-ora-ne-kite-surf-dolcinium-ne-ulqin\/","title":{"rendered":"Rita Ora n\u00eb &#8220;Kite Surf D\u2019olcinium&#8221; n\u00eb Ulqin"},"content":{"rendered":"<p><a href=\"http:\/\/www.visit-ulcinj.com\/blog\/wp-content\/uploads\/2013\/08\/Rita-Ora-Ulqin-Ulqini.jpg\"><img loading=\"lazy\" class=\"alignleft  wp-image-74169\" alt=\"Rita-Ora-Ulqin-Ulqini\" src=\"http:\/\/www.visit-ulcinj.com\/blog\/wp-content\/uploads\/2013\/08\/Rita-Ora-Ulqin-Ulqini.jpg\" width=\"508\" height=\"360\" \/><\/a>K\u00ebng\u00ebtarja me fam\u00eb bot\u00ebrore Rita Ora k\u00ebto dit\u00eb \u00ebsht\u00eb duke pushuar n\u00eb qytetin e Ulqinit. Ajo s\u00eb bashku me familjen e saj \u00ebsht\u00eb par\u00eb duke pushuar n\u00eb nj\u00eb nga plazhe t\u00eb bukura t\u00eb Malit t\u00eb Zi.<\/p>\n<p>&#8220;Kite Surf D\u2019olcinium&#8221; \u00ebsht\u00eb nj\u00eb plazh ku turist\u00ebt mund t\u00eb notojn\u00eb, por edhe t\u00eb b\u00ebjn\u00eb s\u00ebrf.<br \/>\n<a href=\"http:\/\/www.visit-ulcinj.com\/blog\/wp-content\/uploads\/2013\/08\/Rita-Ora-Ulqin-Ulqini-1.jpg\"><img loading=\"lazy\" class=\"alignleft  wp-image-74170\" alt=\"Rita-Ora-Ulqin-Ulqini-1\" src=\"http:\/\/www.visit-ulcinj.com\/blog\/wp-content\/uploads\/2013\/08\/Rita-Ora-Ulqin-Ulqini-1.jpg\" width=\"508\" height=\"600\" \/><\/a><\/p>\n<p>Dhe si\u00e7 duket kjo \u00ebsht\u00eb arsyeja q\u00eb k\u00ebng\u00ebtaren me origjin\u00eb shqiptare e ka b\u00ebr\u00eb t\u00eb zgjedh\u00eb k\u00ebt\u00eb vend p\u00ebr s\u00ebrf<\/p>\n<p>P\u00ebr m\u00eb tep\u00ebr n\u00eb shoq\u00ebrin\u00eb e k\u00ebng\u00ebtares \u00ebsht\u00eb par\u00eb edhe reperi Ledri Vula, i cili \u00ebsht\u00eb cil\u00ebsuar shum\u00eb shpesh si nj\u00eb nga k\u00ebng\u00ebtar\u00ebt m\u00eb t\u00eb bukur shqiptar\u00eb.<\/p>\n<p><strong>\/Shekulli Online\/ E.L\/<\/strong><\/p>\n<p><iframe loading=\"lazy\" width=\"508\" height=\"360\" src=\"\/\/www.youtube.com\/embed\/N7OPZOBJZyI\" frameborder=\"0\" allowfullscreen><\/iframe><\/p>\n","protected":false},"excerpt":{"rendered":"<p>K\u00ebng\u00ebtarja me fam\u00eb bot\u00ebrore Rita Ora k\u00ebto dit\u00eb \u00ebsht\u00eb duke pushuar n\u00eb qytetin e Ulqinit. Ajo s\u00eb bashku me familjen e saj \u00ebsht\u00eb par\u00eb duke pushuar n\u00eb nj\u00eb nga plazhe t\u00eb bukura t\u00eb Malit t\u00eb Zi. &#8220;Kite Surf D\u2019olcinium&#8221; \u00ebsht\u00eb nj\u00eb plazh ku turist\u00ebt mund t\u00eb notojn\u00eb, por edhe t\u00eb b\u00ebjn\u00eb s\u00ebrf. Dhe si\u00e7 duket [&hellip;]<\/p>\n","protected":false},"author":1,"featured_media":0,"comment_status":"closed","ping_status":"closed","sticky":false,"template":"","format":"standard","meta":{"spay_email":"","jetpack_publicize_message":"","jetpack_is_tweetstorm":false,"jetpack_publicize_feature_enabled":true},"categories":[1],"tags":[],"jetpack_publicize_connections":[],"yoast_head":"<!-- This site is optimized with the Yoast SEO plugin v19.1 - https:\/\/yoast.com\/wordpress\/plugins\/seo\/ -->\n<title>Rita Ora n\u00eb &quot;Kite Surf D\u2019olcinium&quot; n\u00eb Ulqin - Lajme nga Ulqini<\/title>\n<meta name=\"description\" content=\"K\u00ebng\u00ebtarja me fam\u00eb bot\u00ebrore Rita Ora k\u00ebto dit\u00eb \u00ebsht\u00eb duke pushuar n\u00eb qytetin e Ulqinit. Ajo s\u00eb bashku me familjen e saj \u00ebsht\u00eb par\u00eb duke pushuar n\u00eb nj\u00eb nga\" \/>\n<meta name=\"robots\" content=\"index, follow, max-snippet:-1, max-image-preview:large, max-video-preview:-1\" \/>\n<link rel=\"canonical\" href=\"https:\/\/www.visit-ulcinj.com\/blog\/2013\/08\/14\/rita-ora-ne-kite-surf-dolcinium-ne-ulqin\/\" \/>\n<meta property=\"og:locale\" content=\"en_US\" \/>\n<meta property=\"og:type\" content=\"article\" \/>\n<meta property=\"og:title\" content=\"Rita Ora n\u00eb &quot;Kite Surf D\u2019olcinium&quot; n\u00eb Ulqin - Lajme nga Ulqini\" \/>\n<meta property=\"og:description\" content=\"K\u00ebng\u00ebtarja me fam\u00eb bot\u00ebrore Rita Ora k\u00ebto dit\u00eb \u00ebsht\u00eb duke pushuar n\u00eb qytetin e Ulqinit. Ajo s\u00eb bashku me familjen e saj \u00ebsht\u00eb par\u00eb duke pushuar n\u00eb nj\u00eb nga\" \/>\n<meta property=\"og:url\" content=\"https:\/\/www.visit-ulcinj.com\/blog\/2013\/08\/14\/rita-ora-ne-kite-surf-dolcinium-ne-ulqin\/\" \/>\n<meta property=\"og:site_name\" content=\"Lajme nga Ulqini\" \/>\n<meta property=\"article:published_time\" content=\"2013-08-14T18:38:28+00:00\" \/>\n<meta property=\"article:modified_time\" content=\"2013-08-16T18:27:19+00:00\" \/>\n<meta property=\"og:image\" content=\"http:\/\/www.visit-ulcinj.com\/blog\/wp-content\/uploads\/2013\/08\/Rita-Ora-Ulqin-Ulqini.jpg\" \/>\n<meta name=\"twitter:label1\" content=\"Written by\" \/>\n\t<meta name=\"twitter:data1\" content=\"ulqini\" \/>\n\t<meta name=\"twitter:label2\" content=\"Est. reading time\" \/>\n\t<meta name=\"twitter:data2\" content=\"1 minute\" \/>\n<script type=\"application\/ld+json\" class=\"yoast-schema-graph\">{\"@context\":\"https:\/\/schema.org\",\"@graph\":[{\"@type\":\"WebSite\",\"@id\":\"https:\/\/www.visit-ulcinj.com\/blog\/#website\",\"url\":\"https:\/\/www.visit-ulcinj.com\/blog\/\",\"name\":\"Lajme nga Ulqini\",\"description\":\"Lajme,Vijesti,Ulqini,Ulqin,Crna Gora,Mali i Zi\",\"potentialAction\":[{\"@type\":\"SearchAction\",\"target\":{\"@type\":\"EntryPoint\",\"urlTemplate\":\"https:\/\/www.visit-ulcinj.com\/blog\/?s={search_term_string}\"},\"query-input\":\"required name=search_term_string\"}],\"inLanguage\":\"en-US\"},{\"@type\":\"ImageObject\",\"inLanguage\":\"en-US\",\"@id\":\"https:\/\/www.visit-ulcinj.com\/blog\/2013\/08\/14\/rita-ora-ne-kite-surf-dolcinium-ne-ulqin\/#primaryimage\",\"url\":\"http:\/\/www.visit-ulcinj.com\/blog\/wp-content\/uploads\/2013\/08\/Rita-Ora-Ulqin-Ulqini.jpg\",\"contentUrl\":\"http:\/\/www.visit-ulcinj.com\/blog\/wp-content\/uploads\/2013\/08\/Rita-Ora-Ulqin-Ulqini.jpg\"},{\"@type\":\"WebPage\",\"@id\":\"https:\/\/www.visit-ulcinj.com\/blog\/2013\/08\/14\/rita-ora-ne-kite-surf-dolcinium-ne-ulqin\/#webpage\",\"url\":\"https:\/\/www.visit-ulcinj.com\/blog\/2013\/08\/14\/rita-ora-ne-kite-surf-dolcinium-ne-ulqin\/\",\"name\":\"Rita Ora n\u00eb \\\"Kite Surf D\u2019olcinium\\\" n\u00eb Ulqin - Lajme nga Ulqini\",\"isPartOf\":{\"@id\":\"https:\/\/www.visit-ulcinj.com\/blog\/#website\"},\"primaryImageOfPage\":{\"@id\":\"https:\/\/www.visit-ulcinj.com\/blog\/2013\/08\/14\/rita-ora-ne-kite-surf-dolcinium-ne-ulqin\/#primaryimage\"},\"datePublished\":\"2013-08-14T18:38:28+00:00\",\"dateModified\":\"2013-08-16T18:27:19+00:00\",\"author\":{\"@id\":\"https:\/\/www.visit-ulcinj.com\/blog\/#\/schema\/person\/dcab619c614d3038751c63bc2aadc06d\"},\"description\":\"K\u00ebng\u00ebtarja me fam\u00eb bot\u00ebrore Rita Ora k\u00ebto dit\u00eb \u00ebsht\u00eb duke pushuar n\u00eb qytetin e Ulqinit. Ajo s\u00eb bashku me familjen e saj \u00ebsht\u00eb par\u00eb duke pushuar n\u00eb nj\u00eb nga\",\"breadcrumb\":{\"@id\":\"https:\/\/www.visit-ulcinj.com\/blog\/2013\/08\/14\/rita-ora-ne-kite-surf-dolcinium-ne-ulqin\/#breadcrumb\"},\"inLanguage\":\"en-US\",\"potentialAction\":[{\"@type\":\"ReadAction\",\"target\":[\"https:\/\/www.visit-ulcinj.com\/blog\/2013\/08\/14\/rita-ora-ne-kite-surf-dolcinium-ne-ulqin\/\"]}]},{\"@type\":\"BreadcrumbList\",\"@id\":\"https:\/\/www.visit-ulcinj.com\/blog\/2013\/08\/14\/rita-ora-ne-kite-surf-dolcinium-ne-ulqin\/#breadcrumb\",\"itemListElement\":[{\"@type\":\"ListItem\",\"position\":1,\"name\":\"Rita Ora n\u00eb &#8220;Kite Surf D\u2019olcinium&#8221; n\u00eb Ulqin\"}]},{\"@type\":\"Person\",\"@id\":\"https:\/\/www.visit-ulcinj.com\/blog\/#\/schema\/person\/dcab619c614d3038751c63bc2aadc06d\",\"name\":\"ulqini\",\"sameAs\":[\"http:\/\/www.visit-ulcinj.com\"],\"url\":\"https:\/\/www.visit-ulcinj.com\/blog\/author\/admin\/\"}]}<\/script>\n<!-- \/ Yoast SEO plugin. -->","yoast_head_json":{"title":"Rita Ora n\u00eb \"Kite Surf D\u2019olcinium\" n\u00eb Ulqin - Lajme nga Ulqini","description":"K\u00ebng\u00ebtarja me fam\u00eb bot\u00ebrore Rita Ora k\u00ebto dit\u00eb \u00ebsht\u00eb duke pushuar n\u00eb qytetin e Ulqinit. Ajo s\u00eb bashku me familjen e saj \u00ebsht\u00eb par\u00eb duke pushuar n\u00eb nj\u00eb nga","robots":{"index":"index","follow":"follow","max-snippet":"max-snippet:-1","max-image-preview":"max-image-preview:large","max-video-preview":"max-video-preview:-1"},"canonical":"https:\/\/www.visit-ulcinj.com\/blog\/2013\/08\/14\/rita-ora-ne-kite-surf-dolcinium-ne-ulqin\/","og_locale":"en_US","og_type":"article","og_title":"Rita Ora n\u00eb \"Kite Surf D\u2019olcinium\" n\u00eb Ulqin - Lajme nga Ulqini","og_description":"K\u00ebng\u00ebtarja me fam\u00eb bot\u00ebrore Rita Ora k\u00ebto dit\u00eb \u00ebsht\u00eb duke pushuar n\u00eb qytetin e Ulqinit. Ajo s\u00eb bashku me familjen e saj \u00ebsht\u00eb par\u00eb duke pushuar n\u00eb nj\u00eb nga","og_url":"https:\/\/www.visit-ulcinj.com\/blog\/2013\/08\/14\/rita-ora-ne-kite-surf-dolcinium-ne-ulqin\/","og_site_name":"Lajme nga Ulqini","article_published_time":"2013-08-14T18:38:28+00:00","article_modified_time":"2013-08-16T18:27:19+00:00","og_image":[{"url":"http:\/\/www.visit-ulcinj.com\/blog\/wp-content\/uploads\/2013\/08\/Rita-Ora-Ulqin-Ulqini.jpg"}],"twitter_misc":{"Written by":"ulqini","Est. reading time":"1 minute"},"schema":{"@context":"https:\/\/schema.org","@graph":[{"@type":"WebSite","@id":"https:\/\/www.visit-ulcinj.com\/blog\/#website","url":"https:\/\/www.visit-ulcinj.com\/blog\/","name":"Lajme nga Ulqini","description":"Lajme,Vijesti,Ulqini,Ulqin,Crna Gora,Mali i Zi","potentialAction":[{"@type":"SearchAction","target":{"@type":"EntryPoint","urlTemplate":"https:\/\/www.visit-ulcinj.com\/blog\/?s={search_term_string}"},"query-input":"required name=search_term_string"}],"inLanguage":"en-US"},{"@type":"ImageObject","inLanguage":"en-US","@id":"https:\/\/www.visit-ulcinj.com\/blog\/2013\/08\/14\/rita-ora-ne-kite-surf-dolcinium-ne-ulqin\/#primaryimage","url":"http:\/\/www.visit-ulcinj.com\/blog\/wp-content\/uploads\/2013\/08\/Rita-Ora-Ulqin-Ulqini.jpg","contentUrl":"http:\/\/www.visit-ulcinj.com\/blog\/wp-content\/uploads\/2013\/08\/Rita-Ora-Ulqin-Ulqini.jpg"},{"@type":"WebPage","@id":"https:\/\/www.visit-ulcinj.com\/blog\/2013\/08\/14\/rita-ora-ne-kite-surf-dolcinium-ne-ulqin\/#webpage","url":"https:\/\/www.visit-ulcinj.com\/blog\/2013\/08\/14\/rita-ora-ne-kite-surf-dolcinium-ne-ulqin\/","name":"Rita Ora n\u00eb \"Kite Surf D\u2019olcinium\" n\u00eb Ulqin - Lajme nga Ulqini","isPartOf":{"@id":"https:\/\/www.visit-ulcinj.com\/blog\/#website"},"primaryImageOfPage":{"@id":"https:\/\/www.visit-ulcinj.com\/blog\/2013\/08\/14\/rita-ora-ne-kite-surf-dolcinium-ne-ulqin\/#primaryimage"},"datePublished":"2013-08-14T18:38:28+00:00","dateModified":"2013-08-16T18:27:19+00:00","author":{"@id":"https:\/\/www.visit-ulcinj.com\/blog\/#\/schema\/person\/dcab619c614d3038751c63bc2aadc06d"},"description":"K\u00ebng\u00ebtarja me fam\u00eb bot\u00ebrore Rita Ora k\u00ebto dit\u00eb \u00ebsht\u00eb duke pushuar n\u00eb qytetin e Ulqinit. Ajo s\u00eb bashku me familjen e saj \u00ebsht\u00eb par\u00eb duke pushuar n\u00eb nj\u00eb nga","breadcrumb":{"@id":"https:\/\/www.visit-ulcinj.com\/blog\/2013\/08\/14\/rita-ora-ne-kite-surf-dolcinium-ne-ulqin\/#breadcrumb"},"inLanguage":"en-US","potentialAction":[{"@type":"ReadAction","target":["https:\/\/www.visit-ulcinj.com\/blog\/2013\/08\/14\/rita-ora-ne-kite-surf-dolcinium-ne-ulqin\/"]}]},{"@type":"BreadcrumbList","@id":"https:\/\/www.visit-ulcinj.com\/blog\/2013\/08\/14\/rita-ora-ne-kite-surf-dolcinium-ne-ulqin\/#breadcrumb","itemListElement":[{"@type":"ListItem","position":1,"name":"Rita Ora n\u00eb &#8220;Kite Surf D\u2019olcinium&#8221; n\u00eb Ulqin"}]},{"@type":"Person","@id":"https:\/\/www.visit-ulcinj.com\/blog\/#\/schema\/person\/dcab619c614d3038751c63bc2aadc06d","name":"ulqini","sameAs":["http:\/\/www.visit-ulcinj.com"],"url":"https:\/\/www.visit-ulcinj.com\/blog\/author\/admin\/"}]}},"jetpack_featured_media_url":"","jetpack_sharing_enabled":true,"jetpack_shortlink":"https:\/\/wp.me\/pe6lTn-jig","_links":{"self":[{"href":"https:\/\/www.visit-ulcinj.com\/blog\/wp-json\/wp\/v2\/posts\/74168"}],"collection":[{"href":"https:\/\/www.visit-ulcinj.com\/blog\/wp-json\/wp\/v2\/posts"}],"about":[{"href":"https:\/\/www.visit-ulcinj.com\/blog\/wp-json\/wp\/v2\/types\/post"}],"author":[{"embeddable":true,"href":"https:\/\/www.visit-ulcinj.com\/blog\/wp-json\/wp\/v2\/users\/1"}],"replies":[{"embeddable":true,"href":"https:\/\/www.visit-ulcinj.com\/blog\/wp-json\/wp\/v2\/comments?post=74168"}],"version-history":[{"count":2,"href":"https:\/\/www.visit-ulcinj.com\/blog\/wp-json\/wp\/v2\/posts\/74168\/revisions"}],"predecessor-version":[{"id":74196,"href":"https:\/\/www.visit-ulcinj.com\/blog\/wp-json\/wp\/v2\/posts\/74168\/revisions\/74196"}],"wp:attachment":[{"href":"https:\/\/www.visit-ulcinj.com\/blog\/wp-json\/wp\/v2\/media?parent=74168"}],"wp:term":[{"taxonomy":"category","embeddable":true,"href":"https:\/\/www.visit-ulcinj.com\/blog\/wp-json\/wp\/v2\/categories?post=74168"},{"taxonomy":"post_tag","embeddable":true,"href":"https:\/\/www.visit-ulcinj.com\/blog\/wp-json\/wp\/v2\/tags?post=74168"}],"curies":[{"name":"wp","href":"https:\/\/api.w.org\/{rel}","templated":true}]}}