{"id":74177,"date":"2013-08-14T23:42:02","date_gmt":"2013-08-14T22:42:02","guid":{"rendered":"http:\/\/www.visit-ulcinj.com\/blog\/?p=74177"},"modified":"2013-08-14T23:42:02","modified_gmt":"2013-08-14T22:42:02","slug":"promovimi-i-romanit-i-biri-i-andrej-nikolaidisit","status":"publish","type":"post","link":"https:\/\/www.visit-ulcinj.com\/blog\/2013\/08\/14\/promovimi-i-romanit-i-biri-i-andrej-nikolaidisit\/","title":{"rendered":"Promovimi i romanit &#8221; I Biri&#8221; i Andrej Nikolaidisit"},"content":{"rendered":"<p>Andrej Nikolaidisi \u00ebsht\u00eb nj\u00eb nd\u00ebr shkrimtar\u00ebt m\u00eb t\u00eb njohur sot, jo vetum n\u00eb Mal t\u00eb Zi, por edhe n\u00eb t\u00ebr vendet ku flitet gjuha serbo- malazeze- kroate &#8211; boshnjake. Me promoviomin e librit m\u00eb t\u00eb ri t\u00eb k\u00ebti autori &#8220;I Biri&#8221; n\u00eb Sken\u00ebn verore n\u00eb Kala, p\u00ebrkthyer edhe n\u00eb gjuh\u00ebn shqipe, nga shkrimtari i njohur Hajro Ulqinaku, tash m\u00eb b\u00ebhet i nohur edhe n\u00eb gjuh\u00ebn shqipe&#8230;\u00cbsht\u00eb Ulqinak, p\u00ebr \u00e7do dit\u00eb pi kafen n\u00eb Ran\u00eb, rri m\u00eb peshkatar si t\u00eb gjith\u00eb ne, shoq\u00ebrohet me njer\u00ebz t\u00eb ndrysh\u00ebm.<br \/>\n<a href=\"http:\/\/www.visit-ulcinj.com\/blog\/wp-content\/uploads\/2013\/08\/Andrej-Nikolaidis-i-biri.jpg\"><img loading=\"lazy\" class=\"alignleft  wp-image-74178\" alt=\"Andrej Nikolaidis-i biri\" src=\"http:\/\/www.visit-ulcinj.com\/blog\/wp-content\/uploads\/2013\/08\/Andrej-Nikolaidis-i-biri.jpg\" width=\"508\" height=\"600\" \/><\/a><\/p>\n<p>E don qytetin e Ulqinit, dhe mendoj se asnj\u00eb her\u00eb nuk ka me e l\u00ebshuar&#8230;Familia Nikolaidis \u00ebsht\u00eb, nj\u00eb nd\u00ebr familiet t\u00eb arsimuara, pasi q\u00eb edhe ato t\u00eb par\u00ebt nga kjo familie kan\u00eb qen\u00eb m\u00ebsuesit, bile edhe n\u00eb gjuh\u00ebn shqipe&#8230;Prandaj, nuk \u00ebsht\u00eb p\u00ebr t\u00eb \u00e7uditur pse Andreji ka n\u00eb gjenet k\u00ebto aft\u00ebsi p\u00ebr krijim. Mendoj, por besoj se,edhe ndaj mendimin e shum\u00eb intelektual\u00ebve nga Ulqini dhe m\u00eb gj\u00ebr\u00eb, se Andreji \u00ebsht\u00eb nj\u00eb nd\u00ebr autoret m\u00eb prestigjos t\u00eb cil\u00ebt veprojn n\u00eb hapsir\u00ebn e Balkanit.<\/p>\n<p><a href=\"http:\/\/www.visit-ulcinj.com\/blog\/wp-content\/uploads\/2013\/08\/Andrej-Nikolaidis-i-biri-1.jpg\"><img loading=\"lazy\" class=\"alignleft  wp-image-74179\" alt=\"Andrej Nikolaidis-i biri-1\" src=\"http:\/\/www.visit-ulcinj.com\/blog\/wp-content\/uploads\/2013\/08\/Andrej-Nikolaidis-i-biri-1.jpg\" width=\"508\" height=\"360\" \/><\/a><\/p>\n<p>Autori i 4 roman\u00ebve, dhe shum\u00eb tekste nga kultura, politika, t\u00eb botuar n\u00eb revista t\u00eb ndryshe jan n\u00eb pasuri n\u00eb let\u00ebrsin e gjuh\u00ebs n\u00eb t\u00eb cil\u00ebn shkruan Andrej Nikolaidisi. Andreji \u00ebsht\u00eb modest, i but\u00eb si\u00e7 thot\u00eb populli yn\u00eb, nj\u00eb njeri i ri dhe nj\u00eb shkrimtar i cili ka predispozicione t\u00eb b\u00ebhet nj\u00eb nd\u00ebr shkrimtar\u00ebt m\u00eb t\u00eb njohur n\u00eb Europ\u00eb.<\/p>\n<p><strong>Per me shum\u00eb Foto:<\/strong><\/p>\n<p><strong><a id=\"js_122\" href=\"https:\/\/www.facebook.com\/ismet.karamanaga\" data-hovercard=\"\/ajax\/hovercard\/user.php?id=1359492972\">Ismet Karamanaga Facebook<\/a><\/strong><\/p>\n","protected":false},"excerpt":{"rendered":"<p>Andrej Nikolaidisi \u00ebsht\u00eb nj\u00eb nd\u00ebr shkrimtar\u00ebt m\u00eb t\u00eb njohur sot, jo vetum n\u00eb Mal t\u00eb Zi, por edhe n\u00eb t\u00ebr vendet ku flitet gjuha serbo- malazeze- kroate &#8211; boshnjake. Me promoviomin e librit m\u00eb t\u00eb ri t\u00eb k\u00ebti autori &#8220;I Biri&#8221; n\u00eb Sken\u00ebn verore n\u00eb Kala, p\u00ebrkthyer edhe n\u00eb gjuh\u00ebn shqipe, nga shkrimtari i njohur [&hellip;]<\/p>\n","protected":false},"author":1,"featured_media":0,"comment_status":"closed","ping_status":"closed","sticky":false,"template":"","format":"standard","meta":{"spay_email":"","jetpack_publicize_message":"","jetpack_is_tweetstorm":false,"jetpack_publicize_feature_enabled":true},"categories":[4],"tags":[],"jetpack_publicize_connections":[],"yoast_head":"<!-- This site is optimized with the Yoast SEO plugin v19.1 - https:\/\/yoast.com\/wordpress\/plugins\/seo\/ -->\n<title>Promovimi i romanit &quot; I Biri&quot; i Andrej Nikolaidisit - Lajme nga Ulqini<\/title>\n<meta name=\"description\" content=\"Andrej Nikolaidisi \u00ebsht\u00eb nj\u00eb nd\u00ebr shkrimtar\u00ebt m\u00eb t\u00eb njohur sot, jo vetum n\u00eb Mal t\u00eb Zi, por edhe n\u00eb t\u00ebr vendet ku flitet gjuha serbo- malazeze- kroate -\" \/>\n<meta name=\"robots\" content=\"index, follow, max-snippet:-1, max-image-preview:large, max-video-preview:-1\" \/>\n<link rel=\"canonical\" href=\"https:\/\/www.visit-ulcinj.com\/blog\/2013\/08\/14\/promovimi-i-romanit-i-biri-i-andrej-nikolaidisit\/\" \/>\n<meta property=\"og:locale\" content=\"en_US\" \/>\n<meta property=\"og:type\" content=\"article\" \/>\n<meta property=\"og:title\" content=\"Promovimi i romanit &quot; I Biri&quot; i Andrej Nikolaidisit - Lajme nga Ulqini\" \/>\n<meta property=\"og:description\" content=\"Andrej Nikolaidisi \u00ebsht\u00eb nj\u00eb nd\u00ebr shkrimtar\u00ebt m\u00eb t\u00eb njohur sot, jo vetum n\u00eb Mal t\u00eb Zi, por edhe n\u00eb t\u00ebr vendet ku flitet gjuha serbo- malazeze- kroate -\" \/>\n<meta property=\"og:url\" content=\"https:\/\/www.visit-ulcinj.com\/blog\/2013\/08\/14\/promovimi-i-romanit-i-biri-i-andrej-nikolaidisit\/\" \/>\n<meta property=\"og:site_name\" content=\"Lajme nga Ulqini\" \/>\n<meta property=\"article:published_time\" content=\"2013-08-14T22:42:02+00:00\" \/>\n<meta property=\"og:image\" content=\"http:\/\/www.visit-ulcinj.com\/blog\/wp-content\/uploads\/2013\/08\/Andrej-Nikolaidis-i-biri.jpg\" \/>\n<meta name=\"twitter:label1\" content=\"Written by\" \/>\n\t<meta name=\"twitter:data1\" content=\"ulqini\" \/>\n\t<meta name=\"twitter:label2\" content=\"Est. reading time\" \/>\n\t<meta name=\"twitter:data2\" content=\"1 minute\" \/>\n<script type=\"application\/ld+json\" class=\"yoast-schema-graph\">{\"@context\":\"https:\/\/schema.org\",\"@graph\":[{\"@type\":\"WebSite\",\"@id\":\"https:\/\/www.visit-ulcinj.com\/blog\/#website\",\"url\":\"https:\/\/www.visit-ulcinj.com\/blog\/\",\"name\":\"Lajme nga Ulqini\",\"description\":\"Lajme,Vijesti,Ulqini,Ulqin,Crna Gora,Mali i Zi\",\"potentialAction\":[{\"@type\":\"SearchAction\",\"target\":{\"@type\":\"EntryPoint\",\"urlTemplate\":\"https:\/\/www.visit-ulcinj.com\/blog\/?s={search_term_string}\"},\"query-input\":\"required name=search_term_string\"}],\"inLanguage\":\"en-US\"},{\"@type\":\"ImageObject\",\"inLanguage\":\"en-US\",\"@id\":\"https:\/\/www.visit-ulcinj.com\/blog\/2013\/08\/14\/promovimi-i-romanit-i-biri-i-andrej-nikolaidisit\/#primaryimage\",\"url\":\"https:\/\/www.visit-ulcinj.com\/blog\/wp-content\/uploads\/2013\/08\/Andrej-Nikolaidis-i-biri.jpg\",\"contentUrl\":\"https:\/\/www.visit-ulcinj.com\/blog\/wp-content\/uploads\/2013\/08\/Andrej-Nikolaidis-i-biri.jpg\",\"width\":720,\"height\":960},{\"@type\":\"WebPage\",\"@id\":\"https:\/\/www.visit-ulcinj.com\/blog\/2013\/08\/14\/promovimi-i-romanit-i-biri-i-andrej-nikolaidisit\/#webpage\",\"url\":\"https:\/\/www.visit-ulcinj.com\/blog\/2013\/08\/14\/promovimi-i-romanit-i-biri-i-andrej-nikolaidisit\/\",\"name\":\"Promovimi i romanit \\\" I Biri\\\" i Andrej Nikolaidisit - Lajme nga Ulqini\",\"isPartOf\":{\"@id\":\"https:\/\/www.visit-ulcinj.com\/blog\/#website\"},\"primaryImageOfPage\":{\"@id\":\"https:\/\/www.visit-ulcinj.com\/blog\/2013\/08\/14\/promovimi-i-romanit-i-biri-i-andrej-nikolaidisit\/#primaryimage\"},\"datePublished\":\"2013-08-14T22:42:02+00:00\",\"dateModified\":\"2013-08-14T22:42:02+00:00\",\"author\":{\"@id\":\"https:\/\/www.visit-ulcinj.com\/blog\/#\/schema\/person\/dcab619c614d3038751c63bc2aadc06d\"},\"description\":\"Andrej Nikolaidisi \u00ebsht\u00eb nj\u00eb nd\u00ebr shkrimtar\u00ebt m\u00eb t\u00eb njohur sot, jo vetum n\u00eb Mal t\u00eb Zi, por edhe n\u00eb t\u00ebr vendet ku flitet gjuha serbo- malazeze- kroate -\",\"breadcrumb\":{\"@id\":\"https:\/\/www.visit-ulcinj.com\/blog\/2013\/08\/14\/promovimi-i-romanit-i-biri-i-andrej-nikolaidisit\/#breadcrumb\"},\"inLanguage\":\"en-US\",\"potentialAction\":[{\"@type\":\"ReadAction\",\"target\":[\"https:\/\/www.visit-ulcinj.com\/blog\/2013\/08\/14\/promovimi-i-romanit-i-biri-i-andrej-nikolaidisit\/\"]}]},{\"@type\":\"BreadcrumbList\",\"@id\":\"https:\/\/www.visit-ulcinj.com\/blog\/2013\/08\/14\/promovimi-i-romanit-i-biri-i-andrej-nikolaidisit\/#breadcrumb\",\"itemListElement\":[{\"@type\":\"ListItem\",\"position\":1,\"name\":\"Promovimi i romanit &#8221; I Biri&#8221; i Andrej Nikolaidisit\"}]},{\"@type\":\"Person\",\"@id\":\"https:\/\/www.visit-ulcinj.com\/blog\/#\/schema\/person\/dcab619c614d3038751c63bc2aadc06d\",\"name\":\"ulqini\",\"sameAs\":[\"http:\/\/www.visit-ulcinj.com\"],\"url\":\"https:\/\/www.visit-ulcinj.com\/blog\/author\/admin\/\"}]}<\/script>\n<!-- \/ Yoast SEO plugin. -->","yoast_head_json":{"title":"Promovimi i romanit \" I Biri\" i Andrej Nikolaidisit - Lajme nga Ulqini","description":"Andrej Nikolaidisi \u00ebsht\u00eb nj\u00eb nd\u00ebr shkrimtar\u00ebt m\u00eb t\u00eb njohur sot, jo vetum n\u00eb Mal t\u00eb Zi, por edhe n\u00eb t\u00ebr vendet ku flitet gjuha serbo- malazeze- kroate -","robots":{"index":"index","follow":"follow","max-snippet":"max-snippet:-1","max-image-preview":"max-image-preview:large","max-video-preview":"max-video-preview:-1"},"canonical":"https:\/\/www.visit-ulcinj.com\/blog\/2013\/08\/14\/promovimi-i-romanit-i-biri-i-andrej-nikolaidisit\/","og_locale":"en_US","og_type":"article","og_title":"Promovimi i romanit \" I Biri\" i Andrej Nikolaidisit - Lajme nga Ulqini","og_description":"Andrej Nikolaidisi \u00ebsht\u00eb nj\u00eb nd\u00ebr shkrimtar\u00ebt m\u00eb t\u00eb njohur sot, jo vetum n\u00eb Mal t\u00eb Zi, por edhe n\u00eb t\u00ebr vendet ku flitet gjuha serbo- malazeze- kroate -","og_url":"https:\/\/www.visit-ulcinj.com\/blog\/2013\/08\/14\/promovimi-i-romanit-i-biri-i-andrej-nikolaidisit\/","og_site_name":"Lajme nga Ulqini","article_published_time":"2013-08-14T22:42:02+00:00","og_image":[{"url":"http:\/\/www.visit-ulcinj.com\/blog\/wp-content\/uploads\/2013\/08\/Andrej-Nikolaidis-i-biri.jpg"}],"twitter_misc":{"Written by":"ulqini","Est. reading time":"1 minute"},"schema":{"@context":"https:\/\/schema.org","@graph":[{"@type":"WebSite","@id":"https:\/\/www.visit-ulcinj.com\/blog\/#website","url":"https:\/\/www.visit-ulcinj.com\/blog\/","name":"Lajme nga Ulqini","description":"Lajme,Vijesti,Ulqini,Ulqin,Crna Gora,Mali i Zi","potentialAction":[{"@type":"SearchAction","target":{"@type":"EntryPoint","urlTemplate":"https:\/\/www.visit-ulcinj.com\/blog\/?s={search_term_string}"},"query-input":"required name=search_term_string"}],"inLanguage":"en-US"},{"@type":"ImageObject","inLanguage":"en-US","@id":"https:\/\/www.visit-ulcinj.com\/blog\/2013\/08\/14\/promovimi-i-romanit-i-biri-i-andrej-nikolaidisit\/#primaryimage","url":"https:\/\/www.visit-ulcinj.com\/blog\/wp-content\/uploads\/2013\/08\/Andrej-Nikolaidis-i-biri.jpg","contentUrl":"https:\/\/www.visit-ulcinj.com\/blog\/wp-content\/uploads\/2013\/08\/Andrej-Nikolaidis-i-biri.jpg","width":720,"height":960},{"@type":"WebPage","@id":"https:\/\/www.visit-ulcinj.com\/blog\/2013\/08\/14\/promovimi-i-romanit-i-biri-i-andrej-nikolaidisit\/#webpage","url":"https:\/\/www.visit-ulcinj.com\/blog\/2013\/08\/14\/promovimi-i-romanit-i-biri-i-andrej-nikolaidisit\/","name":"Promovimi i romanit \" I Biri\" i Andrej Nikolaidisit - Lajme nga Ulqini","isPartOf":{"@id":"https:\/\/www.visit-ulcinj.com\/blog\/#website"},"primaryImageOfPage":{"@id":"https:\/\/www.visit-ulcinj.com\/blog\/2013\/08\/14\/promovimi-i-romanit-i-biri-i-andrej-nikolaidisit\/#primaryimage"},"datePublished":"2013-08-14T22:42:02+00:00","dateModified":"2013-08-14T22:42:02+00:00","author":{"@id":"https:\/\/www.visit-ulcinj.com\/blog\/#\/schema\/person\/dcab619c614d3038751c63bc2aadc06d"},"description":"Andrej Nikolaidisi \u00ebsht\u00eb nj\u00eb nd\u00ebr shkrimtar\u00ebt m\u00eb t\u00eb njohur sot, jo vetum n\u00eb Mal t\u00eb Zi, por edhe n\u00eb t\u00ebr vendet ku flitet gjuha serbo- malazeze- kroate -","breadcrumb":{"@id":"https:\/\/www.visit-ulcinj.com\/blog\/2013\/08\/14\/promovimi-i-romanit-i-biri-i-andrej-nikolaidisit\/#breadcrumb"},"inLanguage":"en-US","potentialAction":[{"@type":"ReadAction","target":["https:\/\/www.visit-ulcinj.com\/blog\/2013\/08\/14\/promovimi-i-romanit-i-biri-i-andrej-nikolaidisit\/"]}]},{"@type":"BreadcrumbList","@id":"https:\/\/www.visit-ulcinj.com\/blog\/2013\/08\/14\/promovimi-i-romanit-i-biri-i-andrej-nikolaidisit\/#breadcrumb","itemListElement":[{"@type":"ListItem","position":1,"name":"Promovimi i romanit &#8221; I Biri&#8221; i Andrej Nikolaidisit"}]},{"@type":"Person","@id":"https:\/\/www.visit-ulcinj.com\/blog\/#\/schema\/person\/dcab619c614d3038751c63bc2aadc06d","name":"ulqini","sameAs":["http:\/\/www.visit-ulcinj.com"],"url":"https:\/\/www.visit-ulcinj.com\/blog\/author\/admin\/"}]}},"jetpack_featured_media_url":"","jetpack_sharing_enabled":true,"jetpack_shortlink":"https:\/\/wp.me\/pe6lTn-jip","_links":{"self":[{"href":"https:\/\/www.visit-ulcinj.com\/blog\/wp-json\/wp\/v2\/posts\/74177"}],"collection":[{"href":"https:\/\/www.visit-ulcinj.com\/blog\/wp-json\/wp\/v2\/posts"}],"about":[{"href":"https:\/\/www.visit-ulcinj.com\/blog\/wp-json\/wp\/v2\/types\/post"}],"author":[{"embeddable":true,"href":"https:\/\/www.visit-ulcinj.com\/blog\/wp-json\/wp\/v2\/users\/1"}],"replies":[{"embeddable":true,"href":"https:\/\/www.visit-ulcinj.com\/blog\/wp-json\/wp\/v2\/comments?post=74177"}],"version-history":[{"count":2,"href":"https:\/\/www.visit-ulcinj.com\/blog\/wp-json\/wp\/v2\/posts\/74177\/revisions"}],"predecessor-version":[{"id":74181,"href":"https:\/\/www.visit-ulcinj.com\/blog\/wp-json\/wp\/v2\/posts\/74177\/revisions\/74181"}],"wp:attachment":[{"href":"https:\/\/www.visit-ulcinj.com\/blog\/wp-json\/wp\/v2\/media?parent=74177"}],"wp:term":[{"taxonomy":"category","embeddable":true,"href":"https:\/\/www.visit-ulcinj.com\/blog\/wp-json\/wp\/v2\/categories?post=74177"},{"taxonomy":"post_tag","embeddable":true,"href":"https:\/\/www.visit-ulcinj.com\/blog\/wp-json\/wp\/v2\/tags?post=74177"}],"curies":[{"name":"wp","href":"https:\/\/api.w.org\/{rel}","templated":true}]}}