{"id":742,"date":"2008-03-03T15:33:52","date_gmt":"2008-03-03T20:33:52","guid":{"rendered":"http:\/\/www.visit-ulcinj.com\/blog\/2008\/03\/03\/klubi-i-karatese-ulqini-mori-pjese-te-shtunen-ne-kupen-e-xv-mimoza-2008-ne-igallo\/"},"modified":"2008-03-03T15:33:52","modified_gmt":"2008-03-03T20:33:52","slug":"klubi-i-karatese-ulqini-mori-pjese-te-shtunen-ne-kupen-e-xv-mimoza-2008-ne-igallo","status":"publish","type":"post","link":"https:\/\/www.visit-ulcinj.com\/blog\/2008\/03\/03\/klubi-i-karatese-ulqini-mori-pjese-te-shtunen-ne-kupen-e-xv-mimoza-2008-ne-igallo\/","title":{"rendered":"Klubi i karates\u00eb &#8220;Ulqini&#8221; mori pjes\u00eb t\u00eb shtun\u00ebn n\u00eb Kup\u00ebn e XV &#8220;Mimoza 2008&#8221; n\u00eb Igallo"},"content":{"rendered":"<p><a href=\"http:\/\/www.visit-ulcinj.com\/blog\/wp-content\/uploads\/2008\/03\/kk_ulqini.jpg\" rel=\"lightbox[pics-1204575912]\" title=\"KK_Ulqini\"><img loading=\"lazy\" src=\"http:\/\/www.visit-ulcinj.com\/blog\/wp-content\/uploads\/2008\/03\/kk_ulqini.thumbnail.jpg\" alt=\"KK_Ulqini\" align=\"left\" height=\"200\" width=\"163\" \/><\/a><strong>&#8220;Ulqini&#8221;, i dyti n\u00eb renditjen e p\u00ebrgjithshme<\/strong><br \/>\nKK &#8220;Ulqini&#8221; mori pjes\u00eb n\u00eb k\u00ebt\u00eb gar\u00eb me 24 garues dhe arriti t\u00eb fitoj\u00eb 44 medalje n\u00eb disiplinat ekipore dhe individuale, prej t\u00eb cilave 8 t\u00eb arta, 21 t\u00eb argjendta, 15 t\u00eb bronzta dhe nj\u00eb kup\u00eb.<br \/>\nN\u00eb Kup\u00ebn e XV t\u00eb Karates\u00eb &#8220;Mimoza 2008&#8221;, ku mor\u00ebn pjes\u00eb 27 klube me mbi 637 garues, Klubi i Karates\u00eb &#8220;Ulqini&#8221; u rendit n\u00eb vendin e dyt\u00eb n\u00eb renditjen e p\u00ebrgjithshme me 102 pik\u00eb t\u00eb grumbulluara, menj\u00ebher\u00eb pas KK &#8220;Buduqnost&#8221;, i cili fitoi 116 pik\u00eb, nd\u00ebrsa vendi i tret\u00eb me 94 pik\u00eb i takoi KK &#8220;Omladinac&#8221;.<br \/>\nKK &#8220;Ulqini&#8221; mori pjes\u00eb n\u00eb k\u00ebt\u00eb gar\u00eb me 24 garues dhe arriti t\u00eb fitoj\u00eb 44 medalje n\u00eb disiplinat ekipore dhe individuale, prej t\u00eb cilave 8 t\u00eb arta, 21 t\u00eb argjendta, 15 t\u00eb bronzta dhe nj\u00eb kup\u00eb.<br \/>\nSuksesin m\u00eb t\u00eb madh e arriti Granit Rexha, i cili u kuror\u00ebzua me dy medalje t\u00eb arta, nd\u00ebrsa me nga nj\u00eb medalje t\u00eb art\u00eb Blerta Tahiri, Seida Suma, Rexhep Shaba, Xhenis Rexhepi, Bajram Tagani dhe Albion Duraku.<br \/>\nMe nga disa medalje t\u00eb tjera u kuror\u00ebzuan Edita Kova\u00e7i, Antigona Rama, Xhemale Elezi, Jehona Musliq, Sherife Rama, Suad Duraku, Arbnor Kullaliq, Fatlum \u00c7apriq, Agron Seferi, Petar Barlloviq, Diamant Rexha, Ermal Musliq dhe Fatmir Kurmemi.<br \/>\nN\u00eb KK &#8220;Ulqini&#8221; jan\u00eb shum\u00eb t\u00eb k\u00ebnaqur me rezultatin e arritur n\u00eb k\u00ebt\u00eb gar\u00eb, pasi q\u00eb n\u00eb t\u00eb mor\u00ebn pjes\u00eb karateist\u00eb nga shum\u00eb klube t\u00eb njohura t\u00eb Malit t\u00eb Zi.<a href=\"http:\/\/www.visit-ulcinj.com\/blog\/wp-content\/uploads\/2008\/03\/kk_ulqini1.jpg\" rel=\"lightbox[pics-1204575912]\" title=\"KK_Ulqini_junior\"><img loading=\"lazy\" src=\"http:\/\/www.visit-ulcinj.com\/blog\/wp-content\/uploads\/2008\/03\/kk_ulqini1.thumbnail.jpg\" alt=\"KK_Ulqini_junior\" align=\"right\" height=\"150\" width=\"200\" \/><\/a><br \/>\n&#8220;Kjo p\u00ebr ne s`paraqiste penges\u00eb. P\u00ebrkundrazi ishte k\u00ebnaq\u00ebsi q\u00eb na u dha mund\u00ebsia q\u00eb aty ku jan\u00eb t\u00eb gjith\u00eb, t\u00eb d\u00ebshmojm\u00eb p\u00ebrs\u00ebri profesionalizmin ton\u00eb dhe se kush ku \u00ebsht\u00eb u pasqyrua m\u00eb s\u00eb miri n\u00eb renditjen p\u00ebrfundimtare. P\u00ebr klubin ton\u00eb, ky ishte nj\u00eb fillim i suksessh\u00ebm i sezonit t\u00eb par\u00eb t\u00eb garave t\u00eb k\u00ebtij viti. Do t\u00eb vazhdojm\u00eb me k\u00ebt\u00eb hap t\u00eb sigurt edhe n\u00eb garat tjera&#8221;, thot\u00eb kryetrajneri i KK &#8220;Ulqini&#8221;, Ruzhdi Rama, pas t\u00eb cilit q\u00ebndron nj\u00eb p\u00ebrvoj\u00eb 17 vje\u00e7are plot suksese si trajner i k\u00ebtij klubi.<br \/>\n&#8220;\u00cbsht\u00eb fakt i pamohuesh\u00ebm q\u00eb vite me radh\u00eb gjendemi nd\u00ebr m\u00eb t\u00eb mir\u00ebt dhe k\u00ebshtu do t\u00eb vazhdojm\u00eb edhe n\u00eb t\u00eb ardhmen&#8221;, vazhdon Rama dhe uron p\u00ebr entuziazmin dhe pun\u00ebn e palodhshme dikur ish nx\u00ebn\u00ebsit e vet, kurse sot koleg\u00ebt e tij, trajner\u00ebt e KK &#8220;Ulqini&#8221;, Naim Duraku, Mirsad Nasradini dhe Kujtim Sukaliqi.<br \/>\nN\u00eb KK &#8220;Ulqini&#8221; thon\u00eb se s\u00eb shpejti i presin gara t\u00eb tjera, prandaj drejtuesit e tij u b\u00ebjn\u00eb thirrje qytetar\u00ebve t\u00eb Ulqinit q\u00eb t`i p\u00ebrkrahin dhe t`i ndihmojn\u00eb t\u00eb rinjt\u00eb e k\u00ebtij klubi q\u00eb &#8220;me kaq dinjitet po e p\u00ebrfaq\u00ebsojn\u00eb gjithmon\u00eb&#8221; qytetin e tyre.<\/p>\n<p>(Kohapress)<\/p>\n","protected":false},"excerpt":{"rendered":"<p><img loading=\"lazy\" src=\"http:\/\/www.visit-ulcinj.com\/blog\/wp-content\/uploads\/2008\/03\/kk_ulqini.thumbnail.jpg\" alt=\"KK_Ulqini\" align=\"left\" height=\"140\" width=\"140\" \/><\/p>\n","protected":false},"author":1,"featured_media":0,"comment_status":"open","ping_status":"closed","sticky":false,"template":"","format":"standard","meta":{"spay_email":"","jetpack_publicize_message":"","jetpack_is_tweetstorm":false,"jetpack_publicize_feature_enabled":true},"categories":[3],"tags":[2072,2065,2070,2074,2064,2075,2071,2063,2067,2079,2062,2078,2077,2073,2076,2068,2069,2066],"jetpack_publicize_connections":[],"yoast_head":"<!-- This site is optimized with the Yoast SEO plugin v19.1 - https:\/\/yoast.com\/wordpress\/plugins\/seo\/ -->\n<title>Klubi i karates\u00eb &quot;Ulqini&quot; mori pjes\u00eb t\u00eb shtun\u00ebn n\u00eb Kup\u00ebn e XV &quot;Mimoza 2008&quot; n\u00eb Igallo - Lajme nga Ulqini<\/title>\n<meta name=\"robots\" content=\"index, follow, max-snippet:-1, max-image-preview:large, max-video-preview:-1\" \/>\n<link rel=\"canonical\" href=\"https:\/\/www.visit-ulcinj.com\/blog\/2008\/03\/03\/klubi-i-karatese-ulqini-mori-pjese-te-shtunen-ne-kupen-e-xv-mimoza-2008-ne-igallo\/\" \/>\n<meta property=\"og:locale\" content=\"en_US\" \/>\n<meta property=\"og:type\" content=\"article\" \/>\n<meta property=\"og:title\" content=\"Klubi i karates\u00eb &quot;Ulqini&quot; mori pjes\u00eb t\u00eb shtun\u00ebn n\u00eb Kup\u00ebn e XV &quot;Mimoza 2008&quot; n\u00eb Igallo - Lajme nga Ulqini\" \/>\n<meta property=\"og:url\" content=\"https:\/\/www.visit-ulcinj.com\/blog\/2008\/03\/03\/klubi-i-karatese-ulqini-mori-pjese-te-shtunen-ne-kupen-e-xv-mimoza-2008-ne-igallo\/\" \/>\n<meta property=\"og:site_name\" content=\"Lajme nga Ulqini\" \/>\n<meta property=\"article:published_time\" content=\"2008-03-03T20:33:52+00:00\" \/>\n<meta property=\"og:image\" content=\"http:\/\/www.visit-ulcinj.com\/blog\/wp-content\/uploads\/2008\/03\/kk_ulqini.thumbnail.jpg\" \/>\n<meta name=\"twitter:label1\" content=\"Written by\" \/>\n\t<meta name=\"twitter:data1\" content=\"ulqini\" \/>\n\t<meta name=\"twitter:label2\" content=\"Est. reading time\" \/>\n\t<meta name=\"twitter:data2\" content=\"2 minutes\" \/>\n<script type=\"application\/ld+json\" class=\"yoast-schema-graph\">{\"@context\":\"https:\/\/schema.org\",\"@graph\":[{\"@type\":\"WebSite\",\"@id\":\"https:\/\/www.visit-ulcinj.com\/blog\/#website\",\"url\":\"https:\/\/www.visit-ulcinj.com\/blog\/\",\"name\":\"Lajme nga Ulqini\",\"description\":\"Lajme,Vijesti,Ulqini,Ulqin,Crna Gora,Mali i Zi\",\"potentialAction\":[{\"@type\":\"SearchAction\",\"target\":{\"@type\":\"EntryPoint\",\"urlTemplate\":\"https:\/\/www.visit-ulcinj.com\/blog\/?s={search_term_string}\"},\"query-input\":\"required name=search_term_string\"}],\"inLanguage\":\"en-US\"},{\"@type\":\"ImageObject\",\"inLanguage\":\"en-US\",\"@id\":\"https:\/\/www.visit-ulcinj.com\/blog\/2008\/03\/03\/klubi-i-karatese-ulqini-mori-pjese-te-shtunen-ne-kupen-e-xv-mimoza-2008-ne-igallo\/#primaryimage\",\"url\":\"http:\/\/www.visit-ulcinj.com\/blog\/wp-content\/uploads\/2008\/03\/kk_ulqini.thumbnail.jpg\",\"contentUrl\":\"http:\/\/www.visit-ulcinj.com\/blog\/wp-content\/uploads\/2008\/03\/kk_ulqini.thumbnail.jpg\"},{\"@type\":\"WebPage\",\"@id\":\"https:\/\/www.visit-ulcinj.com\/blog\/2008\/03\/03\/klubi-i-karatese-ulqini-mori-pjese-te-shtunen-ne-kupen-e-xv-mimoza-2008-ne-igallo\/#webpage\",\"url\":\"https:\/\/www.visit-ulcinj.com\/blog\/2008\/03\/03\/klubi-i-karatese-ulqini-mori-pjese-te-shtunen-ne-kupen-e-xv-mimoza-2008-ne-igallo\/\",\"name\":\"Klubi i karates\u00eb \\\"Ulqini\\\" mori pjes\u00eb t\u00eb shtun\u00ebn n\u00eb Kup\u00ebn e XV \\\"Mimoza 2008\\\" n\u00eb Igallo - Lajme nga Ulqini\",\"isPartOf\":{\"@id\":\"https:\/\/www.visit-ulcinj.com\/blog\/#website\"},\"primaryImageOfPage\":{\"@id\":\"https:\/\/www.visit-ulcinj.com\/blog\/2008\/03\/03\/klubi-i-karatese-ulqini-mori-pjese-te-shtunen-ne-kupen-e-xv-mimoza-2008-ne-igallo\/#primaryimage\"},\"datePublished\":\"2008-03-03T20:33:52+00:00\",\"dateModified\":\"2008-03-03T20:33:52+00:00\",\"author\":{\"@id\":\"https:\/\/www.visit-ulcinj.com\/blog\/#\/schema\/person\/dcab619c614d3038751c63bc2aadc06d\"},\"breadcrumb\":{\"@id\":\"https:\/\/www.visit-ulcinj.com\/blog\/2008\/03\/03\/klubi-i-karatese-ulqini-mori-pjese-te-shtunen-ne-kupen-e-xv-mimoza-2008-ne-igallo\/#breadcrumb\"},\"inLanguage\":\"en-US\",\"potentialAction\":[{\"@type\":\"ReadAction\",\"target\":[\"https:\/\/www.visit-ulcinj.com\/blog\/2008\/03\/03\/klubi-i-karatese-ulqini-mori-pjese-te-shtunen-ne-kupen-e-xv-mimoza-2008-ne-igallo\/\"]}]},{\"@type\":\"BreadcrumbList\",\"@id\":\"https:\/\/www.visit-ulcinj.com\/blog\/2008\/03\/03\/klubi-i-karatese-ulqini-mori-pjese-te-shtunen-ne-kupen-e-xv-mimoza-2008-ne-igallo\/#breadcrumb\",\"itemListElement\":[{\"@type\":\"ListItem\",\"position\":1,\"name\":\"Klubi i karates\u00eb &#8220;Ulqini&#8221; mori pjes\u00eb t\u00eb shtun\u00ebn n\u00eb Kup\u00ebn e XV &#8220;Mimoza 2008&#8221; n\u00eb Igallo\"}]},{\"@type\":\"Person\",\"@id\":\"https:\/\/www.visit-ulcinj.com\/blog\/#\/schema\/person\/dcab619c614d3038751c63bc2aadc06d\",\"name\":\"ulqini\",\"sameAs\":[\"http:\/\/www.visit-ulcinj.com\"],\"url\":\"https:\/\/www.visit-ulcinj.com\/blog\/author\/admin\/\"}]}<\/script>\n<!-- \/ Yoast SEO plugin. -->","yoast_head_json":{"title":"Klubi i karates\u00eb \"Ulqini\" mori pjes\u00eb t\u00eb shtun\u00ebn n\u00eb Kup\u00ebn e XV \"Mimoza 2008\" n\u00eb Igallo - Lajme nga Ulqini","robots":{"index":"index","follow":"follow","max-snippet":"max-snippet:-1","max-image-preview":"max-image-preview:large","max-video-preview":"max-video-preview:-1"},"canonical":"https:\/\/www.visit-ulcinj.com\/blog\/2008\/03\/03\/klubi-i-karatese-ulqini-mori-pjese-te-shtunen-ne-kupen-e-xv-mimoza-2008-ne-igallo\/","og_locale":"en_US","og_type":"article","og_title":"Klubi i karates\u00eb \"Ulqini\" mori pjes\u00eb t\u00eb shtun\u00ebn n\u00eb Kup\u00ebn e XV \"Mimoza 2008\" n\u00eb Igallo - Lajme nga Ulqini","og_url":"https:\/\/www.visit-ulcinj.com\/blog\/2008\/03\/03\/klubi-i-karatese-ulqini-mori-pjese-te-shtunen-ne-kupen-e-xv-mimoza-2008-ne-igallo\/","og_site_name":"Lajme nga Ulqini","article_published_time":"2008-03-03T20:33:52+00:00","og_image":[{"url":"http:\/\/www.visit-ulcinj.com\/blog\/wp-content\/uploads\/2008\/03\/kk_ulqini.thumbnail.jpg"}],"twitter_misc":{"Written by":"ulqini","Est. reading time":"2 minutes"},"schema":{"@context":"https:\/\/schema.org","@graph":[{"@type":"WebSite","@id":"https:\/\/www.visit-ulcinj.com\/blog\/#website","url":"https:\/\/www.visit-ulcinj.com\/blog\/","name":"Lajme nga Ulqini","description":"Lajme,Vijesti,Ulqini,Ulqin,Crna Gora,Mali i Zi","potentialAction":[{"@type":"SearchAction","target":{"@type":"EntryPoint","urlTemplate":"https:\/\/www.visit-ulcinj.com\/blog\/?s={search_term_string}"},"query-input":"required name=search_term_string"}],"inLanguage":"en-US"},{"@type":"ImageObject","inLanguage":"en-US","@id":"https:\/\/www.visit-ulcinj.com\/blog\/2008\/03\/03\/klubi-i-karatese-ulqini-mori-pjese-te-shtunen-ne-kupen-e-xv-mimoza-2008-ne-igallo\/#primaryimage","url":"http:\/\/www.visit-ulcinj.com\/blog\/wp-content\/uploads\/2008\/03\/kk_ulqini.thumbnail.jpg","contentUrl":"http:\/\/www.visit-ulcinj.com\/blog\/wp-content\/uploads\/2008\/03\/kk_ulqini.thumbnail.jpg"},{"@type":"WebPage","@id":"https:\/\/www.visit-ulcinj.com\/blog\/2008\/03\/03\/klubi-i-karatese-ulqini-mori-pjese-te-shtunen-ne-kupen-e-xv-mimoza-2008-ne-igallo\/#webpage","url":"https:\/\/www.visit-ulcinj.com\/blog\/2008\/03\/03\/klubi-i-karatese-ulqini-mori-pjese-te-shtunen-ne-kupen-e-xv-mimoza-2008-ne-igallo\/","name":"Klubi i karates\u00eb \"Ulqini\" mori pjes\u00eb t\u00eb shtun\u00ebn n\u00eb Kup\u00ebn e XV \"Mimoza 2008\" n\u00eb Igallo - Lajme nga Ulqini","isPartOf":{"@id":"https:\/\/www.visit-ulcinj.com\/blog\/#website"},"primaryImageOfPage":{"@id":"https:\/\/www.visit-ulcinj.com\/blog\/2008\/03\/03\/klubi-i-karatese-ulqini-mori-pjese-te-shtunen-ne-kupen-e-xv-mimoza-2008-ne-igallo\/#primaryimage"},"datePublished":"2008-03-03T20:33:52+00:00","dateModified":"2008-03-03T20:33:52+00:00","author":{"@id":"https:\/\/www.visit-ulcinj.com\/blog\/#\/schema\/person\/dcab619c614d3038751c63bc2aadc06d"},"breadcrumb":{"@id":"https:\/\/www.visit-ulcinj.com\/blog\/2008\/03\/03\/klubi-i-karatese-ulqini-mori-pjese-te-shtunen-ne-kupen-e-xv-mimoza-2008-ne-igallo\/#breadcrumb"},"inLanguage":"en-US","potentialAction":[{"@type":"ReadAction","target":["https:\/\/www.visit-ulcinj.com\/blog\/2008\/03\/03\/klubi-i-karatese-ulqini-mori-pjese-te-shtunen-ne-kupen-e-xv-mimoza-2008-ne-igallo\/"]}]},{"@type":"BreadcrumbList","@id":"https:\/\/www.visit-ulcinj.com\/blog\/2008\/03\/03\/klubi-i-karatese-ulqini-mori-pjese-te-shtunen-ne-kupen-e-xv-mimoza-2008-ne-igallo\/#breadcrumb","itemListElement":[{"@type":"ListItem","position":1,"name":"Klubi i karates\u00eb &#8220;Ulqini&#8221; mori pjes\u00eb t\u00eb shtun\u00ebn n\u00eb Kup\u00ebn e XV &#8220;Mimoza 2008&#8221; n\u00eb Igallo"}]},{"@type":"Person","@id":"https:\/\/www.visit-ulcinj.com\/blog\/#\/schema\/person\/dcab619c614d3038751c63bc2aadc06d","name":"ulqini","sameAs":["http:\/\/www.visit-ulcinj.com"],"url":"https:\/\/www.visit-ulcinj.com\/blog\/author\/admin\/"}]}},"jetpack_featured_media_url":"","jetpack_sharing_enabled":true,"jetpack_shortlink":"https:\/\/wp.me\/pe6lTn-bY","_links":{"self":[{"href":"https:\/\/www.visit-ulcinj.com\/blog\/wp-json\/wp\/v2\/posts\/742"}],"collection":[{"href":"https:\/\/www.visit-ulcinj.com\/blog\/wp-json\/wp\/v2\/posts"}],"about":[{"href":"https:\/\/www.visit-ulcinj.com\/blog\/wp-json\/wp\/v2\/types\/post"}],"author":[{"embeddable":true,"href":"https:\/\/www.visit-ulcinj.com\/blog\/wp-json\/wp\/v2\/users\/1"}],"replies":[{"embeddable":true,"href":"https:\/\/www.visit-ulcinj.com\/blog\/wp-json\/wp\/v2\/comments?post=742"}],"version-history":[{"count":0,"href":"https:\/\/www.visit-ulcinj.com\/blog\/wp-json\/wp\/v2\/posts\/742\/revisions"}],"wp:attachment":[{"href":"https:\/\/www.visit-ulcinj.com\/blog\/wp-json\/wp\/v2\/media?parent=742"}],"wp:term":[{"taxonomy":"category","embeddable":true,"href":"https:\/\/www.visit-ulcinj.com\/blog\/wp-json\/wp\/v2\/categories?post=742"},{"taxonomy":"post_tag","embeddable":true,"href":"https:\/\/www.visit-ulcinj.com\/blog\/wp-json\/wp\/v2\/tags?post=742"}],"curies":[{"name":"wp","href":"https:\/\/api.w.org\/{rel}","templated":true}]}}