{"id":74207,"date":"2013-08-19T17:46:14","date_gmt":"2013-08-19T16:46:14","guid":{"rendered":"http:\/\/www.visit-ulcinj.com\/blog\/?p=74207"},"modified":"2013-08-19T17:46:45","modified_gmt":"2013-08-19T16:46:45","slug":"adrovic-inspektori-i-komarci","status":"publish","type":"post","link":"https:\/\/www.visit-ulcinj.com\/blog\/2013\/08\/19\/adrovic-inspektori-i-komarci\/","title":{"rendered":"Adrovi\u0107: Inspektori i komarci"},"content":{"rendered":"<p>Ulcinju se desila sezona koja \u0107e ovim intenzitetom trajati mo\u017eda jo\u0161 deset dana, ali \u0107e vjerovatno zavr\u0161iti kao \u0161to je i po\u010dela &#8211; prvo \u0107e oti\u0107i vreline i turisti, dok \u0107e mje\u0161tani ostati da se dru\u017ee sa komarcima i inspektorima. Nijedan grad na planeti nema tu privilegiju<br \/>\n<a href=\"http:\/\/www.visit-ulcinj.com\/blog\/wp-content\/uploads\/2013\/07\/ulcinj.jpg\"><img loading=\"lazy\" class=\"alignleft  wp-image-73806\" alt=\"ulcinj\" src=\"http:\/\/www.visit-ulcinj.com\/blog\/wp-content\/uploads\/2013\/07\/ulcinj.jpg\" width=\"508\" height=\"306\" \/><\/a><\/p>\n<div id=\"article_text\">\n<p>Svaki po\u010detak sezone u Ulcinju u posljednje dvije decenije li\u010dio je jedan na drugi. Ove godine, ipak je bilo ne\u0161to druga\u010dije&#8230;<\/p>\n<p>Po\u010delo je sve od predsezone &#8211; dok su mje\u0161tani i\u0161\u010dekivali vreline i turiste, u grad su se nenajavljeno, iz svih pravaca, stu\u0161tili komarci, a potom i inspektori iz raznih krajeva drage nam domovine. Razlika izme\u0111u prvih i drugih, \u010dast izuzecima, jeste u tome \u0161to ovi prvi ne tra\u017ee novac da bi se namirili. Tako\u0111e, za ove prve postoje nekakvi sprejevi i aparati sa tabletama, \u0161to zna\u010di da ne mogu imati ciljnu grupu. Me\u0111utim, sli\u010dnost je vi\u0161e nego o\u010digledna &#8211; i jedni i drugi vole da \u201epiju krv\u201c, ali protiv ovih drugih ne poma\u017eu nikakvi sprejevi ni tablete, osim mo\u017eda one za smirenje \u017eivaca.<\/p>\n<p>\u010covjek ipak mora biti realan &#8211; za razliku od prvih, ovi drugi makar pitaju odakle da po\u010dnu ili sa koje strane tako da ste u prilici da birate. Naravno, kao i prvi, i drugi su svoj posao radili i rade vrlo predano &#8211; mje\u0161tani jo\u0161 nijesu ni postali svjesni njihovog prisustva, a ve\u0107 im se vrtjelo u glavi od neuobi\u010dajeno visokih kazni. Ugostitelji, trgovci i standovaci nijesu ni znali \u0161ta ih je sna\u0161lo &#8211; tek \u0161to su uzajmili ili digli kredite da bi otvorili, dr\u017eava u liku inspektora preventivno je uzimala hara\u010d. Nerijetko, u jednoj istoj radnji istovremeno, sudarale su se po dvije ili tri inspekcije.<\/p>\n<p>U brutalnom pohodu po hara\u010d, inspektori su svjesno zaboravili da mje\u0161tani nemaju od \u010dega da plate visoke kazne, iz prostog razloga \u0161to u gradu skoro da i nije bilo turista. Degutantna su bila njihova obrazlo\u017eenja da oni samo rade po zakonu, dok ga svi ostali kr\u0161e. Uvjeravanje ka\u017enjenih mje\u0161tana da su mogli mnogo gore da pro\u0111u od kazne od recimo hiljadu ili nekoliko stotina eura eura, eklatantan je primjer cinizma.<\/p>\n<p>Me\u0111utim, nijesam siguran da su inspektori, opet \u010dast izuzecima, uvijek postupali po zakonu. Samo se odjednom stvore odnekuda ili niodkuda, ni\u0161ta ne pitaju, po\u010dnu da se muvaju oko kase, a zatim drsko u\u0111u u \u0161ank i tra\u017ee od konobara da im poka\u017ee koliko novca ima u nov\u010daniku. Mo\u017eda je to po zakonu ali sigurno nije po pravilima ku\u0107nog vaspitanja. Neko je presko\u010dio te \u010dasove.<\/p>\n<p>Za takve iznenadne upade, pojedini inspektori vjerovatno su i\u0161li na specijalne kurseve koje poha\u0111aju i pripadnici specijalnih jedinica. Kako druga\u010dije objasniti gotovo istovjetan stil. Na takvim kursevima, vjerovatno se stvaraju i \u010deli\u010de prave hara\u010dlije. Oni za vrijeme Turaka bili su bebe. Ima tu jo\u0161 ne\u0161to &#8211; znaju oni da su Ulcinjani miran narod. Lak\u0161e je po hara\u010d do\u0107i u Ulcinj nego u Nik\u0161i\u0107 ili na Cetinje.<\/p>\n<p>Kad se sve to sabere, dobije se mu\u010dan utisak da se u stvari tu vi\u0161e radi o ka\u017enjavanju jednog grada i njegovih mje\u0161tana, nego o principijelnom i odgovornom odnosu dr\u017eave prema stanovnicima jednog mjesta koje \u017eivi od turizma.<\/p>\n<p>U me\u0111uvremenu, Ulcinju se desila sezona koja \u0107e ovim intenzitetom trajati mo\u017eda jo\u0161 deset dana, ali \u0107e vjerovatno zavr\u0161iti kao \u0161to je i po\u010dela &#8211; prvo \u0107e oti\u0107i vreline i turisti, dok \u0107e mje\u0161tani ostati da se dru\u017ee sa komarcima i inspektorima. Nijedan grad na planeti nema tu privilegiju.<\/p>\n<p>Ljetnje \u010darolije u vidu glavobolje mje\u0161tana nastavljene su i u narednim danima i mjesecima. Pripreme za sezonu protekle su u \u201esavr\u0161enom\u201c redu, pa je grad, kad se navikao na komarce i inspektore, mogao da po\u010dne da ubira plodove napornog rada \u010delnika Op\u0161tine i posebno Vodovoda. Malo ko je znao da je op\u0161tinski Vodovod du\u017ean Regionalnom oko 100.000 eura i da je izgubio proces na sudu. Umjesto da se pozabave kako da rije\u0161e taj goru\u0107i problem, Vodovod je odlu\u010dio da se osloni na doma\u0107e snage, odnosno sopstvena izvori\u0161ta.<\/p>\n<p>Tako je i bilo do kraja jula, a onda su prvo visoke kote ostale bez vode. Nakon njih, i one malo ni\u017ee. U Vodovovodu su se pravdali kako oni nijesu krivi ve\u0107 Distribucija, jer na izvori\u0161tima \u010desto nema struje ali i velike vru\u0107ine koje su smanjile nivo vode. U Distribuciji su govorili kako su oni uradili sve \u0161to je do njih i da Vodovod \u201etamo ima neke svoje obaveze\u201c. Mje\u0161tani su negodovali, a turisti odlazili, jer je osim vode u gradu sve \u010de\u0161\u0107e nestajalo i struje&#8230; Po\u0161to niko nije preuzeo odgovornost, kako to u normalnom svijetu rade \u010dak i teroristi, ljudi su polako po\u010deli da razmi\u0161ljaju da nije u pitanju vi\u0161a sila.<\/p>\n<p>Tih dana bilo je interesantno posmatrati strance kako se snalaze bez struje i vode &#8211; tokom \u0161etnje glavnim gradskim bulevarom koristili su baterijske lampe da se ne bi stropo\u0161tali sa kojeg parapeta, ku\u0107i su vjerovatno imali \u0161terika na kilo, a \u010detkice za zube, mogu\u0107e je, nosili sa sobom na pla\u017eu. Hvala Vodovodu i Elektrodistribuciji na jedinstvenom ugo\u0111aju &#8211; takvu privilegiju ima malo koji turista na svijetu.<\/p>\n<p>Agoniju su prekinuli ministar Gvozdenovi\u0107 i predsjednik Op\u0161tine Nazif Cungu koji su pomirili vodovode. Struja je jo\u0161 dva tri puta \u201ezastenjala\u201c, ali dalekovodi za sada dobro stoje i mje\u0161tani se mole da ostane tako.<\/p>\n<p>Na marginama sezone, u gradu se odvija velika politi\u010dka \u017eurka kojoj se jo\u0161 ne nazire kraj. Tu ple\u0161e svako sa svakim &#8211; Forca sa Demokratskom partijom, Demokratskom unijom i DPS, Demokratska partija sa Forcom, Perspektivom i DPS, a DPS bi sa svima. Pozive za ples za sada ne dobijaju SNP i Front dok SDP \u010deka sa strane. Koga je jo\u0161 briga \u0161to niko nema ve\u0107inu i \u0161to Skup\u0161tina ne zasjeda niti donosi odluke. Niko nikog ne kontroli\u0161e, a to su u demokratiji zove bezvla\u0161\u0107e ili anarhija. Ali na\u0161i polti\u010dari i dalje tancuju. \u017durka traje ba\u0161 kao i gu\u017eve od grada prema Adi uprkos novom mostu i obe\u0107anjima da su uska grla pro\u0161lost. Zalud je Lali\u0107 u Lelejskoj Gori govorio da se obe\u0107anja daju samo kad si dolje. Ne i kad si gore.<\/p>\n<p>Ali hvala na\u0161im politi\u010darima na neponovljivom osje\u0107aju da smo svi vlast. Nema vi\u0161e prstom upiranja put Podgorice jer su sada i oni Vlada. Odnosno, Vlada su oni i Vlada je sada tu, kod nas. Vlada &#8211; to smo mi i politi\u010dari, i Vodovod i Elektrodistribucija i mje\u0161tani i turisti i inspektori i komarci&#8230;<\/p>\n<p>&nbsp;<\/p>\n<h3>Samir Adrovi\u0107<br \/>\nIzvor: <a href=\"http:\/\/www.vijesti.me\/\">Vijesti online<\/a><\/h3>\n<\/div>\n","protected":false},"excerpt":{"rendered":"<p>Ulcinju se desila sezona koja \u0107e ovim intenzitetom trajati mo\u017eda jo\u0161 deset dana, ali \u0107e vjerovatno zavr\u0161iti kao \u0161to je i po\u010dela &#8211; prvo \u0107e oti\u0107i vreline i turisti, dok \u0107e mje\u0161tani ostati da se dru\u017ee sa komarcima i inspektorima. Nijedan grad na planeti nema tu privilegiju Svaki po\u010detak sezone u Ulcinju u posljednje dvije [&hellip;]<\/p>\n","protected":false},"author":1,"featured_media":0,"comment_status":"closed","ping_status":"closed","sticky":false,"template":"","format":"standard","meta":{"spay_email":"","jetpack_publicize_message":"","jetpack_is_tweetstorm":false,"jetpack_publicize_feature_enabled":true},"categories":[8337],"tags":[],"jetpack_publicize_connections":[],"yoast_head":"<!-- This site is optimized with the Yoast SEO plugin v19.1 - https:\/\/yoast.com\/wordpress\/plugins\/seo\/ -->\n<title>Adrovi\u0107: Inspektori i komarci - Lajme nga Ulqini<\/title>\n<meta name=\"description\" content=\"Ulcinju se desila sezona koja \u0107e ovim intenzitetom trajati mo\u017eda jo\u0161 deset dana, ali \u0107e vjerovatno zavr\u0161iti kao \u0161to je i po\u010dela - prvo \u0107e oti\u0107i vreline i\" \/>\n<meta name=\"robots\" content=\"index, follow, max-snippet:-1, max-image-preview:large, max-video-preview:-1\" \/>\n<link rel=\"canonical\" href=\"https:\/\/www.visit-ulcinj.com\/blog\/2013\/08\/19\/adrovic-inspektori-i-komarci\/\" \/>\n<meta property=\"og:locale\" content=\"en_US\" \/>\n<meta property=\"og:type\" content=\"article\" \/>\n<meta property=\"og:title\" content=\"Adrovi\u0107: Inspektori i komarci - Lajme nga Ulqini\" \/>\n<meta property=\"og:description\" content=\"Ulcinju se desila sezona koja \u0107e ovim intenzitetom trajati mo\u017eda jo\u0161 deset dana, ali \u0107e vjerovatno zavr\u0161iti kao \u0161to je i po\u010dela - prvo \u0107e oti\u0107i vreline i\" \/>\n<meta property=\"og:url\" content=\"https:\/\/www.visit-ulcinj.com\/blog\/2013\/08\/19\/adrovic-inspektori-i-komarci\/\" \/>\n<meta property=\"og:site_name\" content=\"Lajme nga Ulqini\" \/>\n<meta property=\"article:published_time\" content=\"2013-08-19T16:46:14+00:00\" \/>\n<meta property=\"article:modified_time\" content=\"2013-08-19T16:46:45+00:00\" \/>\n<meta property=\"og:image\" content=\"http:\/\/www.visit-ulcinj.com\/blog\/wp-content\/uploads\/2013\/07\/ulcinj.jpg\" \/>\n<meta name=\"twitter:label1\" content=\"Written by\" \/>\n\t<meta name=\"twitter:data1\" content=\"ulqini\" \/>\n\t<meta name=\"twitter:label2\" content=\"Est. reading time\" \/>\n\t<meta name=\"twitter:data2\" content=\"6 minutes\" \/>\n<script type=\"application\/ld+json\" class=\"yoast-schema-graph\">{\"@context\":\"https:\/\/schema.org\",\"@graph\":[{\"@type\":\"WebSite\",\"@id\":\"https:\/\/www.visit-ulcinj.com\/blog\/#website\",\"url\":\"https:\/\/www.visit-ulcinj.com\/blog\/\",\"name\":\"Lajme nga Ulqini\",\"description\":\"Lajme,Vijesti,Ulqini,Ulqin,Crna Gora,Mali i Zi\",\"potentialAction\":[{\"@type\":\"SearchAction\",\"target\":{\"@type\":\"EntryPoint\",\"urlTemplate\":\"https:\/\/www.visit-ulcinj.com\/blog\/?s={search_term_string}\"},\"query-input\":\"required name=search_term_string\"}],\"inLanguage\":\"en-US\"},{\"@type\":\"ImageObject\",\"inLanguage\":\"en-US\",\"@id\":\"https:\/\/www.visit-ulcinj.com\/blog\/2013\/08\/19\/adrovic-inspektori-i-komarci\/#primaryimage\",\"url\":\"https:\/\/www.visit-ulcinj.com\/blog\/wp-content\/uploads\/2013\/07\/ulcinj.jpg\",\"contentUrl\":\"https:\/\/www.visit-ulcinj.com\/blog\/wp-content\/uploads\/2013\/07\/ulcinj.jpg\",\"width\":960,\"height\":425},{\"@type\":\"WebPage\",\"@id\":\"https:\/\/www.visit-ulcinj.com\/blog\/2013\/08\/19\/adrovic-inspektori-i-komarci\/#webpage\",\"url\":\"https:\/\/www.visit-ulcinj.com\/blog\/2013\/08\/19\/adrovic-inspektori-i-komarci\/\",\"name\":\"Adrovi\u0107: Inspektori i komarci - Lajme nga Ulqini\",\"isPartOf\":{\"@id\":\"https:\/\/www.visit-ulcinj.com\/blog\/#website\"},\"primaryImageOfPage\":{\"@id\":\"https:\/\/www.visit-ulcinj.com\/blog\/2013\/08\/19\/adrovic-inspektori-i-komarci\/#primaryimage\"},\"datePublished\":\"2013-08-19T16:46:14+00:00\",\"dateModified\":\"2013-08-19T16:46:45+00:00\",\"author\":{\"@id\":\"https:\/\/www.visit-ulcinj.com\/blog\/#\/schema\/person\/dcab619c614d3038751c63bc2aadc06d\"},\"description\":\"Ulcinju se desila sezona koja \u0107e ovim intenzitetom trajati mo\u017eda jo\u0161 deset dana, ali \u0107e vjerovatno zavr\u0161iti kao \u0161to je i po\u010dela - prvo \u0107e oti\u0107i vreline i\",\"breadcrumb\":{\"@id\":\"https:\/\/www.visit-ulcinj.com\/blog\/2013\/08\/19\/adrovic-inspektori-i-komarci\/#breadcrumb\"},\"inLanguage\":\"en-US\",\"potentialAction\":[{\"@type\":\"ReadAction\",\"target\":[\"https:\/\/www.visit-ulcinj.com\/blog\/2013\/08\/19\/adrovic-inspektori-i-komarci\/\"]}]},{\"@type\":\"BreadcrumbList\",\"@id\":\"https:\/\/www.visit-ulcinj.com\/blog\/2013\/08\/19\/adrovic-inspektori-i-komarci\/#breadcrumb\",\"itemListElement\":[{\"@type\":\"ListItem\",\"position\":1,\"name\":\"Adrovi\u0107: Inspektori i komarci\"}]},{\"@type\":\"Person\",\"@id\":\"https:\/\/www.visit-ulcinj.com\/blog\/#\/schema\/person\/dcab619c614d3038751c63bc2aadc06d\",\"name\":\"ulqini\",\"sameAs\":[\"http:\/\/www.visit-ulcinj.com\"],\"url\":\"https:\/\/www.visit-ulcinj.com\/blog\/author\/admin\/\"}]}<\/script>\n<!-- \/ Yoast SEO plugin. -->","yoast_head_json":{"title":"Adrovi\u0107: Inspektori i komarci - Lajme nga Ulqini","description":"Ulcinju se desila sezona koja \u0107e ovim intenzitetom trajati mo\u017eda jo\u0161 deset dana, ali \u0107e vjerovatno zavr\u0161iti kao \u0161to je i po\u010dela - prvo \u0107e oti\u0107i vreline i","robots":{"index":"index","follow":"follow","max-snippet":"max-snippet:-1","max-image-preview":"max-image-preview:large","max-video-preview":"max-video-preview:-1"},"canonical":"https:\/\/www.visit-ulcinj.com\/blog\/2013\/08\/19\/adrovic-inspektori-i-komarci\/","og_locale":"en_US","og_type":"article","og_title":"Adrovi\u0107: Inspektori i komarci - Lajme nga Ulqini","og_description":"Ulcinju se desila sezona koja \u0107e ovim intenzitetom trajati mo\u017eda jo\u0161 deset dana, ali \u0107e vjerovatno zavr\u0161iti kao \u0161to je i po\u010dela - prvo \u0107e oti\u0107i vreline i","og_url":"https:\/\/www.visit-ulcinj.com\/blog\/2013\/08\/19\/adrovic-inspektori-i-komarci\/","og_site_name":"Lajme nga Ulqini","article_published_time":"2013-08-19T16:46:14+00:00","article_modified_time":"2013-08-19T16:46:45+00:00","og_image":[{"url":"http:\/\/www.visit-ulcinj.com\/blog\/wp-content\/uploads\/2013\/07\/ulcinj.jpg"}],"twitter_misc":{"Written by":"ulqini","Est. reading time":"6 minutes"},"schema":{"@context":"https:\/\/schema.org","@graph":[{"@type":"WebSite","@id":"https:\/\/www.visit-ulcinj.com\/blog\/#website","url":"https:\/\/www.visit-ulcinj.com\/blog\/","name":"Lajme nga Ulqini","description":"Lajme,Vijesti,Ulqini,Ulqin,Crna Gora,Mali i Zi","potentialAction":[{"@type":"SearchAction","target":{"@type":"EntryPoint","urlTemplate":"https:\/\/www.visit-ulcinj.com\/blog\/?s={search_term_string}"},"query-input":"required name=search_term_string"}],"inLanguage":"en-US"},{"@type":"ImageObject","inLanguage":"en-US","@id":"https:\/\/www.visit-ulcinj.com\/blog\/2013\/08\/19\/adrovic-inspektori-i-komarci\/#primaryimage","url":"https:\/\/www.visit-ulcinj.com\/blog\/wp-content\/uploads\/2013\/07\/ulcinj.jpg","contentUrl":"https:\/\/www.visit-ulcinj.com\/blog\/wp-content\/uploads\/2013\/07\/ulcinj.jpg","width":960,"height":425},{"@type":"WebPage","@id":"https:\/\/www.visit-ulcinj.com\/blog\/2013\/08\/19\/adrovic-inspektori-i-komarci\/#webpage","url":"https:\/\/www.visit-ulcinj.com\/blog\/2013\/08\/19\/adrovic-inspektori-i-komarci\/","name":"Adrovi\u0107: Inspektori i komarci - Lajme nga Ulqini","isPartOf":{"@id":"https:\/\/www.visit-ulcinj.com\/blog\/#website"},"primaryImageOfPage":{"@id":"https:\/\/www.visit-ulcinj.com\/blog\/2013\/08\/19\/adrovic-inspektori-i-komarci\/#primaryimage"},"datePublished":"2013-08-19T16:46:14+00:00","dateModified":"2013-08-19T16:46:45+00:00","author":{"@id":"https:\/\/www.visit-ulcinj.com\/blog\/#\/schema\/person\/dcab619c614d3038751c63bc2aadc06d"},"description":"Ulcinju se desila sezona koja \u0107e ovim intenzitetom trajati mo\u017eda jo\u0161 deset dana, ali \u0107e vjerovatno zavr\u0161iti kao \u0161to je i po\u010dela - prvo \u0107e oti\u0107i vreline i","breadcrumb":{"@id":"https:\/\/www.visit-ulcinj.com\/blog\/2013\/08\/19\/adrovic-inspektori-i-komarci\/#breadcrumb"},"inLanguage":"en-US","potentialAction":[{"@type":"ReadAction","target":["https:\/\/www.visit-ulcinj.com\/blog\/2013\/08\/19\/adrovic-inspektori-i-komarci\/"]}]},{"@type":"BreadcrumbList","@id":"https:\/\/www.visit-ulcinj.com\/blog\/2013\/08\/19\/adrovic-inspektori-i-komarci\/#breadcrumb","itemListElement":[{"@type":"ListItem","position":1,"name":"Adrovi\u0107: Inspektori i komarci"}]},{"@type":"Person","@id":"https:\/\/www.visit-ulcinj.com\/blog\/#\/schema\/person\/dcab619c614d3038751c63bc2aadc06d","name":"ulqini","sameAs":["http:\/\/www.visit-ulcinj.com"],"url":"https:\/\/www.visit-ulcinj.com\/blog\/author\/admin\/"}]}},"jetpack_featured_media_url":"","jetpack_sharing_enabled":true,"jetpack_shortlink":"https:\/\/wp.me\/pe6lTn-jiT","_links":{"self":[{"href":"https:\/\/www.visit-ulcinj.com\/blog\/wp-json\/wp\/v2\/posts\/74207"}],"collection":[{"href":"https:\/\/www.visit-ulcinj.com\/blog\/wp-json\/wp\/v2\/posts"}],"about":[{"href":"https:\/\/www.visit-ulcinj.com\/blog\/wp-json\/wp\/v2\/types\/post"}],"author":[{"embeddable":true,"href":"https:\/\/www.visit-ulcinj.com\/blog\/wp-json\/wp\/v2\/users\/1"}],"replies":[{"embeddable":true,"href":"https:\/\/www.visit-ulcinj.com\/blog\/wp-json\/wp\/v2\/comments?post=74207"}],"version-history":[{"count":2,"href":"https:\/\/www.visit-ulcinj.com\/blog\/wp-json\/wp\/v2\/posts\/74207\/revisions"}],"predecessor-version":[{"id":74209,"href":"https:\/\/www.visit-ulcinj.com\/blog\/wp-json\/wp\/v2\/posts\/74207\/revisions\/74209"}],"wp:attachment":[{"href":"https:\/\/www.visit-ulcinj.com\/blog\/wp-json\/wp\/v2\/media?parent=74207"}],"wp:term":[{"taxonomy":"category","embeddable":true,"href":"https:\/\/www.visit-ulcinj.com\/blog\/wp-json\/wp\/v2\/categories?post=74207"},{"taxonomy":"post_tag","embeddable":true,"href":"https:\/\/www.visit-ulcinj.com\/blog\/wp-json\/wp\/v2\/tags?post=74207"}],"curies":[{"name":"wp","href":"https:\/\/api.w.org\/{rel}","templated":true}]}}