{"id":74214,"date":"2013-08-19T18:14:14","date_gmt":"2013-08-19T17:14:14","guid":{"rendered":"http:\/\/www.visit-ulcinj.com\/blog\/?p=74214"},"modified":"2013-08-20T23:54:44","modified_gmt":"2013-08-20T22:54:44","slug":"summer-fest-ne-ulqin-spektakel-i-suksesshem-video","status":"publish","type":"post","link":"https:\/\/www.visit-ulcinj.com\/blog\/2013\/08\/19\/summer-fest-ne-ulqin-spektakel-i-suksesshem-video\/","title":{"rendered":"\u201cSummer Fest\u201d n\u00eb Ulqin spektak\u00ebl i suksessh\u00ebm &#8211; Video"},"content":{"rendered":"<div id=\"ContentPane0ArticlesDetails_descriptionDiv\"><a href=\"http:\/\/www.visit-ulcinj.com\/blog\/wp-content\/uploads\/2013\/08\/Summer-Fest-Ulqin.jpg\"><img loading=\"lazy\" class=\"alignleft  wp-image-74215\" alt=\"Summer Fest Ulqin\" src=\"http:\/\/www.visit-ulcinj.com\/blog\/wp-content\/uploads\/2013\/08\/Summer-Fest-Ulqin.jpg\" width=\"508\" height=\"360\" \/><\/a>Koncerti madh\u00ebshtor i \u201cSummer Fest\u201d n\u00eb qytetin e Ulqinit ka sh\u00ebnuar edhe destinacionin e fundit t\u00eb edicionit t\u00eb dyt\u00eb t\u00eb festivalit veror.<\/div>\n<p>P\u00ebr m\u00eb shum\u00eb se dy muaj, disa prej z\u00ebrave m\u00eb t\u00eb njohur e t\u00eb dashur p\u00ebr shqiptar\u00ebt, si Aurela Ga\u00e7e, Eli Fara, Adrian Gaxha, Besa Kok\u00ebdhima, Jonida Maliqi etj., s\u00eb bashku me trup\u00ebn e baletit t\u00eb Top Channel, aktor\u00eb t\u00eb Portokallis\u00eb\u00a0 si dhe artist\u00eb t\u00eb piroteknik\u00ebs, kan\u00eb d\u00ebfryer dhe kan\u00eb energjizuar ver\u00ebn e shqiptar\u00ebve n\u00eb disa prej qyteteve kryesore t\u00eb vendit.<\/p>\n<p>Atmosfera festive dhe performancat e arrira q\u00eb t\u00ebrhoq\u00ebn mij\u00ebra njer\u00ebz n\u00eb sheshet e qyteteve si Tirana, Kor\u00e7a, Durr\u00ebsi, Vlora, Saranda etj. e kan\u00eb kthyer edhe k\u00ebt\u00eb her\u00eb \u201cSummer Fest\u201d n\u00eb nj\u00eb event q\u00eb nuk duhej humbur.<\/p>\n<p>Eventi ka qen\u00eb nj\u00eb nism\u00eb e fondacionit mediatik \u201cDritan Hoxha\u201d me mb\u00ebshtetjen e Top Channel,\u00a0 i realizuar n\u00ebn drejtimin e Ardit Roshit dhe Luana Vjollc\u00ebs dhe n\u00ebn kujdesin e producentes Ledia Liku. Regjia televizive mbante firm\u00ebn e Ergys Lubonj\u00ebs, nd\u00ebrsa skenari i p\u00ebrkiste Olti Currit.<\/p>\n<p>Koncerti n\u00eb Ulqin q\u00eb ka mbyllur edhe siparin e edicionit t\u00eb dyt\u00eb, ka sjell\u00eb pran\u00eb publikut k\u00ebng\u00ebtar\u00eb si Dren Abazi, Vedat Ademi, grupi Burn apo Olta Boka, t\u00eb cil\u00ebt jan\u00eb pritur me entuziaz\u00ebm nga t\u00eb pranishmit.<\/p>\n<p>Ka p\u00ebrfunduar k\u00ebshtu nj\u00eb tjet\u00ebr spektak\u00ebl i suksessh\u00ebm, i cili s\u00eb shpejti do t\u2019ua l\u00ebr\u00eb vendin programeve t\u00eb shumta e t\u00eb larmishme q\u00eb jan\u00eb p\u00ebrzgjedhur nga Top Channel p\u00ebr sezonin e ri televiziv q\u00eb do t\u00eb filloj\u00eb n\u00eb shtator.<\/p>\n<p>Top Channel<\/p>\n<p><iframe loading=\"lazy\" src=\"\/\/www.youtube.com\/embed\/5GzEOQ3FwL0\" height=\"360\" width=\"508\" allowfullscreen=\"\" frameborder=\"0\"><\/iframe><\/p>\n","protected":false},"excerpt":{"rendered":"<p>Koncerti madh\u00ebshtor i \u201cSummer Fest\u201d n\u00eb qytetin e Ulqinit ka sh\u00ebnuar edhe destinacionin e fundit t\u00eb edicionit t\u00eb dyt\u00eb t\u00eb festivalit veror. P\u00ebr m\u00eb shum\u00eb se dy muaj, disa prej z\u00ebrave m\u00eb t\u00eb njohur e t\u00eb dashur p\u00ebr shqiptar\u00ebt, si Aurela Ga\u00e7e, Eli Fara, Adrian Gaxha, Besa Kok\u00ebdhima, Jonida Maliqi etj., s\u00eb bashku me trup\u00ebn [&hellip;]<\/p>\n","protected":false},"author":1,"featured_media":0,"comment_status":"closed","ping_status":"closed","sticky":false,"template":"","format":"standard","meta":{"spay_email":"","jetpack_publicize_message":"","jetpack_is_tweetstorm":false,"jetpack_publicize_feature_enabled":true},"categories":[1],"tags":[],"jetpack_publicize_connections":[],"yoast_head":"<!-- This site is optimized with the Yoast SEO plugin v19.1 - https:\/\/yoast.com\/wordpress\/plugins\/seo\/ -->\n<title>\u201cSummer Fest\u201d n\u00eb Ulqin spektak\u00ebl i suksessh\u00ebm - Video - Lajme nga Ulqini<\/title>\n<meta name=\"description\" content=\"Koncerti madh\u00ebshtor i \u201cSummer Fest\u201d n\u00eb qytetin e Ulqinit ka sh\u00ebnuar edhe destinacionin e fundit t\u00eb edicionit t\u00eb dyt\u00eb t\u00eb festivalit veror. P\u00ebr m\u00eb shum\u00eb se\" \/>\n<meta name=\"robots\" content=\"index, follow, max-snippet:-1, max-image-preview:large, max-video-preview:-1\" \/>\n<link rel=\"canonical\" href=\"https:\/\/www.visit-ulcinj.com\/blog\/2013\/08\/19\/summer-fest-ne-ulqin-spektakel-i-suksesshem-video\/\" \/>\n<meta property=\"og:locale\" content=\"en_US\" \/>\n<meta property=\"og:type\" content=\"article\" \/>\n<meta property=\"og:title\" content=\"\u201cSummer Fest\u201d n\u00eb Ulqin spektak\u00ebl i suksessh\u00ebm - Video - Lajme nga Ulqini\" \/>\n<meta property=\"og:description\" content=\"Koncerti madh\u00ebshtor i \u201cSummer Fest\u201d n\u00eb qytetin e Ulqinit ka sh\u00ebnuar edhe destinacionin e fundit t\u00eb edicionit t\u00eb dyt\u00eb t\u00eb festivalit veror. P\u00ebr m\u00eb shum\u00eb se\" \/>\n<meta property=\"og:url\" content=\"https:\/\/www.visit-ulcinj.com\/blog\/2013\/08\/19\/summer-fest-ne-ulqin-spektakel-i-suksesshem-video\/\" \/>\n<meta property=\"og:site_name\" content=\"Lajme nga Ulqini\" \/>\n<meta property=\"article:published_time\" content=\"2013-08-19T17:14:14+00:00\" \/>\n<meta property=\"article:modified_time\" content=\"2013-08-20T22:54:44+00:00\" \/>\n<meta property=\"og:image\" content=\"http:\/\/www.visit-ulcinj.com\/blog\/wp-content\/uploads\/2013\/08\/Summer-Fest-Ulqin.jpg\" \/>\n<meta name=\"twitter:label1\" content=\"Written by\" \/>\n\t<meta name=\"twitter:data1\" content=\"ulqini\" \/>\n\t<meta name=\"twitter:label2\" content=\"Est. reading time\" \/>\n\t<meta name=\"twitter:data2\" content=\"1 minute\" \/>\n<script type=\"application\/ld+json\" class=\"yoast-schema-graph\">{\"@context\":\"https:\/\/schema.org\",\"@graph\":[{\"@type\":\"WebSite\",\"@id\":\"https:\/\/www.visit-ulcinj.com\/blog\/#website\",\"url\":\"https:\/\/www.visit-ulcinj.com\/blog\/\",\"name\":\"Lajme nga Ulqini\",\"description\":\"Lajme,Vijesti,Ulqini,Ulqin,Crna Gora,Mali i Zi\",\"potentialAction\":[{\"@type\":\"SearchAction\",\"target\":{\"@type\":\"EntryPoint\",\"urlTemplate\":\"https:\/\/www.visit-ulcinj.com\/blog\/?s={search_term_string}\"},\"query-input\":\"required name=search_term_string\"}],\"inLanguage\":\"en-US\"},{\"@type\":\"ImageObject\",\"inLanguage\":\"en-US\",\"@id\":\"https:\/\/www.visit-ulcinj.com\/blog\/2013\/08\/19\/summer-fest-ne-ulqin-spektakel-i-suksesshem-video\/#primaryimage\",\"url\":\"https:\/\/www.visit-ulcinj.com\/blog\/wp-content\/uploads\/2013\/08\/Summer-Fest-Ulqin.jpg\",\"contentUrl\":\"https:\/\/www.visit-ulcinj.com\/blog\/wp-content\/uploads\/2013\/08\/Summer-Fest-Ulqin.jpg\",\"width\":960,\"height\":720},{\"@type\":\"WebPage\",\"@id\":\"https:\/\/www.visit-ulcinj.com\/blog\/2013\/08\/19\/summer-fest-ne-ulqin-spektakel-i-suksesshem-video\/#webpage\",\"url\":\"https:\/\/www.visit-ulcinj.com\/blog\/2013\/08\/19\/summer-fest-ne-ulqin-spektakel-i-suksesshem-video\/\",\"name\":\"\u201cSummer Fest\u201d n\u00eb Ulqin spektak\u00ebl i suksessh\u00ebm - Video - Lajme nga Ulqini\",\"isPartOf\":{\"@id\":\"https:\/\/www.visit-ulcinj.com\/blog\/#website\"},\"primaryImageOfPage\":{\"@id\":\"https:\/\/www.visit-ulcinj.com\/blog\/2013\/08\/19\/summer-fest-ne-ulqin-spektakel-i-suksesshem-video\/#primaryimage\"},\"datePublished\":\"2013-08-19T17:14:14+00:00\",\"dateModified\":\"2013-08-20T22:54:44+00:00\",\"author\":{\"@id\":\"https:\/\/www.visit-ulcinj.com\/blog\/#\/schema\/person\/dcab619c614d3038751c63bc2aadc06d\"},\"description\":\"Koncerti madh\u00ebshtor i \u201cSummer Fest\u201d n\u00eb qytetin e Ulqinit ka sh\u00ebnuar edhe destinacionin e fundit t\u00eb edicionit t\u00eb dyt\u00eb t\u00eb festivalit veror. P\u00ebr m\u00eb shum\u00eb se\",\"breadcrumb\":{\"@id\":\"https:\/\/www.visit-ulcinj.com\/blog\/2013\/08\/19\/summer-fest-ne-ulqin-spektakel-i-suksesshem-video\/#breadcrumb\"},\"inLanguage\":\"en-US\",\"potentialAction\":[{\"@type\":\"ReadAction\",\"target\":[\"https:\/\/www.visit-ulcinj.com\/blog\/2013\/08\/19\/summer-fest-ne-ulqin-spektakel-i-suksesshem-video\/\"]}]},{\"@type\":\"BreadcrumbList\",\"@id\":\"https:\/\/www.visit-ulcinj.com\/blog\/2013\/08\/19\/summer-fest-ne-ulqin-spektakel-i-suksesshem-video\/#breadcrumb\",\"itemListElement\":[{\"@type\":\"ListItem\",\"position\":1,\"name\":\"\u201cSummer Fest\u201d n\u00eb Ulqin spektak\u00ebl i suksessh\u00ebm &#8211; Video\"}]},{\"@type\":\"Person\",\"@id\":\"https:\/\/www.visit-ulcinj.com\/blog\/#\/schema\/person\/dcab619c614d3038751c63bc2aadc06d\",\"name\":\"ulqini\",\"sameAs\":[\"http:\/\/www.visit-ulcinj.com\"],\"url\":\"https:\/\/www.visit-ulcinj.com\/blog\/author\/admin\/\"}]}<\/script>\n<!-- \/ Yoast SEO plugin. -->","yoast_head_json":{"title":"\u201cSummer Fest\u201d n\u00eb Ulqin spektak\u00ebl i suksessh\u00ebm - Video - Lajme nga Ulqini","description":"Koncerti madh\u00ebshtor i \u201cSummer Fest\u201d n\u00eb qytetin e Ulqinit ka sh\u00ebnuar edhe destinacionin e fundit t\u00eb edicionit t\u00eb dyt\u00eb t\u00eb festivalit veror. P\u00ebr m\u00eb shum\u00eb se","robots":{"index":"index","follow":"follow","max-snippet":"max-snippet:-1","max-image-preview":"max-image-preview:large","max-video-preview":"max-video-preview:-1"},"canonical":"https:\/\/www.visit-ulcinj.com\/blog\/2013\/08\/19\/summer-fest-ne-ulqin-spektakel-i-suksesshem-video\/","og_locale":"en_US","og_type":"article","og_title":"\u201cSummer Fest\u201d n\u00eb Ulqin spektak\u00ebl i suksessh\u00ebm - Video - Lajme nga Ulqini","og_description":"Koncerti madh\u00ebshtor i \u201cSummer Fest\u201d n\u00eb qytetin e Ulqinit ka sh\u00ebnuar edhe destinacionin e fundit t\u00eb edicionit t\u00eb dyt\u00eb t\u00eb festivalit veror. P\u00ebr m\u00eb shum\u00eb se","og_url":"https:\/\/www.visit-ulcinj.com\/blog\/2013\/08\/19\/summer-fest-ne-ulqin-spektakel-i-suksesshem-video\/","og_site_name":"Lajme nga Ulqini","article_published_time":"2013-08-19T17:14:14+00:00","article_modified_time":"2013-08-20T22:54:44+00:00","og_image":[{"url":"http:\/\/www.visit-ulcinj.com\/blog\/wp-content\/uploads\/2013\/08\/Summer-Fest-Ulqin.jpg"}],"twitter_misc":{"Written by":"ulqini","Est. reading time":"1 minute"},"schema":{"@context":"https:\/\/schema.org","@graph":[{"@type":"WebSite","@id":"https:\/\/www.visit-ulcinj.com\/blog\/#website","url":"https:\/\/www.visit-ulcinj.com\/blog\/","name":"Lajme nga Ulqini","description":"Lajme,Vijesti,Ulqini,Ulqin,Crna Gora,Mali i Zi","potentialAction":[{"@type":"SearchAction","target":{"@type":"EntryPoint","urlTemplate":"https:\/\/www.visit-ulcinj.com\/blog\/?s={search_term_string}"},"query-input":"required name=search_term_string"}],"inLanguage":"en-US"},{"@type":"ImageObject","inLanguage":"en-US","@id":"https:\/\/www.visit-ulcinj.com\/blog\/2013\/08\/19\/summer-fest-ne-ulqin-spektakel-i-suksesshem-video\/#primaryimage","url":"https:\/\/www.visit-ulcinj.com\/blog\/wp-content\/uploads\/2013\/08\/Summer-Fest-Ulqin.jpg","contentUrl":"https:\/\/www.visit-ulcinj.com\/blog\/wp-content\/uploads\/2013\/08\/Summer-Fest-Ulqin.jpg","width":960,"height":720},{"@type":"WebPage","@id":"https:\/\/www.visit-ulcinj.com\/blog\/2013\/08\/19\/summer-fest-ne-ulqin-spektakel-i-suksesshem-video\/#webpage","url":"https:\/\/www.visit-ulcinj.com\/blog\/2013\/08\/19\/summer-fest-ne-ulqin-spektakel-i-suksesshem-video\/","name":"\u201cSummer Fest\u201d n\u00eb Ulqin spektak\u00ebl i suksessh\u00ebm - Video - Lajme nga Ulqini","isPartOf":{"@id":"https:\/\/www.visit-ulcinj.com\/blog\/#website"},"primaryImageOfPage":{"@id":"https:\/\/www.visit-ulcinj.com\/blog\/2013\/08\/19\/summer-fest-ne-ulqin-spektakel-i-suksesshem-video\/#primaryimage"},"datePublished":"2013-08-19T17:14:14+00:00","dateModified":"2013-08-20T22:54:44+00:00","author":{"@id":"https:\/\/www.visit-ulcinj.com\/blog\/#\/schema\/person\/dcab619c614d3038751c63bc2aadc06d"},"description":"Koncerti madh\u00ebshtor i \u201cSummer Fest\u201d n\u00eb qytetin e Ulqinit ka sh\u00ebnuar edhe destinacionin e fundit t\u00eb edicionit t\u00eb dyt\u00eb t\u00eb festivalit veror. P\u00ebr m\u00eb shum\u00eb se","breadcrumb":{"@id":"https:\/\/www.visit-ulcinj.com\/blog\/2013\/08\/19\/summer-fest-ne-ulqin-spektakel-i-suksesshem-video\/#breadcrumb"},"inLanguage":"en-US","potentialAction":[{"@type":"ReadAction","target":["https:\/\/www.visit-ulcinj.com\/blog\/2013\/08\/19\/summer-fest-ne-ulqin-spektakel-i-suksesshem-video\/"]}]},{"@type":"BreadcrumbList","@id":"https:\/\/www.visit-ulcinj.com\/blog\/2013\/08\/19\/summer-fest-ne-ulqin-spektakel-i-suksesshem-video\/#breadcrumb","itemListElement":[{"@type":"ListItem","position":1,"name":"\u201cSummer Fest\u201d n\u00eb Ulqin spektak\u00ebl i suksessh\u00ebm &#8211; Video"}]},{"@type":"Person","@id":"https:\/\/www.visit-ulcinj.com\/blog\/#\/schema\/person\/dcab619c614d3038751c63bc2aadc06d","name":"ulqini","sameAs":["http:\/\/www.visit-ulcinj.com"],"url":"https:\/\/www.visit-ulcinj.com\/blog\/author\/admin\/"}]}},"jetpack_featured_media_url":"","jetpack_sharing_enabled":true,"jetpack_shortlink":"https:\/\/wp.me\/pe6lTn-jj0","_links":{"self":[{"href":"https:\/\/www.visit-ulcinj.com\/blog\/wp-json\/wp\/v2\/posts\/74214"}],"collection":[{"href":"https:\/\/www.visit-ulcinj.com\/blog\/wp-json\/wp\/v2\/posts"}],"about":[{"href":"https:\/\/www.visit-ulcinj.com\/blog\/wp-json\/wp\/v2\/types\/post"}],"author":[{"embeddable":true,"href":"https:\/\/www.visit-ulcinj.com\/blog\/wp-json\/wp\/v2\/users\/1"}],"replies":[{"embeddable":true,"href":"https:\/\/www.visit-ulcinj.com\/blog\/wp-json\/wp\/v2\/comments?post=74214"}],"version-history":[{"count":2,"href":"https:\/\/www.visit-ulcinj.com\/blog\/wp-json\/wp\/v2\/posts\/74214\/revisions"}],"predecessor-version":[{"id":74230,"href":"https:\/\/www.visit-ulcinj.com\/blog\/wp-json\/wp\/v2\/posts\/74214\/revisions\/74230"}],"wp:attachment":[{"href":"https:\/\/www.visit-ulcinj.com\/blog\/wp-json\/wp\/v2\/media?parent=74214"}],"wp:term":[{"taxonomy":"category","embeddable":true,"href":"https:\/\/www.visit-ulcinj.com\/blog\/wp-json\/wp\/v2\/categories?post=74214"},{"taxonomy":"post_tag","embeddable":true,"href":"https:\/\/www.visit-ulcinj.com\/blog\/wp-json\/wp\/v2\/tags?post=74214"}],"curies":[{"name":"wp","href":"https:\/\/api.w.org\/{rel}","templated":true}]}}