{"id":74218,"date":"2013-08-19T20:06:05","date_gmt":"2013-08-19T19:06:05","guid":{"rendered":"http:\/\/www.visit-ulcinj.com\/blog\/?p=74218"},"modified":"2013-08-19T20:06:26","modified_gmt":"2013-08-19T19:06:26","slug":"ulcinj-skuterom-tesko-povrijeden-njemacki-turista","status":"publish","type":"post","link":"https:\/\/www.visit-ulcinj.com\/blog\/2013\/08\/19\/ulcinj-skuterom-tesko-povrijeden-njemacki-turista\/","title":{"rendered":"Ulcinj: Skuterom te\u0161ko povrije\u0111en njema\u010dki turista"},"content":{"rendered":"<p><a href=\"http:\/\/www.visit-ulcinj.com\/blog\/wp-content\/uploads\/2013\/08\/jetski-accicdent.jpg\"><img loading=\"lazy\" class=\"alignleft  wp-image-74219\" alt=\"jetski-accicdent\" src=\"http:\/\/www.visit-ulcinj.com\/blog\/wp-content\/uploads\/2013\/08\/jetski-accicdent.jpg\" width=\"508\" height=\"308\" \/><\/a>Njema\u010dki dr\u017eavljanin Markus Busner (32) te\u0161ko je povrije\u0111en ju\u010de oko 12 \u010dasova, na Maloj pla\u017ei u Ulcinju, kada je na njega, dok se kupao u moru, naletio skuter, pi\u0161e Dan.<\/p>\n<p>Prema nezvani\u010dnim saznanjima podgori\u010dkog lista, incident se dogodio van prostora predvi\u0111enog za kupa\u010de, a Busner je sa te\u0161kim povredama glave odmah prevezen u Hitnu pomo\u0107, gdje je nakon ukazane pomo\u0107i upu\u0107en na dalje lije\u010denje u Bar, a potom u Klini\u010dki centar u Podgorici.<\/p>\n<p>&#8211; Povrije\u0111eni je primljen u svjesnom stanju, ali sa velikom posjekotinom du\u017e \u010ditave glave. Ukazana mu je prva pomo\u0107, a potom je zbog specifi\u010dnosti povrede poslat na dalje lije\u010denje. Prema informacijama kojima raspola\u017eem, Busner je hospitapizovan u Klini\u010dkom centru u Podgorici i nije u \u017eivotnoj opasnosti &#8211; kazao je Danu de\u017eurni ljekar u Hitnoj pomo\u0107i dr Hasan Zeneli.<\/p>\n<p>Voza\u010d skutera, \u010dije ime policija nije saop\u0161tila, nakon incidenta priveden je i ispitan o okolnostima doga\u0111aja. \u0160ef Ispostave lu\u010dke kapetanije u Ulcinju, kapetan Petar Po\u010dek, kazao je da je posljednjih dana intenziviran saobra\u0107aj na moru, te da su registrovani brojni prekr\u0161aji, koje \u010dine i kupa\u010di i oni koji upravljaju plovilima.<\/p>\n<p>Skuteri, gliseri i druga brza plovila i ovog ljeta su konstantna opasnost po kupa\u010de, a nezgode poput nedavne u Petrovcu kada je u sudaru skutera i pedaline povrije\u0111eno troje djece trebalo bi da bude upozorenje da se kona\u010dno mora stati na put onima koji ne po\u0161tuju zakon i dovode u opasnost i sebe i druge.<\/p>\n<p><strong>Izvor: Analitika &#8211; Informativni Portal<\/strong><\/p>\n","protected":false},"excerpt":{"rendered":"<p>Njema\u010dki dr\u017eavljanin Markus Busner (32) te\u0161ko je povrije\u0111en ju\u010de oko 12 \u010dasova, na Maloj pla\u017ei u Ulcinju, kada je na njega, dok se kupao u moru, naletio skuter, pi\u0161e Dan. Prema nezvani\u010dnim saznanjima podgori\u010dkog lista, incident se dogodio van prostora predvi\u0111enog za kupa\u010de, a Busner je sa te\u0161kim povredama glave odmah prevezen u Hitnu pomo\u0107, [&hellip;]<\/p>\n","protected":false},"author":1,"featured_media":0,"comment_status":"closed","ping_status":"closed","sticky":false,"template":"","format":"standard","meta":{"spay_email":"","jetpack_publicize_message":"","jetpack_is_tweetstorm":false,"jetpack_publicize_feature_enabled":true},"categories":[6950],"tags":[],"jetpack_publicize_connections":[],"yoast_head":"<!-- This site is optimized with the Yoast SEO plugin v19.1 - https:\/\/yoast.com\/wordpress\/plugins\/seo\/ -->\n<title>Ulcinj: Skuterom te\u0161ko povrije\u0111en njema\u010dki turista - Lajme nga Ulqini<\/title>\n<meta name=\"description\" content=\"Njema\u010dki dr\u017eavljanin Markus Busner (32) te\u0161ko je povrije\u0111en ju\u010de oko 12 \u010dasova, na Maloj pla\u017ei u Ulcinju, kada je na njega, dok se kupao u moru, naletio\" \/>\n<meta name=\"robots\" content=\"index, follow, max-snippet:-1, max-image-preview:large, max-video-preview:-1\" \/>\n<link rel=\"canonical\" href=\"https:\/\/www.visit-ulcinj.com\/blog\/2013\/08\/19\/ulcinj-skuterom-tesko-povrijeden-njemacki-turista\/\" \/>\n<meta property=\"og:locale\" content=\"en_US\" \/>\n<meta property=\"og:type\" content=\"article\" \/>\n<meta property=\"og:title\" content=\"Ulcinj: Skuterom te\u0161ko povrije\u0111en njema\u010dki turista - Lajme nga Ulqini\" \/>\n<meta property=\"og:description\" content=\"Njema\u010dki dr\u017eavljanin Markus Busner (32) te\u0161ko je povrije\u0111en ju\u010de oko 12 \u010dasova, na Maloj pla\u017ei u Ulcinju, kada je na njega, dok se kupao u moru, naletio\" \/>\n<meta property=\"og:url\" content=\"https:\/\/www.visit-ulcinj.com\/blog\/2013\/08\/19\/ulcinj-skuterom-tesko-povrijeden-njemacki-turista\/\" \/>\n<meta property=\"og:site_name\" content=\"Lajme nga Ulqini\" \/>\n<meta property=\"article:published_time\" content=\"2013-08-19T19:06:05+00:00\" \/>\n<meta property=\"article:modified_time\" content=\"2013-08-19T19:06:26+00:00\" \/>\n<meta property=\"og:image\" content=\"http:\/\/www.visit-ulcinj.com\/blog\/wp-content\/uploads\/2013\/08\/jetski-accicdent.jpg\" \/>\n<meta name=\"twitter:label1\" content=\"Written by\" \/>\n\t<meta name=\"twitter:data1\" content=\"ulqini\" \/>\n\t<meta name=\"twitter:label2\" content=\"Est. reading time\" \/>\n\t<meta name=\"twitter:data2\" content=\"1 minute\" \/>\n<script type=\"application\/ld+json\" class=\"yoast-schema-graph\">{\"@context\":\"https:\/\/schema.org\",\"@graph\":[{\"@type\":\"WebSite\",\"@id\":\"https:\/\/www.visit-ulcinj.com\/blog\/#website\",\"url\":\"https:\/\/www.visit-ulcinj.com\/blog\/\",\"name\":\"Lajme nga Ulqini\",\"description\":\"Lajme,Vijesti,Ulqini,Ulqin,Crna Gora,Mali i Zi\",\"potentialAction\":[{\"@type\":\"SearchAction\",\"target\":{\"@type\":\"EntryPoint\",\"urlTemplate\":\"https:\/\/www.visit-ulcinj.com\/blog\/?s={search_term_string}\"},\"query-input\":\"required name=search_term_string\"}],\"inLanguage\":\"en-US\"},{\"@type\":\"ImageObject\",\"inLanguage\":\"en-US\",\"@id\":\"https:\/\/www.visit-ulcinj.com\/blog\/2013\/08\/19\/ulcinj-skuterom-tesko-povrijeden-njemacki-turista\/#primaryimage\",\"url\":\"https:\/\/www.visit-ulcinj.com\/blog\/wp-content\/uploads\/2013\/08\/jetski-accicdent.jpg\",\"contentUrl\":\"https:\/\/www.visit-ulcinj.com\/blog\/wp-content\/uploads\/2013\/08\/jetski-accicdent.jpg\",\"width\":462,\"height\":308},{\"@type\":\"WebPage\",\"@id\":\"https:\/\/www.visit-ulcinj.com\/blog\/2013\/08\/19\/ulcinj-skuterom-tesko-povrijeden-njemacki-turista\/#webpage\",\"url\":\"https:\/\/www.visit-ulcinj.com\/blog\/2013\/08\/19\/ulcinj-skuterom-tesko-povrijeden-njemacki-turista\/\",\"name\":\"Ulcinj: Skuterom te\u0161ko povrije\u0111en njema\u010dki turista - Lajme nga Ulqini\",\"isPartOf\":{\"@id\":\"https:\/\/www.visit-ulcinj.com\/blog\/#website\"},\"primaryImageOfPage\":{\"@id\":\"https:\/\/www.visit-ulcinj.com\/blog\/2013\/08\/19\/ulcinj-skuterom-tesko-povrijeden-njemacki-turista\/#primaryimage\"},\"datePublished\":\"2013-08-19T19:06:05+00:00\",\"dateModified\":\"2013-08-19T19:06:26+00:00\",\"author\":{\"@id\":\"https:\/\/www.visit-ulcinj.com\/blog\/#\/schema\/person\/dcab619c614d3038751c63bc2aadc06d\"},\"description\":\"Njema\u010dki dr\u017eavljanin Markus Busner (32) te\u0161ko je povrije\u0111en ju\u010de oko 12 \u010dasova, na Maloj pla\u017ei u Ulcinju, kada je na njega, dok se kupao u moru, naletio\",\"breadcrumb\":{\"@id\":\"https:\/\/www.visit-ulcinj.com\/blog\/2013\/08\/19\/ulcinj-skuterom-tesko-povrijeden-njemacki-turista\/#breadcrumb\"},\"inLanguage\":\"en-US\",\"potentialAction\":[{\"@type\":\"ReadAction\",\"target\":[\"https:\/\/www.visit-ulcinj.com\/blog\/2013\/08\/19\/ulcinj-skuterom-tesko-povrijeden-njemacki-turista\/\"]}]},{\"@type\":\"BreadcrumbList\",\"@id\":\"https:\/\/www.visit-ulcinj.com\/blog\/2013\/08\/19\/ulcinj-skuterom-tesko-povrijeden-njemacki-turista\/#breadcrumb\",\"itemListElement\":[{\"@type\":\"ListItem\",\"position\":1,\"name\":\"Ulcinj: Skuterom te\u0161ko povrije\u0111en njema\u010dki turista\"}]},{\"@type\":\"Person\",\"@id\":\"https:\/\/www.visit-ulcinj.com\/blog\/#\/schema\/person\/dcab619c614d3038751c63bc2aadc06d\",\"name\":\"ulqini\",\"sameAs\":[\"http:\/\/www.visit-ulcinj.com\"],\"url\":\"https:\/\/www.visit-ulcinj.com\/blog\/author\/admin\/\"}]}<\/script>\n<!-- \/ Yoast SEO plugin. -->","yoast_head_json":{"title":"Ulcinj: Skuterom te\u0161ko povrije\u0111en njema\u010dki turista - Lajme nga Ulqini","description":"Njema\u010dki dr\u017eavljanin Markus Busner (32) te\u0161ko je povrije\u0111en ju\u010de oko 12 \u010dasova, na Maloj pla\u017ei u Ulcinju, kada je na njega, dok se kupao u moru, naletio","robots":{"index":"index","follow":"follow","max-snippet":"max-snippet:-1","max-image-preview":"max-image-preview:large","max-video-preview":"max-video-preview:-1"},"canonical":"https:\/\/www.visit-ulcinj.com\/blog\/2013\/08\/19\/ulcinj-skuterom-tesko-povrijeden-njemacki-turista\/","og_locale":"en_US","og_type":"article","og_title":"Ulcinj: Skuterom te\u0161ko povrije\u0111en njema\u010dki turista - Lajme nga Ulqini","og_description":"Njema\u010dki dr\u017eavljanin Markus Busner (32) te\u0161ko je povrije\u0111en ju\u010de oko 12 \u010dasova, na Maloj pla\u017ei u Ulcinju, kada je na njega, dok se kupao u moru, naletio","og_url":"https:\/\/www.visit-ulcinj.com\/blog\/2013\/08\/19\/ulcinj-skuterom-tesko-povrijeden-njemacki-turista\/","og_site_name":"Lajme nga Ulqini","article_published_time":"2013-08-19T19:06:05+00:00","article_modified_time":"2013-08-19T19:06:26+00:00","og_image":[{"url":"http:\/\/www.visit-ulcinj.com\/blog\/wp-content\/uploads\/2013\/08\/jetski-accicdent.jpg"}],"twitter_misc":{"Written by":"ulqini","Est. reading time":"1 minute"},"schema":{"@context":"https:\/\/schema.org","@graph":[{"@type":"WebSite","@id":"https:\/\/www.visit-ulcinj.com\/blog\/#website","url":"https:\/\/www.visit-ulcinj.com\/blog\/","name":"Lajme nga Ulqini","description":"Lajme,Vijesti,Ulqini,Ulqin,Crna Gora,Mali i Zi","potentialAction":[{"@type":"SearchAction","target":{"@type":"EntryPoint","urlTemplate":"https:\/\/www.visit-ulcinj.com\/blog\/?s={search_term_string}"},"query-input":"required name=search_term_string"}],"inLanguage":"en-US"},{"@type":"ImageObject","inLanguage":"en-US","@id":"https:\/\/www.visit-ulcinj.com\/blog\/2013\/08\/19\/ulcinj-skuterom-tesko-povrijeden-njemacki-turista\/#primaryimage","url":"https:\/\/www.visit-ulcinj.com\/blog\/wp-content\/uploads\/2013\/08\/jetski-accicdent.jpg","contentUrl":"https:\/\/www.visit-ulcinj.com\/blog\/wp-content\/uploads\/2013\/08\/jetski-accicdent.jpg","width":462,"height":308},{"@type":"WebPage","@id":"https:\/\/www.visit-ulcinj.com\/blog\/2013\/08\/19\/ulcinj-skuterom-tesko-povrijeden-njemacki-turista\/#webpage","url":"https:\/\/www.visit-ulcinj.com\/blog\/2013\/08\/19\/ulcinj-skuterom-tesko-povrijeden-njemacki-turista\/","name":"Ulcinj: Skuterom te\u0161ko povrije\u0111en njema\u010dki turista - Lajme nga Ulqini","isPartOf":{"@id":"https:\/\/www.visit-ulcinj.com\/blog\/#website"},"primaryImageOfPage":{"@id":"https:\/\/www.visit-ulcinj.com\/blog\/2013\/08\/19\/ulcinj-skuterom-tesko-povrijeden-njemacki-turista\/#primaryimage"},"datePublished":"2013-08-19T19:06:05+00:00","dateModified":"2013-08-19T19:06:26+00:00","author":{"@id":"https:\/\/www.visit-ulcinj.com\/blog\/#\/schema\/person\/dcab619c614d3038751c63bc2aadc06d"},"description":"Njema\u010dki dr\u017eavljanin Markus Busner (32) te\u0161ko je povrije\u0111en ju\u010de oko 12 \u010dasova, na Maloj pla\u017ei u Ulcinju, kada je na njega, dok se kupao u moru, naletio","breadcrumb":{"@id":"https:\/\/www.visit-ulcinj.com\/blog\/2013\/08\/19\/ulcinj-skuterom-tesko-povrijeden-njemacki-turista\/#breadcrumb"},"inLanguage":"en-US","potentialAction":[{"@type":"ReadAction","target":["https:\/\/www.visit-ulcinj.com\/blog\/2013\/08\/19\/ulcinj-skuterom-tesko-povrijeden-njemacki-turista\/"]}]},{"@type":"BreadcrumbList","@id":"https:\/\/www.visit-ulcinj.com\/blog\/2013\/08\/19\/ulcinj-skuterom-tesko-povrijeden-njemacki-turista\/#breadcrumb","itemListElement":[{"@type":"ListItem","position":1,"name":"Ulcinj: Skuterom te\u0161ko povrije\u0111en njema\u010dki turista"}]},{"@type":"Person","@id":"https:\/\/www.visit-ulcinj.com\/blog\/#\/schema\/person\/dcab619c614d3038751c63bc2aadc06d","name":"ulqini","sameAs":["http:\/\/www.visit-ulcinj.com"],"url":"https:\/\/www.visit-ulcinj.com\/blog\/author\/admin\/"}]}},"jetpack_featured_media_url":"","jetpack_sharing_enabled":true,"jetpack_shortlink":"https:\/\/wp.me\/pe6lTn-jj4","_links":{"self":[{"href":"https:\/\/www.visit-ulcinj.com\/blog\/wp-json\/wp\/v2\/posts\/74218"}],"collection":[{"href":"https:\/\/www.visit-ulcinj.com\/blog\/wp-json\/wp\/v2\/posts"}],"about":[{"href":"https:\/\/www.visit-ulcinj.com\/blog\/wp-json\/wp\/v2\/types\/post"}],"author":[{"embeddable":true,"href":"https:\/\/www.visit-ulcinj.com\/blog\/wp-json\/wp\/v2\/users\/1"}],"replies":[{"embeddable":true,"href":"https:\/\/www.visit-ulcinj.com\/blog\/wp-json\/wp\/v2\/comments?post=74218"}],"version-history":[{"count":2,"href":"https:\/\/www.visit-ulcinj.com\/blog\/wp-json\/wp\/v2\/posts\/74218\/revisions"}],"predecessor-version":[{"id":74221,"href":"https:\/\/www.visit-ulcinj.com\/blog\/wp-json\/wp\/v2\/posts\/74218\/revisions\/74221"}],"wp:attachment":[{"href":"https:\/\/www.visit-ulcinj.com\/blog\/wp-json\/wp\/v2\/media?parent=74218"}],"wp:term":[{"taxonomy":"category","embeddable":true,"href":"https:\/\/www.visit-ulcinj.com\/blog\/wp-json\/wp\/v2\/categories?post=74218"},{"taxonomy":"post_tag","embeddable":true,"href":"https:\/\/www.visit-ulcinj.com\/blog\/wp-json\/wp\/v2\/tags?post=74218"}],"curies":[{"name":"wp","href":"https:\/\/api.w.org\/{rel}","templated":true}]}}