{"id":74239,"date":"2013-08-22T23:33:00","date_gmt":"2013-08-22T22:33:00","guid":{"rendered":"http:\/\/www.visit-ulcinj.com\/blog\/?p=74239"},"modified":"2013-08-23T20:40:10","modified_gmt":"2013-08-23T19:40:10","slug":"shqiperia-natyrale-deputeti-shqiptar-ne-mal-te-zi-rrezikon-15-vjet-burg","status":"publish","type":"post","link":"https:\/\/www.visit-ulcinj.com\/blog\/2013\/08\/22\/shqiperia-natyrale-deputeti-shqiptar-ne-mal-te-zi-rrezikon-15-vjet-burg\/","title":{"rendered":"\u201cShqip\u00ebria Natyrale\u201d, deputeti shqiptar n\u00eb Mal t\u00eb Zi rrezikon 15 vjet burg"},"content":{"rendered":"<p><a href=\"http:\/\/www.visit-ulcinj.com\/blog\/wp-content\/uploads\/2013\/08\/sinishtaj.jpg\"><img loading=\"lazy\" class=\"alignleft  wp-image-74240\" alt=\"sinishtaj\" src=\"http:\/\/www.visit-ulcinj.com\/blog\/wp-content\/uploads\/2013\/08\/sinishtaj.jpg\" width=\"508\" height=\"360\" \/><\/a>Peticioni i iniciuar nga analisti, politikani dhe ideologu Ko\u00e7o Danaj \u201cShqip\u00ebria Natyrale\u201d ka nxitur tension n\u00eb Mal t\u00eb Zi, dhe mund t\u2019i kushtoj\u00eb nj\u00eb deputeti shqiptar\u00eb deri n\u00eb 15 vjet burg.<\/p>\n<p>Sipas te p\u00ebrditshmes malazeze DAN, tensioni \u00ebsht\u00eb ngritur pasi Vasel Sinishtaj, udh\u00ebheq\u00ebs i partis\u00eb Iniciativa Qytetare, deputet n\u00eb Kuvendin e Malit t\u00eb Zi dhe pjes\u00eb e qeveris\u00eb malazeze ka th\u00ebn\u00eb se do ta n\u00ebnshkruaj\u00eb peticionin.<\/p>\n<p>Sinishtaj mund t\u00eb p\u00ebrballet me 15 vjet heqje lirie p\u00ebr deklarat\u00ebn e tij, n\u00ebse Zyra e Prokurorit mund t\u00eb inicoj\u00eb procedur\u00ebn me akuz\u00ebn p\u00ebr rrezikimin e integritetit territorial t\u00eb Malit t\u00eb Zi.<br \/>\nSinishtaj \u00ebsht\u00eb shprehur se ai do ti p\u00ebrgjigjet thirrjes s\u00eb Prokuroris\u00eb, n\u00ebse ajo ka nj\u00eb arsye t\u00eb fort\u00eb p\u00ebr t\u00eb nisur nj\u00eb hetim t\u00eb k\u00ebtij lloji. Ai ka shpjeguar se deklarata e tij se do t\u00eb n\u00ebnshkruaj\u00eb peticionin p\u00ebr rishikimin e kufijve, nuk do t\u00eb thot\u00eb se e mb\u00ebshtet at\u00eb.<br \/>\nSipas Sinishtaj, dy deputet\u00eb t\u00eb tjer\u00eb shqiptar\u00eb, t\u00eb cil\u00ebt jan\u00eb shprehur publikisht se nuk do ta n\u00ebnshkruajn\u00eb peticionin, Fatmir Djeka, dhe Genci Nimanbegu, \u201cmendojn\u00eb ndryshe n\u00eb zemrat e tyre\u201d<br \/>\nProjekti \u201cShqip\u00ebria Natyrale\u201d, iniciuar nga Ko\u00e7o Danaj n\u00eb vitin 2010 b\u00ebn thirrje p\u00ebr vendosjen e kufijve, si\u00e7 p\u00ebrshkruhet n\u00eb deklarat\u00ebn e nj\u00eb shekulli m\u00eb par\u00eb t\u00eb miratuar nga Kuvendi i Vlor\u00ebs.<\/p>\n<p>&nbsp;<\/p>\n<p><strong>Bota Sot<\/strong><\/p>\n","protected":false},"excerpt":{"rendered":"<p>Peticioni i iniciuar nga analisti, politikani dhe ideologu Ko\u00e7o Danaj \u201cShqip\u00ebria Natyrale\u201d ka nxitur tension n\u00eb Mal t\u00eb Zi, dhe mund t\u2019i kushtoj\u00eb nj\u00eb deputeti shqiptar\u00eb deri n\u00eb 15 vjet burg. Sipas te p\u00ebrditshmes malazeze DAN, tensioni \u00ebsht\u00eb ngritur pasi Vasel Sinishtaj, udh\u00ebheq\u00ebs i partis\u00eb Iniciativa Qytetare, deputet n\u00eb Kuvendin e Malit t\u00eb Zi dhe [&hellip;]<\/p>\n","protected":false},"author":1,"featured_media":0,"comment_status":"closed","ping_status":"closed","sticky":false,"template":"","format":"standard","meta":{"spay_email":"","jetpack_publicize_message":"","jetpack_is_tweetstorm":false,"jetpack_publicize_feature_enabled":true},"categories":[1,6],"tags":[],"jetpack_publicize_connections":[],"yoast_head":"<!-- This site is optimized with the Yoast SEO plugin v19.1 - https:\/\/yoast.com\/wordpress\/plugins\/seo\/ -->\n<title>\u201cShqip\u00ebria Natyrale\u201d, deputeti shqiptar n\u00eb Mal t\u00eb Zi rrezikon 15 vjet burg - Lajme nga Ulqini<\/title>\n<meta name=\"description\" content=\"Peticioni i iniciuar nga analisti, politikani dhe ideologu Ko\u00e7o Danaj \u201cShqip\u00ebria Natyrale\u201d ka nxitur tension n\u00eb Mal t\u00eb Zi, dhe mund t\u2019i kushtoj\u00eb nj\u00eb\" \/>\n<meta name=\"robots\" content=\"index, follow, max-snippet:-1, max-image-preview:large, max-video-preview:-1\" \/>\n<link rel=\"canonical\" href=\"https:\/\/www.visit-ulcinj.com\/blog\/2013\/08\/22\/shqiperia-natyrale-deputeti-shqiptar-ne-mal-te-zi-rrezikon-15-vjet-burg\/\" \/>\n<meta property=\"og:locale\" content=\"en_US\" \/>\n<meta property=\"og:type\" content=\"article\" \/>\n<meta property=\"og:title\" content=\"\u201cShqip\u00ebria Natyrale\u201d, deputeti shqiptar n\u00eb Mal t\u00eb Zi rrezikon 15 vjet burg - Lajme nga Ulqini\" \/>\n<meta property=\"og:description\" content=\"Peticioni i iniciuar nga analisti, politikani dhe ideologu Ko\u00e7o Danaj \u201cShqip\u00ebria Natyrale\u201d ka nxitur tension n\u00eb Mal t\u00eb Zi, dhe mund t\u2019i kushtoj\u00eb nj\u00eb\" \/>\n<meta property=\"og:url\" content=\"https:\/\/www.visit-ulcinj.com\/blog\/2013\/08\/22\/shqiperia-natyrale-deputeti-shqiptar-ne-mal-te-zi-rrezikon-15-vjet-burg\/\" \/>\n<meta property=\"og:site_name\" content=\"Lajme nga Ulqini\" \/>\n<meta property=\"article:published_time\" content=\"2013-08-22T22:33:00+00:00\" \/>\n<meta property=\"article:modified_time\" content=\"2013-08-23T19:40:10+00:00\" \/>\n<meta property=\"og:image\" content=\"http:\/\/www.visit-ulcinj.com\/blog\/wp-content\/uploads\/2013\/08\/sinishtaj.jpg\" \/>\n<meta name=\"twitter:label1\" content=\"Written by\" \/>\n\t<meta name=\"twitter:data1\" content=\"ulqini\" \/>\n\t<meta name=\"twitter:label2\" content=\"Est. reading time\" \/>\n\t<meta name=\"twitter:data2\" content=\"1 minute\" \/>\n<script type=\"application\/ld+json\" class=\"yoast-schema-graph\">{\"@context\":\"https:\/\/schema.org\",\"@graph\":[{\"@type\":\"WebSite\",\"@id\":\"https:\/\/www.visit-ulcinj.com\/blog\/#website\",\"url\":\"https:\/\/www.visit-ulcinj.com\/blog\/\",\"name\":\"Lajme nga Ulqini\",\"description\":\"Lajme,Vijesti,Ulqini,Ulqin,Crna Gora,Mali i Zi\",\"potentialAction\":[{\"@type\":\"SearchAction\",\"target\":{\"@type\":\"EntryPoint\",\"urlTemplate\":\"https:\/\/www.visit-ulcinj.com\/blog\/?s={search_term_string}\"},\"query-input\":\"required name=search_term_string\"}],\"inLanguage\":\"en-US\"},{\"@type\":\"ImageObject\",\"inLanguage\":\"en-US\",\"@id\":\"https:\/\/www.visit-ulcinj.com\/blog\/2013\/08\/22\/shqiperia-natyrale-deputeti-shqiptar-ne-mal-te-zi-rrezikon-15-vjet-burg\/#primaryimage\",\"url\":\"https:\/\/www.visit-ulcinj.com\/blog\/wp-content\/uploads\/2013\/08\/sinishtaj.jpg\",\"contentUrl\":\"https:\/\/www.visit-ulcinj.com\/blog\/wp-content\/uploads\/2013\/08\/sinishtaj.jpg\",\"width\":645,\"height\":415},{\"@type\":\"WebPage\",\"@id\":\"https:\/\/www.visit-ulcinj.com\/blog\/2013\/08\/22\/shqiperia-natyrale-deputeti-shqiptar-ne-mal-te-zi-rrezikon-15-vjet-burg\/#webpage\",\"url\":\"https:\/\/www.visit-ulcinj.com\/blog\/2013\/08\/22\/shqiperia-natyrale-deputeti-shqiptar-ne-mal-te-zi-rrezikon-15-vjet-burg\/\",\"name\":\"\u201cShqip\u00ebria Natyrale\u201d, deputeti shqiptar n\u00eb Mal t\u00eb Zi rrezikon 15 vjet burg - Lajme nga Ulqini\",\"isPartOf\":{\"@id\":\"https:\/\/www.visit-ulcinj.com\/blog\/#website\"},\"primaryImageOfPage\":{\"@id\":\"https:\/\/www.visit-ulcinj.com\/blog\/2013\/08\/22\/shqiperia-natyrale-deputeti-shqiptar-ne-mal-te-zi-rrezikon-15-vjet-burg\/#primaryimage\"},\"datePublished\":\"2013-08-22T22:33:00+00:00\",\"dateModified\":\"2013-08-23T19:40:10+00:00\",\"author\":{\"@id\":\"https:\/\/www.visit-ulcinj.com\/blog\/#\/schema\/person\/dcab619c614d3038751c63bc2aadc06d\"},\"description\":\"Peticioni i iniciuar nga analisti, politikani dhe ideologu Ko\u00e7o Danaj \u201cShqip\u00ebria Natyrale\u201d ka nxitur tension n\u00eb Mal t\u00eb Zi, dhe mund t\u2019i kushtoj\u00eb nj\u00eb\",\"breadcrumb\":{\"@id\":\"https:\/\/www.visit-ulcinj.com\/blog\/2013\/08\/22\/shqiperia-natyrale-deputeti-shqiptar-ne-mal-te-zi-rrezikon-15-vjet-burg\/#breadcrumb\"},\"inLanguage\":\"en-US\",\"potentialAction\":[{\"@type\":\"ReadAction\",\"target\":[\"https:\/\/www.visit-ulcinj.com\/blog\/2013\/08\/22\/shqiperia-natyrale-deputeti-shqiptar-ne-mal-te-zi-rrezikon-15-vjet-burg\/\"]}]},{\"@type\":\"BreadcrumbList\",\"@id\":\"https:\/\/www.visit-ulcinj.com\/blog\/2013\/08\/22\/shqiperia-natyrale-deputeti-shqiptar-ne-mal-te-zi-rrezikon-15-vjet-burg\/#breadcrumb\",\"itemListElement\":[{\"@type\":\"ListItem\",\"position\":1,\"name\":\"\u201cShqip\u00ebria Natyrale\u201d, deputeti shqiptar n\u00eb Mal t\u00eb Zi rrezikon 15 vjet burg\"}]},{\"@type\":\"Person\",\"@id\":\"https:\/\/www.visit-ulcinj.com\/blog\/#\/schema\/person\/dcab619c614d3038751c63bc2aadc06d\",\"name\":\"ulqini\",\"sameAs\":[\"http:\/\/www.visit-ulcinj.com\"],\"url\":\"https:\/\/www.visit-ulcinj.com\/blog\/author\/admin\/\"}]}<\/script>\n<!-- \/ Yoast SEO plugin. -->","yoast_head_json":{"title":"\u201cShqip\u00ebria Natyrale\u201d, deputeti shqiptar n\u00eb Mal t\u00eb Zi rrezikon 15 vjet burg - Lajme nga Ulqini","description":"Peticioni i iniciuar nga analisti, politikani dhe ideologu Ko\u00e7o Danaj \u201cShqip\u00ebria Natyrale\u201d ka nxitur tension n\u00eb Mal t\u00eb Zi, dhe mund t\u2019i kushtoj\u00eb nj\u00eb","robots":{"index":"index","follow":"follow","max-snippet":"max-snippet:-1","max-image-preview":"max-image-preview:large","max-video-preview":"max-video-preview:-1"},"canonical":"https:\/\/www.visit-ulcinj.com\/blog\/2013\/08\/22\/shqiperia-natyrale-deputeti-shqiptar-ne-mal-te-zi-rrezikon-15-vjet-burg\/","og_locale":"en_US","og_type":"article","og_title":"\u201cShqip\u00ebria Natyrale\u201d, deputeti shqiptar n\u00eb Mal t\u00eb Zi rrezikon 15 vjet burg - Lajme nga Ulqini","og_description":"Peticioni i iniciuar nga analisti, politikani dhe ideologu Ko\u00e7o Danaj \u201cShqip\u00ebria Natyrale\u201d ka nxitur tension n\u00eb Mal t\u00eb Zi, dhe mund t\u2019i kushtoj\u00eb nj\u00eb","og_url":"https:\/\/www.visit-ulcinj.com\/blog\/2013\/08\/22\/shqiperia-natyrale-deputeti-shqiptar-ne-mal-te-zi-rrezikon-15-vjet-burg\/","og_site_name":"Lajme nga Ulqini","article_published_time":"2013-08-22T22:33:00+00:00","article_modified_time":"2013-08-23T19:40:10+00:00","og_image":[{"url":"http:\/\/www.visit-ulcinj.com\/blog\/wp-content\/uploads\/2013\/08\/sinishtaj.jpg"}],"twitter_misc":{"Written by":"ulqini","Est. reading time":"1 minute"},"schema":{"@context":"https:\/\/schema.org","@graph":[{"@type":"WebSite","@id":"https:\/\/www.visit-ulcinj.com\/blog\/#website","url":"https:\/\/www.visit-ulcinj.com\/blog\/","name":"Lajme nga Ulqini","description":"Lajme,Vijesti,Ulqini,Ulqin,Crna Gora,Mali i Zi","potentialAction":[{"@type":"SearchAction","target":{"@type":"EntryPoint","urlTemplate":"https:\/\/www.visit-ulcinj.com\/blog\/?s={search_term_string}"},"query-input":"required name=search_term_string"}],"inLanguage":"en-US"},{"@type":"ImageObject","inLanguage":"en-US","@id":"https:\/\/www.visit-ulcinj.com\/blog\/2013\/08\/22\/shqiperia-natyrale-deputeti-shqiptar-ne-mal-te-zi-rrezikon-15-vjet-burg\/#primaryimage","url":"https:\/\/www.visit-ulcinj.com\/blog\/wp-content\/uploads\/2013\/08\/sinishtaj.jpg","contentUrl":"https:\/\/www.visit-ulcinj.com\/blog\/wp-content\/uploads\/2013\/08\/sinishtaj.jpg","width":645,"height":415},{"@type":"WebPage","@id":"https:\/\/www.visit-ulcinj.com\/blog\/2013\/08\/22\/shqiperia-natyrale-deputeti-shqiptar-ne-mal-te-zi-rrezikon-15-vjet-burg\/#webpage","url":"https:\/\/www.visit-ulcinj.com\/blog\/2013\/08\/22\/shqiperia-natyrale-deputeti-shqiptar-ne-mal-te-zi-rrezikon-15-vjet-burg\/","name":"\u201cShqip\u00ebria Natyrale\u201d, deputeti shqiptar n\u00eb Mal t\u00eb Zi rrezikon 15 vjet burg - Lajme nga Ulqini","isPartOf":{"@id":"https:\/\/www.visit-ulcinj.com\/blog\/#website"},"primaryImageOfPage":{"@id":"https:\/\/www.visit-ulcinj.com\/blog\/2013\/08\/22\/shqiperia-natyrale-deputeti-shqiptar-ne-mal-te-zi-rrezikon-15-vjet-burg\/#primaryimage"},"datePublished":"2013-08-22T22:33:00+00:00","dateModified":"2013-08-23T19:40:10+00:00","author":{"@id":"https:\/\/www.visit-ulcinj.com\/blog\/#\/schema\/person\/dcab619c614d3038751c63bc2aadc06d"},"description":"Peticioni i iniciuar nga analisti, politikani dhe ideologu Ko\u00e7o Danaj \u201cShqip\u00ebria Natyrale\u201d ka nxitur tension n\u00eb Mal t\u00eb Zi, dhe mund t\u2019i kushtoj\u00eb nj\u00eb","breadcrumb":{"@id":"https:\/\/www.visit-ulcinj.com\/blog\/2013\/08\/22\/shqiperia-natyrale-deputeti-shqiptar-ne-mal-te-zi-rrezikon-15-vjet-burg\/#breadcrumb"},"inLanguage":"en-US","potentialAction":[{"@type":"ReadAction","target":["https:\/\/www.visit-ulcinj.com\/blog\/2013\/08\/22\/shqiperia-natyrale-deputeti-shqiptar-ne-mal-te-zi-rrezikon-15-vjet-burg\/"]}]},{"@type":"BreadcrumbList","@id":"https:\/\/www.visit-ulcinj.com\/blog\/2013\/08\/22\/shqiperia-natyrale-deputeti-shqiptar-ne-mal-te-zi-rrezikon-15-vjet-burg\/#breadcrumb","itemListElement":[{"@type":"ListItem","position":1,"name":"\u201cShqip\u00ebria Natyrale\u201d, deputeti shqiptar n\u00eb Mal t\u00eb Zi rrezikon 15 vjet burg"}]},{"@type":"Person","@id":"https:\/\/www.visit-ulcinj.com\/blog\/#\/schema\/person\/dcab619c614d3038751c63bc2aadc06d","name":"ulqini","sameAs":["http:\/\/www.visit-ulcinj.com"],"url":"https:\/\/www.visit-ulcinj.com\/blog\/author\/admin\/"}]}},"jetpack_featured_media_url":"","jetpack_sharing_enabled":true,"jetpack_shortlink":"https:\/\/wp.me\/pe6lTn-jjp","_links":{"self":[{"href":"https:\/\/www.visit-ulcinj.com\/blog\/wp-json\/wp\/v2\/posts\/74239"}],"collection":[{"href":"https:\/\/www.visit-ulcinj.com\/blog\/wp-json\/wp\/v2\/posts"}],"about":[{"href":"https:\/\/www.visit-ulcinj.com\/blog\/wp-json\/wp\/v2\/types\/post"}],"author":[{"embeddable":true,"href":"https:\/\/www.visit-ulcinj.com\/blog\/wp-json\/wp\/v2\/users\/1"}],"replies":[{"embeddable":true,"href":"https:\/\/www.visit-ulcinj.com\/blog\/wp-json\/wp\/v2\/comments?post=74239"}],"version-history":[{"count":3,"href":"https:\/\/www.visit-ulcinj.com\/blog\/wp-json\/wp\/v2\/posts\/74239\/revisions"}],"predecessor-version":[{"id":74253,"href":"https:\/\/www.visit-ulcinj.com\/blog\/wp-json\/wp\/v2\/posts\/74239\/revisions\/74253"}],"wp:attachment":[{"href":"https:\/\/www.visit-ulcinj.com\/blog\/wp-json\/wp\/v2\/media?parent=74239"}],"wp:term":[{"taxonomy":"category","embeddable":true,"href":"https:\/\/www.visit-ulcinj.com\/blog\/wp-json\/wp\/v2\/categories?post=74239"},{"taxonomy":"post_tag","embeddable":true,"href":"https:\/\/www.visit-ulcinj.com\/blog\/wp-json\/wp\/v2\/tags?post=74239"}],"curies":[{"name":"wp","href":"https:\/\/api.w.org\/{rel}","templated":true}]}}