{"id":74254,"date":"2013-08-23T23:29:57","date_gmt":"2013-08-23T22:29:57","guid":{"rendered":"http:\/\/www.visit-ulcinj.com\/blog\/?p=74254"},"modified":"2013-08-23T23:30:15","modified_gmt":"2013-08-23T22:30:15","slug":"ot-ulqin-3-me-teper-turista","status":"publish","type":"post","link":"https:\/\/www.visit-ulcinj.com\/blog\/2013\/08\/23\/ot-ulqin-3-me-teper-turista\/","title":{"rendered":"OT-Ulqin: 3% me teper turista"},"content":{"rendered":"<p><a href=\"http:\/\/www.visit-ulcinj.com\/blog\/wp-content\/uploads\/2013\/08\/TO-ULQIN.jpg\"><img loading=\"lazy\" class=\"alignleft  wp-image-74255\" alt=\"TO-ULQIN\" src=\"http:\/\/www.visit-ulcinj.com\/blog\/wp-content\/uploads\/2013\/08\/TO-ULQIN.jpg\" width=\"508\" height=\"360\" \/><\/a>Sipas t\u00eb dh\u00ebnave t\u00eb OT, n\u00eb rivier\u00ebn e Ulqinit pushojn\u00eb 27 mij\u00eb mysafir\u00eb t\u00eb regjistruar, nga t\u00eb cil\u00ebt shumica q\u00ebndrojn\u00eb n\u00eb akomodime private. Vizita shum\u00eb m\u00eb t\u00eb larta, 27 p\u00ebr qind m\u00eb mir\u00eb se n\u00eb 2012, sh\u00ebnojn\u00eb hotelet, nd\u00ebrsa kampet 88 p\u00ebr qind.<\/p>\n<p>Hotelier\u00ebt shpresojn\u00eb q\u00eb vizita e mir\u00eb do t\u00eb vazhdoj edhe gjat\u00eb muajit t\u00eb ardhsh\u00ebm, sepse, si\u00e7 than\u00eb, q\u00eb tani i kan\u00eb aranzhimet e rezervuara.<\/p>\n<p>Krahasuar me vitin e kaluar, ka\u00a0 3% me teper ne krahasim me te njejten periudhe te vitit te kaluar.<\/p>\n<p>Shiko Tabloidin:<\/p>\n<p><a href=\"http:\/\/www.visit-ulcinj.com\/blog\/wp-content\/uploads\/2013\/08\/TO-ULCINJ.jpg\"><img loading=\"lazy\" class=\"alignleft  wp-image-74256\" alt=\"TO-ULCINJ\" src=\"http:\/\/www.visit-ulcinj.com\/blog\/wp-content\/uploads\/2013\/08\/TO-ULCINJ.jpg\" width=\"508\" height=\"330\" \/><\/a><\/p>\n","protected":false},"excerpt":{"rendered":"<p>Sipas t\u00eb dh\u00ebnave t\u00eb OT, n\u00eb rivier\u00ebn e Ulqinit pushojn\u00eb 27 mij\u00eb mysafir\u00eb t\u00eb regjistruar, nga t\u00eb cil\u00ebt shumica q\u00ebndrojn\u00eb n\u00eb akomodime private. Vizita shum\u00eb m\u00eb t\u00eb larta, 27 p\u00ebr qind m\u00eb mir\u00eb se n\u00eb 2012, sh\u00ebnojn\u00eb hotelet, nd\u00ebrsa kampet 88 p\u00ebr qind. Hotelier\u00ebt shpresojn\u00eb q\u00eb vizita e mir\u00eb do t\u00eb vazhdoj edhe gjat\u00eb muajit [&hellip;]<\/p>\n","protected":false},"author":1,"featured_media":0,"comment_status":"closed","ping_status":"closed","sticky":false,"template":"","format":"standard","meta":{"spay_email":"","jetpack_publicize_message":"","jetpack_is_tweetstorm":false,"jetpack_publicize_feature_enabled":true},"categories":[15],"tags":[],"jetpack_publicize_connections":[],"yoast_head":"<!-- This site is optimized with the Yoast SEO plugin v19.1 - https:\/\/yoast.com\/wordpress\/plugins\/seo\/ -->\n<title>OT-Ulqin: 3% me teper turista - Lajme nga Ulqini<\/title>\n<meta name=\"description\" content=\"Sipas t\u00eb dh\u00ebnave t\u00eb OT, n\u00eb rivier\u00ebn e Ulqinit pushojn\u00eb 27 mij\u00eb mysafir\u00eb t\u00eb regjistruar, nga t\u00eb cil\u00ebt shumica q\u00ebndrojn\u00eb n\u00eb akomodime private. Vizita shum\u00eb\" \/>\n<meta name=\"robots\" content=\"index, follow, max-snippet:-1, max-image-preview:large, max-video-preview:-1\" \/>\n<link rel=\"canonical\" href=\"https:\/\/www.visit-ulcinj.com\/blog\/2013\/08\/23\/ot-ulqin-3-me-teper-turista\/\" \/>\n<meta property=\"og:locale\" content=\"en_US\" \/>\n<meta property=\"og:type\" content=\"article\" \/>\n<meta property=\"og:title\" content=\"OT-Ulqin: 3% me teper turista - Lajme nga Ulqini\" \/>\n<meta property=\"og:description\" content=\"Sipas t\u00eb dh\u00ebnave t\u00eb OT, n\u00eb rivier\u00ebn e Ulqinit pushojn\u00eb 27 mij\u00eb mysafir\u00eb t\u00eb regjistruar, nga t\u00eb cil\u00ebt shumica q\u00ebndrojn\u00eb n\u00eb akomodime private. Vizita shum\u00eb\" \/>\n<meta property=\"og:url\" content=\"https:\/\/www.visit-ulcinj.com\/blog\/2013\/08\/23\/ot-ulqin-3-me-teper-turista\/\" \/>\n<meta property=\"og:site_name\" content=\"Lajme nga Ulqini\" \/>\n<meta property=\"article:published_time\" content=\"2013-08-23T22:29:57+00:00\" \/>\n<meta property=\"article:modified_time\" content=\"2013-08-23T22:30:15+00:00\" \/>\n<meta property=\"og:image\" content=\"http:\/\/www.visit-ulcinj.com\/blog\/wp-content\/uploads\/2013\/08\/TO-ULQIN.jpg\" \/>\n<meta name=\"twitter:label1\" content=\"Written by\" \/>\n\t<meta name=\"twitter:data1\" content=\"ulqini\" \/>\n<script type=\"application\/ld+json\" class=\"yoast-schema-graph\">{\"@context\":\"https:\/\/schema.org\",\"@graph\":[{\"@type\":\"WebSite\",\"@id\":\"https:\/\/www.visit-ulcinj.com\/blog\/#website\",\"url\":\"https:\/\/www.visit-ulcinj.com\/blog\/\",\"name\":\"Lajme nga Ulqini\",\"description\":\"Lajme,Vijesti,Ulqini,Ulqin,Crna Gora,Mali i Zi\",\"potentialAction\":[{\"@type\":\"SearchAction\",\"target\":{\"@type\":\"EntryPoint\",\"urlTemplate\":\"https:\/\/www.visit-ulcinj.com\/blog\/?s={search_term_string}\"},\"query-input\":\"required name=search_term_string\"}],\"inLanguage\":\"en-US\"},{\"@type\":\"ImageObject\",\"inLanguage\":\"en-US\",\"@id\":\"https:\/\/www.visit-ulcinj.com\/blog\/2013\/08\/23\/ot-ulqin-3-me-teper-turista\/#primaryimage\",\"url\":\"https:\/\/www.visit-ulcinj.com\/blog\/wp-content\/uploads\/2013\/08\/TO-ULQIN.jpg\",\"contentUrl\":\"https:\/\/www.visit-ulcinj.com\/blog\/wp-content\/uploads\/2013\/08\/TO-ULQIN.jpg\",\"width\":800,\"height\":391},{\"@type\":\"WebPage\",\"@id\":\"https:\/\/www.visit-ulcinj.com\/blog\/2013\/08\/23\/ot-ulqin-3-me-teper-turista\/#webpage\",\"url\":\"https:\/\/www.visit-ulcinj.com\/blog\/2013\/08\/23\/ot-ulqin-3-me-teper-turista\/\",\"name\":\"OT-Ulqin: 3% me teper turista - Lajme nga Ulqini\",\"isPartOf\":{\"@id\":\"https:\/\/www.visit-ulcinj.com\/blog\/#website\"},\"primaryImageOfPage\":{\"@id\":\"https:\/\/www.visit-ulcinj.com\/blog\/2013\/08\/23\/ot-ulqin-3-me-teper-turista\/#primaryimage\"},\"datePublished\":\"2013-08-23T22:29:57+00:00\",\"dateModified\":\"2013-08-23T22:30:15+00:00\",\"author\":{\"@id\":\"https:\/\/www.visit-ulcinj.com\/blog\/#\/schema\/person\/dcab619c614d3038751c63bc2aadc06d\"},\"description\":\"Sipas t\u00eb dh\u00ebnave t\u00eb OT, n\u00eb rivier\u00ebn e Ulqinit pushojn\u00eb 27 mij\u00eb mysafir\u00eb t\u00eb regjistruar, nga t\u00eb cil\u00ebt shumica q\u00ebndrojn\u00eb n\u00eb akomodime private. Vizita shum\u00eb\",\"breadcrumb\":{\"@id\":\"https:\/\/www.visit-ulcinj.com\/blog\/2013\/08\/23\/ot-ulqin-3-me-teper-turista\/#breadcrumb\"},\"inLanguage\":\"en-US\",\"potentialAction\":[{\"@type\":\"ReadAction\",\"target\":[\"https:\/\/www.visit-ulcinj.com\/blog\/2013\/08\/23\/ot-ulqin-3-me-teper-turista\/\"]}]},{\"@type\":\"BreadcrumbList\",\"@id\":\"https:\/\/www.visit-ulcinj.com\/blog\/2013\/08\/23\/ot-ulqin-3-me-teper-turista\/#breadcrumb\",\"itemListElement\":[{\"@type\":\"ListItem\",\"position\":1,\"name\":\"OT-Ulqin: 3% me teper turista\"}]},{\"@type\":\"Person\",\"@id\":\"https:\/\/www.visit-ulcinj.com\/blog\/#\/schema\/person\/dcab619c614d3038751c63bc2aadc06d\",\"name\":\"ulqini\",\"sameAs\":[\"http:\/\/www.visit-ulcinj.com\"],\"url\":\"https:\/\/www.visit-ulcinj.com\/blog\/author\/admin\/\"}]}<\/script>\n<!-- \/ Yoast SEO plugin. -->","yoast_head_json":{"title":"OT-Ulqin: 3% me teper turista - Lajme nga Ulqini","description":"Sipas t\u00eb dh\u00ebnave t\u00eb OT, n\u00eb rivier\u00ebn e Ulqinit pushojn\u00eb 27 mij\u00eb mysafir\u00eb t\u00eb regjistruar, nga t\u00eb cil\u00ebt shumica q\u00ebndrojn\u00eb n\u00eb akomodime private. Vizita shum\u00eb","robots":{"index":"index","follow":"follow","max-snippet":"max-snippet:-1","max-image-preview":"max-image-preview:large","max-video-preview":"max-video-preview:-1"},"canonical":"https:\/\/www.visit-ulcinj.com\/blog\/2013\/08\/23\/ot-ulqin-3-me-teper-turista\/","og_locale":"en_US","og_type":"article","og_title":"OT-Ulqin: 3% me teper turista - Lajme nga Ulqini","og_description":"Sipas t\u00eb dh\u00ebnave t\u00eb OT, n\u00eb rivier\u00ebn e Ulqinit pushojn\u00eb 27 mij\u00eb mysafir\u00eb t\u00eb regjistruar, nga t\u00eb cil\u00ebt shumica q\u00ebndrojn\u00eb n\u00eb akomodime private. Vizita shum\u00eb","og_url":"https:\/\/www.visit-ulcinj.com\/blog\/2013\/08\/23\/ot-ulqin-3-me-teper-turista\/","og_site_name":"Lajme nga Ulqini","article_published_time":"2013-08-23T22:29:57+00:00","article_modified_time":"2013-08-23T22:30:15+00:00","og_image":[{"url":"http:\/\/www.visit-ulcinj.com\/blog\/wp-content\/uploads\/2013\/08\/TO-ULQIN.jpg"}],"twitter_misc":{"Written by":"ulqini"},"schema":{"@context":"https:\/\/schema.org","@graph":[{"@type":"WebSite","@id":"https:\/\/www.visit-ulcinj.com\/blog\/#website","url":"https:\/\/www.visit-ulcinj.com\/blog\/","name":"Lajme nga Ulqini","description":"Lajme,Vijesti,Ulqini,Ulqin,Crna Gora,Mali i Zi","potentialAction":[{"@type":"SearchAction","target":{"@type":"EntryPoint","urlTemplate":"https:\/\/www.visit-ulcinj.com\/blog\/?s={search_term_string}"},"query-input":"required name=search_term_string"}],"inLanguage":"en-US"},{"@type":"ImageObject","inLanguage":"en-US","@id":"https:\/\/www.visit-ulcinj.com\/blog\/2013\/08\/23\/ot-ulqin-3-me-teper-turista\/#primaryimage","url":"https:\/\/www.visit-ulcinj.com\/blog\/wp-content\/uploads\/2013\/08\/TO-ULQIN.jpg","contentUrl":"https:\/\/www.visit-ulcinj.com\/blog\/wp-content\/uploads\/2013\/08\/TO-ULQIN.jpg","width":800,"height":391},{"@type":"WebPage","@id":"https:\/\/www.visit-ulcinj.com\/blog\/2013\/08\/23\/ot-ulqin-3-me-teper-turista\/#webpage","url":"https:\/\/www.visit-ulcinj.com\/blog\/2013\/08\/23\/ot-ulqin-3-me-teper-turista\/","name":"OT-Ulqin: 3% me teper turista - Lajme nga Ulqini","isPartOf":{"@id":"https:\/\/www.visit-ulcinj.com\/blog\/#website"},"primaryImageOfPage":{"@id":"https:\/\/www.visit-ulcinj.com\/blog\/2013\/08\/23\/ot-ulqin-3-me-teper-turista\/#primaryimage"},"datePublished":"2013-08-23T22:29:57+00:00","dateModified":"2013-08-23T22:30:15+00:00","author":{"@id":"https:\/\/www.visit-ulcinj.com\/blog\/#\/schema\/person\/dcab619c614d3038751c63bc2aadc06d"},"description":"Sipas t\u00eb dh\u00ebnave t\u00eb OT, n\u00eb rivier\u00ebn e Ulqinit pushojn\u00eb 27 mij\u00eb mysafir\u00eb t\u00eb regjistruar, nga t\u00eb cil\u00ebt shumica q\u00ebndrojn\u00eb n\u00eb akomodime private. Vizita shum\u00eb","breadcrumb":{"@id":"https:\/\/www.visit-ulcinj.com\/blog\/2013\/08\/23\/ot-ulqin-3-me-teper-turista\/#breadcrumb"},"inLanguage":"en-US","potentialAction":[{"@type":"ReadAction","target":["https:\/\/www.visit-ulcinj.com\/blog\/2013\/08\/23\/ot-ulqin-3-me-teper-turista\/"]}]},{"@type":"BreadcrumbList","@id":"https:\/\/www.visit-ulcinj.com\/blog\/2013\/08\/23\/ot-ulqin-3-me-teper-turista\/#breadcrumb","itemListElement":[{"@type":"ListItem","position":1,"name":"OT-Ulqin: 3% me teper turista"}]},{"@type":"Person","@id":"https:\/\/www.visit-ulcinj.com\/blog\/#\/schema\/person\/dcab619c614d3038751c63bc2aadc06d","name":"ulqini","sameAs":["http:\/\/www.visit-ulcinj.com"],"url":"https:\/\/www.visit-ulcinj.com\/blog\/author\/admin\/"}]}},"jetpack_featured_media_url":"","jetpack_sharing_enabled":true,"jetpack_shortlink":"https:\/\/wp.me\/pe6lTn-jjE","_links":{"self":[{"href":"https:\/\/www.visit-ulcinj.com\/blog\/wp-json\/wp\/v2\/posts\/74254"}],"collection":[{"href":"https:\/\/www.visit-ulcinj.com\/blog\/wp-json\/wp\/v2\/posts"}],"about":[{"href":"https:\/\/www.visit-ulcinj.com\/blog\/wp-json\/wp\/v2\/types\/post"}],"author":[{"embeddable":true,"href":"https:\/\/www.visit-ulcinj.com\/blog\/wp-json\/wp\/v2\/users\/1"}],"replies":[{"embeddable":true,"href":"https:\/\/www.visit-ulcinj.com\/blog\/wp-json\/wp\/v2\/comments?post=74254"}],"version-history":[{"count":2,"href":"https:\/\/www.visit-ulcinj.com\/blog\/wp-json\/wp\/v2\/posts\/74254\/revisions"}],"predecessor-version":[{"id":74258,"href":"https:\/\/www.visit-ulcinj.com\/blog\/wp-json\/wp\/v2\/posts\/74254\/revisions\/74258"}],"wp:attachment":[{"href":"https:\/\/www.visit-ulcinj.com\/blog\/wp-json\/wp\/v2\/media?parent=74254"}],"wp:term":[{"taxonomy":"category","embeddable":true,"href":"https:\/\/www.visit-ulcinj.com\/blog\/wp-json\/wp\/v2\/categories?post=74254"},{"taxonomy":"post_tag","embeddable":true,"href":"https:\/\/www.visit-ulcinj.com\/blog\/wp-json\/wp\/v2\/tags?post=74254"}],"curies":[{"name":"wp","href":"https:\/\/api.w.org\/{rel}","templated":true}]}}