{"id":74264,"date":"2013-08-24T07:03:43","date_gmt":"2013-08-24T06:03:43","guid":{"rendered":"http:\/\/www.visit-ulcinj.com\/blog\/?p=74264"},"modified":"2013-08-24T07:05:15","modified_gmt":"2013-08-24T06:05:15","slug":"fluks-udhetaresh-ne-kalimin-kufitar-sukuibin-muriqan","status":"publish","type":"post","link":"https:\/\/www.visit-ulcinj.com\/blog\/2013\/08\/24\/fluks-udhetaresh-ne-kalimin-kufitar-sukuibin-muriqan\/","title":{"rendered":"Fluks udh\u00ebtar\u00ebsh n\u00eb kalimin kufitar Sukuibin &#8211; Muriqan"},"content":{"rendered":"<p>Fluski \u00ebsht\u00eb vazhdimisht n\u00eb rritje si n\u00eb hyrje ashtu edhe n\u00eb dalje nga Shqip\u00ebria.<br \/>\n<a href=\"http:\/\/www.visit-ulcinj.com\/blog\/wp-content\/uploads\/2013\/08\/muriqan-sukubin.jpg\"><img loading=\"lazy\" class=\"alignleft  wp-image-74265\" alt=\"muriqan-sukubin\" src=\"http:\/\/www.visit-ulcinj.com\/blog\/wp-content\/uploads\/2013\/08\/muriqan-sukubin.jpg\" width=\"508\" height=\"600\" \/><\/a><\/p>\n<div>Pika e p\u00ebrbashk\u00ebt e kalimit kufitar Muriqan-Sukobin k\u00ebto dit\u00eb t\u00eb nxehta t\u00eb ver\u00ebs po njeh numrin m\u00eb t\u00eb madh se asnj\u00eb vit tjet\u00ebr t\u00eb qarkullimit t\u00eb shtetasve. Vet\u00ebm \u00a0gjat\u00eb 15 dit\u00ebshit t\u00eb muajit gusht n\u00eb k\u00ebt\u00eb pik\u00eb kalimi kufitar jan\u00eb p\u00ebrpunuar 194.134 shtetas dhe 32.851 mjete.<\/div>\n<div>P\u00ebr k\u00ebt\u00eb \u00a0po punohet me kapacitet t\u00eb plot\u00eb dhe puna po ecen me mjaft shpejt\u00ebsi.<\/div>\n<div>Gjat\u00eb muajit korrik p\u00ebrmes k\u00ebsaj pike kalimi kufitar kan\u00eb qarkulluar 230 mije vete \u00a0me 55.206 mjete. S\u00eb bashku edhe me gushtin rreth 420 mije persona kan\u00eb kaluar p\u00ebrmes k\u00ebsaj pike kalimi kufitar n\u00eb Shqip\u00ebri.<\/div>\n<div><\/div>\n<div>ABC<\/div>\n","protected":false},"excerpt":{"rendered":"<p>Fluski \u00ebsht\u00eb vazhdimisht n\u00eb rritje si n\u00eb hyrje ashtu edhe n\u00eb dalje nga Shqip\u00ebria. Pika e p\u00ebrbashk\u00ebt e kalimit kufitar Muriqan-Sukobin k\u00ebto dit\u00eb t\u00eb nxehta t\u00eb ver\u00ebs po njeh numrin m\u00eb t\u00eb madh se asnj\u00eb vit tjet\u00ebr t\u00eb qarkullimit t\u00eb shtetasve. Vet\u00ebm \u00a0gjat\u00eb 15 dit\u00ebshit t\u00eb muajit gusht n\u00eb k\u00ebt\u00eb pik\u00eb kalimi kufitar jan\u00eb p\u00ebrpunuar [&hellip;]<\/p>\n","protected":false},"author":1,"featured_media":0,"comment_status":"closed","ping_status":"closed","sticky":false,"template":"","format":"standard","meta":{"spay_email":"","jetpack_publicize_message":"","jetpack_is_tweetstorm":false,"jetpack_publicize_feature_enabled":true},"categories":[14],"tags":[],"jetpack_publicize_connections":[],"yoast_head":"<!-- This site is optimized with the Yoast SEO plugin v19.1 - https:\/\/yoast.com\/wordpress\/plugins\/seo\/ -->\n<title>Fluks udh\u00ebtar\u00ebsh n\u00eb kalimin kufitar Sukuibin - Muriqan - Lajme nga Ulqini<\/title>\n<meta name=\"description\" content=\"Fluski \u00ebsht\u00eb vazhdimisht n\u00eb rritje si n\u00eb hyrje ashtu edhe n\u00eb dalje nga Shqip\u00ebria. Pika e p\u00ebrbashk\u00ebt e kalimit kufitar Muriqan-Sukobin k\u00ebto dit\u00eb t\u00eb nxehta\" \/>\n<meta name=\"robots\" content=\"index, follow, max-snippet:-1, max-image-preview:large, max-video-preview:-1\" \/>\n<link rel=\"canonical\" href=\"https:\/\/www.visit-ulcinj.com\/blog\/2013\/08\/24\/fluks-udhetaresh-ne-kalimin-kufitar-sukuibin-muriqan\/\" \/>\n<meta property=\"og:locale\" content=\"en_US\" \/>\n<meta property=\"og:type\" content=\"article\" \/>\n<meta property=\"og:title\" content=\"Fluks udh\u00ebtar\u00ebsh n\u00eb kalimin kufitar Sukuibin - Muriqan - Lajme nga Ulqini\" \/>\n<meta property=\"og:description\" content=\"Fluski \u00ebsht\u00eb vazhdimisht n\u00eb rritje si n\u00eb hyrje ashtu edhe n\u00eb dalje nga Shqip\u00ebria. Pika e p\u00ebrbashk\u00ebt e kalimit kufitar Muriqan-Sukobin k\u00ebto dit\u00eb t\u00eb nxehta\" \/>\n<meta property=\"og:url\" content=\"https:\/\/www.visit-ulcinj.com\/blog\/2013\/08\/24\/fluks-udhetaresh-ne-kalimin-kufitar-sukuibin-muriqan\/\" \/>\n<meta property=\"og:site_name\" content=\"Lajme nga Ulqini\" \/>\n<meta property=\"article:published_time\" content=\"2013-08-24T06:03:43+00:00\" \/>\n<meta property=\"article:modified_time\" content=\"2013-08-24T06:05:15+00:00\" \/>\n<meta property=\"og:image\" content=\"http:\/\/www.visit-ulcinj.com\/blog\/wp-content\/uploads\/2013\/08\/muriqan-sukubin.jpg\" \/>\n<meta name=\"twitter:label1\" content=\"Written by\" \/>\n\t<meta name=\"twitter:data1\" content=\"ulqini\" \/>\n\t<meta name=\"twitter:label2\" content=\"Est. reading time\" \/>\n\t<meta name=\"twitter:data2\" content=\"1 minute\" \/>\n<script type=\"application\/ld+json\" class=\"yoast-schema-graph\">{\"@context\":\"https:\/\/schema.org\",\"@graph\":[{\"@type\":\"WebSite\",\"@id\":\"https:\/\/www.visit-ulcinj.com\/blog\/#website\",\"url\":\"https:\/\/www.visit-ulcinj.com\/blog\/\",\"name\":\"Lajme nga Ulqini\",\"description\":\"Lajme,Vijesti,Ulqini,Ulqin,Crna Gora,Mali i Zi\",\"potentialAction\":[{\"@type\":\"SearchAction\",\"target\":{\"@type\":\"EntryPoint\",\"urlTemplate\":\"https:\/\/www.visit-ulcinj.com\/blog\/?s={search_term_string}\"},\"query-input\":\"required name=search_term_string\"}],\"inLanguage\":\"en-US\"},{\"@type\":\"ImageObject\",\"inLanguage\":\"en-US\",\"@id\":\"https:\/\/www.visit-ulcinj.com\/blog\/2013\/08\/24\/fluks-udhetaresh-ne-kalimin-kufitar-sukuibin-muriqan\/#primaryimage\",\"url\":\"https:\/\/www.visit-ulcinj.com\/blog\/wp-content\/uploads\/2013\/08\/muriqan-sukubin.jpg\",\"contentUrl\":\"https:\/\/www.visit-ulcinj.com\/blog\/wp-content\/uploads\/2013\/08\/muriqan-sukubin.jpg\",\"width\":720,\"height\":960},{\"@type\":\"WebPage\",\"@id\":\"https:\/\/www.visit-ulcinj.com\/blog\/2013\/08\/24\/fluks-udhetaresh-ne-kalimin-kufitar-sukuibin-muriqan\/#webpage\",\"url\":\"https:\/\/www.visit-ulcinj.com\/blog\/2013\/08\/24\/fluks-udhetaresh-ne-kalimin-kufitar-sukuibin-muriqan\/\",\"name\":\"Fluks udh\u00ebtar\u00ebsh n\u00eb kalimin kufitar Sukuibin - Muriqan - Lajme nga Ulqini\",\"isPartOf\":{\"@id\":\"https:\/\/www.visit-ulcinj.com\/blog\/#website\"},\"primaryImageOfPage\":{\"@id\":\"https:\/\/www.visit-ulcinj.com\/blog\/2013\/08\/24\/fluks-udhetaresh-ne-kalimin-kufitar-sukuibin-muriqan\/#primaryimage\"},\"datePublished\":\"2013-08-24T06:03:43+00:00\",\"dateModified\":\"2013-08-24T06:05:15+00:00\",\"author\":{\"@id\":\"https:\/\/www.visit-ulcinj.com\/blog\/#\/schema\/person\/dcab619c614d3038751c63bc2aadc06d\"},\"description\":\"Fluski \u00ebsht\u00eb vazhdimisht n\u00eb rritje si n\u00eb hyrje ashtu edhe n\u00eb dalje nga Shqip\u00ebria. Pika e p\u00ebrbashk\u00ebt e kalimit kufitar Muriqan-Sukobin k\u00ebto dit\u00eb t\u00eb nxehta\",\"breadcrumb\":{\"@id\":\"https:\/\/www.visit-ulcinj.com\/blog\/2013\/08\/24\/fluks-udhetaresh-ne-kalimin-kufitar-sukuibin-muriqan\/#breadcrumb\"},\"inLanguage\":\"en-US\",\"potentialAction\":[{\"@type\":\"ReadAction\",\"target\":[\"https:\/\/www.visit-ulcinj.com\/blog\/2013\/08\/24\/fluks-udhetaresh-ne-kalimin-kufitar-sukuibin-muriqan\/\"]}]},{\"@type\":\"BreadcrumbList\",\"@id\":\"https:\/\/www.visit-ulcinj.com\/blog\/2013\/08\/24\/fluks-udhetaresh-ne-kalimin-kufitar-sukuibin-muriqan\/#breadcrumb\",\"itemListElement\":[{\"@type\":\"ListItem\",\"position\":1,\"name\":\"Fluks udh\u00ebtar\u00ebsh n\u00eb kalimin kufitar Sukuibin &#8211; Muriqan\"}]},{\"@type\":\"Person\",\"@id\":\"https:\/\/www.visit-ulcinj.com\/blog\/#\/schema\/person\/dcab619c614d3038751c63bc2aadc06d\",\"name\":\"ulqini\",\"sameAs\":[\"http:\/\/www.visit-ulcinj.com\"],\"url\":\"https:\/\/www.visit-ulcinj.com\/blog\/author\/admin\/\"}]}<\/script>\n<!-- \/ Yoast SEO plugin. -->","yoast_head_json":{"title":"Fluks udh\u00ebtar\u00ebsh n\u00eb kalimin kufitar Sukuibin - Muriqan - Lajme nga Ulqini","description":"Fluski \u00ebsht\u00eb vazhdimisht n\u00eb rritje si n\u00eb hyrje ashtu edhe n\u00eb dalje nga Shqip\u00ebria. Pika e p\u00ebrbashk\u00ebt e kalimit kufitar Muriqan-Sukobin k\u00ebto dit\u00eb t\u00eb nxehta","robots":{"index":"index","follow":"follow","max-snippet":"max-snippet:-1","max-image-preview":"max-image-preview:large","max-video-preview":"max-video-preview:-1"},"canonical":"https:\/\/www.visit-ulcinj.com\/blog\/2013\/08\/24\/fluks-udhetaresh-ne-kalimin-kufitar-sukuibin-muriqan\/","og_locale":"en_US","og_type":"article","og_title":"Fluks udh\u00ebtar\u00ebsh n\u00eb kalimin kufitar Sukuibin - Muriqan - Lajme nga Ulqini","og_description":"Fluski \u00ebsht\u00eb vazhdimisht n\u00eb rritje si n\u00eb hyrje ashtu edhe n\u00eb dalje nga Shqip\u00ebria. Pika e p\u00ebrbashk\u00ebt e kalimit kufitar Muriqan-Sukobin k\u00ebto dit\u00eb t\u00eb nxehta","og_url":"https:\/\/www.visit-ulcinj.com\/blog\/2013\/08\/24\/fluks-udhetaresh-ne-kalimin-kufitar-sukuibin-muriqan\/","og_site_name":"Lajme nga Ulqini","article_published_time":"2013-08-24T06:03:43+00:00","article_modified_time":"2013-08-24T06:05:15+00:00","og_image":[{"url":"http:\/\/www.visit-ulcinj.com\/blog\/wp-content\/uploads\/2013\/08\/muriqan-sukubin.jpg"}],"twitter_misc":{"Written by":"ulqini","Est. reading time":"1 minute"},"schema":{"@context":"https:\/\/schema.org","@graph":[{"@type":"WebSite","@id":"https:\/\/www.visit-ulcinj.com\/blog\/#website","url":"https:\/\/www.visit-ulcinj.com\/blog\/","name":"Lajme nga Ulqini","description":"Lajme,Vijesti,Ulqini,Ulqin,Crna Gora,Mali i Zi","potentialAction":[{"@type":"SearchAction","target":{"@type":"EntryPoint","urlTemplate":"https:\/\/www.visit-ulcinj.com\/blog\/?s={search_term_string}"},"query-input":"required name=search_term_string"}],"inLanguage":"en-US"},{"@type":"ImageObject","inLanguage":"en-US","@id":"https:\/\/www.visit-ulcinj.com\/blog\/2013\/08\/24\/fluks-udhetaresh-ne-kalimin-kufitar-sukuibin-muriqan\/#primaryimage","url":"https:\/\/www.visit-ulcinj.com\/blog\/wp-content\/uploads\/2013\/08\/muriqan-sukubin.jpg","contentUrl":"https:\/\/www.visit-ulcinj.com\/blog\/wp-content\/uploads\/2013\/08\/muriqan-sukubin.jpg","width":720,"height":960},{"@type":"WebPage","@id":"https:\/\/www.visit-ulcinj.com\/blog\/2013\/08\/24\/fluks-udhetaresh-ne-kalimin-kufitar-sukuibin-muriqan\/#webpage","url":"https:\/\/www.visit-ulcinj.com\/blog\/2013\/08\/24\/fluks-udhetaresh-ne-kalimin-kufitar-sukuibin-muriqan\/","name":"Fluks udh\u00ebtar\u00ebsh n\u00eb kalimin kufitar Sukuibin - Muriqan - Lajme nga Ulqini","isPartOf":{"@id":"https:\/\/www.visit-ulcinj.com\/blog\/#website"},"primaryImageOfPage":{"@id":"https:\/\/www.visit-ulcinj.com\/blog\/2013\/08\/24\/fluks-udhetaresh-ne-kalimin-kufitar-sukuibin-muriqan\/#primaryimage"},"datePublished":"2013-08-24T06:03:43+00:00","dateModified":"2013-08-24T06:05:15+00:00","author":{"@id":"https:\/\/www.visit-ulcinj.com\/blog\/#\/schema\/person\/dcab619c614d3038751c63bc2aadc06d"},"description":"Fluski \u00ebsht\u00eb vazhdimisht n\u00eb rritje si n\u00eb hyrje ashtu edhe n\u00eb dalje nga Shqip\u00ebria. Pika e p\u00ebrbashk\u00ebt e kalimit kufitar Muriqan-Sukobin k\u00ebto dit\u00eb t\u00eb nxehta","breadcrumb":{"@id":"https:\/\/www.visit-ulcinj.com\/blog\/2013\/08\/24\/fluks-udhetaresh-ne-kalimin-kufitar-sukuibin-muriqan\/#breadcrumb"},"inLanguage":"en-US","potentialAction":[{"@type":"ReadAction","target":["https:\/\/www.visit-ulcinj.com\/blog\/2013\/08\/24\/fluks-udhetaresh-ne-kalimin-kufitar-sukuibin-muriqan\/"]}]},{"@type":"BreadcrumbList","@id":"https:\/\/www.visit-ulcinj.com\/blog\/2013\/08\/24\/fluks-udhetaresh-ne-kalimin-kufitar-sukuibin-muriqan\/#breadcrumb","itemListElement":[{"@type":"ListItem","position":1,"name":"Fluks udh\u00ebtar\u00ebsh n\u00eb kalimin kufitar Sukuibin &#8211; Muriqan"}]},{"@type":"Person","@id":"https:\/\/www.visit-ulcinj.com\/blog\/#\/schema\/person\/dcab619c614d3038751c63bc2aadc06d","name":"ulqini","sameAs":["http:\/\/www.visit-ulcinj.com"],"url":"https:\/\/www.visit-ulcinj.com\/blog\/author\/admin\/"}]}},"jetpack_featured_media_url":"","jetpack_sharing_enabled":true,"jetpack_shortlink":"https:\/\/wp.me\/pe6lTn-jjO","_links":{"self":[{"href":"https:\/\/www.visit-ulcinj.com\/blog\/wp-json\/wp\/v2\/posts\/74264"}],"collection":[{"href":"https:\/\/www.visit-ulcinj.com\/blog\/wp-json\/wp\/v2\/posts"}],"about":[{"href":"https:\/\/www.visit-ulcinj.com\/blog\/wp-json\/wp\/v2\/types\/post"}],"author":[{"embeddable":true,"href":"https:\/\/www.visit-ulcinj.com\/blog\/wp-json\/wp\/v2\/users\/1"}],"replies":[{"embeddable":true,"href":"https:\/\/www.visit-ulcinj.com\/blog\/wp-json\/wp\/v2\/comments?post=74264"}],"version-history":[{"count":2,"href":"https:\/\/www.visit-ulcinj.com\/blog\/wp-json\/wp\/v2\/posts\/74264\/revisions"}],"predecessor-version":[{"id":74267,"href":"https:\/\/www.visit-ulcinj.com\/blog\/wp-json\/wp\/v2\/posts\/74264\/revisions\/74267"}],"wp:attachment":[{"href":"https:\/\/www.visit-ulcinj.com\/blog\/wp-json\/wp\/v2\/media?parent=74264"}],"wp:term":[{"taxonomy":"category","embeddable":true,"href":"https:\/\/www.visit-ulcinj.com\/blog\/wp-json\/wp\/v2\/categories?post=74264"},{"taxonomy":"post_tag","embeddable":true,"href":"https:\/\/www.visit-ulcinj.com\/blog\/wp-json\/wp\/v2\/tags?post=74264"}],"curies":[{"name":"wp","href":"https:\/\/api.w.org\/{rel}","templated":true}]}}