{"id":7427,"date":"2008-12-18T16:41:21","date_gmt":"2008-12-18T15:41:21","guid":{"rendered":"http:\/\/www.visit-ulcinj.com\/blog\/?p=7427"},"modified":"2008-12-19T18:18:51","modified_gmt":"2008-12-19T17:18:51","slug":"ubrzo-tenderi-za-veliku-plazu-i-adu-bojanu","status":"publish","type":"post","link":"https:\/\/www.visit-ulcinj.com\/blog\/2008\/12\/18\/ubrzo-tenderi-za-veliku-plazu-i-adu-bojanu\/","title":{"rendered":"Ubrzo tenderi za Veliku pla\u017eu i Adu Bojanu"},"content":{"rendered":"<p><a href=\"http:\/\/www.visit-ulcinj.com\/blog\/wp-content\/uploads\/2008\/12\/milo-dukanovic-u-ulcinj.jpg\"><img loading=\"lazy\" class=\"alignleft size-medium wp-image-7428\" title=\"milo-dukanovic-u-ulcinj\" src=\"http:\/\/www.visit-ulcinj.com\/blog\/wp-content\/uploads\/2008\/12\/milo-dukanovic-u-ulcinj-300x228.jpg\" alt=\"\" width=\"300\" height=\"228\" srcset=\"https:\/\/www.visit-ulcinj.com\/blog\/wp-content\/uploads\/2008\/12\/milo-dukanovic-u-ulcinj-300x228.jpg 300w, https:\/\/www.visit-ulcinj.com\/blog\/wp-content\/uploads\/2008\/12\/milo-dukanovic-u-ulcinj.jpg 513w\" sizes=\"(max-width: 300px) 100vw, 300px\" \/><\/a><strong>Premijer ju?e sa saradnicima boravio u radnoj posjeti ulcinju<\/strong><br \/>\nUlcinj &#8211; Premijer Crne Gore Milo ?ukanovi? najavio je ju?e da ?e me?unarodni tender za valorizaciju Velike pla\u017ee i Ade biti raspisan za najkasnije mjesec ili dva te da ?e glavnina posla oko realizacije tih projekata biti zavr\u0161ena tokom naredne godine. On je rekao da ?e Vlada i Op\u0161tina Ulcinj u svom dvori\u0161tu raditi kao da nema globalne krize i pripremiti sve \u0161to je potrebno na op\u0161tinskom i dr\u017eavnom nivou za raspisivanje tendera i odabira strate\u0161kog partnera.<br \/>\n&#8211; Ve? par godina vodimo intenzivne razgovore sa nekoliko partnera koji posjeduju finansijske potencijale i \u017eivimo u uvjerenju da ta partnerstva ne zavise od globalne krize. U realizaciju tog projekta krenu?emo onog trena kada raspi\u0161emo tender, izaberemo partnera, rije\u0161imo imovinsko pravne odnose i dokompletiramo projektnu dokumentaciju &#8211; kazao je ?ukanovi? ju?e u Ulcinju gdje je sa ministrima ekonomije i turizma Miodragom Gvozdenovi?em i Predragom Nenezi?em i direkotorom Direkcije za javne radove \u017darko \u017divkovi?em boravio u jednodnevnoj radnoj posjeti.<br \/>\n?ukanovi? je naglasio da bi realizacija projekta izgradnje visokokvalitenog turisti?kog naselja u Valdanosu mogla po?eti znatno ranije od poslova na Velikoj pla\u017ei i Adi.<br \/>\n&#8211; Studija lokacije za Valdanos je zavr\u0161ena. Potrudili smo se da na?emo rje\u0161enja za ono \u0161to je bio zahtjev lokalne zajednice a to je da na tom definitivno atraktivnom lokalitetu dobijemo visokokvalitetnu turisti?ku ponudu i da sa?uvamo maslinjak. Uspjeli smo u tome. Nacrt je zavr\u0161en, vodi se javna rasprava i vjerujem da ?emo za mjesec ili dva usvojiti finalnu verziju. Do tada ?e sigurno biti raspisan tender za izbor strate\u0161kog partenetra za gradnju turisti?kog kompleksa u Valdanosu. Ra?unam da bi sa realizacijom tog projekta moglo krenuti znatno ranije nego sa investicijama na Veliko pla\u017ei i Adi, budu?i da su ti projekti krupniji, zahtjevniji i skuplji &#8211; rekao je ?ukanovi?.<br \/>\nGovore?i o prioritetnim projektima lokalne vlasti, premijer je izrazio uvjerenje da ?e Vlada i Op\u0161tina ispuniti o?ekivanja lokalne javnosti.<br \/>\n&#8211; U bud\u017eetu za 2009, planirali smo sredstva za izradu i pripremu projektne dokumentacije za izgradnju sportske hale. Lokalna vlast trenutno radi na utvr?ivanu lokacije i regulisanju imovinsko pravnih odnosa. Dogovorili smo se i za most na Port Mileni ali tamo su potrebna nova sagledavanja na kojima ?emo predano raditi i bez sumnje ispuniti o?ekivanja javnosti. Puno pa\u017enje posvetili smo i izradi planske dokumentacije imaju?i u vidu da je Ulcinj dragulj ?iji investicioni potencijal definitivnio nadilazi ono \u0161to je zna?aj jedne dr\u017eave. Siguran sam da je to jedan od najzna?ajnijih investicionih resursa u regionu i onda je potpuno jasno da treba sa?uvati taj prostor &#8211; ocijenio je ?ukanovi?.<br \/>\nOn je dodao da ?e Vlada u nekoliko narednih sedmica obezbijediti novac za raspisivanje me?unarodnog tendera za izbor renomiranog svjetskog projektanta, koji bi osmislio i izradio prostorno-urbanisti?ki plan Ulcinja. Osvr?u?i se na rad loklane vlasti u protekle dvije godine, ?ukanovi? je istakao \u201eda je situacija sada mnogo bolja nego kada je koalicija \u201eZa evropski Ulcinj\u201c preuzela vlast.<br \/>\nGradona?elnik Ulcinja Gzim Hajdinaga kazao je da posjeta premijera sa sardnicima potvr?uje predanost i odlu?nost Vlade da zajedno sa lokalnim vlastima realizuje projekte od su\u0161tinskog zna?aja za Ulcinj.<br \/>\n&#8211; Otvorili smo pri?u o Velikoj pla\u017ei, Adi i Valdanosu, razgrani?enju zone morskog dobra i dogovorili dinamiku poslova za realizaciju projekata izgradnje mosta na Port Mileni i sportske hale, kao i puta od Sukobina do Ulcinja. Nema sumnje da ?e svi ti projekti biti realizovani u na\u0161em mandatu &#8211; kazao je Hajdinaga.<br \/>\nNakon sastanka u Op\u0161tini, Gvozdenovi? se u prostorijama Ulcinjske biznis alijanse sreo sa ?elnicima te asocijacije i razgovarao o aktuelnoj ekonomskoj problematici u Ulcinju i Crnoj Gori.<br \/>\n<strong>S.A.<br \/>\nIzvor \/ Vijesti<\/strong><\/p>\n\n\t\t<style type=\"text\/css\">\n\t\t\t#gallery-1 {\n\t\t\t\tmargin: auto;\n\t\t\t}\n\t\t\t#gallery-1 .gallery-item {\n\t\t\t\tfloat: left;\n\t\t\t\tmargin-top: 10px;\n\t\t\t\ttext-align: center;\n\t\t\t\twidth: 33%;\n\t\t\t}\n\t\t\t#gallery-1 img {\n\t\t\t\tborder: 2px solid #cfcfcf;\n\t\t\t}\n\t\t\t#gallery-1 .gallery-caption {\n\t\t\t\tmargin-left: 0;\n\t\t\t}\n\t\t\t\/* see gallery_shortcode() in wp-includes\/media.php *\/\n\t\t<\/style>\n\t\t<div id='gallery-1' class='gallery galleryid-7427 gallery-columns-3 gallery-size-thumbnail'><dl class='gallery-item'>\n\t\t\t<dt class='gallery-icon landscape'>\n\t\t\t\t<a href='https:\/\/www.visit-ulcinj.com\/blog\/2008\/12\/18\/ubrzo-tenderi-za-veliku-plazu-i-adu-bojanu\/milo-dukanovic-boravio-u-radnoj-posjeti-opstini-ulcinj-_1\/'><img width=\"150\" height=\"150\" src=\"https:\/\/www.visit-ulcinj.com\/blog\/wp-content\/uploads\/2008\/12\/milo-dukanovic-boravio-u-radnoj-posjeti-opstini-ulcinj-_1-150x150.jpg\" class=\"attachment-thumbnail size-thumbnail\" alt=\"\" loading=\"lazy\" \/><\/a>\n\t\t\t<\/dt><\/dl><dl class='gallery-item'>\n\t\t\t<dt class='gallery-icon portrait'>\n\t\t\t\t<a href='https:\/\/www.visit-ulcinj.com\/blog\/2008\/12\/18\/ubrzo-tenderi-za-veliku-plazu-i-adu-bojanu\/milo-dukanovic-boravio-u-radnoj-posjeti-opstini-ulcinj_\/'><img width=\"150\" height=\"150\" src=\"https:\/\/www.visit-ulcinj.com\/blog\/wp-content\/uploads\/2008\/12\/milo-dukanovic-boravio-u-radnoj-posjeti-opstini-ulcinj_-150x150.jpg\" class=\"attachment-thumbnail size-thumbnail\" alt=\"\" loading=\"lazy\" \/><\/a>\n\t\t\t<\/dt><\/dl><dl class='gallery-item'>\n\t\t\t<dt class='gallery-icon landscape'>\n\t\t\t\t<a href='https:\/\/www.visit-ulcinj.com\/blog\/2008\/12\/18\/ubrzo-tenderi-za-veliku-plazu-i-adu-bojanu\/milo-dukanovic-u-ulcinj\/'><img width=\"150\" height=\"150\" src=\"https:\/\/www.visit-ulcinj.com\/blog\/wp-content\/uploads\/2008\/12\/milo-dukanovic-u-ulcinj-150x150.jpg\" class=\"attachment-thumbnail size-thumbnail\" alt=\"\" loading=\"lazy\" \/><\/a>\n\t\t\t<\/dt><\/dl><br style=\"clear: both\" \/>\n\t\t<\/div>\n\n<!--YouTube Error: bad URL entered-->\n","protected":false},"excerpt":{"rendered":"<p>Premijer ju?e sa saradnicima boravio u radnoj posjeti ulcinju Ulcinj &#8211; Premijer Crne Gore Milo ?ukanovi? najavio je ju?e da ?e me?unarodni tender za valorizaciju Velike pla\u017ee i Ade biti raspisan za najkasnije mjesec ili dva te da ?e glavnina posla oko realizacije tih projekata biti zavr\u0161ena tokom naredne godine. On je rekao da ?e [&hellip;]<\/p>\n","protected":false},"author":1,"featured_media":0,"comment_status":"open","ping_status":"closed","sticky":false,"template":"","format":"standard","meta":{"spay_email":"","jetpack_publicize_message":"","jetpack_is_tweetstorm":false,"jetpack_publicize_feature_enabled":true},"categories":[15],"tags":[924,264,295,5304],"jetpack_publicize_connections":[],"yoast_head":"<!-- This site is optimized with the Yoast SEO plugin v19.1 - https:\/\/yoast.com\/wordpress\/plugins\/seo\/ -->\n<title>Ubrzo tenderi za Veliku pla\u017eu i Adu Bojanu - Lajme nga Ulqini<\/title>\n<meta name=\"description\" content=\"Premijer ju?e sa saradnicima boravio u radnoj posjeti ulcinju Ulcinj - Premijer Crne Gore Milo ?ukanovi? najavio je ju?e da ?e me?unarodni tender za\" \/>\n<meta name=\"robots\" content=\"index, follow, max-snippet:-1, max-image-preview:large, max-video-preview:-1\" \/>\n<link rel=\"canonical\" href=\"https:\/\/www.visit-ulcinj.com\/blog\/2008\/12\/18\/ubrzo-tenderi-za-veliku-plazu-i-adu-bojanu\/\" \/>\n<meta property=\"og:locale\" content=\"en_US\" \/>\n<meta property=\"og:type\" content=\"article\" \/>\n<meta property=\"og:title\" content=\"Ubrzo tenderi za Veliku pla\u017eu i Adu Bojanu - Lajme nga Ulqini\" \/>\n<meta property=\"og:description\" content=\"Premijer ju?e sa saradnicima boravio u radnoj posjeti ulcinju Ulcinj - Premijer Crne Gore Milo ?ukanovi? najavio je ju?e da ?e me?unarodni tender za\" \/>\n<meta property=\"og:url\" content=\"https:\/\/www.visit-ulcinj.com\/blog\/2008\/12\/18\/ubrzo-tenderi-za-veliku-plazu-i-adu-bojanu\/\" \/>\n<meta property=\"og:site_name\" content=\"Lajme nga Ulqini\" \/>\n<meta property=\"article:published_time\" content=\"2008-12-18T15:41:21+00:00\" \/>\n<meta property=\"article:modified_time\" content=\"2008-12-19T17:18:51+00:00\" \/>\n<meta property=\"og:image\" content=\"https:\/\/www.visit-ulcinj.com\/blog\/wp-content\/uploads\/2008\/12\/milo-dukanovic-boravio-u-radnoj-posjeti-opstini-ulcinj-_1-150x150.jpg\" \/>\n<meta name=\"twitter:label1\" content=\"Written by\" \/>\n\t<meta name=\"twitter:data1\" content=\"ulqini\" \/>\n\t<meta name=\"twitter:label2\" content=\"Est. reading time\" \/>\n\t<meta name=\"twitter:data2\" content=\"3 minutes\" \/>\n<script type=\"application\/ld+json\" class=\"yoast-schema-graph\">{\"@context\":\"https:\/\/schema.org\",\"@graph\":[{\"@type\":\"WebSite\",\"@id\":\"https:\/\/www.visit-ulcinj.com\/blog\/#website\",\"url\":\"https:\/\/www.visit-ulcinj.com\/blog\/\",\"name\":\"Lajme nga Ulqini\",\"description\":\"Lajme,Vijesti,Ulqini,Ulqin,Crna Gora,Mali i Zi\",\"potentialAction\":[{\"@type\":\"SearchAction\",\"target\":{\"@type\":\"EntryPoint\",\"urlTemplate\":\"https:\/\/www.visit-ulcinj.com\/blog\/?s={search_term_string}\"},\"query-input\":\"required name=search_term_string\"}],\"inLanguage\":\"en-US\"},{\"@type\":\"ImageObject\",\"inLanguage\":\"en-US\",\"@id\":\"https:\/\/www.visit-ulcinj.com\/blog\/2008\/12\/18\/ubrzo-tenderi-za-veliku-plazu-i-adu-bojanu\/#primaryimage\",\"url\":\"http:\/\/www.visit-ulcinj.com\/blog\/wp-content\/uploads\/2008\/12\/milo-dukanovic-u-ulcinj-300x228.jpg\",\"contentUrl\":\"http:\/\/www.visit-ulcinj.com\/blog\/wp-content\/uploads\/2008\/12\/milo-dukanovic-u-ulcinj-300x228.jpg\"},{\"@type\":\"WebPage\",\"@id\":\"https:\/\/www.visit-ulcinj.com\/blog\/2008\/12\/18\/ubrzo-tenderi-za-veliku-plazu-i-adu-bojanu\/#webpage\",\"url\":\"https:\/\/www.visit-ulcinj.com\/blog\/2008\/12\/18\/ubrzo-tenderi-za-veliku-plazu-i-adu-bojanu\/\",\"name\":\"Ubrzo tenderi za Veliku pla\u017eu i Adu Bojanu - Lajme nga Ulqini\",\"isPartOf\":{\"@id\":\"https:\/\/www.visit-ulcinj.com\/blog\/#website\"},\"primaryImageOfPage\":{\"@id\":\"https:\/\/www.visit-ulcinj.com\/blog\/2008\/12\/18\/ubrzo-tenderi-za-veliku-plazu-i-adu-bojanu\/#primaryimage\"},\"datePublished\":\"2008-12-18T15:41:21+00:00\",\"dateModified\":\"2008-12-19T17:18:51+00:00\",\"author\":{\"@id\":\"https:\/\/www.visit-ulcinj.com\/blog\/#\/schema\/person\/dcab619c614d3038751c63bc2aadc06d\"},\"description\":\"Premijer ju?e sa saradnicima boravio u radnoj posjeti ulcinju Ulcinj - Premijer Crne Gore Milo ?ukanovi? najavio je ju?e da ?e me?unarodni tender za\",\"breadcrumb\":{\"@id\":\"https:\/\/www.visit-ulcinj.com\/blog\/2008\/12\/18\/ubrzo-tenderi-za-veliku-plazu-i-adu-bojanu\/#breadcrumb\"},\"inLanguage\":\"en-US\",\"potentialAction\":[{\"@type\":\"ReadAction\",\"target\":[\"https:\/\/www.visit-ulcinj.com\/blog\/2008\/12\/18\/ubrzo-tenderi-za-veliku-plazu-i-adu-bojanu\/\"]}]},{\"@type\":\"BreadcrumbList\",\"@id\":\"https:\/\/www.visit-ulcinj.com\/blog\/2008\/12\/18\/ubrzo-tenderi-za-veliku-plazu-i-adu-bojanu\/#breadcrumb\",\"itemListElement\":[{\"@type\":\"ListItem\",\"position\":1,\"name\":\"Ubrzo tenderi za Veliku pla\u017eu i Adu Bojanu\"}]},{\"@type\":\"Person\",\"@id\":\"https:\/\/www.visit-ulcinj.com\/blog\/#\/schema\/person\/dcab619c614d3038751c63bc2aadc06d\",\"name\":\"ulqini\",\"sameAs\":[\"http:\/\/www.visit-ulcinj.com\"],\"url\":\"https:\/\/www.visit-ulcinj.com\/blog\/author\/admin\/\"}]}<\/script>\n<!-- \/ Yoast SEO plugin. -->","yoast_head_json":{"title":"Ubrzo tenderi za Veliku pla\u017eu i Adu Bojanu - Lajme nga Ulqini","description":"Premijer ju?e sa saradnicima boravio u radnoj posjeti ulcinju Ulcinj - Premijer Crne Gore Milo ?ukanovi? najavio je ju?e da ?e me?unarodni tender za","robots":{"index":"index","follow":"follow","max-snippet":"max-snippet:-1","max-image-preview":"max-image-preview:large","max-video-preview":"max-video-preview:-1"},"canonical":"https:\/\/www.visit-ulcinj.com\/blog\/2008\/12\/18\/ubrzo-tenderi-za-veliku-plazu-i-adu-bojanu\/","og_locale":"en_US","og_type":"article","og_title":"Ubrzo tenderi za Veliku pla\u017eu i Adu Bojanu - Lajme nga Ulqini","og_description":"Premijer ju?e sa saradnicima boravio u radnoj posjeti ulcinju Ulcinj - Premijer Crne Gore Milo ?ukanovi? najavio je ju?e da ?e me?unarodni tender za","og_url":"https:\/\/www.visit-ulcinj.com\/blog\/2008\/12\/18\/ubrzo-tenderi-za-veliku-plazu-i-adu-bojanu\/","og_site_name":"Lajme nga Ulqini","article_published_time":"2008-12-18T15:41:21+00:00","article_modified_time":"2008-12-19T17:18:51+00:00","og_image":[{"url":"https:\/\/www.visit-ulcinj.com\/blog\/wp-content\/uploads\/2008\/12\/milo-dukanovic-boravio-u-radnoj-posjeti-opstini-ulcinj-_1-150x150.jpg"}],"twitter_misc":{"Written by":"ulqini","Est. reading time":"3 minutes"},"schema":{"@context":"https:\/\/schema.org","@graph":[{"@type":"WebSite","@id":"https:\/\/www.visit-ulcinj.com\/blog\/#website","url":"https:\/\/www.visit-ulcinj.com\/blog\/","name":"Lajme nga Ulqini","description":"Lajme,Vijesti,Ulqini,Ulqin,Crna Gora,Mali i Zi","potentialAction":[{"@type":"SearchAction","target":{"@type":"EntryPoint","urlTemplate":"https:\/\/www.visit-ulcinj.com\/blog\/?s={search_term_string}"},"query-input":"required name=search_term_string"}],"inLanguage":"en-US"},{"@type":"ImageObject","inLanguage":"en-US","@id":"https:\/\/www.visit-ulcinj.com\/blog\/2008\/12\/18\/ubrzo-tenderi-za-veliku-plazu-i-adu-bojanu\/#primaryimage","url":"http:\/\/www.visit-ulcinj.com\/blog\/wp-content\/uploads\/2008\/12\/milo-dukanovic-u-ulcinj-300x228.jpg","contentUrl":"http:\/\/www.visit-ulcinj.com\/blog\/wp-content\/uploads\/2008\/12\/milo-dukanovic-u-ulcinj-300x228.jpg"},{"@type":"WebPage","@id":"https:\/\/www.visit-ulcinj.com\/blog\/2008\/12\/18\/ubrzo-tenderi-za-veliku-plazu-i-adu-bojanu\/#webpage","url":"https:\/\/www.visit-ulcinj.com\/blog\/2008\/12\/18\/ubrzo-tenderi-za-veliku-plazu-i-adu-bojanu\/","name":"Ubrzo tenderi za Veliku pla\u017eu i Adu Bojanu - Lajme nga Ulqini","isPartOf":{"@id":"https:\/\/www.visit-ulcinj.com\/blog\/#website"},"primaryImageOfPage":{"@id":"https:\/\/www.visit-ulcinj.com\/blog\/2008\/12\/18\/ubrzo-tenderi-za-veliku-plazu-i-adu-bojanu\/#primaryimage"},"datePublished":"2008-12-18T15:41:21+00:00","dateModified":"2008-12-19T17:18:51+00:00","author":{"@id":"https:\/\/www.visit-ulcinj.com\/blog\/#\/schema\/person\/dcab619c614d3038751c63bc2aadc06d"},"description":"Premijer ju?e sa saradnicima boravio u radnoj posjeti ulcinju Ulcinj - Premijer Crne Gore Milo ?ukanovi? najavio je ju?e da ?e me?unarodni tender za","breadcrumb":{"@id":"https:\/\/www.visit-ulcinj.com\/blog\/2008\/12\/18\/ubrzo-tenderi-za-veliku-plazu-i-adu-bojanu\/#breadcrumb"},"inLanguage":"en-US","potentialAction":[{"@type":"ReadAction","target":["https:\/\/www.visit-ulcinj.com\/blog\/2008\/12\/18\/ubrzo-tenderi-za-veliku-plazu-i-adu-bojanu\/"]}]},{"@type":"BreadcrumbList","@id":"https:\/\/www.visit-ulcinj.com\/blog\/2008\/12\/18\/ubrzo-tenderi-za-veliku-plazu-i-adu-bojanu\/#breadcrumb","itemListElement":[{"@type":"ListItem","position":1,"name":"Ubrzo tenderi za Veliku pla\u017eu i Adu Bojanu"}]},{"@type":"Person","@id":"https:\/\/www.visit-ulcinj.com\/blog\/#\/schema\/person\/dcab619c614d3038751c63bc2aadc06d","name":"ulqini","sameAs":["http:\/\/www.visit-ulcinj.com"],"url":"https:\/\/www.visit-ulcinj.com\/blog\/author\/admin\/"}]}},"jetpack_featured_media_url":"","jetpack_sharing_enabled":true,"jetpack_shortlink":"https:\/\/wp.me\/pe6lTn-1VN","_links":{"self":[{"href":"https:\/\/www.visit-ulcinj.com\/blog\/wp-json\/wp\/v2\/posts\/7427"}],"collection":[{"href":"https:\/\/www.visit-ulcinj.com\/blog\/wp-json\/wp\/v2\/posts"}],"about":[{"href":"https:\/\/www.visit-ulcinj.com\/blog\/wp-json\/wp\/v2\/types\/post"}],"author":[{"embeddable":true,"href":"https:\/\/www.visit-ulcinj.com\/blog\/wp-json\/wp\/v2\/users\/1"}],"replies":[{"embeddable":true,"href":"https:\/\/www.visit-ulcinj.com\/blog\/wp-json\/wp\/v2\/comments?post=7427"}],"version-history":[{"count":0,"href":"https:\/\/www.visit-ulcinj.com\/blog\/wp-json\/wp\/v2\/posts\/7427\/revisions"}],"wp:attachment":[{"href":"https:\/\/www.visit-ulcinj.com\/blog\/wp-json\/wp\/v2\/media?parent=7427"}],"wp:term":[{"taxonomy":"category","embeddable":true,"href":"https:\/\/www.visit-ulcinj.com\/blog\/wp-json\/wp\/v2\/categories?post=7427"},{"taxonomy":"post_tag","embeddable":true,"href":"https:\/\/www.visit-ulcinj.com\/blog\/wp-json\/wp\/v2\/tags?post=7427"}],"curies":[{"name":"wp","href":"https:\/\/api.w.org\/{rel}","templated":true}]}}