{"id":74279,"date":"2013-08-24T07:32:11","date_gmt":"2013-08-24T06:32:11","guid":{"rendered":"http:\/\/www.visit-ulcinj.com\/blog\/?p=74279"},"modified":"2013-08-24T07:32:11","modified_gmt":"2013-08-24T06:32:11","slug":"fatmir-deka-svi-cemo-biti-u-eu-bez-granica","status":"publish","type":"post","link":"https:\/\/www.visit-ulcinj.com\/blog\/2013\/08\/24\/fatmir-deka-svi-cemo-biti-u-eu-bez-granica\/","title":{"rendered":"Fatmir \u0110eka: Svi \u0107emo biti u EU bez granica"},"content":{"rendered":"<div id=\"article_text\">\n<div id=\"attachment_74280\" style=\"width: 518px\" class=\"wp-caption alignleft\"><a href=\"http:\/\/www.visit-ulcinj.com\/blog\/wp-content\/uploads\/2013\/08\/FatmirDjeka.jpg\"><img aria-describedby=\"caption-attachment-74280\" loading=\"lazy\" class=\" wp-image-74280  \" alt=\"FatmirDjeka\" src=\"http:\/\/www.visit-ulcinj.com\/blog\/wp-content\/uploads\/2013\/08\/FatmirDjeka.jpg\" width=\"508\" height=\"360\" \/><\/a><p id=\"caption-attachment-74280\" class=\"wp-caption-text\">Foto: in4s.net<\/p><\/div>\n<p>Poslanik Demokratske partije Fatmir \u0110eka saop\u0161tio je da nije potpisao peticiju kojom se tra\u017ei stvaranje \u201cPrirodne Albanije\u201d \u010dime je demantovao direktora Instituta za regionalne prognoze iz Tirane Ko\u010du Danaja, koji je kazao da je takav zahtjev potpisalo \u201c40 poslanika albanskog, crnogorskog, kosovskog i makedonskog parlamenta\u201d.<\/p>\n<p>Danaj je pokrenuo potpisivanje peticije za formiranje \u201cPrirodne Albanije\u201d i objasnio da Albanci time \u017eele da izvr\u0161e pritisak na me\u0111unarodnu zajednicu kako bi se ostvario cilj da svi Albanci \u017eive u zajedni\u010dkoj dr\u017eavi.<\/p>\n<p>Poslanik Demokratske partije Fatmir \u0110eka kazao je \u201cVijestima\u201d da \u201cni o kakvoj peticiji ne zna ni\u0161ta\u201d.<\/p>\n<p>Na pitanje da li bi podr\u017eao ideju \u201cPrirodne Albanije\u201d \u0110eka je kazao da su \u201csve velikodr\u017eavne tvorevine na Balkanu postale besmislene iz prostog razloga, jer \u0107emo svi biti zajedno u Evropskoj uniji bez granica\u201d.<\/p>\n<p>Beogradske &#8220;Novosti&#8221; prenijele su da je Danaj kazao da, osim parlalmentaraca, peticiju potpisuju Albanci i u zemljama zapadne Evrope. Danaj je za skopski \u201eDnevnik\u201c precizirao da \u0107e se mnogi iznenaditi rezultatima podr\u0161ke, koji \u0107e biti objavljeni 28. novembra, na Dan albanske zastave. Na konferenciji za novinare u Minhenu on je precizirao da \u0107e do tada sasvim sigurno biti prikupljeno milion potpisa Albanaca u dijaspori. Peticija \u0107e, kako je najavio, izme\u0111u ostalog, biti predata vladama Njema\u010dke, Velike Britanije i Austrije.<\/p>\n<p>Danaj je projekat \u201cPrirodne Albanije\u201d pokrenuo 2010. godine kako bi obnovio granice predvi\u0111ene odlukom Konferencije u Valoni 28. novembra 1912. godine. On se protivi izrazu \u201eVelika Albanija\u201c, budu\u0107i da su ga koristili \u201ena\u0161i protivnici da zapla\u0161e Evropu, SAD, susjede\u201c.<\/p>\n<p>Danaj je naveo da bi Prirodna Albanija bila izgra\u0111ena na osnovu \u010detiri osmanska vilajeta, 100 odsto sa albanskim stanovni\u0161tvom i albanskom ve\u0107inom &#8211; u granicama od Pre\u0161eva do Preveza i od Dra\u010da do Skoplja.<\/p>\n<p>Prema njegovom planu, Crna Gora bi morala da vrati Ulcinj, Tuzi, Plav, Gusinje, Hot, Grudu i Tivar (Bar).<\/p>\n<p>On je najavio da \u0107e Me\u0111unarodnom sudu pravde u Hagu podnijeti \u017ealbu u kojoj \u0107e tra\u017eiti da se poni\u0161te rje\u0161enja donijeta na Londonskoj konferenciji i da se \u0161teta nanijeta Albancima kompenzira sa 100 miliona funti.<\/p>\n<p><strong>Dejan Peruni\u010di\u0107<\/strong><br \/>\n<strong>Izvor: Vijesti<\/strong><\/p>\n<\/div>\n","protected":false},"excerpt":{"rendered":"<p>Poslanik Demokratske partije Fatmir \u0110eka saop\u0161tio je da nije potpisao peticiju kojom se tra\u017ei stvaranje \u201cPrirodne Albanije\u201d \u010dime je demantovao direktora Instituta za regionalne prognoze iz Tirane Ko\u010du Danaja, koji je kazao da je takav zahtjev potpisalo \u201c40 poslanika albanskog, crnogorskog, kosovskog i makedonskog parlamenta\u201d. Danaj je pokrenuo potpisivanje peticije za formiranje \u201cPrirodne Albanije\u201d i [&hellip;]<\/p>\n","protected":false},"author":1,"featured_media":0,"comment_status":"closed","ping_status":"closed","sticky":false,"template":"","format":"standard","meta":{"spay_email":"","jetpack_publicize_message":"","jetpack_is_tweetstorm":false,"jetpack_publicize_feature_enabled":true},"categories":[6950],"tags":[],"jetpack_publicize_connections":[],"yoast_head":"<!-- This site is optimized with the Yoast SEO plugin v19.1 - https:\/\/yoast.com\/wordpress\/plugins\/seo\/ -->\n<title>Fatmir \u0110eka: Svi \u0107emo biti u EU bez granica - Lajme nga Ulqini<\/title>\n<meta name=\"description\" content=\"Poslanik Demokratske partije Fatmir \u0110eka saop\u0161tio je da nije potpisao peticiju kojom se tra\u017ei stvaranje \u201cPrirodne Albanije\u201d \u010dime je demantovao direktora\" \/>\n<meta name=\"robots\" content=\"index, follow, max-snippet:-1, max-image-preview:large, max-video-preview:-1\" \/>\n<link rel=\"canonical\" href=\"https:\/\/www.visit-ulcinj.com\/blog\/2013\/08\/24\/fatmir-deka-svi-cemo-biti-u-eu-bez-granica\/\" \/>\n<meta property=\"og:locale\" content=\"en_US\" \/>\n<meta property=\"og:type\" content=\"article\" \/>\n<meta property=\"og:title\" content=\"Fatmir \u0110eka: Svi \u0107emo biti u EU bez granica - Lajme nga Ulqini\" \/>\n<meta property=\"og:description\" content=\"Poslanik Demokratske partije Fatmir \u0110eka saop\u0161tio je da nije potpisao peticiju kojom se tra\u017ei stvaranje \u201cPrirodne Albanije\u201d \u010dime je demantovao direktora\" \/>\n<meta property=\"og:url\" content=\"https:\/\/www.visit-ulcinj.com\/blog\/2013\/08\/24\/fatmir-deka-svi-cemo-biti-u-eu-bez-granica\/\" \/>\n<meta property=\"og:site_name\" content=\"Lajme nga Ulqini\" \/>\n<meta property=\"article:published_time\" content=\"2013-08-24T06:32:11+00:00\" \/>\n<meta property=\"og:image\" content=\"http:\/\/www.visit-ulcinj.com\/blog\/wp-content\/uploads\/2013\/08\/FatmirDjeka.jpg\" \/>\n<meta name=\"twitter:label1\" content=\"Written by\" \/>\n\t<meta name=\"twitter:data1\" content=\"ulqini\" \/>\n\t<meta name=\"twitter:label2\" content=\"Est. reading time\" \/>\n\t<meta name=\"twitter:data2\" content=\"2 minutes\" \/>\n<script type=\"application\/ld+json\" class=\"yoast-schema-graph\">{\"@context\":\"https:\/\/schema.org\",\"@graph\":[{\"@type\":\"WebSite\",\"@id\":\"https:\/\/www.visit-ulcinj.com\/blog\/#website\",\"url\":\"https:\/\/www.visit-ulcinj.com\/blog\/\",\"name\":\"Lajme nga Ulqini\",\"description\":\"Lajme,Vijesti,Ulqini,Ulqin,Crna Gora,Mali i Zi\",\"potentialAction\":[{\"@type\":\"SearchAction\",\"target\":{\"@type\":\"EntryPoint\",\"urlTemplate\":\"https:\/\/www.visit-ulcinj.com\/blog\/?s={search_term_string}\"},\"query-input\":\"required name=search_term_string\"}],\"inLanguage\":\"en-US\"},{\"@type\":\"ImageObject\",\"inLanguage\":\"en-US\",\"@id\":\"https:\/\/www.visit-ulcinj.com\/blog\/2013\/08\/24\/fatmir-deka-svi-cemo-biti-u-eu-bez-granica\/#primaryimage\",\"url\":\"https:\/\/www.visit-ulcinj.com\/blog\/wp-content\/uploads\/2013\/08\/FatmirDjeka.jpg\",\"contentUrl\":\"https:\/\/www.visit-ulcinj.com\/blog\/wp-content\/uploads\/2013\/08\/FatmirDjeka.jpg\",\"width\":650,\"height\":450},{\"@type\":\"WebPage\",\"@id\":\"https:\/\/www.visit-ulcinj.com\/blog\/2013\/08\/24\/fatmir-deka-svi-cemo-biti-u-eu-bez-granica\/#webpage\",\"url\":\"https:\/\/www.visit-ulcinj.com\/blog\/2013\/08\/24\/fatmir-deka-svi-cemo-biti-u-eu-bez-granica\/\",\"name\":\"Fatmir \u0110eka: Svi \u0107emo biti u EU bez granica - Lajme nga Ulqini\",\"isPartOf\":{\"@id\":\"https:\/\/www.visit-ulcinj.com\/blog\/#website\"},\"primaryImageOfPage\":{\"@id\":\"https:\/\/www.visit-ulcinj.com\/blog\/2013\/08\/24\/fatmir-deka-svi-cemo-biti-u-eu-bez-granica\/#primaryimage\"},\"datePublished\":\"2013-08-24T06:32:11+00:00\",\"dateModified\":\"2013-08-24T06:32:11+00:00\",\"author\":{\"@id\":\"https:\/\/www.visit-ulcinj.com\/blog\/#\/schema\/person\/dcab619c614d3038751c63bc2aadc06d\"},\"description\":\"Poslanik Demokratske partije Fatmir \u0110eka saop\u0161tio je da nije potpisao peticiju kojom se tra\u017ei stvaranje \u201cPrirodne Albanije\u201d \u010dime je demantovao direktora\",\"breadcrumb\":{\"@id\":\"https:\/\/www.visit-ulcinj.com\/blog\/2013\/08\/24\/fatmir-deka-svi-cemo-biti-u-eu-bez-granica\/#breadcrumb\"},\"inLanguage\":\"en-US\",\"potentialAction\":[{\"@type\":\"ReadAction\",\"target\":[\"https:\/\/www.visit-ulcinj.com\/blog\/2013\/08\/24\/fatmir-deka-svi-cemo-biti-u-eu-bez-granica\/\"]}]},{\"@type\":\"BreadcrumbList\",\"@id\":\"https:\/\/www.visit-ulcinj.com\/blog\/2013\/08\/24\/fatmir-deka-svi-cemo-biti-u-eu-bez-granica\/#breadcrumb\",\"itemListElement\":[{\"@type\":\"ListItem\",\"position\":1,\"name\":\"Fatmir \u0110eka: Svi \u0107emo biti u EU bez granica\"}]},{\"@type\":\"Person\",\"@id\":\"https:\/\/www.visit-ulcinj.com\/blog\/#\/schema\/person\/dcab619c614d3038751c63bc2aadc06d\",\"name\":\"ulqini\",\"sameAs\":[\"http:\/\/www.visit-ulcinj.com\"],\"url\":\"https:\/\/www.visit-ulcinj.com\/blog\/author\/admin\/\"}]}<\/script>\n<!-- \/ Yoast SEO plugin. -->","yoast_head_json":{"title":"Fatmir \u0110eka: Svi \u0107emo biti u EU bez granica - Lajme nga Ulqini","description":"Poslanik Demokratske partije Fatmir \u0110eka saop\u0161tio je da nije potpisao peticiju kojom se tra\u017ei stvaranje \u201cPrirodne Albanije\u201d \u010dime je demantovao direktora","robots":{"index":"index","follow":"follow","max-snippet":"max-snippet:-1","max-image-preview":"max-image-preview:large","max-video-preview":"max-video-preview:-1"},"canonical":"https:\/\/www.visit-ulcinj.com\/blog\/2013\/08\/24\/fatmir-deka-svi-cemo-biti-u-eu-bez-granica\/","og_locale":"en_US","og_type":"article","og_title":"Fatmir \u0110eka: Svi \u0107emo biti u EU bez granica - Lajme nga Ulqini","og_description":"Poslanik Demokratske partije Fatmir \u0110eka saop\u0161tio je da nije potpisao peticiju kojom se tra\u017ei stvaranje \u201cPrirodne Albanije\u201d \u010dime je demantovao direktora","og_url":"https:\/\/www.visit-ulcinj.com\/blog\/2013\/08\/24\/fatmir-deka-svi-cemo-biti-u-eu-bez-granica\/","og_site_name":"Lajme nga Ulqini","article_published_time":"2013-08-24T06:32:11+00:00","og_image":[{"url":"http:\/\/www.visit-ulcinj.com\/blog\/wp-content\/uploads\/2013\/08\/FatmirDjeka.jpg"}],"twitter_misc":{"Written by":"ulqini","Est. reading time":"2 minutes"},"schema":{"@context":"https:\/\/schema.org","@graph":[{"@type":"WebSite","@id":"https:\/\/www.visit-ulcinj.com\/blog\/#website","url":"https:\/\/www.visit-ulcinj.com\/blog\/","name":"Lajme nga Ulqini","description":"Lajme,Vijesti,Ulqini,Ulqin,Crna Gora,Mali i Zi","potentialAction":[{"@type":"SearchAction","target":{"@type":"EntryPoint","urlTemplate":"https:\/\/www.visit-ulcinj.com\/blog\/?s={search_term_string}"},"query-input":"required name=search_term_string"}],"inLanguage":"en-US"},{"@type":"ImageObject","inLanguage":"en-US","@id":"https:\/\/www.visit-ulcinj.com\/blog\/2013\/08\/24\/fatmir-deka-svi-cemo-biti-u-eu-bez-granica\/#primaryimage","url":"https:\/\/www.visit-ulcinj.com\/blog\/wp-content\/uploads\/2013\/08\/FatmirDjeka.jpg","contentUrl":"https:\/\/www.visit-ulcinj.com\/blog\/wp-content\/uploads\/2013\/08\/FatmirDjeka.jpg","width":650,"height":450},{"@type":"WebPage","@id":"https:\/\/www.visit-ulcinj.com\/blog\/2013\/08\/24\/fatmir-deka-svi-cemo-biti-u-eu-bez-granica\/#webpage","url":"https:\/\/www.visit-ulcinj.com\/blog\/2013\/08\/24\/fatmir-deka-svi-cemo-biti-u-eu-bez-granica\/","name":"Fatmir \u0110eka: Svi \u0107emo biti u EU bez granica - Lajme nga Ulqini","isPartOf":{"@id":"https:\/\/www.visit-ulcinj.com\/blog\/#website"},"primaryImageOfPage":{"@id":"https:\/\/www.visit-ulcinj.com\/blog\/2013\/08\/24\/fatmir-deka-svi-cemo-biti-u-eu-bez-granica\/#primaryimage"},"datePublished":"2013-08-24T06:32:11+00:00","dateModified":"2013-08-24T06:32:11+00:00","author":{"@id":"https:\/\/www.visit-ulcinj.com\/blog\/#\/schema\/person\/dcab619c614d3038751c63bc2aadc06d"},"description":"Poslanik Demokratske partije Fatmir \u0110eka saop\u0161tio je da nije potpisao peticiju kojom se tra\u017ei stvaranje \u201cPrirodne Albanije\u201d \u010dime je demantovao direktora","breadcrumb":{"@id":"https:\/\/www.visit-ulcinj.com\/blog\/2013\/08\/24\/fatmir-deka-svi-cemo-biti-u-eu-bez-granica\/#breadcrumb"},"inLanguage":"en-US","potentialAction":[{"@type":"ReadAction","target":["https:\/\/www.visit-ulcinj.com\/blog\/2013\/08\/24\/fatmir-deka-svi-cemo-biti-u-eu-bez-granica\/"]}]},{"@type":"BreadcrumbList","@id":"https:\/\/www.visit-ulcinj.com\/blog\/2013\/08\/24\/fatmir-deka-svi-cemo-biti-u-eu-bez-granica\/#breadcrumb","itemListElement":[{"@type":"ListItem","position":1,"name":"Fatmir \u0110eka: Svi \u0107emo biti u EU bez granica"}]},{"@type":"Person","@id":"https:\/\/www.visit-ulcinj.com\/blog\/#\/schema\/person\/dcab619c614d3038751c63bc2aadc06d","name":"ulqini","sameAs":["http:\/\/www.visit-ulcinj.com"],"url":"https:\/\/www.visit-ulcinj.com\/blog\/author\/admin\/"}]}},"jetpack_featured_media_url":"","jetpack_sharing_enabled":true,"jetpack_shortlink":"https:\/\/wp.me\/pe6lTn-jk3","_links":{"self":[{"href":"https:\/\/www.visit-ulcinj.com\/blog\/wp-json\/wp\/v2\/posts\/74279"}],"collection":[{"href":"https:\/\/www.visit-ulcinj.com\/blog\/wp-json\/wp\/v2\/posts"}],"about":[{"href":"https:\/\/www.visit-ulcinj.com\/blog\/wp-json\/wp\/v2\/types\/post"}],"author":[{"embeddable":true,"href":"https:\/\/www.visit-ulcinj.com\/blog\/wp-json\/wp\/v2\/users\/1"}],"replies":[{"embeddable":true,"href":"https:\/\/www.visit-ulcinj.com\/blog\/wp-json\/wp\/v2\/comments?post=74279"}],"version-history":[{"count":1,"href":"https:\/\/www.visit-ulcinj.com\/blog\/wp-json\/wp\/v2\/posts\/74279\/revisions"}],"predecessor-version":[{"id":74281,"href":"https:\/\/www.visit-ulcinj.com\/blog\/wp-json\/wp\/v2\/posts\/74279\/revisions\/74281"}],"wp:attachment":[{"href":"https:\/\/www.visit-ulcinj.com\/blog\/wp-json\/wp\/v2\/media?parent=74279"}],"wp:term":[{"taxonomy":"category","embeddable":true,"href":"https:\/\/www.visit-ulcinj.com\/blog\/wp-json\/wp\/v2\/categories?post=74279"},{"taxonomy":"post_tag","embeddable":true,"href":"https:\/\/www.visit-ulcinj.com\/blog\/wp-json\/wp\/v2\/tags?post=74279"}],"curies":[{"name":"wp","href":"https:\/\/api.w.org\/{rel}","templated":true}]}}