{"id":74291,"date":"2013-08-24T07:51:52","date_gmt":"2013-08-24T06:51:52","guid":{"rendered":"http:\/\/www.visit-ulcinj.com\/blog\/?p=74291"},"modified":"2013-08-24T07:51:52","modified_gmt":"2013-08-24T06:51:52","slug":"gvozdenovic-zec-bice-vracen-ugled-turistickom-gradu-ulcinju","status":"publish","type":"post","link":"https:\/\/www.visit-ulcinj.com\/blog\/2013\/08\/24\/gvozdenovic-zec-bice-vracen-ugled-turistickom-gradu-ulcinju\/","title":{"rendered":"Gvozdenovi\u0107 &#8211; Zec: Bi\u0107e vra\u0107en ugled turisti\u010dkom gradu Ulcinju"},"content":{"rendered":"<div id=\"attachment_74292\" style=\"width: 518px\" class=\"wp-caption alignleft\"><a href=\"http:\/\/www.visit-ulcinj.com\/blog\/wp-content\/uploads\/2013\/08\/Gvozdenovic-Zec.jpg\"><img aria-describedby=\"caption-attachment-74292\" loading=\"lazy\" class=\" wp-image-74292 \" alt=\"Gvozdenovic-Zec\" src=\"http:\/\/www.visit-ulcinj.com\/blog\/wp-content\/uploads\/2013\/08\/Gvozdenovic-Zec.jpg\" width=\"508\" height=\"360\" \/><\/a><p id=\"caption-attachment-74292\" class=\"wp-caption-text\">Foto: Pobjeda<\/p><\/div>\n<p><strong>ULCINJ \u2013 Ostvareni napredak i planovi za unapre\u0111enje i izgradnju komunalne infrastrukture, kroz pomo\u0107 Njema\u010dke, stvaraju pretpostavke da \u0107e Ulcinju biti vra\u0107en ugled turisti\u010dkog grada koji je ranije imao ne samo u Crnoj Gori, ve\u0107 i \u0161ire \u2013 rekao je u srijedu ministar turizma i odr\u017eivog razvoja Branimir Gvozdenovi\u0107 u Ulcinju.<\/strong><\/p>\n<p>Gvozdenovi\u0107 se, tokom posjete najju\u017enijem crnogorskom gradu, sastao sa predsjednikom op\u0161tine Nazifom Cunguom, direktorom\u00a0 HTP \u201eUlcinjska rivijera\u201c Radomirom Zecom i privrednicima Ulcinja.<\/p>\n<p>&#8211; Investicije treba da stvore uslove da se na ovom dijelu na\u0161e obale nude kapaciteti od \u010detiri i pet zvjezdica i zbog toga\u00a0 su ura\u0111ene i promjene u poreskoj politici. One \u0107e donijeti znatna poreska optere\u0107enja za\u00a0 hotele koje ne obezbje\u0111uju razvojne projekte \u2013 kazao je ministar Gvozdenovi\u0107.<\/p>\n<p>On je napomenuo da je na Grani\u010dnom prelazu Sukobin ove godine zabilje\u017eeno pove\u0107anje broja prelazaka od osam procenata, kao i da je granicu pre\u0161lo \u010dak 500.000 automobila.<\/p>\n<p>&#8211; Pove\u0107anje broja posjetilaca u Ulcinju za 20 odsto obavezuje nas da za narednu sezonu zajedni\u010dki radimo kako u dijelu promocije, tako i u dijelu infrastrukture i smje\u0161tajnih kapaciteta \u2013 poru\u010dio je Gvozdenovi\u0107.<\/p>\n<p>Predsjednik ulcinjske op\u0161tine Nazif Cungu rekao je da je evidentan porast interesovanja za Ulcinj, \u0161to pokazuju posjete turisti\u010dkih berzi i rast prodaje kapaciteta postoje\u0107ih hotela u odnosu na pro\u0161logodi\u0161nju od \u010dak 60 odsto.<\/p>\n<p>&#8211; Priprema i zavr\u0161etak prostorno-urbanisti\u010dkog plana koji finasira Vlada predstavlja va\u017ean trenutak za Ulcinj. Novi nacrt ovog plana uklju\u010duje primjedbe i sugestije lokalne uprave, naro\u010dito po pitanju\u00a0 tretiranja Valdanosa. Tamo je predvi\u0111eno smanjenje kapaciteta sa 1.600 kreveta na 900, kao i o\u010duvanje maslinjaka, \u0161to stvara pretpostavku za pokretanje postupka za povra\u0107aj maslina starim vlasnicima. Na osnovu ovog nacrta, Solana \u0107e biti tretirana kao za\u0161ti\u0107ena zona koja \u0107e biti o\u010duvana i valorizovana u funkciji razvoja turizma &#8211;\u00a0 rekao je Cungu, uz napomenu da \u0107e nacrt plana biti dostupan javnosti za desetak dana.<\/p>\n<p>Pored pozitivne ocjene turisti\u010dke sezone, \u0161to je rezultat dobrih priprema, razgovarano je i o planovima za narednu turisti\u010dku sezonu, koji uklju\u010duju i aktivnosti JP \u201eMorsko dobro\u201c. Ministar Gvozdenovi\u0107 je naglasio da je potrebno da svaki tender za 2014. godinu bude zavr\u0161en u 2013, \u0161to \u0107e obezbijediti kvalitetniju i du\u017eu ponudu na pla\u017eama.<\/p>\n<h4>Svojina je problem HTP ,,Ulcinjska rivijera\u201c<\/h4>\n<p>Direktor HTP ,,Ulcinjska rivijera\u201c Radomir Mikan Zec, na sastanku sa ministrom Gvozdenovi\u0107em, kao goru\u0107e probleme ovog preduze\u0107a, iznio je vi\u0161ak radne snage i nerije\u0161eno pitanje svojine.<\/p>\n<p>&#8211; HTP ,,Ulcinjska rivijera\u201c je vlasnik objekata, ali nije vlasnik zemlji\u0161ta, i to predstavlja glavnu ko\u010dnicu u privatizaciji. Prije raspisivanja sljede\u0107eg tendera ovaj problem mora biti rije\u0161en \u2013 rekao je Radomir Mikan Zec.<\/p>\n<p>On je ukazao da je zbog velikog broja turista iz Njema\u010dke, koji do ulcinjske rivijere dolaze uglavnom preko dubrova\u010dkog aerodroma, potrebno obezbijediti ni\u017ee aerodromske takse, kako bi se ti turisti opredijelili za dolazak preko crnogorskih aerodroma.<\/p>\n<p>&#8211; Zbog nedefinisanja nadle\u017enosti inspekcija, imamo i problem sa ilegalnim objektima na Adi Bojani koji na samom u\u0161\u0107u pu\u0161taju preglasnu muziku \u010dak i do sedam ujutro i ugro\u017eavaju mir gostiju \u2013 upozorio je Zec.<\/p>\n<p><em><strong>A. \u017divanovi\u0107<\/strong><\/em><\/p>\n<p><strong>Izvor: Pobjeda<\/strong><\/p>\n","protected":false},"excerpt":{"rendered":"<p>ULCINJ \u2013 Ostvareni napredak i planovi za unapre\u0111enje i izgradnju komunalne infrastrukture, kroz pomo\u0107 Njema\u010dke, stvaraju pretpostavke da \u0107e Ulcinju biti vra\u0107en ugled turisti\u010dkog grada koji je ranije imao ne samo u Crnoj Gori, ve\u0107 i \u0161ire \u2013 rekao je u srijedu ministar turizma i odr\u017eivog razvoja Branimir Gvozdenovi\u0107 u Ulcinju. Gvozdenovi\u0107 se, tokom posjete [&hellip;]<\/p>\n","protected":false},"author":1,"featured_media":0,"comment_status":"closed","ping_status":"closed","sticky":false,"template":"","format":"standard","meta":{"spay_email":"","jetpack_publicize_message":"","jetpack_is_tweetstorm":false,"jetpack_publicize_feature_enabled":true},"categories":[8337],"tags":[],"jetpack_publicize_connections":[],"yoast_head":"<!-- This site is optimized with the Yoast SEO plugin v19.1 - https:\/\/yoast.com\/wordpress\/plugins\/seo\/ -->\n<title>Gvozdenovi\u0107 - Zec: Bi\u0107e vra\u0107en ugled turisti\u010dkom gradu Ulcinju - Lajme nga Ulqini<\/title>\n<meta name=\"description\" content=\"ULCINJ \u2013 Ostvareni napredak i planovi za unapre\u0111enje i izgradnju komunalne infrastrukture, kroz pomo\u0107 Njema\u010dke, stvaraju pretpostavke da \u0107e Ulcinju biti\" \/>\n<meta name=\"robots\" content=\"index, follow, max-snippet:-1, max-image-preview:large, max-video-preview:-1\" \/>\n<link rel=\"canonical\" href=\"https:\/\/www.visit-ulcinj.com\/blog\/2013\/08\/24\/gvozdenovic-zec-bice-vracen-ugled-turistickom-gradu-ulcinju\/\" \/>\n<meta property=\"og:locale\" content=\"en_US\" \/>\n<meta property=\"og:type\" content=\"article\" \/>\n<meta property=\"og:title\" content=\"Gvozdenovi\u0107 - Zec: Bi\u0107e vra\u0107en ugled turisti\u010dkom gradu Ulcinju - Lajme nga Ulqini\" \/>\n<meta property=\"og:description\" content=\"ULCINJ \u2013 Ostvareni napredak i planovi za unapre\u0111enje i izgradnju komunalne infrastrukture, kroz pomo\u0107 Njema\u010dke, stvaraju pretpostavke da \u0107e Ulcinju biti\" \/>\n<meta property=\"og:url\" content=\"https:\/\/www.visit-ulcinj.com\/blog\/2013\/08\/24\/gvozdenovic-zec-bice-vracen-ugled-turistickom-gradu-ulcinju\/\" \/>\n<meta property=\"og:site_name\" content=\"Lajme nga Ulqini\" \/>\n<meta property=\"article:published_time\" content=\"2013-08-24T06:51:52+00:00\" \/>\n<meta property=\"og:image\" content=\"http:\/\/www.visit-ulcinj.com\/blog\/wp-content\/uploads\/2013\/08\/Gvozdenovic-Zec.jpg\" \/>\n<meta name=\"twitter:label1\" content=\"Written by\" \/>\n\t<meta name=\"twitter:data1\" content=\"ulqini\" \/>\n\t<meta name=\"twitter:label2\" content=\"Est. reading time\" \/>\n\t<meta name=\"twitter:data2\" content=\"3 minutes\" \/>\n<script type=\"application\/ld+json\" class=\"yoast-schema-graph\">{\"@context\":\"https:\/\/schema.org\",\"@graph\":[{\"@type\":\"WebSite\",\"@id\":\"https:\/\/www.visit-ulcinj.com\/blog\/#website\",\"url\":\"https:\/\/www.visit-ulcinj.com\/blog\/\",\"name\":\"Lajme nga Ulqini\",\"description\":\"Lajme,Vijesti,Ulqini,Ulqin,Crna Gora,Mali i Zi\",\"potentialAction\":[{\"@type\":\"SearchAction\",\"target\":{\"@type\":\"EntryPoint\",\"urlTemplate\":\"https:\/\/www.visit-ulcinj.com\/blog\/?s={search_term_string}\"},\"query-input\":\"required name=search_term_string\"}],\"inLanguage\":\"en-US\"},{\"@type\":\"ImageObject\",\"inLanguage\":\"en-US\",\"@id\":\"https:\/\/www.visit-ulcinj.com\/blog\/2013\/08\/24\/gvozdenovic-zec-bice-vracen-ugled-turistickom-gradu-ulcinju\/#primaryimage\",\"url\":\"https:\/\/www.visit-ulcinj.com\/blog\/wp-content\/uploads\/2013\/08\/Gvozdenovic-Zec.jpg\",\"contentUrl\":\"https:\/\/www.visit-ulcinj.com\/blog\/wp-content\/uploads\/2013\/08\/Gvozdenovic-Zec.jpg\",\"width\":640,\"height\":360},{\"@type\":\"WebPage\",\"@id\":\"https:\/\/www.visit-ulcinj.com\/blog\/2013\/08\/24\/gvozdenovic-zec-bice-vracen-ugled-turistickom-gradu-ulcinju\/#webpage\",\"url\":\"https:\/\/www.visit-ulcinj.com\/blog\/2013\/08\/24\/gvozdenovic-zec-bice-vracen-ugled-turistickom-gradu-ulcinju\/\",\"name\":\"Gvozdenovi\u0107 - Zec: Bi\u0107e vra\u0107en ugled turisti\u010dkom gradu Ulcinju - Lajme nga Ulqini\",\"isPartOf\":{\"@id\":\"https:\/\/www.visit-ulcinj.com\/blog\/#website\"},\"primaryImageOfPage\":{\"@id\":\"https:\/\/www.visit-ulcinj.com\/blog\/2013\/08\/24\/gvozdenovic-zec-bice-vracen-ugled-turistickom-gradu-ulcinju\/#primaryimage\"},\"datePublished\":\"2013-08-24T06:51:52+00:00\",\"dateModified\":\"2013-08-24T06:51:52+00:00\",\"author\":{\"@id\":\"https:\/\/www.visit-ulcinj.com\/blog\/#\/schema\/person\/dcab619c614d3038751c63bc2aadc06d\"},\"description\":\"ULCINJ \u2013 Ostvareni napredak i planovi za unapre\u0111enje i izgradnju komunalne infrastrukture, kroz pomo\u0107 Njema\u010dke, stvaraju pretpostavke da \u0107e Ulcinju biti\",\"breadcrumb\":{\"@id\":\"https:\/\/www.visit-ulcinj.com\/blog\/2013\/08\/24\/gvozdenovic-zec-bice-vracen-ugled-turistickom-gradu-ulcinju\/#breadcrumb\"},\"inLanguage\":\"en-US\",\"potentialAction\":[{\"@type\":\"ReadAction\",\"target\":[\"https:\/\/www.visit-ulcinj.com\/blog\/2013\/08\/24\/gvozdenovic-zec-bice-vracen-ugled-turistickom-gradu-ulcinju\/\"]}]},{\"@type\":\"BreadcrumbList\",\"@id\":\"https:\/\/www.visit-ulcinj.com\/blog\/2013\/08\/24\/gvozdenovic-zec-bice-vracen-ugled-turistickom-gradu-ulcinju\/#breadcrumb\",\"itemListElement\":[{\"@type\":\"ListItem\",\"position\":1,\"name\":\"Gvozdenovi\u0107 &#8211; Zec: Bi\u0107e vra\u0107en ugled turisti\u010dkom gradu Ulcinju\"}]},{\"@type\":\"Person\",\"@id\":\"https:\/\/www.visit-ulcinj.com\/blog\/#\/schema\/person\/dcab619c614d3038751c63bc2aadc06d\",\"name\":\"ulqini\",\"sameAs\":[\"http:\/\/www.visit-ulcinj.com\"],\"url\":\"https:\/\/www.visit-ulcinj.com\/blog\/author\/admin\/\"}]}<\/script>\n<!-- \/ Yoast SEO plugin. -->","yoast_head_json":{"title":"Gvozdenovi\u0107 - Zec: Bi\u0107e vra\u0107en ugled turisti\u010dkom gradu Ulcinju - Lajme nga Ulqini","description":"ULCINJ \u2013 Ostvareni napredak i planovi za unapre\u0111enje i izgradnju komunalne infrastrukture, kroz pomo\u0107 Njema\u010dke, stvaraju pretpostavke da \u0107e Ulcinju biti","robots":{"index":"index","follow":"follow","max-snippet":"max-snippet:-1","max-image-preview":"max-image-preview:large","max-video-preview":"max-video-preview:-1"},"canonical":"https:\/\/www.visit-ulcinj.com\/blog\/2013\/08\/24\/gvozdenovic-zec-bice-vracen-ugled-turistickom-gradu-ulcinju\/","og_locale":"en_US","og_type":"article","og_title":"Gvozdenovi\u0107 - Zec: Bi\u0107e vra\u0107en ugled turisti\u010dkom gradu Ulcinju - Lajme nga Ulqini","og_description":"ULCINJ \u2013 Ostvareni napredak i planovi za unapre\u0111enje i izgradnju komunalne infrastrukture, kroz pomo\u0107 Njema\u010dke, stvaraju pretpostavke da \u0107e Ulcinju biti","og_url":"https:\/\/www.visit-ulcinj.com\/blog\/2013\/08\/24\/gvozdenovic-zec-bice-vracen-ugled-turistickom-gradu-ulcinju\/","og_site_name":"Lajme nga Ulqini","article_published_time":"2013-08-24T06:51:52+00:00","og_image":[{"url":"http:\/\/www.visit-ulcinj.com\/blog\/wp-content\/uploads\/2013\/08\/Gvozdenovic-Zec.jpg"}],"twitter_misc":{"Written by":"ulqini","Est. reading time":"3 minutes"},"schema":{"@context":"https:\/\/schema.org","@graph":[{"@type":"WebSite","@id":"https:\/\/www.visit-ulcinj.com\/blog\/#website","url":"https:\/\/www.visit-ulcinj.com\/blog\/","name":"Lajme nga Ulqini","description":"Lajme,Vijesti,Ulqini,Ulqin,Crna Gora,Mali i Zi","potentialAction":[{"@type":"SearchAction","target":{"@type":"EntryPoint","urlTemplate":"https:\/\/www.visit-ulcinj.com\/blog\/?s={search_term_string}"},"query-input":"required name=search_term_string"}],"inLanguage":"en-US"},{"@type":"ImageObject","inLanguage":"en-US","@id":"https:\/\/www.visit-ulcinj.com\/blog\/2013\/08\/24\/gvozdenovic-zec-bice-vracen-ugled-turistickom-gradu-ulcinju\/#primaryimage","url":"https:\/\/www.visit-ulcinj.com\/blog\/wp-content\/uploads\/2013\/08\/Gvozdenovic-Zec.jpg","contentUrl":"https:\/\/www.visit-ulcinj.com\/blog\/wp-content\/uploads\/2013\/08\/Gvozdenovic-Zec.jpg","width":640,"height":360},{"@type":"WebPage","@id":"https:\/\/www.visit-ulcinj.com\/blog\/2013\/08\/24\/gvozdenovic-zec-bice-vracen-ugled-turistickom-gradu-ulcinju\/#webpage","url":"https:\/\/www.visit-ulcinj.com\/blog\/2013\/08\/24\/gvozdenovic-zec-bice-vracen-ugled-turistickom-gradu-ulcinju\/","name":"Gvozdenovi\u0107 - Zec: Bi\u0107e vra\u0107en ugled turisti\u010dkom gradu Ulcinju - Lajme nga Ulqini","isPartOf":{"@id":"https:\/\/www.visit-ulcinj.com\/blog\/#website"},"primaryImageOfPage":{"@id":"https:\/\/www.visit-ulcinj.com\/blog\/2013\/08\/24\/gvozdenovic-zec-bice-vracen-ugled-turistickom-gradu-ulcinju\/#primaryimage"},"datePublished":"2013-08-24T06:51:52+00:00","dateModified":"2013-08-24T06:51:52+00:00","author":{"@id":"https:\/\/www.visit-ulcinj.com\/blog\/#\/schema\/person\/dcab619c614d3038751c63bc2aadc06d"},"description":"ULCINJ \u2013 Ostvareni napredak i planovi za unapre\u0111enje i izgradnju komunalne infrastrukture, kroz pomo\u0107 Njema\u010dke, stvaraju pretpostavke da \u0107e Ulcinju biti","breadcrumb":{"@id":"https:\/\/www.visit-ulcinj.com\/blog\/2013\/08\/24\/gvozdenovic-zec-bice-vracen-ugled-turistickom-gradu-ulcinju\/#breadcrumb"},"inLanguage":"en-US","potentialAction":[{"@type":"ReadAction","target":["https:\/\/www.visit-ulcinj.com\/blog\/2013\/08\/24\/gvozdenovic-zec-bice-vracen-ugled-turistickom-gradu-ulcinju\/"]}]},{"@type":"BreadcrumbList","@id":"https:\/\/www.visit-ulcinj.com\/blog\/2013\/08\/24\/gvozdenovic-zec-bice-vracen-ugled-turistickom-gradu-ulcinju\/#breadcrumb","itemListElement":[{"@type":"ListItem","position":1,"name":"Gvozdenovi\u0107 &#8211; Zec: Bi\u0107e vra\u0107en ugled turisti\u010dkom gradu Ulcinju"}]},{"@type":"Person","@id":"https:\/\/www.visit-ulcinj.com\/blog\/#\/schema\/person\/dcab619c614d3038751c63bc2aadc06d","name":"ulqini","sameAs":["http:\/\/www.visit-ulcinj.com"],"url":"https:\/\/www.visit-ulcinj.com\/blog\/author\/admin\/"}]}},"jetpack_featured_media_url":"","jetpack_sharing_enabled":true,"jetpack_shortlink":"https:\/\/wp.me\/pe6lTn-jkf","_links":{"self":[{"href":"https:\/\/www.visit-ulcinj.com\/blog\/wp-json\/wp\/v2\/posts\/74291"}],"collection":[{"href":"https:\/\/www.visit-ulcinj.com\/blog\/wp-json\/wp\/v2\/posts"}],"about":[{"href":"https:\/\/www.visit-ulcinj.com\/blog\/wp-json\/wp\/v2\/types\/post"}],"author":[{"embeddable":true,"href":"https:\/\/www.visit-ulcinj.com\/blog\/wp-json\/wp\/v2\/users\/1"}],"replies":[{"embeddable":true,"href":"https:\/\/www.visit-ulcinj.com\/blog\/wp-json\/wp\/v2\/comments?post=74291"}],"version-history":[{"count":1,"href":"https:\/\/www.visit-ulcinj.com\/blog\/wp-json\/wp\/v2\/posts\/74291\/revisions"}],"predecessor-version":[{"id":74293,"href":"https:\/\/www.visit-ulcinj.com\/blog\/wp-json\/wp\/v2\/posts\/74291\/revisions\/74293"}],"wp:attachment":[{"href":"https:\/\/www.visit-ulcinj.com\/blog\/wp-json\/wp\/v2\/media?parent=74291"}],"wp:term":[{"taxonomy":"category","embeddable":true,"href":"https:\/\/www.visit-ulcinj.com\/blog\/wp-json\/wp\/v2\/categories?post=74291"},{"taxonomy":"post_tag","embeddable":true,"href":"https:\/\/www.visit-ulcinj.com\/blog\/wp-json\/wp\/v2\/tags?post=74291"}],"curies":[{"name":"wp","href":"https:\/\/api.w.org\/{rel}","templated":true}]}}