{"id":74326,"date":"2013-08-25T18:30:50","date_gmt":"2013-08-25T17:30:50","guid":{"rendered":"http:\/\/www.visit-ulcinj.com\/blog\/?p=74326"},"modified":"2013-09-03T14:38:04","modified_gmt":"2013-09-03T13:38:04","slug":"halil-truma-ku-mbeti-sporti-i-ulqinit","status":"publish","type":"post","link":"https:\/\/www.visit-ulcinj.com\/blog\/2013\/08\/25\/halil-truma-ku-mbeti-sporti-i-ulqinit\/","title":{"rendered":"Halil Truma: Ku mbeti sporti i ulqinit?"},"content":{"rendered":"<div>\n<p><a href=\"http:\/\/www.visit-ulcinj.com\/blog\/wp-content\/uploads\/2013\/08\/Halil-Truma-Ulqin.jpg\"><img loading=\"lazy\" class=\"alignleft  wp-image-74327\" alt=\"Halil-Truma-Ulqin\" src=\"http:\/\/www.visit-ulcinj.com\/blog\/wp-content\/uploads\/2013\/08\/Halil-Truma-Ulqin.jpg\" width=\"300\" height=\"350\" \/><\/a>\u00cbsht\u00eb p\u00ebr t\u00eb ardhur keq, duke e ditur se jetojm\u00eb n\u00eb nj\u00eb qytet turistik, q\u00eb kemi nj\u00eb mos organizim kaq t\u00eb madhe sa i p\u00ebrket sportit n\u00eb komun\u00ebn ton\u00eb. Po pyes veten: vall\u00eb, me \u00e7far\u00eb e kemi merituar ne nj\u00eb gj\u00eb t\u00eb till\u00eb? Ke prezantojm\u00eb ne? P\u00ebrse udh\u00ebheq\u00ebsit tan\u00eb nuk mendojn\u00eb p\u00ebr ne? <strong>P\u00ebrse klubet tona jan\u00eb fikur apo dita dit\u00ebs jan\u00eb pran fikjes???<\/strong><\/p>\n<p>Duke e ditur se n\u00eb vitin 2010 ishim nj\u00ebri nd\u00ebr qytetet m\u00eb t\u00eb organizuar n\u00eb Mal te Zi sa i p\u00ebrket aktiviteteve sportive, at\u00ebher\u00eb m\u00eb shtyn t\u00eb mendoj se k\u00ebtu kemi t\u00eb b\u00ebjm\u00eb me nj\u00eb diskriminim nga ana e udh\u00ebheq\u00ebsis\u00eb ton\u00eb ndaj sportit. Vet\u00ebm n\u00eb vitin 2010 n\u00eb klubin e futbollit \u201cOtrant\u201d jan\u00eb st\u00ebrvitur rreth 150 f\u00ebmij\u00eb, nd\u00ebrsa sot ai klub \u00ebsht\u00eb i fikur dhe p\u00ebr fat t\u00eb keq kjo gj\u00eb dita dit\u00ebs po ndodh\u00eb edhe me klubet tjera sportive. Vet\u00ebm dhe vet\u00ebm sepse nuk kan\u00eb nj\u00eb p\u00ebrkrahje nga ana e personave kompetent\u2026<\/p>\n<p>Jemi qyteti i vet\u00ebm q\u00eb nuk kemi referentin komunal p\u00ebr sport? <strong>E kan\u00eb fikur, p\u00ebrse???<\/strong><\/p>\n<p>Shpresoj q\u00eb t\u00eb gjith\u00eb do ta kuptojn\u00eb se sportist\u00ebt pa dyshim jan\u00eb ambasador\u00ebt e k\u00ebtij qyteti dhe se duhen p\u00ebrkrahur maksimalisht. N\u00eb fund t\u00eb fundit, f\u00ebmij\u00ebt tan\u00eb le t\u00eb merren me sport, ky \u00ebsht\u00eb dhe q\u00ebllimi kryesor i k\u00ebtij shkrimi.<\/p>\n<p>Ul-Info.com<\/p>\n<\/div>\n","protected":false},"excerpt":{"rendered":"<p>\u00cbsht\u00eb p\u00ebr t\u00eb ardhur keq, duke e ditur se jetojm\u00eb n\u00eb nj\u00eb qytet turistik, q\u00eb kemi nj\u00eb mos organizim kaq t\u00eb madhe sa i p\u00ebrket sportit n\u00eb komun\u00ebn ton\u00eb. Po pyes veten: vall\u00eb, me \u00e7far\u00eb e kemi merituar ne nj\u00eb gj\u00eb t\u00eb till\u00eb? Ke prezantojm\u00eb ne? P\u00ebrse udh\u00ebheq\u00ebsit tan\u00eb nuk mendojn\u00eb p\u00ebr ne? P\u00ebrse klubet [&hellip;]<\/p>\n","protected":false},"author":1,"featured_media":0,"comment_status":"closed","ping_status":"closed","sticky":false,"template":"","format":"standard","meta":{"spay_email":"","jetpack_publicize_message":"","jetpack_is_tweetstorm":false,"jetpack_publicize_feature_enabled":true},"categories":[1,14249,3],"tags":[],"jetpack_publicize_connections":[],"yoast_head":"<!-- This site is optimized with the Yoast SEO plugin v19.1 - https:\/\/yoast.com\/wordpress\/plugins\/seo\/ -->\n<title>Halil Truma: Ku mbeti sporti i ulqinit? - Lajme nga Ulqini<\/title>\n<meta name=\"description\" content=\"\u00cbsht\u00eb p\u00ebr t\u00eb ardhur keq, duke e ditur se jetojm\u00eb n\u00eb nj\u00eb qytet turistik, q\u00eb kemi nj\u00eb mos organizim kaq t\u00eb madhe sa i p\u00ebrket sportit n\u00eb komun\u00ebn ton\u00eb. Po\" \/>\n<meta name=\"robots\" content=\"index, follow, max-snippet:-1, max-image-preview:large, max-video-preview:-1\" \/>\n<link rel=\"canonical\" href=\"https:\/\/www.visit-ulcinj.com\/blog\/2013\/08\/25\/halil-truma-ku-mbeti-sporti-i-ulqinit\/\" \/>\n<meta property=\"og:locale\" content=\"en_US\" \/>\n<meta property=\"og:type\" content=\"article\" \/>\n<meta property=\"og:title\" content=\"Halil Truma: Ku mbeti sporti i ulqinit? - Lajme nga Ulqini\" \/>\n<meta property=\"og:description\" content=\"\u00cbsht\u00eb p\u00ebr t\u00eb ardhur keq, duke e ditur se jetojm\u00eb n\u00eb nj\u00eb qytet turistik, q\u00eb kemi nj\u00eb mos organizim kaq t\u00eb madhe sa i p\u00ebrket sportit n\u00eb komun\u00ebn ton\u00eb. Po\" \/>\n<meta property=\"og:url\" content=\"https:\/\/www.visit-ulcinj.com\/blog\/2013\/08\/25\/halil-truma-ku-mbeti-sporti-i-ulqinit\/\" \/>\n<meta property=\"og:site_name\" content=\"Lajme nga Ulqini\" \/>\n<meta property=\"article:published_time\" content=\"2013-08-25T17:30:50+00:00\" \/>\n<meta property=\"article:modified_time\" content=\"2013-09-03T13:38:04+00:00\" \/>\n<meta property=\"og:image\" content=\"http:\/\/www.visit-ulcinj.com\/blog\/wp-content\/uploads\/2013\/08\/Halil-Truma-Ulqin.jpg\" \/>\n<meta name=\"twitter:label1\" content=\"Written by\" \/>\n\t<meta name=\"twitter:data1\" content=\"ulqini\" \/>\n\t<meta name=\"twitter:label2\" content=\"Est. reading time\" \/>\n\t<meta name=\"twitter:data2\" content=\"1 minute\" \/>\n<script type=\"application\/ld+json\" class=\"yoast-schema-graph\">{\"@context\":\"https:\/\/schema.org\",\"@graph\":[{\"@type\":\"WebSite\",\"@id\":\"https:\/\/www.visit-ulcinj.com\/blog\/#website\",\"url\":\"https:\/\/www.visit-ulcinj.com\/blog\/\",\"name\":\"Lajme nga Ulqini\",\"description\":\"Lajme,Vijesti,Ulqini,Ulqin,Crna Gora,Mali i Zi\",\"potentialAction\":[{\"@type\":\"SearchAction\",\"target\":{\"@type\":\"EntryPoint\",\"urlTemplate\":\"https:\/\/www.visit-ulcinj.com\/blog\/?s={search_term_string}\"},\"query-input\":\"required name=search_term_string\"}],\"inLanguage\":\"en-US\"},{\"@type\":\"ImageObject\",\"inLanguage\":\"en-US\",\"@id\":\"https:\/\/www.visit-ulcinj.com\/blog\/2013\/08\/25\/halil-truma-ku-mbeti-sporti-i-ulqinit\/#primaryimage\",\"url\":\"https:\/\/www.visit-ulcinj.com\/blog\/wp-content\/uploads\/2013\/08\/Halil-Truma-Ulqin.jpg\",\"contentUrl\":\"https:\/\/www.visit-ulcinj.com\/blog\/wp-content\/uploads\/2013\/08\/Halil-Truma-Ulqin.jpg\",\"width\":720,\"height\":960},{\"@type\":\"WebPage\",\"@id\":\"https:\/\/www.visit-ulcinj.com\/blog\/2013\/08\/25\/halil-truma-ku-mbeti-sporti-i-ulqinit\/#webpage\",\"url\":\"https:\/\/www.visit-ulcinj.com\/blog\/2013\/08\/25\/halil-truma-ku-mbeti-sporti-i-ulqinit\/\",\"name\":\"Halil Truma: Ku mbeti sporti i ulqinit? - Lajme nga Ulqini\",\"isPartOf\":{\"@id\":\"https:\/\/www.visit-ulcinj.com\/blog\/#website\"},\"primaryImageOfPage\":{\"@id\":\"https:\/\/www.visit-ulcinj.com\/blog\/2013\/08\/25\/halil-truma-ku-mbeti-sporti-i-ulqinit\/#primaryimage\"},\"datePublished\":\"2013-08-25T17:30:50+00:00\",\"dateModified\":\"2013-09-03T13:38:04+00:00\",\"author\":{\"@id\":\"https:\/\/www.visit-ulcinj.com\/blog\/#\/schema\/person\/dcab619c614d3038751c63bc2aadc06d\"},\"description\":\"\u00cbsht\u00eb p\u00ebr t\u00eb ardhur keq, duke e ditur se jetojm\u00eb n\u00eb nj\u00eb qytet turistik, q\u00eb kemi nj\u00eb mos organizim kaq t\u00eb madhe sa i p\u00ebrket sportit n\u00eb komun\u00ebn ton\u00eb. Po\",\"breadcrumb\":{\"@id\":\"https:\/\/www.visit-ulcinj.com\/blog\/2013\/08\/25\/halil-truma-ku-mbeti-sporti-i-ulqinit\/#breadcrumb\"},\"inLanguage\":\"en-US\",\"potentialAction\":[{\"@type\":\"ReadAction\",\"target\":[\"https:\/\/www.visit-ulcinj.com\/blog\/2013\/08\/25\/halil-truma-ku-mbeti-sporti-i-ulqinit\/\"]}]},{\"@type\":\"BreadcrumbList\",\"@id\":\"https:\/\/www.visit-ulcinj.com\/blog\/2013\/08\/25\/halil-truma-ku-mbeti-sporti-i-ulqinit\/#breadcrumb\",\"itemListElement\":[{\"@type\":\"ListItem\",\"position\":1,\"name\":\"Halil Truma: Ku mbeti sporti i ulqinit?\"}]},{\"@type\":\"Person\",\"@id\":\"https:\/\/www.visit-ulcinj.com\/blog\/#\/schema\/person\/dcab619c614d3038751c63bc2aadc06d\",\"name\":\"ulqini\",\"sameAs\":[\"http:\/\/www.visit-ulcinj.com\"],\"url\":\"https:\/\/www.visit-ulcinj.com\/blog\/author\/admin\/\"}]}<\/script>\n<!-- \/ Yoast SEO plugin. -->","yoast_head_json":{"title":"Halil Truma: Ku mbeti sporti i ulqinit? - Lajme nga Ulqini","description":"\u00cbsht\u00eb p\u00ebr t\u00eb ardhur keq, duke e ditur se jetojm\u00eb n\u00eb nj\u00eb qytet turistik, q\u00eb kemi nj\u00eb mos organizim kaq t\u00eb madhe sa i p\u00ebrket sportit n\u00eb komun\u00ebn ton\u00eb. Po","robots":{"index":"index","follow":"follow","max-snippet":"max-snippet:-1","max-image-preview":"max-image-preview:large","max-video-preview":"max-video-preview:-1"},"canonical":"https:\/\/www.visit-ulcinj.com\/blog\/2013\/08\/25\/halil-truma-ku-mbeti-sporti-i-ulqinit\/","og_locale":"en_US","og_type":"article","og_title":"Halil Truma: Ku mbeti sporti i ulqinit? - Lajme nga Ulqini","og_description":"\u00cbsht\u00eb p\u00ebr t\u00eb ardhur keq, duke e ditur se jetojm\u00eb n\u00eb nj\u00eb qytet turistik, q\u00eb kemi nj\u00eb mos organizim kaq t\u00eb madhe sa i p\u00ebrket sportit n\u00eb komun\u00ebn ton\u00eb. Po","og_url":"https:\/\/www.visit-ulcinj.com\/blog\/2013\/08\/25\/halil-truma-ku-mbeti-sporti-i-ulqinit\/","og_site_name":"Lajme nga Ulqini","article_published_time":"2013-08-25T17:30:50+00:00","article_modified_time":"2013-09-03T13:38:04+00:00","og_image":[{"url":"http:\/\/www.visit-ulcinj.com\/blog\/wp-content\/uploads\/2013\/08\/Halil-Truma-Ulqin.jpg"}],"twitter_misc":{"Written by":"ulqini","Est. reading time":"1 minute"},"schema":{"@context":"https:\/\/schema.org","@graph":[{"@type":"WebSite","@id":"https:\/\/www.visit-ulcinj.com\/blog\/#website","url":"https:\/\/www.visit-ulcinj.com\/blog\/","name":"Lajme nga Ulqini","description":"Lajme,Vijesti,Ulqini,Ulqin,Crna Gora,Mali i Zi","potentialAction":[{"@type":"SearchAction","target":{"@type":"EntryPoint","urlTemplate":"https:\/\/www.visit-ulcinj.com\/blog\/?s={search_term_string}"},"query-input":"required name=search_term_string"}],"inLanguage":"en-US"},{"@type":"ImageObject","inLanguage":"en-US","@id":"https:\/\/www.visit-ulcinj.com\/blog\/2013\/08\/25\/halil-truma-ku-mbeti-sporti-i-ulqinit\/#primaryimage","url":"https:\/\/www.visit-ulcinj.com\/blog\/wp-content\/uploads\/2013\/08\/Halil-Truma-Ulqin.jpg","contentUrl":"https:\/\/www.visit-ulcinj.com\/blog\/wp-content\/uploads\/2013\/08\/Halil-Truma-Ulqin.jpg","width":720,"height":960},{"@type":"WebPage","@id":"https:\/\/www.visit-ulcinj.com\/blog\/2013\/08\/25\/halil-truma-ku-mbeti-sporti-i-ulqinit\/#webpage","url":"https:\/\/www.visit-ulcinj.com\/blog\/2013\/08\/25\/halil-truma-ku-mbeti-sporti-i-ulqinit\/","name":"Halil Truma: Ku mbeti sporti i ulqinit? - Lajme nga Ulqini","isPartOf":{"@id":"https:\/\/www.visit-ulcinj.com\/blog\/#website"},"primaryImageOfPage":{"@id":"https:\/\/www.visit-ulcinj.com\/blog\/2013\/08\/25\/halil-truma-ku-mbeti-sporti-i-ulqinit\/#primaryimage"},"datePublished":"2013-08-25T17:30:50+00:00","dateModified":"2013-09-03T13:38:04+00:00","author":{"@id":"https:\/\/www.visit-ulcinj.com\/blog\/#\/schema\/person\/dcab619c614d3038751c63bc2aadc06d"},"description":"\u00cbsht\u00eb p\u00ebr t\u00eb ardhur keq, duke e ditur se jetojm\u00eb n\u00eb nj\u00eb qytet turistik, q\u00eb kemi nj\u00eb mos organizim kaq t\u00eb madhe sa i p\u00ebrket sportit n\u00eb komun\u00ebn ton\u00eb. Po","breadcrumb":{"@id":"https:\/\/www.visit-ulcinj.com\/blog\/2013\/08\/25\/halil-truma-ku-mbeti-sporti-i-ulqinit\/#breadcrumb"},"inLanguage":"en-US","potentialAction":[{"@type":"ReadAction","target":["https:\/\/www.visit-ulcinj.com\/blog\/2013\/08\/25\/halil-truma-ku-mbeti-sporti-i-ulqinit\/"]}]},{"@type":"BreadcrumbList","@id":"https:\/\/www.visit-ulcinj.com\/blog\/2013\/08\/25\/halil-truma-ku-mbeti-sporti-i-ulqinit\/#breadcrumb","itemListElement":[{"@type":"ListItem","position":1,"name":"Halil Truma: Ku mbeti sporti i ulqinit?"}]},{"@type":"Person","@id":"https:\/\/www.visit-ulcinj.com\/blog\/#\/schema\/person\/dcab619c614d3038751c63bc2aadc06d","name":"ulqini","sameAs":["http:\/\/www.visit-ulcinj.com"],"url":"https:\/\/www.visit-ulcinj.com\/blog\/author\/admin\/"}]}},"jetpack_featured_media_url":"","jetpack_sharing_enabled":true,"jetpack_shortlink":"https:\/\/wp.me\/pe6lTn-jkO","_links":{"self":[{"href":"https:\/\/www.visit-ulcinj.com\/blog\/wp-json\/wp\/v2\/posts\/74326"}],"collection":[{"href":"https:\/\/www.visit-ulcinj.com\/blog\/wp-json\/wp\/v2\/posts"}],"about":[{"href":"https:\/\/www.visit-ulcinj.com\/blog\/wp-json\/wp\/v2\/types\/post"}],"author":[{"embeddable":true,"href":"https:\/\/www.visit-ulcinj.com\/blog\/wp-json\/wp\/v2\/users\/1"}],"replies":[{"embeddable":true,"href":"https:\/\/www.visit-ulcinj.com\/blog\/wp-json\/wp\/v2\/comments?post=74326"}],"version-history":[{"count":3,"href":"https:\/\/www.visit-ulcinj.com\/blog\/wp-json\/wp\/v2\/posts\/74326\/revisions"}],"predecessor-version":[{"id":74480,"href":"https:\/\/www.visit-ulcinj.com\/blog\/wp-json\/wp\/v2\/posts\/74326\/revisions\/74480"}],"wp:attachment":[{"href":"https:\/\/www.visit-ulcinj.com\/blog\/wp-json\/wp\/v2\/media?parent=74326"}],"wp:term":[{"taxonomy":"category","embeddable":true,"href":"https:\/\/www.visit-ulcinj.com\/blog\/wp-json\/wp\/v2\/categories?post=74326"},{"taxonomy":"post_tag","embeddable":true,"href":"https:\/\/www.visit-ulcinj.com\/blog\/wp-json\/wp\/v2\/tags?post=74326"}],"curies":[{"name":"wp","href":"https:\/\/api.w.org\/{rel}","templated":true}]}}