{"id":74331,"date":"2013-08-26T16:23:16","date_gmt":"2013-08-26T15:23:16","guid":{"rendered":"http:\/\/www.visit-ulcinj.com\/blog\/?p=74331"},"modified":"2016-03-21T21:55:56","modified_gmt":"2016-03-21T20:55:56","slug":"miss-ulqini-2013-eveniment-qe-pershendetet-nga-hoteli-mediteran","status":"publish","type":"post","link":"https:\/\/www.visit-ulcinj.com\/blog\/2013\/08\/26\/miss-ulqini-2013-eveniment-qe-pershendetet-nga-hoteli-mediteran\/","title":{"rendered":"Miss Ulqini 2013, eveniment q\u00eb persh\u00ebndetet nga Hoteli Mediteran"},"content":{"rendered":"<p>Ne muret e qytetit t\u00eb vjet\u00ebr me daten 24.08.2013 eshte mbajtur evenimenti prestigjoz i zgjedhj\u00ebs s\u00eb vajz\u00ebs e cila do perfaq\u00ebsoje Ulqinin n\u00eb konkurset e bukuris\u00eb.<\/p>\n<div>\n<p>Duke ven\u00eb n\u00eb dukje rend\u00ebsine e k\u00ebtyre evenimente p\u00ebr qytetin e Ulqinit , Hotel Mediteran n\u00eb bashk\u00ebpunim me Organizaten Turistike dhe menaxheren e projektit Aleksandra Shofranac jep kontributin e vet per kete shfaqe.<br \/>\n<a href=\"http:\/\/www.visit-ulcinj.com\/blog\/wp-content\/uploads\/2013\/08\/Selatin-Gjeloshi-Mis-Ulqini-2013-HotelMediteran.jpg\"><img loading=\"lazy\" class=\"alignleft  wp-image-74332\" src=\"http:\/\/www.visit-ulcinj.com\/blog\/wp-content\/uploads\/2013\/08\/Selatin-Gjeloshi-Mis-Ulqini-2013-HotelMediteran.jpg\" alt=\"Selatin-Gjeloshi-Mis Ulqini 2013-HotelMediteran\" width=\"508\" height=\"600\" \/><\/a><\/p>\n<p>Drejtori i Hotelit Mediteran, z.Selatin Gjeloshi shprehet se n\u00eb turiz\u00ebm evenimente t\u00eb tilla jane pothuajse t\u00eb domosdosh\u00ebm dhe q\u00eb p\u00ebr k\u00ebt\u00eb arsye Hotel Mediteran gjithmon\u00eb p\u00ebrpiqet q\u00eb t\u00eb jet\u00eb i pranish\u00ebm dhe t\u00eb kuntriboj\u00eb n\u00eb evente t\u00eb tilla.<br \/>\nK\u00ebt\u00eb here p\u00ebrshtypjet m\u00eb t\u00eb mira shkojn\u00eb edhe n\u00eb Itali, ku pjestari I juris\u00eb \u00a0ishte nj\u00eb partner i ri i Hotelit n\u00eb fushen e marketingut,<br \/>\n<a href=\"http:\/\/www.visit-ulcinj.com\/blog\/wp-content\/uploads\/2013\/08\/misulqini2013.jpg\"><img loading=\"lazy\" class=\"alignleft  wp-image-74333\" src=\"http:\/\/www.visit-ulcinj.com\/blog\/wp-content\/uploads\/2013\/08\/misulqini2013.jpg\" alt=\"misulqini2013\" width=\"508\" height=\"360\" \/><\/a><\/p>\n<p>Dr. Alessandro Villa i cili drejton nje reviste prestigjoze me tematike Udh\u00ebtimi dhe Evenimentet, I cili shprehet : evenimentet jan\u00eb mjetet m\u00eb t\u00eb mira per transmetimin e nje mesazhi, dhe ky mesazh mund t\u00eb jete veteftues ne nje destinacion.<\/p>\n<p><a href=\"http:\/\/www.visit-ulcinj.com\/blog\/wp-content\/uploads\/2013\/08\/Selatin-Gjeloshi-Mis-Ulqini-2013-HotelMediteran-1.jpg\"><img loading=\"lazy\" class=\"alignleft  wp-image-74335\" src=\"http:\/\/www.visit-ulcinj.com\/blog\/wp-content\/uploads\/2013\/08\/Selatin-Gjeloshi-Mis-Ulqini-2013-HotelMediteran-1.jpg\" alt=\"Selatin-Gjeloshi-Mis Ulqini 2013-HotelMediteran-1\" width=\"508\" height=\"600\" \/><\/a><\/p>\n<p>&nbsp;<\/p>\n<p>Hotel Mediteran ofroi dhurata simbolike p\u00ebr vajz\u00ebn fituese dhe shoqerueset e saja, gjithashtu organizatorja e projektit Aleksandra u surprizua me dhurat\u00ebn : Sallen e Konferencave p\u00ebr takimin e saje t\u00eb rradh\u00ebs \u00a0n\u00eb fush\u00ebn e biznesit duke I dh\u00ebn\u00eb mundesine per takime \u00a0t\u00eb vogla, prezantime dhe konferenca deri n\u00eb 200 t\u00eb ftuar. \u00a0Salla poseduar paisjet m\u00eb modern p\u00ebr realizimin e nj\u00eb takimi te suksesh\u00ebm dhe professional, \u00a0urojm\u00eb q\u00eb nga ky takim t\u00eb dalin si rezultat ide t\u00eb reja dhe frytdh\u00ebnese p\u00ebr ti dh\u00ebn\u00eb ngjyre qytetit tone me evente t\u00eb hareshme.<\/p>\n<p>&nbsp;<\/p>\n<\/div>\n","protected":false},"excerpt":{"rendered":"<p>Ne muret e qytetit t\u00eb vjet\u00ebr me daten 24.08.2013 eshte mbajtur evenimenti prestigjoz i zgjedhj\u00ebs s\u00eb vajz\u00ebs e cila do perfaq\u00ebsoje Ulqinin n\u00eb konkurset e bukuris\u00eb. Duke ven\u00eb n\u00eb dukje rend\u00ebsine e k\u00ebtyre evenimente p\u00ebr qytetin e Ulqinit , Hotel Mediteran n\u00eb bashk\u00ebpunim me Organizaten Turistike dhe menaxheren e projektit Aleksandra Shofranac jep kontributin e [&hellip;]<\/p>\n","protected":false},"author":1,"featured_media":0,"comment_status":"closed","ping_status":"closed","sticky":false,"template":"","format":"standard","meta":{"spay_email":"","jetpack_publicize_message":"","jetpack_is_tweetstorm":false,"jetpack_publicize_feature_enabled":true},"categories":[4,1],"tags":[],"jetpack_publicize_connections":[],"yoast_head":"<!-- This site is optimized with the Yoast SEO plugin v19.1 - https:\/\/yoast.com\/wordpress\/plugins\/seo\/ -->\n<title>Miss Ulqini 2013, eveniment q\u00eb persh\u00ebndetet nga Hoteli Mediteran - Lajme nga Ulqini<\/title>\n<meta name=\"description\" content=\"Ne muret e qytetit t\u00eb vjet\u00ebr me daten 24.08.2013 eshte mbajtur evenimenti prestigjoz i zgjedhj\u00ebs s\u00eb vajz\u00ebs e cila do perfaq\u00ebsoje Ulqinin n\u00eb konkurset e\" \/>\n<meta name=\"robots\" content=\"index, follow, max-snippet:-1, max-image-preview:large, max-video-preview:-1\" \/>\n<link rel=\"canonical\" href=\"https:\/\/www.visit-ulcinj.com\/blog\/2013\/08\/26\/miss-ulqini-2013-eveniment-qe-pershendetet-nga-hoteli-mediteran\/\" \/>\n<meta property=\"og:locale\" content=\"en_US\" \/>\n<meta property=\"og:type\" content=\"article\" \/>\n<meta property=\"og:title\" content=\"Miss Ulqini 2013, eveniment q\u00eb persh\u00ebndetet nga Hoteli Mediteran - Lajme nga Ulqini\" \/>\n<meta property=\"og:description\" content=\"Ne muret e qytetit t\u00eb vjet\u00ebr me daten 24.08.2013 eshte mbajtur evenimenti prestigjoz i zgjedhj\u00ebs s\u00eb vajz\u00ebs e cila do perfaq\u00ebsoje Ulqinin n\u00eb konkurset e\" \/>\n<meta property=\"og:url\" content=\"https:\/\/www.visit-ulcinj.com\/blog\/2013\/08\/26\/miss-ulqini-2013-eveniment-qe-pershendetet-nga-hoteli-mediteran\/\" \/>\n<meta property=\"og:site_name\" content=\"Lajme nga Ulqini\" \/>\n<meta property=\"article:published_time\" content=\"2013-08-26T15:23:16+00:00\" \/>\n<meta property=\"article:modified_time\" content=\"2016-03-21T20:55:56+00:00\" \/>\n<meta property=\"og:image\" content=\"http:\/\/www.visit-ulcinj.com\/blog\/wp-content\/uploads\/2013\/08\/Selatin-Gjeloshi-Mis-Ulqini-2013-HotelMediteran.jpg\" \/>\n<meta name=\"twitter:label1\" content=\"Written by\" \/>\n\t<meta name=\"twitter:data1\" content=\"ulqini\" \/>\n\t<meta name=\"twitter:label2\" content=\"Est. reading time\" \/>\n\t<meta name=\"twitter:data2\" content=\"1 minute\" \/>\n<script type=\"application\/ld+json\" class=\"yoast-schema-graph\">{\"@context\":\"https:\/\/schema.org\",\"@graph\":[{\"@type\":\"WebSite\",\"@id\":\"https:\/\/www.visit-ulcinj.com\/blog\/#website\",\"url\":\"https:\/\/www.visit-ulcinj.com\/blog\/\",\"name\":\"Lajme nga Ulqini\",\"description\":\"Lajme,Vijesti,Ulqini,Ulqin,Crna Gora,Mali i Zi\",\"potentialAction\":[{\"@type\":\"SearchAction\",\"target\":{\"@type\":\"EntryPoint\",\"urlTemplate\":\"https:\/\/www.visit-ulcinj.com\/blog\/?s={search_term_string}\"},\"query-input\":\"required name=search_term_string\"}],\"inLanguage\":\"en-US\"},{\"@type\":\"ImageObject\",\"inLanguage\":\"en-US\",\"@id\":\"https:\/\/www.visit-ulcinj.com\/blog\/2013\/08\/26\/miss-ulqini-2013-eveniment-qe-pershendetet-nga-hoteli-mediteran\/#primaryimage\",\"url\":\"http:\/\/www.visit-ulcinj.com\/blog\/wp-content\/uploads\/2013\/08\/Selatin-Gjeloshi-Mis-Ulqini-2013-HotelMediteran.jpg\",\"contentUrl\":\"http:\/\/www.visit-ulcinj.com\/blog\/wp-content\/uploads\/2013\/08\/Selatin-Gjeloshi-Mis-Ulqini-2013-HotelMediteran.jpg\"},{\"@type\":\"WebPage\",\"@id\":\"https:\/\/www.visit-ulcinj.com\/blog\/2013\/08\/26\/miss-ulqini-2013-eveniment-qe-pershendetet-nga-hoteli-mediteran\/#webpage\",\"url\":\"https:\/\/www.visit-ulcinj.com\/blog\/2013\/08\/26\/miss-ulqini-2013-eveniment-qe-pershendetet-nga-hoteli-mediteran\/\",\"name\":\"Miss Ulqini 2013, eveniment q\u00eb persh\u00ebndetet nga Hoteli Mediteran - Lajme nga Ulqini\",\"isPartOf\":{\"@id\":\"https:\/\/www.visit-ulcinj.com\/blog\/#website\"},\"primaryImageOfPage\":{\"@id\":\"https:\/\/www.visit-ulcinj.com\/blog\/2013\/08\/26\/miss-ulqini-2013-eveniment-qe-pershendetet-nga-hoteli-mediteran\/#primaryimage\"},\"datePublished\":\"2013-08-26T15:23:16+00:00\",\"dateModified\":\"2016-03-21T20:55:56+00:00\",\"author\":{\"@id\":\"https:\/\/www.visit-ulcinj.com\/blog\/#\/schema\/person\/dcab619c614d3038751c63bc2aadc06d\"},\"description\":\"Ne muret e qytetit t\u00eb vjet\u00ebr me daten 24.08.2013 eshte mbajtur evenimenti prestigjoz i zgjedhj\u00ebs s\u00eb vajz\u00ebs e cila do perfaq\u00ebsoje Ulqinin n\u00eb konkurset e\",\"breadcrumb\":{\"@id\":\"https:\/\/www.visit-ulcinj.com\/blog\/2013\/08\/26\/miss-ulqini-2013-eveniment-qe-pershendetet-nga-hoteli-mediteran\/#breadcrumb\"},\"inLanguage\":\"en-US\",\"potentialAction\":[{\"@type\":\"ReadAction\",\"target\":[\"https:\/\/www.visit-ulcinj.com\/blog\/2013\/08\/26\/miss-ulqini-2013-eveniment-qe-pershendetet-nga-hoteli-mediteran\/\"]}]},{\"@type\":\"BreadcrumbList\",\"@id\":\"https:\/\/www.visit-ulcinj.com\/blog\/2013\/08\/26\/miss-ulqini-2013-eveniment-qe-pershendetet-nga-hoteli-mediteran\/#breadcrumb\",\"itemListElement\":[{\"@type\":\"ListItem\",\"position\":1,\"name\":\"Miss Ulqini 2013, eveniment q\u00eb persh\u00ebndetet nga Hoteli Mediteran\"}]},{\"@type\":\"Person\",\"@id\":\"https:\/\/www.visit-ulcinj.com\/blog\/#\/schema\/person\/dcab619c614d3038751c63bc2aadc06d\",\"name\":\"ulqini\",\"sameAs\":[\"http:\/\/www.visit-ulcinj.com\"],\"url\":\"https:\/\/www.visit-ulcinj.com\/blog\/author\/admin\/\"}]}<\/script>\n<!-- \/ Yoast SEO plugin. -->","yoast_head_json":{"title":"Miss Ulqini 2013, eveniment q\u00eb persh\u00ebndetet nga Hoteli Mediteran - Lajme nga Ulqini","description":"Ne muret e qytetit t\u00eb vjet\u00ebr me daten 24.08.2013 eshte mbajtur evenimenti prestigjoz i zgjedhj\u00ebs s\u00eb vajz\u00ebs e cila do perfaq\u00ebsoje Ulqinin n\u00eb konkurset e","robots":{"index":"index","follow":"follow","max-snippet":"max-snippet:-1","max-image-preview":"max-image-preview:large","max-video-preview":"max-video-preview:-1"},"canonical":"https:\/\/www.visit-ulcinj.com\/blog\/2013\/08\/26\/miss-ulqini-2013-eveniment-qe-pershendetet-nga-hoteli-mediteran\/","og_locale":"en_US","og_type":"article","og_title":"Miss Ulqini 2013, eveniment q\u00eb persh\u00ebndetet nga Hoteli Mediteran - Lajme nga Ulqini","og_description":"Ne muret e qytetit t\u00eb vjet\u00ebr me daten 24.08.2013 eshte mbajtur evenimenti prestigjoz i zgjedhj\u00ebs s\u00eb vajz\u00ebs e cila do perfaq\u00ebsoje Ulqinin n\u00eb konkurset e","og_url":"https:\/\/www.visit-ulcinj.com\/blog\/2013\/08\/26\/miss-ulqini-2013-eveniment-qe-pershendetet-nga-hoteli-mediteran\/","og_site_name":"Lajme nga Ulqini","article_published_time":"2013-08-26T15:23:16+00:00","article_modified_time":"2016-03-21T20:55:56+00:00","og_image":[{"url":"http:\/\/www.visit-ulcinj.com\/blog\/wp-content\/uploads\/2013\/08\/Selatin-Gjeloshi-Mis-Ulqini-2013-HotelMediteran.jpg"}],"twitter_misc":{"Written by":"ulqini","Est. reading time":"1 minute"},"schema":{"@context":"https:\/\/schema.org","@graph":[{"@type":"WebSite","@id":"https:\/\/www.visit-ulcinj.com\/blog\/#website","url":"https:\/\/www.visit-ulcinj.com\/blog\/","name":"Lajme nga Ulqini","description":"Lajme,Vijesti,Ulqini,Ulqin,Crna Gora,Mali i Zi","potentialAction":[{"@type":"SearchAction","target":{"@type":"EntryPoint","urlTemplate":"https:\/\/www.visit-ulcinj.com\/blog\/?s={search_term_string}"},"query-input":"required name=search_term_string"}],"inLanguage":"en-US"},{"@type":"ImageObject","inLanguage":"en-US","@id":"https:\/\/www.visit-ulcinj.com\/blog\/2013\/08\/26\/miss-ulqini-2013-eveniment-qe-pershendetet-nga-hoteli-mediteran\/#primaryimage","url":"http:\/\/www.visit-ulcinj.com\/blog\/wp-content\/uploads\/2013\/08\/Selatin-Gjeloshi-Mis-Ulqini-2013-HotelMediteran.jpg","contentUrl":"http:\/\/www.visit-ulcinj.com\/blog\/wp-content\/uploads\/2013\/08\/Selatin-Gjeloshi-Mis-Ulqini-2013-HotelMediteran.jpg"},{"@type":"WebPage","@id":"https:\/\/www.visit-ulcinj.com\/blog\/2013\/08\/26\/miss-ulqini-2013-eveniment-qe-pershendetet-nga-hoteli-mediteran\/#webpage","url":"https:\/\/www.visit-ulcinj.com\/blog\/2013\/08\/26\/miss-ulqini-2013-eveniment-qe-pershendetet-nga-hoteli-mediteran\/","name":"Miss Ulqini 2013, eveniment q\u00eb persh\u00ebndetet nga Hoteli Mediteran - Lajme nga Ulqini","isPartOf":{"@id":"https:\/\/www.visit-ulcinj.com\/blog\/#website"},"primaryImageOfPage":{"@id":"https:\/\/www.visit-ulcinj.com\/blog\/2013\/08\/26\/miss-ulqini-2013-eveniment-qe-pershendetet-nga-hoteli-mediteran\/#primaryimage"},"datePublished":"2013-08-26T15:23:16+00:00","dateModified":"2016-03-21T20:55:56+00:00","author":{"@id":"https:\/\/www.visit-ulcinj.com\/blog\/#\/schema\/person\/dcab619c614d3038751c63bc2aadc06d"},"description":"Ne muret e qytetit t\u00eb vjet\u00ebr me daten 24.08.2013 eshte mbajtur evenimenti prestigjoz i zgjedhj\u00ebs s\u00eb vajz\u00ebs e cila do perfaq\u00ebsoje Ulqinin n\u00eb konkurset e","breadcrumb":{"@id":"https:\/\/www.visit-ulcinj.com\/blog\/2013\/08\/26\/miss-ulqini-2013-eveniment-qe-pershendetet-nga-hoteli-mediteran\/#breadcrumb"},"inLanguage":"en-US","potentialAction":[{"@type":"ReadAction","target":["https:\/\/www.visit-ulcinj.com\/blog\/2013\/08\/26\/miss-ulqini-2013-eveniment-qe-pershendetet-nga-hoteli-mediteran\/"]}]},{"@type":"BreadcrumbList","@id":"https:\/\/www.visit-ulcinj.com\/blog\/2013\/08\/26\/miss-ulqini-2013-eveniment-qe-pershendetet-nga-hoteli-mediteran\/#breadcrumb","itemListElement":[{"@type":"ListItem","position":1,"name":"Miss Ulqini 2013, eveniment q\u00eb persh\u00ebndetet nga Hoteli Mediteran"}]},{"@type":"Person","@id":"https:\/\/www.visit-ulcinj.com\/blog\/#\/schema\/person\/dcab619c614d3038751c63bc2aadc06d","name":"ulqini","sameAs":["http:\/\/www.visit-ulcinj.com"],"url":"https:\/\/www.visit-ulcinj.com\/blog\/author\/admin\/"}]}},"jetpack_featured_media_url":"","jetpack_sharing_enabled":true,"jetpack_shortlink":"https:\/\/wp.me\/pe6lTn-jkT","_links":{"self":[{"href":"https:\/\/www.visit-ulcinj.com\/blog\/wp-json\/wp\/v2\/posts\/74331"}],"collection":[{"href":"https:\/\/www.visit-ulcinj.com\/blog\/wp-json\/wp\/v2\/posts"}],"about":[{"href":"https:\/\/www.visit-ulcinj.com\/blog\/wp-json\/wp\/v2\/types\/post"}],"author":[{"embeddable":true,"href":"https:\/\/www.visit-ulcinj.com\/blog\/wp-json\/wp\/v2\/users\/1"}],"replies":[{"embeddable":true,"href":"https:\/\/www.visit-ulcinj.com\/blog\/wp-json\/wp\/v2\/comments?post=74331"}],"version-history":[{"count":6,"href":"https:\/\/www.visit-ulcinj.com\/blog\/wp-json\/wp\/v2\/posts\/74331\/revisions"}],"predecessor-version":[{"id":95402,"href":"https:\/\/www.visit-ulcinj.com\/blog\/wp-json\/wp\/v2\/posts\/74331\/revisions\/95402"}],"wp:attachment":[{"href":"https:\/\/www.visit-ulcinj.com\/blog\/wp-json\/wp\/v2\/media?parent=74331"}],"wp:term":[{"taxonomy":"category","embeddable":true,"href":"https:\/\/www.visit-ulcinj.com\/blog\/wp-json\/wp\/v2\/categories?post=74331"},{"taxonomy":"post_tag","embeddable":true,"href":"https:\/\/www.visit-ulcinj.com\/blog\/wp-json\/wp\/v2\/tags?post=74331"}],"curies":[{"name":"wp","href":"https:\/\/api.w.org\/{rel}","templated":true}]}}