{"id":74340,"date":"2013-08-26T16:32:55","date_gmt":"2013-08-26T15:32:55","guid":{"rendered":"http:\/\/www.visit-ulcinj.com\/blog\/?p=74340"},"modified":"2013-08-26T18:24:42","modified_gmt":"2013-08-26T17:24:42","slug":"cungu-ben-takim-lidhur-me-projektet-infrastrukturore-ne-vitin-2014","status":"publish","type":"post","link":"https:\/\/www.visit-ulcinj.com\/blog\/2013\/08\/26\/cungu-ben-takim-lidhur-me-projektet-infrastrukturore-ne-vitin-2014\/","title":{"rendered":"Cungu ben takim lidhur me projektet infrastrukturore ne vitin 2014"},"content":{"rendered":"<p><a href=\"http:\/\/www.visit-ulcinj.com\/blog\/wp-content\/uploads\/2013\/08\/Cungu-takim-me-bashkpuntoret.jpg\"><img loading=\"lazy\" class=\"alignleft  wp-image-74341\" alt=\"Cungu takim me bashkpuntoret\" src=\"http:\/\/www.visit-ulcinj.com\/blog\/wp-content\/uploads\/2013\/08\/Cungu-takim-me-bashkpuntoret.jpg\" width=\"508\" height=\"360\" \/><\/a>Kryetari i Komun\u00ebs s\u00eb Ulqinit Z. Nazif Cungu dhe bashk\u00ebpunetor\u00ebt e tij pat\u00ebn sot nj\u00eb takim pune me znj. Natalija Jovoviq projektuese nga SH.P.K p\u00ebr komunikacion dhe inzhenjering lidhur me projektet infastrukturore q\u00eb duhet t\u00eb pergatiten p\u00ebr realizim n\u00eb vitin e ardh\u00ebsh\u00ebm. Takimi u fokusua n\u00eb projektet nga lemi i komunikacionit dhe vendparkimeve. Krahas tjerash n\u00eb takim \u00ebsht\u00eb r\u00ebn\u00eb dakord p\u00ebr aktivitetet dhe obligimet q\u00eb duhet t\u00eb p\u00ebrfundojn\u00eb me q\u00ebllim t\u00eb pershpejtimit t\u00eb procesit t\u00eb hartimit t\u00eb projekteve nga t\u00eb cil\u00ebt do t\u00eb veconim vazhdimin e punimeve n\u00eb Bulevardin pas ur\u00ebs n\u00eb Port Milen\u00eb, rregullimin e infrastruktur\u00ebs rrugore n\u00eb PDU Fusha e Ulqinit me theks t\u00eb vecant\u00eb n\u00eb rrug\u00ebn servisore pran\u00eb bulevardit.<br \/>\nPoashtu \u00ebsht[ analizuar edhe mund[sia e hartimit te projektit gjeneral p[r magjistralen nep\u00ebrmes Mavrianit, Limanit dhe Pinjesh Pylli i Pishave. Pas takimit te pranishmit vizituan lokacionet me q\u00ebllim t\u00eb analiz\u00ebs s\u00eb situat\u00ebs n\u00eb teren.<\/p>\n<p><strong>Op\u0161tina Ulcinj \/ Komuna e Ulqinit<\/strong><br \/>\nTel: +382 30 412 050<br \/>\nFax: +382 30 412 413<br \/>\nAdresa: Bul. Skenderbeu bb, 85360 Ulcinj, MNE<\/p>\n<p>&nbsp;<\/p>\n","protected":false},"excerpt":{"rendered":"<p>Kryetari i Komun\u00ebs s\u00eb Ulqinit Z. Nazif Cungu dhe bashk\u00ebpunetor\u00ebt e tij pat\u00ebn sot nj\u00eb takim pune me znj. Natalija Jovoviq projektuese nga SH.P.K p\u00ebr komunikacion dhe inzhenjering lidhur me projektet infastrukturore q\u00eb duhet t\u00eb pergatiten p\u00ebr realizim n\u00eb vitin e ardh\u00ebsh\u00ebm. Takimi u fokusua n\u00eb projektet nga lemi i komunikacionit dhe vendparkimeve. Krahas tjerash [&hellip;]<\/p>\n","protected":false},"author":1,"featured_media":0,"comment_status":"closed","ping_status":"closed","sticky":false,"template":"","format":"standard","meta":{"spay_email":"","jetpack_publicize_message":"","jetpack_is_tweetstorm":false,"jetpack_publicize_feature_enabled":true},"categories":[10],"tags":[],"jetpack_publicize_connections":[],"yoast_head":"<!-- This site is optimized with the Yoast SEO plugin v19.1 - https:\/\/yoast.com\/wordpress\/plugins\/seo\/ -->\n<title>Cungu ben takim lidhur me projektet infrastrukturore ne vitin 2014 - Lajme nga Ulqini<\/title>\n<meta name=\"description\" content=\"Kryetari i Komun\u00ebs s\u00eb Ulqinit Z. Nazif Cungu dhe bashk\u00ebpunetor\u00ebt e tij pat\u00ebn sot nj\u00eb takim pune me znj. Natalija Jovoviq projektuese nga SH.P.K p\u00ebr\" \/>\n<meta name=\"robots\" content=\"index, follow, max-snippet:-1, max-image-preview:large, max-video-preview:-1\" \/>\n<link rel=\"canonical\" href=\"https:\/\/www.visit-ulcinj.com\/blog\/2013\/08\/26\/cungu-ben-takim-lidhur-me-projektet-infrastrukturore-ne-vitin-2014\/\" \/>\n<meta property=\"og:locale\" content=\"en_US\" \/>\n<meta property=\"og:type\" content=\"article\" \/>\n<meta property=\"og:title\" content=\"Cungu ben takim lidhur me projektet infrastrukturore ne vitin 2014 - Lajme nga Ulqini\" \/>\n<meta property=\"og:description\" content=\"Kryetari i Komun\u00ebs s\u00eb Ulqinit Z. Nazif Cungu dhe bashk\u00ebpunetor\u00ebt e tij pat\u00ebn sot nj\u00eb takim pune me znj. Natalija Jovoviq projektuese nga SH.P.K p\u00ebr\" \/>\n<meta property=\"og:url\" content=\"https:\/\/www.visit-ulcinj.com\/blog\/2013\/08\/26\/cungu-ben-takim-lidhur-me-projektet-infrastrukturore-ne-vitin-2014\/\" \/>\n<meta property=\"og:site_name\" content=\"Lajme nga Ulqini\" \/>\n<meta property=\"article:published_time\" content=\"2013-08-26T15:32:55+00:00\" \/>\n<meta property=\"article:modified_time\" content=\"2013-08-26T17:24:42+00:00\" \/>\n<meta property=\"og:image\" content=\"http:\/\/www.visit-ulcinj.com\/blog\/wp-content\/uploads\/2013\/08\/Cungu-takim-me-bashkpuntoret.jpg\" \/>\n<meta name=\"twitter:label1\" content=\"Written by\" \/>\n\t<meta name=\"twitter:data1\" content=\"ulqini\" \/>\n\t<meta name=\"twitter:label2\" content=\"Est. reading time\" \/>\n\t<meta name=\"twitter:data2\" content=\"1 minute\" \/>\n<script type=\"application\/ld+json\" class=\"yoast-schema-graph\">{\"@context\":\"https:\/\/schema.org\",\"@graph\":[{\"@type\":\"WebSite\",\"@id\":\"https:\/\/www.visit-ulcinj.com\/blog\/#website\",\"url\":\"https:\/\/www.visit-ulcinj.com\/blog\/\",\"name\":\"Lajme nga Ulqini\",\"description\":\"Lajme,Vijesti,Ulqini,Ulqin,Crna Gora,Mali i Zi\",\"potentialAction\":[{\"@type\":\"SearchAction\",\"target\":{\"@type\":\"EntryPoint\",\"urlTemplate\":\"https:\/\/www.visit-ulcinj.com\/blog\/?s={search_term_string}\"},\"query-input\":\"required name=search_term_string\"}],\"inLanguage\":\"en-US\"},{\"@type\":\"ImageObject\",\"inLanguage\":\"en-US\",\"@id\":\"https:\/\/www.visit-ulcinj.com\/blog\/2013\/08\/26\/cungu-ben-takim-lidhur-me-projektet-infrastrukturore-ne-vitin-2014\/#primaryimage\",\"url\":\"https:\/\/www.visit-ulcinj.com\/blog\/wp-content\/uploads\/2013\/08\/Cungu-takim-me-bashkpuntoret.jpg\",\"contentUrl\":\"https:\/\/www.visit-ulcinj.com\/blog\/wp-content\/uploads\/2013\/08\/Cungu-takim-me-bashkpuntoret.jpg\",\"width\":768,\"height\":509},{\"@type\":\"WebPage\",\"@id\":\"https:\/\/www.visit-ulcinj.com\/blog\/2013\/08\/26\/cungu-ben-takim-lidhur-me-projektet-infrastrukturore-ne-vitin-2014\/#webpage\",\"url\":\"https:\/\/www.visit-ulcinj.com\/blog\/2013\/08\/26\/cungu-ben-takim-lidhur-me-projektet-infrastrukturore-ne-vitin-2014\/\",\"name\":\"Cungu ben takim lidhur me projektet infrastrukturore ne vitin 2014 - Lajme nga Ulqini\",\"isPartOf\":{\"@id\":\"https:\/\/www.visit-ulcinj.com\/blog\/#website\"},\"primaryImageOfPage\":{\"@id\":\"https:\/\/www.visit-ulcinj.com\/blog\/2013\/08\/26\/cungu-ben-takim-lidhur-me-projektet-infrastrukturore-ne-vitin-2014\/#primaryimage\"},\"datePublished\":\"2013-08-26T15:32:55+00:00\",\"dateModified\":\"2013-08-26T17:24:42+00:00\",\"author\":{\"@id\":\"https:\/\/www.visit-ulcinj.com\/blog\/#\/schema\/person\/dcab619c614d3038751c63bc2aadc06d\"},\"description\":\"Kryetari i Komun\u00ebs s\u00eb Ulqinit Z. Nazif Cungu dhe bashk\u00ebpunetor\u00ebt e tij pat\u00ebn sot nj\u00eb takim pune me znj. Natalija Jovoviq projektuese nga SH.P.K p\u00ebr\",\"breadcrumb\":{\"@id\":\"https:\/\/www.visit-ulcinj.com\/blog\/2013\/08\/26\/cungu-ben-takim-lidhur-me-projektet-infrastrukturore-ne-vitin-2014\/#breadcrumb\"},\"inLanguage\":\"en-US\",\"potentialAction\":[{\"@type\":\"ReadAction\",\"target\":[\"https:\/\/www.visit-ulcinj.com\/blog\/2013\/08\/26\/cungu-ben-takim-lidhur-me-projektet-infrastrukturore-ne-vitin-2014\/\"]}]},{\"@type\":\"BreadcrumbList\",\"@id\":\"https:\/\/www.visit-ulcinj.com\/blog\/2013\/08\/26\/cungu-ben-takim-lidhur-me-projektet-infrastrukturore-ne-vitin-2014\/#breadcrumb\",\"itemListElement\":[{\"@type\":\"ListItem\",\"position\":1,\"name\":\"Cungu ben takim lidhur me projektet infrastrukturore ne vitin 2014\"}]},{\"@type\":\"Person\",\"@id\":\"https:\/\/www.visit-ulcinj.com\/blog\/#\/schema\/person\/dcab619c614d3038751c63bc2aadc06d\",\"name\":\"ulqini\",\"sameAs\":[\"http:\/\/www.visit-ulcinj.com\"],\"url\":\"https:\/\/www.visit-ulcinj.com\/blog\/author\/admin\/\"}]}<\/script>\n<!-- \/ Yoast SEO plugin. -->","yoast_head_json":{"title":"Cungu ben takim lidhur me projektet infrastrukturore ne vitin 2014 - Lajme nga Ulqini","description":"Kryetari i Komun\u00ebs s\u00eb Ulqinit Z. Nazif Cungu dhe bashk\u00ebpunetor\u00ebt e tij pat\u00ebn sot nj\u00eb takim pune me znj. Natalija Jovoviq projektuese nga SH.P.K p\u00ebr","robots":{"index":"index","follow":"follow","max-snippet":"max-snippet:-1","max-image-preview":"max-image-preview:large","max-video-preview":"max-video-preview:-1"},"canonical":"https:\/\/www.visit-ulcinj.com\/blog\/2013\/08\/26\/cungu-ben-takim-lidhur-me-projektet-infrastrukturore-ne-vitin-2014\/","og_locale":"en_US","og_type":"article","og_title":"Cungu ben takim lidhur me projektet infrastrukturore ne vitin 2014 - Lajme nga Ulqini","og_description":"Kryetari i Komun\u00ebs s\u00eb Ulqinit Z. Nazif Cungu dhe bashk\u00ebpunetor\u00ebt e tij pat\u00ebn sot nj\u00eb takim pune me znj. Natalija Jovoviq projektuese nga SH.P.K p\u00ebr","og_url":"https:\/\/www.visit-ulcinj.com\/blog\/2013\/08\/26\/cungu-ben-takim-lidhur-me-projektet-infrastrukturore-ne-vitin-2014\/","og_site_name":"Lajme nga Ulqini","article_published_time":"2013-08-26T15:32:55+00:00","article_modified_time":"2013-08-26T17:24:42+00:00","og_image":[{"url":"http:\/\/www.visit-ulcinj.com\/blog\/wp-content\/uploads\/2013\/08\/Cungu-takim-me-bashkpuntoret.jpg"}],"twitter_misc":{"Written by":"ulqini","Est. reading time":"1 minute"},"schema":{"@context":"https:\/\/schema.org","@graph":[{"@type":"WebSite","@id":"https:\/\/www.visit-ulcinj.com\/blog\/#website","url":"https:\/\/www.visit-ulcinj.com\/blog\/","name":"Lajme nga Ulqini","description":"Lajme,Vijesti,Ulqini,Ulqin,Crna Gora,Mali i Zi","potentialAction":[{"@type":"SearchAction","target":{"@type":"EntryPoint","urlTemplate":"https:\/\/www.visit-ulcinj.com\/blog\/?s={search_term_string}"},"query-input":"required name=search_term_string"}],"inLanguage":"en-US"},{"@type":"ImageObject","inLanguage":"en-US","@id":"https:\/\/www.visit-ulcinj.com\/blog\/2013\/08\/26\/cungu-ben-takim-lidhur-me-projektet-infrastrukturore-ne-vitin-2014\/#primaryimage","url":"https:\/\/www.visit-ulcinj.com\/blog\/wp-content\/uploads\/2013\/08\/Cungu-takim-me-bashkpuntoret.jpg","contentUrl":"https:\/\/www.visit-ulcinj.com\/blog\/wp-content\/uploads\/2013\/08\/Cungu-takim-me-bashkpuntoret.jpg","width":768,"height":509},{"@type":"WebPage","@id":"https:\/\/www.visit-ulcinj.com\/blog\/2013\/08\/26\/cungu-ben-takim-lidhur-me-projektet-infrastrukturore-ne-vitin-2014\/#webpage","url":"https:\/\/www.visit-ulcinj.com\/blog\/2013\/08\/26\/cungu-ben-takim-lidhur-me-projektet-infrastrukturore-ne-vitin-2014\/","name":"Cungu ben takim lidhur me projektet infrastrukturore ne vitin 2014 - Lajme nga Ulqini","isPartOf":{"@id":"https:\/\/www.visit-ulcinj.com\/blog\/#website"},"primaryImageOfPage":{"@id":"https:\/\/www.visit-ulcinj.com\/blog\/2013\/08\/26\/cungu-ben-takim-lidhur-me-projektet-infrastrukturore-ne-vitin-2014\/#primaryimage"},"datePublished":"2013-08-26T15:32:55+00:00","dateModified":"2013-08-26T17:24:42+00:00","author":{"@id":"https:\/\/www.visit-ulcinj.com\/blog\/#\/schema\/person\/dcab619c614d3038751c63bc2aadc06d"},"description":"Kryetari i Komun\u00ebs s\u00eb Ulqinit Z. Nazif Cungu dhe bashk\u00ebpunetor\u00ebt e tij pat\u00ebn sot nj\u00eb takim pune me znj. Natalija Jovoviq projektuese nga SH.P.K p\u00ebr","breadcrumb":{"@id":"https:\/\/www.visit-ulcinj.com\/blog\/2013\/08\/26\/cungu-ben-takim-lidhur-me-projektet-infrastrukturore-ne-vitin-2014\/#breadcrumb"},"inLanguage":"en-US","potentialAction":[{"@type":"ReadAction","target":["https:\/\/www.visit-ulcinj.com\/blog\/2013\/08\/26\/cungu-ben-takim-lidhur-me-projektet-infrastrukturore-ne-vitin-2014\/"]}]},{"@type":"BreadcrumbList","@id":"https:\/\/www.visit-ulcinj.com\/blog\/2013\/08\/26\/cungu-ben-takim-lidhur-me-projektet-infrastrukturore-ne-vitin-2014\/#breadcrumb","itemListElement":[{"@type":"ListItem","position":1,"name":"Cungu ben takim lidhur me projektet infrastrukturore ne vitin 2014"}]},{"@type":"Person","@id":"https:\/\/www.visit-ulcinj.com\/blog\/#\/schema\/person\/dcab619c614d3038751c63bc2aadc06d","name":"ulqini","sameAs":["http:\/\/www.visit-ulcinj.com"],"url":"https:\/\/www.visit-ulcinj.com\/blog\/author\/admin\/"}]}},"jetpack_featured_media_url":"","jetpack_sharing_enabled":true,"jetpack_shortlink":"https:\/\/wp.me\/pe6lTn-jl2","_links":{"self":[{"href":"https:\/\/www.visit-ulcinj.com\/blog\/wp-json\/wp\/v2\/posts\/74340"}],"collection":[{"href":"https:\/\/www.visit-ulcinj.com\/blog\/wp-json\/wp\/v2\/posts"}],"about":[{"href":"https:\/\/www.visit-ulcinj.com\/blog\/wp-json\/wp\/v2\/types\/post"}],"author":[{"embeddable":true,"href":"https:\/\/www.visit-ulcinj.com\/blog\/wp-json\/wp\/v2\/users\/1"}],"replies":[{"embeddable":true,"href":"https:\/\/www.visit-ulcinj.com\/blog\/wp-json\/wp\/v2\/comments?post=74340"}],"version-history":[{"count":2,"href":"https:\/\/www.visit-ulcinj.com\/blog\/wp-json\/wp\/v2\/posts\/74340\/revisions"}],"predecessor-version":[{"id":74344,"href":"https:\/\/www.visit-ulcinj.com\/blog\/wp-json\/wp\/v2\/posts\/74340\/revisions\/74344"}],"wp:attachment":[{"href":"https:\/\/www.visit-ulcinj.com\/blog\/wp-json\/wp\/v2\/media?parent=74340"}],"wp:term":[{"taxonomy":"category","embeddable":true,"href":"https:\/\/www.visit-ulcinj.com\/blog\/wp-json\/wp\/v2\/categories?post=74340"},{"taxonomy":"post_tag","embeddable":true,"href":"https:\/\/www.visit-ulcinj.com\/blog\/wp-json\/wp\/v2\/tags?post=74340"}],"curies":[{"name":"wp","href":"https:\/\/api.w.org\/{rel}","templated":true}]}}