{"id":74345,"date":"2013-08-26T18:43:39","date_gmt":"2013-08-26T17:43:39","guid":{"rendered":"http:\/\/www.visit-ulcinj.com\/blog\/?p=74345"},"modified":"2013-08-26T18:43:39","modified_gmt":"2013-08-26T17:43:39","slug":"turizmi-ne-ulqin-velipoje-video","status":"publish","type":"post","link":"https:\/\/www.visit-ulcinj.com\/blog\/2013\/08\/26\/turizmi-ne-ulqin-velipoje-video\/","title":{"rendered":"Turizmi ne Ulqin-Velipoje &#8211; Video"},"content":{"rendered":"<p><a href=\"http:\/\/www.visit-ulcinj.com\/blog\/wp-content\/uploads\/2013\/08\/Ulqini-sot-1.jpg\"><img loading=\"lazy\" class=\"alignleft  wp-image-74348\" alt=\"Ulqini-sot-1\" src=\"http:\/\/www.visit-ulcinj.com\/blog\/wp-content\/uploads\/2013\/08\/Ulqini-sot-1.jpg\" width=\"508\" height=\"356\" \/><\/a>Ulqini dhe Shkodra ndajn\u00eb t\u00eb nj\u00ebjtin det . Natyra dhe historia iu ka falur resurse e monumente thuajse t\u00eb nj\u00ebjta. T\u00eb dyja vendet kan\u00eb liqenin, lumin, detin dhe nga nj\u00eb kala.<\/p>\n<p>N\u00eb Ulqin gjith\u00e7ka \u00ebsht\u00eb v\u00ebn\u00eb n\u00eb sh\u00ebrbim t\u00eb turizmit. Duke filluar q\u00eb nga guidat turistike, tek sht\u00ebpit\u00eb e banor\u00ebve t\u00eb p\u00ebrshtatura p\u00ebr pushuesit tek vija bregdetare absolutisht e past\u00ebr dhe e pa z\u00ebn\u00eb nga privat\u00ebt dhe deri tek aktivitetet e ve\u00e7anta kulturore gjat\u00eb gjith\u00eb periudh\u00ebs s\u00eb ver\u00ebs. Kryetari i komun\u00ebs s\u00eb Ulqinit rendit kapacitet e v\u00ebna n\u00eb sh\u00ebrbim t\u00eb pushuesve q\u00eb n\u00eb mas\u00eb t\u00eb madhe jan\u00eb shqiptar\u00eb t\u00eb Kosov\u00ebs. Ne zona bregdetare t\u00eb Velipoj\u00ebs, pas m\u00eb shum\u00eb se 20 vjet\u00ebsh p\u00ebrpjekje p\u00ebr t\u00eb ofruar turiz\u00ebm elitar, ky sektor ka mbetur n\u00eb dor\u00ebn e pronar\u00ebve t\u00eb hoteleve dhe restoranteve. Edhe rruga q\u00eb t\u00eb \u00e7on drejt plazhit \u00ebsht\u00eb nd\u00ebrtuar nga vet\u00eb ata. Nd\u00ebrsa pjesa m\u00eb e madhe e brezit t\u00eb gjer\u00eb t\u00eb r\u00ebr\u00ebs \u00ebsht\u00eb pushtuar nga \u00e7adrat dhe shezlonet e hoteleve. Pushuesit e ardhur nga Kosova thon\u00eb se duke qen\u00eb tok\u00eb shqiptare ata do t\u00eb rikthehen s\u00ebrish aty edhe pse ka shum\u00eb p\u00ebr tu b\u00ebr\u00eb ende n\u00eb drejtim t\u00eb nivelit t\u00eb past\u00ebrtis\u00eb. Me plazhe private apo publike, me mal, det, liqen, e lum\u00eb t\u00eb p\u00ebrbashk\u00ebt Shkodra dhe Ulqini jan\u00eb destinacioni turistik i shqiptar\u00ebve t\u00eb Kosov\u00ebs por edhe i turist\u00ebve t\u00eb huaj.<\/p>\n<p><strong>Vizion Plus TV<\/strong><\/p>\n<p><iframe loading=\"lazy\" width=\"508\" height=\"360\" src=\"\/\/www.youtube.com\/embed\/ugIs3h2Q3JY\" frameborder=\"0\" allowfullscreen><\/iframe><\/p>\n","protected":false},"excerpt":{"rendered":"<p>Ulqini dhe Shkodra ndajn\u00eb t\u00eb nj\u00ebjtin det . Natyra dhe historia iu ka falur resurse e monumente thuajse t\u00eb nj\u00ebjta. T\u00eb dyja vendet kan\u00eb liqenin, lumin, detin dhe nga nj\u00eb kala. N\u00eb Ulqin gjith\u00e7ka \u00ebsht\u00eb v\u00ebn\u00eb n\u00eb sh\u00ebrbim t\u00eb turizmit. Duke filluar q\u00eb nga guidat turistike, tek sht\u00ebpit\u00eb e banor\u00ebve t\u00eb p\u00ebrshtatura p\u00ebr pushuesit tek [&hellip;]<\/p>\n","protected":false},"author":1,"featured_media":0,"comment_status":"closed","ping_status":"closed","sticky":false,"template":"","format":"standard","meta":{"spay_email":"","jetpack_publicize_message":"","jetpack_is_tweetstorm":false,"jetpack_publicize_feature_enabled":true},"categories":[15],"tags":[],"jetpack_publicize_connections":[],"yoast_head":"<!-- This site is optimized with the Yoast SEO plugin v19.1 - https:\/\/yoast.com\/wordpress\/plugins\/seo\/ -->\n<title>Turizmi ne Ulqin-Velipoje - Video - Lajme nga Ulqini<\/title>\n<meta name=\"description\" content=\"Ulqini dhe Shkodra ndajn\u00eb t\u00eb nj\u00ebjtin det . Natyra dhe historia iu ka falur resurse e monumente thuajse t\u00eb nj\u00ebjta. T\u00eb dyja vendet kan\u00eb liqenin, lumin,\" \/>\n<meta name=\"robots\" content=\"index, follow, max-snippet:-1, max-image-preview:large, max-video-preview:-1\" \/>\n<link rel=\"canonical\" href=\"https:\/\/www.visit-ulcinj.com\/blog\/2013\/08\/26\/turizmi-ne-ulqin-velipoje-video\/\" \/>\n<meta property=\"og:locale\" content=\"en_US\" \/>\n<meta property=\"og:type\" content=\"article\" \/>\n<meta property=\"og:title\" content=\"Turizmi ne Ulqin-Velipoje - Video - Lajme nga Ulqini\" \/>\n<meta property=\"og:description\" content=\"Ulqini dhe Shkodra ndajn\u00eb t\u00eb nj\u00ebjtin det . Natyra dhe historia iu ka falur resurse e monumente thuajse t\u00eb nj\u00ebjta. T\u00eb dyja vendet kan\u00eb liqenin, lumin,\" \/>\n<meta property=\"og:url\" content=\"https:\/\/www.visit-ulcinj.com\/blog\/2013\/08\/26\/turizmi-ne-ulqin-velipoje-video\/\" \/>\n<meta property=\"og:site_name\" content=\"Lajme nga Ulqini\" \/>\n<meta property=\"article:published_time\" content=\"2013-08-26T17:43:39+00:00\" \/>\n<meta property=\"og:image\" content=\"http:\/\/www.visit-ulcinj.com\/blog\/wp-content\/uploads\/2013\/08\/Ulqini-sot-1.jpg\" \/>\n<meta name=\"twitter:label1\" content=\"Written by\" \/>\n\t<meta name=\"twitter:data1\" content=\"ulqini\" \/>\n\t<meta name=\"twitter:label2\" content=\"Est. reading time\" \/>\n\t<meta name=\"twitter:data2\" content=\"1 minute\" \/>\n<script type=\"application\/ld+json\" class=\"yoast-schema-graph\">{\"@context\":\"https:\/\/schema.org\",\"@graph\":[{\"@type\":\"WebSite\",\"@id\":\"https:\/\/www.visit-ulcinj.com\/blog\/#website\",\"url\":\"https:\/\/www.visit-ulcinj.com\/blog\/\",\"name\":\"Lajme nga Ulqini\",\"description\":\"Lajme,Vijesti,Ulqini,Ulqin,Crna Gora,Mali i Zi\",\"potentialAction\":[{\"@type\":\"SearchAction\",\"target\":{\"@type\":\"EntryPoint\",\"urlTemplate\":\"https:\/\/www.visit-ulcinj.com\/blog\/?s={search_term_string}\"},\"query-input\":\"required name=search_term_string\"}],\"inLanguage\":\"en-US\"},{\"@type\":\"ImageObject\",\"inLanguage\":\"en-US\",\"@id\":\"https:\/\/www.visit-ulcinj.com\/blog\/2013\/08\/26\/turizmi-ne-ulqin-velipoje-video\/#primaryimage\",\"url\":\"https:\/\/www.visit-ulcinj.com\/blog\/wp-content\/uploads\/2013\/08\/Ulqini-sot-1.jpg\",\"contentUrl\":\"https:\/\/www.visit-ulcinj.com\/blog\/wp-content\/uploads\/2013\/08\/Ulqini-sot-1.jpg\",\"width\":640,\"height\":356},{\"@type\":\"WebPage\",\"@id\":\"https:\/\/www.visit-ulcinj.com\/blog\/2013\/08\/26\/turizmi-ne-ulqin-velipoje-video\/#webpage\",\"url\":\"https:\/\/www.visit-ulcinj.com\/blog\/2013\/08\/26\/turizmi-ne-ulqin-velipoje-video\/\",\"name\":\"Turizmi ne Ulqin-Velipoje - Video - Lajme nga Ulqini\",\"isPartOf\":{\"@id\":\"https:\/\/www.visit-ulcinj.com\/blog\/#website\"},\"primaryImageOfPage\":{\"@id\":\"https:\/\/www.visit-ulcinj.com\/blog\/2013\/08\/26\/turizmi-ne-ulqin-velipoje-video\/#primaryimage\"},\"datePublished\":\"2013-08-26T17:43:39+00:00\",\"dateModified\":\"2013-08-26T17:43:39+00:00\",\"author\":{\"@id\":\"https:\/\/www.visit-ulcinj.com\/blog\/#\/schema\/person\/dcab619c614d3038751c63bc2aadc06d\"},\"description\":\"Ulqini dhe Shkodra ndajn\u00eb t\u00eb nj\u00ebjtin det . Natyra dhe historia iu ka falur resurse e monumente thuajse t\u00eb nj\u00ebjta. T\u00eb dyja vendet kan\u00eb liqenin, lumin,\",\"breadcrumb\":{\"@id\":\"https:\/\/www.visit-ulcinj.com\/blog\/2013\/08\/26\/turizmi-ne-ulqin-velipoje-video\/#breadcrumb\"},\"inLanguage\":\"en-US\",\"potentialAction\":[{\"@type\":\"ReadAction\",\"target\":[\"https:\/\/www.visit-ulcinj.com\/blog\/2013\/08\/26\/turizmi-ne-ulqin-velipoje-video\/\"]}]},{\"@type\":\"BreadcrumbList\",\"@id\":\"https:\/\/www.visit-ulcinj.com\/blog\/2013\/08\/26\/turizmi-ne-ulqin-velipoje-video\/#breadcrumb\",\"itemListElement\":[{\"@type\":\"ListItem\",\"position\":1,\"name\":\"Turizmi ne Ulqin-Velipoje &#8211; Video\"}]},{\"@type\":\"Person\",\"@id\":\"https:\/\/www.visit-ulcinj.com\/blog\/#\/schema\/person\/dcab619c614d3038751c63bc2aadc06d\",\"name\":\"ulqini\",\"sameAs\":[\"http:\/\/www.visit-ulcinj.com\"],\"url\":\"https:\/\/www.visit-ulcinj.com\/blog\/author\/admin\/\"}]}<\/script>\n<!-- \/ Yoast SEO plugin. -->","yoast_head_json":{"title":"Turizmi ne Ulqin-Velipoje - Video - Lajme nga Ulqini","description":"Ulqini dhe Shkodra ndajn\u00eb t\u00eb nj\u00ebjtin det . Natyra dhe historia iu ka falur resurse e monumente thuajse t\u00eb nj\u00ebjta. T\u00eb dyja vendet kan\u00eb liqenin, lumin,","robots":{"index":"index","follow":"follow","max-snippet":"max-snippet:-1","max-image-preview":"max-image-preview:large","max-video-preview":"max-video-preview:-1"},"canonical":"https:\/\/www.visit-ulcinj.com\/blog\/2013\/08\/26\/turizmi-ne-ulqin-velipoje-video\/","og_locale":"en_US","og_type":"article","og_title":"Turizmi ne Ulqin-Velipoje - Video - Lajme nga Ulqini","og_description":"Ulqini dhe Shkodra ndajn\u00eb t\u00eb nj\u00ebjtin det . Natyra dhe historia iu ka falur resurse e monumente thuajse t\u00eb nj\u00ebjta. T\u00eb dyja vendet kan\u00eb liqenin, lumin,","og_url":"https:\/\/www.visit-ulcinj.com\/blog\/2013\/08\/26\/turizmi-ne-ulqin-velipoje-video\/","og_site_name":"Lajme nga Ulqini","article_published_time":"2013-08-26T17:43:39+00:00","og_image":[{"url":"http:\/\/www.visit-ulcinj.com\/blog\/wp-content\/uploads\/2013\/08\/Ulqini-sot-1.jpg"}],"twitter_misc":{"Written by":"ulqini","Est. reading time":"1 minute"},"schema":{"@context":"https:\/\/schema.org","@graph":[{"@type":"WebSite","@id":"https:\/\/www.visit-ulcinj.com\/blog\/#website","url":"https:\/\/www.visit-ulcinj.com\/blog\/","name":"Lajme nga Ulqini","description":"Lajme,Vijesti,Ulqini,Ulqin,Crna Gora,Mali i Zi","potentialAction":[{"@type":"SearchAction","target":{"@type":"EntryPoint","urlTemplate":"https:\/\/www.visit-ulcinj.com\/blog\/?s={search_term_string}"},"query-input":"required name=search_term_string"}],"inLanguage":"en-US"},{"@type":"ImageObject","inLanguage":"en-US","@id":"https:\/\/www.visit-ulcinj.com\/blog\/2013\/08\/26\/turizmi-ne-ulqin-velipoje-video\/#primaryimage","url":"https:\/\/www.visit-ulcinj.com\/blog\/wp-content\/uploads\/2013\/08\/Ulqini-sot-1.jpg","contentUrl":"https:\/\/www.visit-ulcinj.com\/blog\/wp-content\/uploads\/2013\/08\/Ulqini-sot-1.jpg","width":640,"height":356},{"@type":"WebPage","@id":"https:\/\/www.visit-ulcinj.com\/blog\/2013\/08\/26\/turizmi-ne-ulqin-velipoje-video\/#webpage","url":"https:\/\/www.visit-ulcinj.com\/blog\/2013\/08\/26\/turizmi-ne-ulqin-velipoje-video\/","name":"Turizmi ne Ulqin-Velipoje - Video - Lajme nga Ulqini","isPartOf":{"@id":"https:\/\/www.visit-ulcinj.com\/blog\/#website"},"primaryImageOfPage":{"@id":"https:\/\/www.visit-ulcinj.com\/blog\/2013\/08\/26\/turizmi-ne-ulqin-velipoje-video\/#primaryimage"},"datePublished":"2013-08-26T17:43:39+00:00","dateModified":"2013-08-26T17:43:39+00:00","author":{"@id":"https:\/\/www.visit-ulcinj.com\/blog\/#\/schema\/person\/dcab619c614d3038751c63bc2aadc06d"},"description":"Ulqini dhe Shkodra ndajn\u00eb t\u00eb nj\u00ebjtin det . Natyra dhe historia iu ka falur resurse e monumente thuajse t\u00eb nj\u00ebjta. T\u00eb dyja vendet kan\u00eb liqenin, lumin,","breadcrumb":{"@id":"https:\/\/www.visit-ulcinj.com\/blog\/2013\/08\/26\/turizmi-ne-ulqin-velipoje-video\/#breadcrumb"},"inLanguage":"en-US","potentialAction":[{"@type":"ReadAction","target":["https:\/\/www.visit-ulcinj.com\/blog\/2013\/08\/26\/turizmi-ne-ulqin-velipoje-video\/"]}]},{"@type":"BreadcrumbList","@id":"https:\/\/www.visit-ulcinj.com\/blog\/2013\/08\/26\/turizmi-ne-ulqin-velipoje-video\/#breadcrumb","itemListElement":[{"@type":"ListItem","position":1,"name":"Turizmi ne Ulqin-Velipoje &#8211; Video"}]},{"@type":"Person","@id":"https:\/\/www.visit-ulcinj.com\/blog\/#\/schema\/person\/dcab619c614d3038751c63bc2aadc06d","name":"ulqini","sameAs":["http:\/\/www.visit-ulcinj.com"],"url":"https:\/\/www.visit-ulcinj.com\/blog\/author\/admin\/"}]}},"jetpack_featured_media_url":"","jetpack_sharing_enabled":true,"jetpack_shortlink":"https:\/\/wp.me\/pe6lTn-jl7","_links":{"self":[{"href":"https:\/\/www.visit-ulcinj.com\/blog\/wp-json\/wp\/v2\/posts\/74345"}],"collection":[{"href":"https:\/\/www.visit-ulcinj.com\/blog\/wp-json\/wp\/v2\/posts"}],"about":[{"href":"https:\/\/www.visit-ulcinj.com\/blog\/wp-json\/wp\/v2\/types\/post"}],"author":[{"embeddable":true,"href":"https:\/\/www.visit-ulcinj.com\/blog\/wp-json\/wp\/v2\/users\/1"}],"replies":[{"embeddable":true,"href":"https:\/\/www.visit-ulcinj.com\/blog\/wp-json\/wp\/v2\/comments?post=74345"}],"version-history":[{"count":1,"href":"https:\/\/www.visit-ulcinj.com\/blog\/wp-json\/wp\/v2\/posts\/74345\/revisions"}],"predecessor-version":[{"id":74349,"href":"https:\/\/www.visit-ulcinj.com\/blog\/wp-json\/wp\/v2\/posts\/74345\/revisions\/74349"}],"wp:attachment":[{"href":"https:\/\/www.visit-ulcinj.com\/blog\/wp-json\/wp\/v2\/media?parent=74345"}],"wp:term":[{"taxonomy":"category","embeddable":true,"href":"https:\/\/www.visit-ulcinj.com\/blog\/wp-json\/wp\/v2\/categories?post=74345"},{"taxonomy":"post_tag","embeddable":true,"href":"https:\/\/www.visit-ulcinj.com\/blog\/wp-json\/wp\/v2\/tags?post=74345"}],"curies":[{"name":"wp","href":"https:\/\/api.w.org\/{rel}","templated":true}]}}