{"id":74350,"date":"2013-08-27T06:36:33","date_gmt":"2013-08-27T05:36:33","guid":{"rendered":"http:\/\/www.visit-ulcinj.com\/blog\/?p=74350"},"modified":"2013-08-27T06:36:33","modified_gmt":"2013-08-27T05:36:33","slug":"tamara-novovic-mis-ulcinja","status":"publish","type":"post","link":"https:\/\/www.visit-ulcinj.com\/blog\/2013\/08\/27\/tamara-novovic-mis-ulcinja\/","title":{"rendered":"Tamara Novovi\u0107 mis Ulcinja"},"content":{"rendered":"<p><strong><a href=\"http:\/\/www.visit-ulcinj.com\/blog\/wp-content\/uploads\/2013\/08\/Tamara-Novovic-Ulcinj.jpg\"><img loading=\"lazy\" class=\"alignleft  wp-image-74351\" alt=\"Tamara Novovic-Ulcinj\" src=\"http:\/\/www.visit-ulcinj.com\/blog\/wp-content\/uploads\/2013\/08\/Tamara-Novovic-Ulcinj.jpg\" width=\"508\" height=\"600\" \/><\/a>ULCINJ &#8211; \u00a0Tamara Novovi\u0107 (17) iz Ulcinja dobila je titulu najljep\u0161e na takmi\u010denju \u201eMis Ulcinja 2013\u201c, odr\u017eanom u Palati Venecija u Starom gradu. Za ovu titulu se nadmetalo 14 kandidatkinja. Prva pratilja je Jelena \u0160katari\u0107 (21) iz Podgorice, druga pratilja je Rosanda Ra\u0161ovi\u0107 (21) iz Bara, dok je mis \u0161arma Sanela Tur\u010danovi\u0107 (24) iz Zenice.<\/strong><\/p>\n<p>Takmi\u010denje je organizovala Turisti\u010dka organizacija Ulcinja, a generalni sponzor je bio hotelski kompleks Palata Venecija. Pobjednice su osvojile niz nagrada me\u0111u kojima su vikend u hotelu, ve\u010dere za dvoje, garderoba i kozmetika.<\/p>\n<p>&#8211; Ovo je prvi izbor za mis odr\u017ean u Ulcinju i nadamo se da \u0107e postati tradicionalan \u2013 rekla je Pobjedi Aleksandra \u0160ofranac, projektna menad\u017eerka manifestacije.<\/p>\n<p><em>A. \u017d.<\/em><\/p>\n<p>Izvor: POBJEDA<\/p>\n","protected":false},"excerpt":{"rendered":"<p>ULCINJ &#8211; \u00a0Tamara Novovi\u0107 (17) iz Ulcinja dobila je titulu najljep\u0161e na takmi\u010denju \u201eMis Ulcinja 2013\u201c, odr\u017eanom u Palati Venecija u Starom gradu. Za ovu titulu se nadmetalo 14 kandidatkinja. Prva pratilja je Jelena \u0160katari\u0107 (21) iz Podgorice, druga pratilja je Rosanda Ra\u0161ovi\u0107 (21) iz Bara, dok je mis \u0161arma Sanela Tur\u010danovi\u0107 (24) iz Zenice. [&hellip;]<\/p>\n","protected":false},"author":1,"featured_media":0,"comment_status":"closed","ping_status":"closed","sticky":false,"template":"","format":"standard","meta":{"spay_email":"","jetpack_publicize_message":"","jetpack_is_tweetstorm":false,"jetpack_publicize_feature_enabled":true},"categories":[8337],"tags":[],"jetpack_publicize_connections":[],"yoast_head":"<!-- This site is optimized with the Yoast SEO plugin v19.1 - https:\/\/yoast.com\/wordpress\/plugins\/seo\/ -->\n<title>Tamara Novovi\u0107 mis Ulcinja - Lajme nga Ulqini<\/title>\n<meta name=\"description\" content=\"ULCINJ - \u00a0Tamara Novovi\u0107 (17) iz Ulcinja dobila je titulu najljep\u0161e na takmi\u010denju \u201eMis Ulcinja 2013\u201c, odr\u017eanom u Palati Venecija u Starom gradu. Za ovu\" \/>\n<meta name=\"robots\" content=\"index, follow, max-snippet:-1, max-image-preview:large, max-video-preview:-1\" \/>\n<link rel=\"canonical\" href=\"https:\/\/www.visit-ulcinj.com\/blog\/2013\/08\/27\/tamara-novovic-mis-ulcinja\/\" \/>\n<meta property=\"og:locale\" content=\"en_US\" \/>\n<meta property=\"og:type\" content=\"article\" \/>\n<meta property=\"og:title\" content=\"Tamara Novovi\u0107 mis Ulcinja - Lajme nga Ulqini\" \/>\n<meta property=\"og:description\" content=\"ULCINJ - \u00a0Tamara Novovi\u0107 (17) iz Ulcinja dobila je titulu najljep\u0161e na takmi\u010denju \u201eMis Ulcinja 2013\u201c, odr\u017eanom u Palati Venecija u Starom gradu. Za ovu\" \/>\n<meta property=\"og:url\" content=\"https:\/\/www.visit-ulcinj.com\/blog\/2013\/08\/27\/tamara-novovic-mis-ulcinja\/\" \/>\n<meta property=\"og:site_name\" content=\"Lajme nga Ulqini\" \/>\n<meta property=\"article:published_time\" content=\"2013-08-27T05:36:33+00:00\" \/>\n<meta property=\"og:image\" content=\"http:\/\/www.visit-ulcinj.com\/blog\/wp-content\/uploads\/2013\/08\/Tamara-Novovic-Ulcinj.jpg\" \/>\n<meta name=\"twitter:label1\" content=\"Written by\" \/>\n\t<meta name=\"twitter:data1\" content=\"ulqini\" \/>\n\t<meta name=\"twitter:label2\" content=\"Est. reading time\" \/>\n\t<meta name=\"twitter:data2\" content=\"1 minute\" \/>\n<script type=\"application\/ld+json\" class=\"yoast-schema-graph\">{\"@context\":\"https:\/\/schema.org\",\"@graph\":[{\"@type\":\"WebSite\",\"@id\":\"https:\/\/www.visit-ulcinj.com\/blog\/#website\",\"url\":\"https:\/\/www.visit-ulcinj.com\/blog\/\",\"name\":\"Lajme nga Ulqini\",\"description\":\"Lajme,Vijesti,Ulqini,Ulqin,Crna Gora,Mali i Zi\",\"potentialAction\":[{\"@type\":\"SearchAction\",\"target\":{\"@type\":\"EntryPoint\",\"urlTemplate\":\"https:\/\/www.visit-ulcinj.com\/blog\/?s={search_term_string}\"},\"query-input\":\"required name=search_term_string\"}],\"inLanguage\":\"en-US\"},{\"@type\":\"ImageObject\",\"inLanguage\":\"en-US\",\"@id\":\"https:\/\/www.visit-ulcinj.com\/blog\/2013\/08\/27\/tamara-novovic-mis-ulcinja\/#primaryimage\",\"url\":\"http:\/\/www.visit-ulcinj.com\/blog\/wp-content\/uploads\/2013\/08\/Tamara-Novovic-Ulcinj.jpg\",\"contentUrl\":\"http:\/\/www.visit-ulcinj.com\/blog\/wp-content\/uploads\/2013\/08\/Tamara-Novovic-Ulcinj.jpg\"},{\"@type\":\"WebPage\",\"@id\":\"https:\/\/www.visit-ulcinj.com\/blog\/2013\/08\/27\/tamara-novovic-mis-ulcinja\/#webpage\",\"url\":\"https:\/\/www.visit-ulcinj.com\/blog\/2013\/08\/27\/tamara-novovic-mis-ulcinja\/\",\"name\":\"Tamara Novovi\u0107 mis Ulcinja - Lajme nga Ulqini\",\"isPartOf\":{\"@id\":\"https:\/\/www.visit-ulcinj.com\/blog\/#website\"},\"primaryImageOfPage\":{\"@id\":\"https:\/\/www.visit-ulcinj.com\/blog\/2013\/08\/27\/tamara-novovic-mis-ulcinja\/#primaryimage\"},\"datePublished\":\"2013-08-27T05:36:33+00:00\",\"dateModified\":\"2013-08-27T05:36:33+00:00\",\"author\":{\"@id\":\"https:\/\/www.visit-ulcinj.com\/blog\/#\/schema\/person\/dcab619c614d3038751c63bc2aadc06d\"},\"description\":\"ULCINJ - \u00a0Tamara Novovi\u0107 (17) iz Ulcinja dobila je titulu najljep\u0161e na takmi\u010denju \u201eMis Ulcinja 2013\u201c, odr\u017eanom u Palati Venecija u Starom gradu. Za ovu\",\"breadcrumb\":{\"@id\":\"https:\/\/www.visit-ulcinj.com\/blog\/2013\/08\/27\/tamara-novovic-mis-ulcinja\/#breadcrumb\"},\"inLanguage\":\"en-US\",\"potentialAction\":[{\"@type\":\"ReadAction\",\"target\":[\"https:\/\/www.visit-ulcinj.com\/blog\/2013\/08\/27\/tamara-novovic-mis-ulcinja\/\"]}]},{\"@type\":\"BreadcrumbList\",\"@id\":\"https:\/\/www.visit-ulcinj.com\/blog\/2013\/08\/27\/tamara-novovic-mis-ulcinja\/#breadcrumb\",\"itemListElement\":[{\"@type\":\"ListItem\",\"position\":1,\"name\":\"Tamara Novovi\u0107 mis Ulcinja\"}]},{\"@type\":\"Person\",\"@id\":\"https:\/\/www.visit-ulcinj.com\/blog\/#\/schema\/person\/dcab619c614d3038751c63bc2aadc06d\",\"name\":\"ulqini\",\"sameAs\":[\"http:\/\/www.visit-ulcinj.com\"],\"url\":\"https:\/\/www.visit-ulcinj.com\/blog\/author\/admin\/\"}]}<\/script>\n<!-- \/ Yoast SEO plugin. -->","yoast_head_json":{"title":"Tamara Novovi\u0107 mis Ulcinja - Lajme nga Ulqini","description":"ULCINJ - \u00a0Tamara Novovi\u0107 (17) iz Ulcinja dobila je titulu najljep\u0161e na takmi\u010denju \u201eMis Ulcinja 2013\u201c, odr\u017eanom u Palati Venecija u Starom gradu. Za ovu","robots":{"index":"index","follow":"follow","max-snippet":"max-snippet:-1","max-image-preview":"max-image-preview:large","max-video-preview":"max-video-preview:-1"},"canonical":"https:\/\/www.visit-ulcinj.com\/blog\/2013\/08\/27\/tamara-novovic-mis-ulcinja\/","og_locale":"en_US","og_type":"article","og_title":"Tamara Novovi\u0107 mis Ulcinja - Lajme nga Ulqini","og_description":"ULCINJ - \u00a0Tamara Novovi\u0107 (17) iz Ulcinja dobila je titulu najljep\u0161e na takmi\u010denju \u201eMis Ulcinja 2013\u201c, odr\u017eanom u Palati Venecija u Starom gradu. Za ovu","og_url":"https:\/\/www.visit-ulcinj.com\/blog\/2013\/08\/27\/tamara-novovic-mis-ulcinja\/","og_site_name":"Lajme nga Ulqini","article_published_time":"2013-08-27T05:36:33+00:00","og_image":[{"url":"http:\/\/www.visit-ulcinj.com\/blog\/wp-content\/uploads\/2013\/08\/Tamara-Novovic-Ulcinj.jpg"}],"twitter_misc":{"Written by":"ulqini","Est. reading time":"1 minute"},"schema":{"@context":"https:\/\/schema.org","@graph":[{"@type":"WebSite","@id":"https:\/\/www.visit-ulcinj.com\/blog\/#website","url":"https:\/\/www.visit-ulcinj.com\/blog\/","name":"Lajme nga Ulqini","description":"Lajme,Vijesti,Ulqini,Ulqin,Crna Gora,Mali i Zi","potentialAction":[{"@type":"SearchAction","target":{"@type":"EntryPoint","urlTemplate":"https:\/\/www.visit-ulcinj.com\/blog\/?s={search_term_string}"},"query-input":"required name=search_term_string"}],"inLanguage":"en-US"},{"@type":"ImageObject","inLanguage":"en-US","@id":"https:\/\/www.visit-ulcinj.com\/blog\/2013\/08\/27\/tamara-novovic-mis-ulcinja\/#primaryimage","url":"http:\/\/www.visit-ulcinj.com\/blog\/wp-content\/uploads\/2013\/08\/Tamara-Novovic-Ulcinj.jpg","contentUrl":"http:\/\/www.visit-ulcinj.com\/blog\/wp-content\/uploads\/2013\/08\/Tamara-Novovic-Ulcinj.jpg"},{"@type":"WebPage","@id":"https:\/\/www.visit-ulcinj.com\/blog\/2013\/08\/27\/tamara-novovic-mis-ulcinja\/#webpage","url":"https:\/\/www.visit-ulcinj.com\/blog\/2013\/08\/27\/tamara-novovic-mis-ulcinja\/","name":"Tamara Novovi\u0107 mis Ulcinja - Lajme nga Ulqini","isPartOf":{"@id":"https:\/\/www.visit-ulcinj.com\/blog\/#website"},"primaryImageOfPage":{"@id":"https:\/\/www.visit-ulcinj.com\/blog\/2013\/08\/27\/tamara-novovic-mis-ulcinja\/#primaryimage"},"datePublished":"2013-08-27T05:36:33+00:00","dateModified":"2013-08-27T05:36:33+00:00","author":{"@id":"https:\/\/www.visit-ulcinj.com\/blog\/#\/schema\/person\/dcab619c614d3038751c63bc2aadc06d"},"description":"ULCINJ - \u00a0Tamara Novovi\u0107 (17) iz Ulcinja dobila je titulu najljep\u0161e na takmi\u010denju \u201eMis Ulcinja 2013\u201c, odr\u017eanom u Palati Venecija u Starom gradu. Za ovu","breadcrumb":{"@id":"https:\/\/www.visit-ulcinj.com\/blog\/2013\/08\/27\/tamara-novovic-mis-ulcinja\/#breadcrumb"},"inLanguage":"en-US","potentialAction":[{"@type":"ReadAction","target":["https:\/\/www.visit-ulcinj.com\/blog\/2013\/08\/27\/tamara-novovic-mis-ulcinja\/"]}]},{"@type":"BreadcrumbList","@id":"https:\/\/www.visit-ulcinj.com\/blog\/2013\/08\/27\/tamara-novovic-mis-ulcinja\/#breadcrumb","itemListElement":[{"@type":"ListItem","position":1,"name":"Tamara Novovi\u0107 mis Ulcinja"}]},{"@type":"Person","@id":"https:\/\/www.visit-ulcinj.com\/blog\/#\/schema\/person\/dcab619c614d3038751c63bc2aadc06d","name":"ulqini","sameAs":["http:\/\/www.visit-ulcinj.com"],"url":"https:\/\/www.visit-ulcinj.com\/blog\/author\/admin\/"}]}},"jetpack_featured_media_url":"","jetpack_sharing_enabled":true,"jetpack_shortlink":"https:\/\/wp.me\/pe6lTn-jlc","_links":{"self":[{"href":"https:\/\/www.visit-ulcinj.com\/blog\/wp-json\/wp\/v2\/posts\/74350"}],"collection":[{"href":"https:\/\/www.visit-ulcinj.com\/blog\/wp-json\/wp\/v2\/posts"}],"about":[{"href":"https:\/\/www.visit-ulcinj.com\/blog\/wp-json\/wp\/v2\/types\/post"}],"author":[{"embeddable":true,"href":"https:\/\/www.visit-ulcinj.com\/blog\/wp-json\/wp\/v2\/users\/1"}],"replies":[{"embeddable":true,"href":"https:\/\/www.visit-ulcinj.com\/blog\/wp-json\/wp\/v2\/comments?post=74350"}],"version-history":[{"count":1,"href":"https:\/\/www.visit-ulcinj.com\/blog\/wp-json\/wp\/v2\/posts\/74350\/revisions"}],"predecessor-version":[{"id":74352,"href":"https:\/\/www.visit-ulcinj.com\/blog\/wp-json\/wp\/v2\/posts\/74350\/revisions\/74352"}],"wp:attachment":[{"href":"https:\/\/www.visit-ulcinj.com\/blog\/wp-json\/wp\/v2\/media?parent=74350"}],"wp:term":[{"taxonomy":"category","embeddable":true,"href":"https:\/\/www.visit-ulcinj.com\/blog\/wp-json\/wp\/v2\/categories?post=74350"},{"taxonomy":"post_tag","embeddable":true,"href":"https:\/\/www.visit-ulcinj.com\/blog\/wp-json\/wp\/v2\/tags?post=74350"}],"curies":[{"name":"wp","href":"https:\/\/api.w.org\/{rel}","templated":true}]}}