{"id":74353,"date":"2013-08-27T06:43:33","date_gmt":"2013-08-27T05:43:33","guid":{"rendered":"http:\/\/www.visit-ulcinj.com\/blog\/?p=74353"},"modified":"2013-08-27T06:43:33","modified_gmt":"2013-08-27T05:43:33","slug":"prirodna-albanija-u-funkciji-nato-kampanje","status":"publish","type":"post","link":"https:\/\/www.visit-ulcinj.com\/blog\/2013\/08\/27\/prirodna-albanija-u-funkciji-nato-kampanje\/","title":{"rendered":"\u201ePrirodna Albanija\u201d u funkciji NATO kampanje"},"content":{"rendered":"<p><a href=\"http:\/\/www.visit-ulcinj.com\/blog\/wp-content\/uploads\/2013\/08\/cg-nato.jpg\"><img loading=\"lazy\" class=\"alignleft  wp-image-74354\" alt=\"cg-nato\" src=\"http:\/\/www.visit-ulcinj.com\/blog\/wp-content\/uploads\/2013\/08\/cg-nato.jpg\" width=\"508\" height=\"310\" \/><\/a>Albanski istori\u010dar Ko\u010do Danaj i njegova peticija za stvaranje \u201ePrirodne Albanije\u201d, svjesno ili nesvjesno, uklopljeni su u najnoviju strategiju vje\u0161ta\u010dkog dizanja pro-NATO raspolo\u017eenja u Crnoj Gori, smi\u0161ljenoj u glavama preskupih lobista koje Vlada pla\u0107a novcem svih gra\u0111ana, saop\u0161tio je u razgovoru za \u201eDan\u201d funkcioner Demokratskog fronta i predsjednik skup\u0161tinskog Odbora za evropske integracije Slaven Radunovi\u0107.<br \/>\n\u2013 To je jo\u0161 jedan primjer nevjerovatnog licemjerstva politi\u010dara iz Demokratske partije socijalista i dokaz da su spremni da koketiraju i sa suvereno\u0161\u0107u i cjelovito\u0161\u0107u teritorije, zarad kratkoro\u010dne koristi. Bitno je samo da prijetnja ne dolazi iz nekog od srpskih krajeva. S jedne strane \u0161alju sofistifikovani alarmni signal gra\u0111anima da im prijeti opasnost od \u201eVelike Albanije\u201d i da treba spas potra\u017eiti u NATO alijansi. Sa druge strane vrlo stidljivo javno kritikuju aktivnosti Danaja i njegovih istomi\u0161ljenika da ne bi uvrijedili albanske glasa\u010de i time sebe doveli u bezizlaznu izbornu poziciju \u2013 naveo je Radunovi\u0107.<br \/>\nDanaj je nedavno saop\u0161tio da o\u010dekuje da do 28. novembra, dana albanske zastave, prikupi preko milion potpisa podr\u0161ke peticiji za stvaranje \u201ePrirodne Albanije\u201d, koja bi obuhvatala i djelove teritorije Crne Gore. Od albanskih politi\u010dara iz Crne Gore podr\u0161ku njegovoj inicijativi najavio je jedino lider Gra\u0111anske inicijative Vaselj Sini\u0161taj. Poru\u010dio je da bi potpisao Danajevu peticiju jer mu daje za pravo da poku\u0161a da ispravi istorijske nepravde. Protiv stvaranja \u201ePrirodne Albanije\u201d izjasnili su se poslanici Force i Demokratske partije Genci Nimanbegu i Fatmir \u0110eka.<br \/>\nIz Demokratske partije socijalista oglasio se Nikola Gegaj, isti\u010du\u0107i da ne bi potpisao ovakvu peticiju. Predsjednik Odbora za odbranu i bezbjednost, poslanik DPS-a Mevludin Nuhod\u017ei\u0107 nagovijestio je mogu\u0107nost da se, ukoliko bude podnijet zahtjev za sazivanje sjednice, to radno tijelo pozabavi Danajevom inicijativom i Sini\u0161tajevom najavom da \u0107e je podr\u017eati.<br \/>\nDa bi naglasio licemjerstvo DPS-a, Radunovi\u0107 je pozvao gra\u0111ane da se prisjete svakodnevne diskriminatorske politike re\u017eima prema dr\u017eavljanima Crne Gore koji su na referendumu izrazili svoju legitimnu, na tradiciji, istoriji, kulturi i krvi utemeljenu \u017eelju da nastave da \u017eive u zajedni\u010dkoj, ravnopravnoj dr\u017eavi Srbiji i Crne Gori.<br \/>\n\u2013 Kakve bi reakcije zvani\u010dnika DPS-a bile da je ne\u0161to sli\u010dno inicirano od nekog sa srpske strane. Zamislite da se taj neko pozvao na \u010dinjenice iz crnogorske istorije, u kojoj vladari, glavari i vojskovo\u0111e sebe nazivaju Srbima, svoj narod i svoj jezik srpskim, pa na osnovu tih fakata priklju\u010dio na\u0161u zemlju projektu nazvanom, recimo, \u201eSjedinjene srpske dr\u017eave\u201d. Nema potrebe da ulazimo u dalju elaboraciju jer svaki gra\u0111anin Crne Gore mo\u017ee da pretpostavi kakav bi bio sadr\u017eaj TV dnevnika javnog servisa slede\u0107ih pola godine, \u201eokruglih stolova\u201d koje bi organizovali \u201eeminentni\u201d stru\u010dnjaci i sli\u010dno \u2013 zaklju\u010dio je Radunovi\u0107.V.R<\/p>\n<p>Narod sve manje vjeruje Milu i lobistima<br \/>\nKako je kazao Slaven Radunovi\u0107, \u201epolitici razli\u010ditih ar\u0161ina i licemjernog odnosa prema gra\u0111anima se vidi kraj\u201d.<br \/>\n\u2013 Sve je manje ljudi koji slijepo vjeruju Milu \u0110ukanovi\u0107u i njegovim lobistima, a sve vi\u0161e onih koji vjeruju svojim o\u010dima i stomacima \u2013 tvrdi on.<br \/>\nZaklju\u010dio je da precizno i transparentno implementiranje pravnih, ali prije svega civilizacijskih standarda u procesu evropskih integracija smanjuje manevarski prostor autoritarnom i nedemokratskom re\u017eimu.<\/p>\n<p><strong>Izvor: DAN<\/strong><\/p>\n","protected":false},"excerpt":{"rendered":"<p>Albanski istori\u010dar Ko\u010do Danaj i njegova peticija za stvaranje \u201ePrirodne Albanije\u201d, svjesno ili nesvjesno, uklopljeni su u najnoviju strategiju vje\u0161ta\u010dkog dizanja pro-NATO raspolo\u017eenja u Crnoj Gori, smi\u0161ljenoj u glavama preskupih lobista koje Vlada pla\u0107a novcem svih gra\u0111ana, saop\u0161tio je u razgovoru za \u201eDan\u201d funkcioner Demokratskog fronta i predsjednik skup\u0161tinskog Odbora za evropske integracije Slaven Radunovi\u0107. [&hellip;]<\/p>\n","protected":false},"author":1,"featured_media":0,"comment_status":"closed","ping_status":"closed","sticky":false,"template":"","format":"standard","meta":{"spay_email":"","jetpack_publicize_message":"","jetpack_is_tweetstorm":false,"jetpack_publicize_feature_enabled":true},"categories":[6950],"tags":[],"jetpack_publicize_connections":[],"yoast_head":"<!-- This site is optimized with the Yoast SEO plugin v19.1 - https:\/\/yoast.com\/wordpress\/plugins\/seo\/ -->\n<title>\u201ePrirodna Albanija\u201d u funkciji NATO kampanje - Lajme nga Ulqini<\/title>\n<meta name=\"description\" content=\"Albanski istori\u010dar Ko\u010do Danaj i njegova peticija za stvaranje \u201ePrirodne Albanije\u201d, svjesno ili nesvjesno, uklopljeni su u najnoviju strategiju vje\u0161ta\u010dkog\" \/>\n<meta name=\"robots\" content=\"index, follow, max-snippet:-1, max-image-preview:large, max-video-preview:-1\" \/>\n<link rel=\"canonical\" href=\"https:\/\/www.visit-ulcinj.com\/blog\/2013\/08\/27\/prirodna-albanija-u-funkciji-nato-kampanje\/\" \/>\n<meta property=\"og:locale\" content=\"en_US\" \/>\n<meta property=\"og:type\" content=\"article\" \/>\n<meta property=\"og:title\" content=\"\u201ePrirodna Albanija\u201d u funkciji NATO kampanje - Lajme nga Ulqini\" \/>\n<meta property=\"og:description\" content=\"Albanski istori\u010dar Ko\u010do Danaj i njegova peticija za stvaranje \u201ePrirodne Albanije\u201d, svjesno ili nesvjesno, uklopljeni su u najnoviju strategiju vje\u0161ta\u010dkog\" \/>\n<meta property=\"og:url\" content=\"https:\/\/www.visit-ulcinj.com\/blog\/2013\/08\/27\/prirodna-albanija-u-funkciji-nato-kampanje\/\" \/>\n<meta property=\"og:site_name\" content=\"Lajme nga Ulqini\" \/>\n<meta property=\"article:published_time\" content=\"2013-08-27T05:43:33+00:00\" \/>\n<meta property=\"og:image\" content=\"http:\/\/www.visit-ulcinj.com\/blog\/wp-content\/uploads\/2013\/08\/cg-nato.jpg\" \/>\n<meta name=\"twitter:label1\" content=\"Written by\" \/>\n\t<meta name=\"twitter:data1\" content=\"ulqini\" \/>\n\t<meta name=\"twitter:label2\" content=\"Est. reading time\" \/>\n\t<meta name=\"twitter:data2\" content=\"3 minutes\" \/>\n<script type=\"application\/ld+json\" class=\"yoast-schema-graph\">{\"@context\":\"https:\/\/schema.org\",\"@graph\":[{\"@type\":\"WebSite\",\"@id\":\"https:\/\/www.visit-ulcinj.com\/blog\/#website\",\"url\":\"https:\/\/www.visit-ulcinj.com\/blog\/\",\"name\":\"Lajme nga Ulqini\",\"description\":\"Lajme,Vijesti,Ulqini,Ulqin,Crna Gora,Mali i Zi\",\"potentialAction\":[{\"@type\":\"SearchAction\",\"target\":{\"@type\":\"EntryPoint\",\"urlTemplate\":\"https:\/\/www.visit-ulcinj.com\/blog\/?s={search_term_string}\"},\"query-input\":\"required name=search_term_string\"}],\"inLanguage\":\"en-US\"},{\"@type\":\"ImageObject\",\"inLanguage\":\"en-US\",\"@id\":\"https:\/\/www.visit-ulcinj.com\/blog\/2013\/08\/27\/prirodna-albanija-u-funkciji-nato-kampanje\/#primaryimage\",\"url\":\"https:\/\/www.visit-ulcinj.com\/blog\/wp-content\/uploads\/2013\/08\/cg-nato.jpg\",\"contentUrl\":\"https:\/\/www.visit-ulcinj.com\/blog\/wp-content\/uploads\/2013\/08\/cg-nato.jpg\",\"width\":600,\"height\":310},{\"@type\":\"WebPage\",\"@id\":\"https:\/\/www.visit-ulcinj.com\/blog\/2013\/08\/27\/prirodna-albanija-u-funkciji-nato-kampanje\/#webpage\",\"url\":\"https:\/\/www.visit-ulcinj.com\/blog\/2013\/08\/27\/prirodna-albanija-u-funkciji-nato-kampanje\/\",\"name\":\"\u201ePrirodna Albanija\u201d u funkciji NATO kampanje - Lajme nga Ulqini\",\"isPartOf\":{\"@id\":\"https:\/\/www.visit-ulcinj.com\/blog\/#website\"},\"primaryImageOfPage\":{\"@id\":\"https:\/\/www.visit-ulcinj.com\/blog\/2013\/08\/27\/prirodna-albanija-u-funkciji-nato-kampanje\/#primaryimage\"},\"datePublished\":\"2013-08-27T05:43:33+00:00\",\"dateModified\":\"2013-08-27T05:43:33+00:00\",\"author\":{\"@id\":\"https:\/\/www.visit-ulcinj.com\/blog\/#\/schema\/person\/dcab619c614d3038751c63bc2aadc06d\"},\"description\":\"Albanski istori\u010dar Ko\u010do Danaj i njegova peticija za stvaranje \u201ePrirodne Albanije\u201d, svjesno ili nesvjesno, uklopljeni su u najnoviju strategiju vje\u0161ta\u010dkog\",\"breadcrumb\":{\"@id\":\"https:\/\/www.visit-ulcinj.com\/blog\/2013\/08\/27\/prirodna-albanija-u-funkciji-nato-kampanje\/#breadcrumb\"},\"inLanguage\":\"en-US\",\"potentialAction\":[{\"@type\":\"ReadAction\",\"target\":[\"https:\/\/www.visit-ulcinj.com\/blog\/2013\/08\/27\/prirodna-albanija-u-funkciji-nato-kampanje\/\"]}]},{\"@type\":\"BreadcrumbList\",\"@id\":\"https:\/\/www.visit-ulcinj.com\/blog\/2013\/08\/27\/prirodna-albanija-u-funkciji-nato-kampanje\/#breadcrumb\",\"itemListElement\":[{\"@type\":\"ListItem\",\"position\":1,\"name\":\"\u201ePrirodna Albanija\u201d u funkciji NATO kampanje\"}]},{\"@type\":\"Person\",\"@id\":\"https:\/\/www.visit-ulcinj.com\/blog\/#\/schema\/person\/dcab619c614d3038751c63bc2aadc06d\",\"name\":\"ulqini\",\"sameAs\":[\"http:\/\/www.visit-ulcinj.com\"],\"url\":\"https:\/\/www.visit-ulcinj.com\/blog\/author\/admin\/\"}]}<\/script>\n<!-- \/ Yoast SEO plugin. -->","yoast_head_json":{"title":"\u201ePrirodna Albanija\u201d u funkciji NATO kampanje - Lajme nga Ulqini","description":"Albanski istori\u010dar Ko\u010do Danaj i njegova peticija za stvaranje \u201ePrirodne Albanije\u201d, svjesno ili nesvjesno, uklopljeni su u najnoviju strategiju vje\u0161ta\u010dkog","robots":{"index":"index","follow":"follow","max-snippet":"max-snippet:-1","max-image-preview":"max-image-preview:large","max-video-preview":"max-video-preview:-1"},"canonical":"https:\/\/www.visit-ulcinj.com\/blog\/2013\/08\/27\/prirodna-albanija-u-funkciji-nato-kampanje\/","og_locale":"en_US","og_type":"article","og_title":"\u201ePrirodna Albanija\u201d u funkciji NATO kampanje - Lajme nga Ulqini","og_description":"Albanski istori\u010dar Ko\u010do Danaj i njegova peticija za stvaranje \u201ePrirodne Albanije\u201d, svjesno ili nesvjesno, uklopljeni su u najnoviju strategiju vje\u0161ta\u010dkog","og_url":"https:\/\/www.visit-ulcinj.com\/blog\/2013\/08\/27\/prirodna-albanija-u-funkciji-nato-kampanje\/","og_site_name":"Lajme nga Ulqini","article_published_time":"2013-08-27T05:43:33+00:00","og_image":[{"url":"http:\/\/www.visit-ulcinj.com\/blog\/wp-content\/uploads\/2013\/08\/cg-nato.jpg"}],"twitter_misc":{"Written by":"ulqini","Est. reading time":"3 minutes"},"schema":{"@context":"https:\/\/schema.org","@graph":[{"@type":"WebSite","@id":"https:\/\/www.visit-ulcinj.com\/blog\/#website","url":"https:\/\/www.visit-ulcinj.com\/blog\/","name":"Lajme nga Ulqini","description":"Lajme,Vijesti,Ulqini,Ulqin,Crna Gora,Mali i Zi","potentialAction":[{"@type":"SearchAction","target":{"@type":"EntryPoint","urlTemplate":"https:\/\/www.visit-ulcinj.com\/blog\/?s={search_term_string}"},"query-input":"required name=search_term_string"}],"inLanguage":"en-US"},{"@type":"ImageObject","inLanguage":"en-US","@id":"https:\/\/www.visit-ulcinj.com\/blog\/2013\/08\/27\/prirodna-albanija-u-funkciji-nato-kampanje\/#primaryimage","url":"https:\/\/www.visit-ulcinj.com\/blog\/wp-content\/uploads\/2013\/08\/cg-nato.jpg","contentUrl":"https:\/\/www.visit-ulcinj.com\/blog\/wp-content\/uploads\/2013\/08\/cg-nato.jpg","width":600,"height":310},{"@type":"WebPage","@id":"https:\/\/www.visit-ulcinj.com\/blog\/2013\/08\/27\/prirodna-albanija-u-funkciji-nato-kampanje\/#webpage","url":"https:\/\/www.visit-ulcinj.com\/blog\/2013\/08\/27\/prirodna-albanija-u-funkciji-nato-kampanje\/","name":"\u201ePrirodna Albanija\u201d u funkciji NATO kampanje - Lajme nga Ulqini","isPartOf":{"@id":"https:\/\/www.visit-ulcinj.com\/blog\/#website"},"primaryImageOfPage":{"@id":"https:\/\/www.visit-ulcinj.com\/blog\/2013\/08\/27\/prirodna-albanija-u-funkciji-nato-kampanje\/#primaryimage"},"datePublished":"2013-08-27T05:43:33+00:00","dateModified":"2013-08-27T05:43:33+00:00","author":{"@id":"https:\/\/www.visit-ulcinj.com\/blog\/#\/schema\/person\/dcab619c614d3038751c63bc2aadc06d"},"description":"Albanski istori\u010dar Ko\u010do Danaj i njegova peticija za stvaranje \u201ePrirodne Albanije\u201d, svjesno ili nesvjesno, uklopljeni su u najnoviju strategiju vje\u0161ta\u010dkog","breadcrumb":{"@id":"https:\/\/www.visit-ulcinj.com\/blog\/2013\/08\/27\/prirodna-albanija-u-funkciji-nato-kampanje\/#breadcrumb"},"inLanguage":"en-US","potentialAction":[{"@type":"ReadAction","target":["https:\/\/www.visit-ulcinj.com\/blog\/2013\/08\/27\/prirodna-albanija-u-funkciji-nato-kampanje\/"]}]},{"@type":"BreadcrumbList","@id":"https:\/\/www.visit-ulcinj.com\/blog\/2013\/08\/27\/prirodna-albanija-u-funkciji-nato-kampanje\/#breadcrumb","itemListElement":[{"@type":"ListItem","position":1,"name":"\u201ePrirodna Albanija\u201d u funkciji NATO kampanje"}]},{"@type":"Person","@id":"https:\/\/www.visit-ulcinj.com\/blog\/#\/schema\/person\/dcab619c614d3038751c63bc2aadc06d","name":"ulqini","sameAs":["http:\/\/www.visit-ulcinj.com"],"url":"https:\/\/www.visit-ulcinj.com\/blog\/author\/admin\/"}]}},"jetpack_featured_media_url":"","jetpack_sharing_enabled":true,"jetpack_shortlink":"https:\/\/wp.me\/pe6lTn-jlf","_links":{"self":[{"href":"https:\/\/www.visit-ulcinj.com\/blog\/wp-json\/wp\/v2\/posts\/74353"}],"collection":[{"href":"https:\/\/www.visit-ulcinj.com\/blog\/wp-json\/wp\/v2\/posts"}],"about":[{"href":"https:\/\/www.visit-ulcinj.com\/blog\/wp-json\/wp\/v2\/types\/post"}],"author":[{"embeddable":true,"href":"https:\/\/www.visit-ulcinj.com\/blog\/wp-json\/wp\/v2\/users\/1"}],"replies":[{"embeddable":true,"href":"https:\/\/www.visit-ulcinj.com\/blog\/wp-json\/wp\/v2\/comments?post=74353"}],"version-history":[{"count":1,"href":"https:\/\/www.visit-ulcinj.com\/blog\/wp-json\/wp\/v2\/posts\/74353\/revisions"}],"predecessor-version":[{"id":74355,"href":"https:\/\/www.visit-ulcinj.com\/blog\/wp-json\/wp\/v2\/posts\/74353\/revisions\/74355"}],"wp:attachment":[{"href":"https:\/\/www.visit-ulcinj.com\/blog\/wp-json\/wp\/v2\/media?parent=74353"}],"wp:term":[{"taxonomy":"category","embeddable":true,"href":"https:\/\/www.visit-ulcinj.com\/blog\/wp-json\/wp\/v2\/categories?post=74353"},{"taxonomy":"post_tag","embeddable":true,"href":"https:\/\/www.visit-ulcinj.com\/blog\/wp-json\/wp\/v2\/tags?post=74353"}],"curies":[{"name":"wp","href":"https:\/\/api.w.org\/{rel}","templated":true}]}}