{"id":74356,"date":"2013-08-27T07:03:52","date_gmt":"2013-08-27T06:03:52","guid":{"rendered":"http:\/\/www.visit-ulcinj.com\/blog\/?p=74356"},"modified":"2013-08-29T07:30:00","modified_gmt":"2013-08-29T06:30:00","slug":"rritet-numri-i-turisteve-ne-ulqin-pushuesit-gjejne-kushte-me-te-mira-e-pasterti-video","status":"publish","type":"post","link":"https:\/\/www.visit-ulcinj.com\/blog\/2013\/08\/27\/rritet-numri-i-turisteve-ne-ulqin-pushuesit-gjejne-kushte-me-te-mira-e-pasterti-video\/","title":{"rendered":"Rritet numri i turist\u00ebve n\u00eb Ulqin, pushuesit gjejn\u00eb kushte m\u00eb t\u00eb mira e past\u00ebrti &#8211; Video"},"content":{"rendered":"<p><a href=\"http:\/\/www.visit-ulcinj.com\/blog\/wp-content\/uploads\/2013\/08\/plazhi-i-ulqinit.jpg\"><img loading=\"lazy\" class=\"alignleft  wp-image-74357\" alt=\"plazhi i ulqinit\" src=\"http:\/\/www.visit-ulcinj.com\/blog\/wp-content\/uploads\/2013\/08\/plazhi-i-ulqinit.jpg\" width=\"508\" height=\"360\" \/><\/a>Komuna e Ulqinit ne Malin e Zi ka njohur nje rritje te numrit te turisteve gjate ketij sezoni. Nje fakt i tille eshte konfirmuar nga kryetari i saj, Nazif Cungu, i cili ka folur per ecurine e deritanishme te ketij sezoni, ku bazuar ne shifra evidentohet me se miri se sezoni aktual ka shenuar nje rritje te ndjeshme te numrit te turisteve krahasuar me nje vit me pare.<\/p>\n<p>Ulqini \u00ebsht\u00eb nj\u00eb nga qytetet m\u00eb t\u00eb vjetra n\u00eb bregdetin e Adriatikut dhe ka nj\u00eb histori t\u00eb lasht\u00eb.T\u00eb gjitha k\u00ebto detaje, por edhe mikpritja dhe bujaria e vendasve e bejne kete qytet nje nga me te preferuarit per turistet vendas dhe te huaj, duke e renditur ate nder qytetet me te bukura pergjate vijes bregdetare te Adriatikut.<\/p>\n<p>ORA NEWS<br \/>\n<iframe loading=\"lazy\" src=\"\/\/www.youtube.com\/embed\/LrXo_3KNZ_E\" height=\"360\" width=\"508\" allowfullscreen=\"\" frameborder=\"0\"><\/iframe><\/p>\n","protected":false},"excerpt":{"rendered":"<p>Komuna e Ulqinit ne Malin e Zi ka njohur nje rritje te numrit te turisteve gjate ketij sezoni. Nje fakt i tille eshte konfirmuar nga kryetari i saj, Nazif Cungu, i cili ka folur per ecurine e deritanishme te ketij sezoni, ku bazuar ne shifra evidentohet me se miri se sezoni aktual ka shenuar nje [&hellip;]<\/p>\n","protected":false},"author":1,"featured_media":0,"comment_status":"closed","ping_status":"closed","sticky":false,"template":"","format":"standard","meta":{"spay_email":"","jetpack_publicize_message":"","jetpack_is_tweetstorm":false,"jetpack_publicize_feature_enabled":true},"categories":[1,15],"tags":[],"jetpack_publicize_connections":[],"yoast_head":"<!-- This site is optimized with the Yoast SEO plugin v19.1 - https:\/\/yoast.com\/wordpress\/plugins\/seo\/ -->\n<title>Rritet numri i turist\u00ebve n\u00eb Ulqin, pushuesit gjejn\u00eb kushte m\u00eb t\u00eb mira e past\u00ebrti - Video - Lajme nga Ulqini<\/title>\n<meta name=\"description\" content=\"Komuna e Ulqinit ne Malin e Zi ka njohur nje rritje te numrit te turisteve gjate ketij sezoni. Nje fakt i tille eshte konfirmuar nga kryetari i saj, Nazif\" \/>\n<meta name=\"robots\" content=\"index, follow, max-snippet:-1, max-image-preview:large, max-video-preview:-1\" \/>\n<link rel=\"canonical\" href=\"https:\/\/www.visit-ulcinj.com\/blog\/2013\/08\/27\/rritet-numri-i-turisteve-ne-ulqin-pushuesit-gjejne-kushte-me-te-mira-e-pasterti-video\/\" \/>\n<meta property=\"og:locale\" content=\"en_US\" \/>\n<meta property=\"og:type\" content=\"article\" \/>\n<meta property=\"og:title\" content=\"Rritet numri i turist\u00ebve n\u00eb Ulqin, pushuesit gjejn\u00eb kushte m\u00eb t\u00eb mira e past\u00ebrti - Video - Lajme nga Ulqini\" \/>\n<meta property=\"og:description\" content=\"Komuna e Ulqinit ne Malin e Zi ka njohur nje rritje te numrit te turisteve gjate ketij sezoni. Nje fakt i tille eshte konfirmuar nga kryetari i saj, Nazif\" \/>\n<meta property=\"og:url\" content=\"https:\/\/www.visit-ulcinj.com\/blog\/2013\/08\/27\/rritet-numri-i-turisteve-ne-ulqin-pushuesit-gjejne-kushte-me-te-mira-e-pasterti-video\/\" \/>\n<meta property=\"og:site_name\" content=\"Lajme nga Ulqini\" \/>\n<meta property=\"article:published_time\" content=\"2013-08-27T06:03:52+00:00\" \/>\n<meta property=\"article:modified_time\" content=\"2013-08-29T06:30:00+00:00\" \/>\n<meta property=\"og:image\" content=\"http:\/\/www.visit-ulcinj.com\/blog\/wp-content\/uploads\/2013\/08\/plazhi-i-ulqinit.jpg\" \/>\n<meta name=\"twitter:label1\" content=\"Written by\" \/>\n\t<meta name=\"twitter:data1\" content=\"ulqini\" \/>\n\t<meta name=\"twitter:label2\" content=\"Est. reading time\" \/>\n\t<meta name=\"twitter:data2\" content=\"1 minute\" \/>\n<script type=\"application\/ld+json\" class=\"yoast-schema-graph\">{\"@context\":\"https:\/\/schema.org\",\"@graph\":[{\"@type\":\"WebSite\",\"@id\":\"https:\/\/www.visit-ulcinj.com\/blog\/#website\",\"url\":\"https:\/\/www.visit-ulcinj.com\/blog\/\",\"name\":\"Lajme nga Ulqini\",\"description\":\"Lajme,Vijesti,Ulqini,Ulqin,Crna Gora,Mali i Zi\",\"potentialAction\":[{\"@type\":\"SearchAction\",\"target\":{\"@type\":\"EntryPoint\",\"urlTemplate\":\"https:\/\/www.visit-ulcinj.com\/blog\/?s={search_term_string}\"},\"query-input\":\"required name=search_term_string\"}],\"inLanguage\":\"en-US\"},{\"@type\":\"ImageObject\",\"inLanguage\":\"en-US\",\"@id\":\"https:\/\/www.visit-ulcinj.com\/blog\/2013\/08\/27\/rritet-numri-i-turisteve-ne-ulqin-pushuesit-gjejne-kushte-me-te-mira-e-pasterti-video\/#primaryimage\",\"url\":\"https:\/\/www.visit-ulcinj.com\/blog\/wp-content\/uploads\/2013\/08\/plazhi-i-ulqinit.jpg\",\"contentUrl\":\"https:\/\/www.visit-ulcinj.com\/blog\/wp-content\/uploads\/2013\/08\/plazhi-i-ulqinit.jpg\",\"width\":600,\"height\":400},{\"@type\":\"WebPage\",\"@id\":\"https:\/\/www.visit-ulcinj.com\/blog\/2013\/08\/27\/rritet-numri-i-turisteve-ne-ulqin-pushuesit-gjejne-kushte-me-te-mira-e-pasterti-video\/#webpage\",\"url\":\"https:\/\/www.visit-ulcinj.com\/blog\/2013\/08\/27\/rritet-numri-i-turisteve-ne-ulqin-pushuesit-gjejne-kushte-me-te-mira-e-pasterti-video\/\",\"name\":\"Rritet numri i turist\u00ebve n\u00eb Ulqin, pushuesit gjejn\u00eb kushte m\u00eb t\u00eb mira e past\u00ebrti - Video - Lajme nga Ulqini\",\"isPartOf\":{\"@id\":\"https:\/\/www.visit-ulcinj.com\/blog\/#website\"},\"primaryImageOfPage\":{\"@id\":\"https:\/\/www.visit-ulcinj.com\/blog\/2013\/08\/27\/rritet-numri-i-turisteve-ne-ulqin-pushuesit-gjejne-kushte-me-te-mira-e-pasterti-video\/#primaryimage\"},\"datePublished\":\"2013-08-27T06:03:52+00:00\",\"dateModified\":\"2013-08-29T06:30:00+00:00\",\"author\":{\"@id\":\"https:\/\/www.visit-ulcinj.com\/blog\/#\/schema\/person\/dcab619c614d3038751c63bc2aadc06d\"},\"description\":\"Komuna e Ulqinit ne Malin e Zi ka njohur nje rritje te numrit te turisteve gjate ketij sezoni. Nje fakt i tille eshte konfirmuar nga kryetari i saj, Nazif\",\"breadcrumb\":{\"@id\":\"https:\/\/www.visit-ulcinj.com\/blog\/2013\/08\/27\/rritet-numri-i-turisteve-ne-ulqin-pushuesit-gjejne-kushte-me-te-mira-e-pasterti-video\/#breadcrumb\"},\"inLanguage\":\"en-US\",\"potentialAction\":[{\"@type\":\"ReadAction\",\"target\":[\"https:\/\/www.visit-ulcinj.com\/blog\/2013\/08\/27\/rritet-numri-i-turisteve-ne-ulqin-pushuesit-gjejne-kushte-me-te-mira-e-pasterti-video\/\"]}]},{\"@type\":\"BreadcrumbList\",\"@id\":\"https:\/\/www.visit-ulcinj.com\/blog\/2013\/08\/27\/rritet-numri-i-turisteve-ne-ulqin-pushuesit-gjejne-kushte-me-te-mira-e-pasterti-video\/#breadcrumb\",\"itemListElement\":[{\"@type\":\"ListItem\",\"position\":1,\"name\":\"Rritet numri i turist\u00ebve n\u00eb Ulqin, pushuesit gjejn\u00eb kushte m\u00eb t\u00eb mira e past\u00ebrti &#8211; Video\"}]},{\"@type\":\"Person\",\"@id\":\"https:\/\/www.visit-ulcinj.com\/blog\/#\/schema\/person\/dcab619c614d3038751c63bc2aadc06d\",\"name\":\"ulqini\",\"sameAs\":[\"http:\/\/www.visit-ulcinj.com\"],\"url\":\"https:\/\/www.visit-ulcinj.com\/blog\/author\/admin\/\"}]}<\/script>\n<!-- \/ Yoast SEO plugin. -->","yoast_head_json":{"title":"Rritet numri i turist\u00ebve n\u00eb Ulqin, pushuesit gjejn\u00eb kushte m\u00eb t\u00eb mira e past\u00ebrti - Video - Lajme nga Ulqini","description":"Komuna e Ulqinit ne Malin e Zi ka njohur nje rritje te numrit te turisteve gjate ketij sezoni. Nje fakt i tille eshte konfirmuar nga kryetari i saj, Nazif","robots":{"index":"index","follow":"follow","max-snippet":"max-snippet:-1","max-image-preview":"max-image-preview:large","max-video-preview":"max-video-preview:-1"},"canonical":"https:\/\/www.visit-ulcinj.com\/blog\/2013\/08\/27\/rritet-numri-i-turisteve-ne-ulqin-pushuesit-gjejne-kushte-me-te-mira-e-pasterti-video\/","og_locale":"en_US","og_type":"article","og_title":"Rritet numri i turist\u00ebve n\u00eb Ulqin, pushuesit gjejn\u00eb kushte m\u00eb t\u00eb mira e past\u00ebrti - Video - Lajme nga Ulqini","og_description":"Komuna e Ulqinit ne Malin e Zi ka njohur nje rritje te numrit te turisteve gjate ketij sezoni. Nje fakt i tille eshte konfirmuar nga kryetari i saj, Nazif","og_url":"https:\/\/www.visit-ulcinj.com\/blog\/2013\/08\/27\/rritet-numri-i-turisteve-ne-ulqin-pushuesit-gjejne-kushte-me-te-mira-e-pasterti-video\/","og_site_name":"Lajme nga Ulqini","article_published_time":"2013-08-27T06:03:52+00:00","article_modified_time":"2013-08-29T06:30:00+00:00","og_image":[{"url":"http:\/\/www.visit-ulcinj.com\/blog\/wp-content\/uploads\/2013\/08\/plazhi-i-ulqinit.jpg"}],"twitter_misc":{"Written by":"ulqini","Est. reading time":"1 minute"},"schema":{"@context":"https:\/\/schema.org","@graph":[{"@type":"WebSite","@id":"https:\/\/www.visit-ulcinj.com\/blog\/#website","url":"https:\/\/www.visit-ulcinj.com\/blog\/","name":"Lajme nga Ulqini","description":"Lajme,Vijesti,Ulqini,Ulqin,Crna Gora,Mali i Zi","potentialAction":[{"@type":"SearchAction","target":{"@type":"EntryPoint","urlTemplate":"https:\/\/www.visit-ulcinj.com\/blog\/?s={search_term_string}"},"query-input":"required name=search_term_string"}],"inLanguage":"en-US"},{"@type":"ImageObject","inLanguage":"en-US","@id":"https:\/\/www.visit-ulcinj.com\/blog\/2013\/08\/27\/rritet-numri-i-turisteve-ne-ulqin-pushuesit-gjejne-kushte-me-te-mira-e-pasterti-video\/#primaryimage","url":"https:\/\/www.visit-ulcinj.com\/blog\/wp-content\/uploads\/2013\/08\/plazhi-i-ulqinit.jpg","contentUrl":"https:\/\/www.visit-ulcinj.com\/blog\/wp-content\/uploads\/2013\/08\/plazhi-i-ulqinit.jpg","width":600,"height":400},{"@type":"WebPage","@id":"https:\/\/www.visit-ulcinj.com\/blog\/2013\/08\/27\/rritet-numri-i-turisteve-ne-ulqin-pushuesit-gjejne-kushte-me-te-mira-e-pasterti-video\/#webpage","url":"https:\/\/www.visit-ulcinj.com\/blog\/2013\/08\/27\/rritet-numri-i-turisteve-ne-ulqin-pushuesit-gjejne-kushte-me-te-mira-e-pasterti-video\/","name":"Rritet numri i turist\u00ebve n\u00eb Ulqin, pushuesit gjejn\u00eb kushte m\u00eb t\u00eb mira e past\u00ebrti - Video - Lajme nga Ulqini","isPartOf":{"@id":"https:\/\/www.visit-ulcinj.com\/blog\/#website"},"primaryImageOfPage":{"@id":"https:\/\/www.visit-ulcinj.com\/blog\/2013\/08\/27\/rritet-numri-i-turisteve-ne-ulqin-pushuesit-gjejne-kushte-me-te-mira-e-pasterti-video\/#primaryimage"},"datePublished":"2013-08-27T06:03:52+00:00","dateModified":"2013-08-29T06:30:00+00:00","author":{"@id":"https:\/\/www.visit-ulcinj.com\/blog\/#\/schema\/person\/dcab619c614d3038751c63bc2aadc06d"},"description":"Komuna e Ulqinit ne Malin e Zi ka njohur nje rritje te numrit te turisteve gjate ketij sezoni. Nje fakt i tille eshte konfirmuar nga kryetari i saj, Nazif","breadcrumb":{"@id":"https:\/\/www.visit-ulcinj.com\/blog\/2013\/08\/27\/rritet-numri-i-turisteve-ne-ulqin-pushuesit-gjejne-kushte-me-te-mira-e-pasterti-video\/#breadcrumb"},"inLanguage":"en-US","potentialAction":[{"@type":"ReadAction","target":["https:\/\/www.visit-ulcinj.com\/blog\/2013\/08\/27\/rritet-numri-i-turisteve-ne-ulqin-pushuesit-gjejne-kushte-me-te-mira-e-pasterti-video\/"]}]},{"@type":"BreadcrumbList","@id":"https:\/\/www.visit-ulcinj.com\/blog\/2013\/08\/27\/rritet-numri-i-turisteve-ne-ulqin-pushuesit-gjejne-kushte-me-te-mira-e-pasterti-video\/#breadcrumb","itemListElement":[{"@type":"ListItem","position":1,"name":"Rritet numri i turist\u00ebve n\u00eb Ulqin, pushuesit gjejn\u00eb kushte m\u00eb t\u00eb mira e past\u00ebrti &#8211; Video"}]},{"@type":"Person","@id":"https:\/\/www.visit-ulcinj.com\/blog\/#\/schema\/person\/dcab619c614d3038751c63bc2aadc06d","name":"ulqini","sameAs":["http:\/\/www.visit-ulcinj.com"],"url":"https:\/\/www.visit-ulcinj.com\/blog\/author\/admin\/"}]}},"jetpack_featured_media_url":"","jetpack_sharing_enabled":true,"jetpack_shortlink":"https:\/\/wp.me\/pe6lTn-jli","_links":{"self":[{"href":"https:\/\/www.visit-ulcinj.com\/blog\/wp-json\/wp\/v2\/posts\/74356"}],"collection":[{"href":"https:\/\/www.visit-ulcinj.com\/blog\/wp-json\/wp\/v2\/posts"}],"about":[{"href":"https:\/\/www.visit-ulcinj.com\/blog\/wp-json\/wp\/v2\/types\/post"}],"author":[{"embeddable":true,"href":"https:\/\/www.visit-ulcinj.com\/blog\/wp-json\/wp\/v2\/users\/1"}],"replies":[{"embeddable":true,"href":"https:\/\/www.visit-ulcinj.com\/blog\/wp-json\/wp\/v2\/comments?post=74356"}],"version-history":[{"count":6,"href":"https:\/\/www.visit-ulcinj.com\/blog\/wp-json\/wp\/v2\/posts\/74356\/revisions"}],"predecessor-version":[{"id":74423,"href":"https:\/\/www.visit-ulcinj.com\/blog\/wp-json\/wp\/v2\/posts\/74356\/revisions\/74423"}],"wp:attachment":[{"href":"https:\/\/www.visit-ulcinj.com\/blog\/wp-json\/wp\/v2\/media?parent=74356"}],"wp:term":[{"taxonomy":"category","embeddable":true,"href":"https:\/\/www.visit-ulcinj.com\/blog\/wp-json\/wp\/v2\/categories?post=74356"},{"taxonomy":"post_tag","embeddable":true,"href":"https:\/\/www.visit-ulcinj.com\/blog\/wp-json\/wp\/v2\/tags?post=74356"}],"curies":[{"name":"wp","href":"https:\/\/api.w.org\/{rel}","templated":true}]}}