{"id":74360,"date":"2013-08-27T07:38:16","date_gmt":"2013-08-27T06:38:16","guid":{"rendered":"http:\/\/www.visit-ulcinj.com\/blog\/?p=74360"},"modified":"2013-08-27T07:43:04","modified_gmt":"2013-08-27T06:43:04","slug":"nora-blen-vile-ne-ulqin","status":"publish","type":"post","link":"https:\/\/www.visit-ulcinj.com\/blog\/2013\/08\/27\/nora-blen-vile-ne-ulqin\/","title":{"rendered":"Nora blen vil\u00eb n\u00eb Ulqin"},"content":{"rendered":"<p>Pas Rita Or\u00ebs, me vil\u00eb n\u00eb Ulqin b\u00ebhet edhe k\u00ebng\u00ebtarja e mir\u00ebnjohur Nora Istrefi.<\/p>\n<p>Duket se angazhimi i saj n\u00eb muzik\u00eb i ka sjell p\u00ebrfitime t\u00eb k\u00ebnaqshme. Pas Rita Or\u00ebs, me vil\u00eb n\u00eb Ulqin b\u00ebhet edhe k\u00ebng\u00ebtarja e mir\u00ebnjohur Nora Istrefi.<\/p>\n<p><a href=\"http:\/\/www.visit-ulcinj.com\/blog\/wp-content\/uploads\/2013\/08\/Noraistrefi.jpg\"><img loading=\"lazy\" class=\"alignleft  wp-image-74362\" alt=\"Noraistrefi\" src=\"http:\/\/www.visit-ulcinj.com\/blog\/wp-content\/uploads\/2013\/08\/Noraistrefi.jpg\" width=\"508\" height=\"600\" \/><\/a><\/p>\n<p>Burime t\u00eb af\u00ebrta me k\u00ebng\u00ebtaren prishtinase kan\u00eb b\u00ebr\u00eb me dije se Nora dhe Roberti kan\u00eb bler\u00eb vil\u00eb n\u00eb Ulqin, nd\u00ebrsa kjo \u00ebsht\u00eb nj\u00eb tjet\u00ebr d\u00ebshmi q\u00eb \u00e7ifti jan\u00eb bashk\u00eb dhe t\u00eb lumtur.<\/p>\n<p><a href=\"http:\/\/www.visit-ulcinj.com\/blog\/wp-content\/uploads\/2013\/08\/Noraistrefi-dolcinium.jpg\"><img loading=\"lazy\" class=\"alignleft  wp-image-74363\" alt=\"Noraistrefi-dolcinium\" src=\"http:\/\/www.visit-ulcinj.com\/blog\/wp-content\/uploads\/2013\/08\/Noraistrefi-dolcinium.jpg\" width=\"508\" height=\"400\" \/><\/a><\/p>\n<p>P\u00ebr ndryshe nga Ora e cila ka zgjedhur pjes\u00ebn e Bun\u00ebs, Nora ka preferuar Galebin e Ulqinit. Nderkohe Nora po vazhdon fuqish\u00ebm t\u00eb prezantoj\u00eb muzik\u00ebn e saj n\u00ebp\u00ebr mbr\u00ebmje t\u00eb ndryshme muzikore, n\u00eb turneun q\u00eb nisi menj\u00ebher\u00eb pas lansimit t\u00eb duetit \u201cLe Mama\u201d.<\/p>\n<p>Gazeta Shqip<br \/>\n<iframe loading=\"lazy\" width=\"508\" height=\"360\" src=\"\/\/www.youtube.com\/embed\/N7-Ivt3cn08\" frameborder=\"0\" allowfullscreen><\/iframe><\/p>\n","protected":false},"excerpt":{"rendered":"<p>Pas Rita Or\u00ebs, me vil\u00eb n\u00eb Ulqin b\u00ebhet edhe k\u00ebng\u00ebtarja e mir\u00ebnjohur Nora Istrefi. Duket se angazhimi i saj n\u00eb muzik\u00eb i ka sjell p\u00ebrfitime t\u00eb k\u00ebnaqshme. Pas Rita Or\u00ebs, me vil\u00eb n\u00eb Ulqin b\u00ebhet edhe k\u00ebng\u00ebtarja e mir\u00ebnjohur Nora Istrefi. Burime t\u00eb af\u00ebrta me k\u00ebng\u00ebtaren prishtinase kan\u00eb b\u00ebr\u00eb me dije se Nora dhe Roberti [&hellip;]<\/p>\n","protected":false},"author":1,"featured_media":0,"comment_status":"closed","ping_status":"closed","sticky":false,"template":"","format":"standard","meta":{"spay_email":"","jetpack_publicize_message":"","jetpack_is_tweetstorm":false,"jetpack_publicize_feature_enabled":true},"categories":[1],"tags":[],"jetpack_publicize_connections":[],"yoast_head":"<!-- This site is optimized with the Yoast SEO plugin v19.1 - https:\/\/yoast.com\/wordpress\/plugins\/seo\/ -->\n<title>Nora blen vil\u00eb n\u00eb Ulqin - Lajme nga Ulqini<\/title>\n<meta name=\"description\" content=\"Pas Rita Or\u00ebs, me vil\u00eb n\u00eb Ulqin b\u00ebhet edhe k\u00ebng\u00ebtarja e mir\u00ebnjohur Nora Istrefi. Duket se angazhimi i saj n\u00eb muzik\u00eb i ka sjell p\u00ebrfitime t\u00eb k\u00ebnaqshme. Pas\" \/>\n<meta name=\"robots\" content=\"index, follow, max-snippet:-1, max-image-preview:large, max-video-preview:-1\" \/>\n<link rel=\"canonical\" href=\"https:\/\/www.visit-ulcinj.com\/blog\/2013\/08\/27\/nora-blen-vile-ne-ulqin\/\" \/>\n<meta property=\"og:locale\" content=\"en_US\" \/>\n<meta property=\"og:type\" content=\"article\" \/>\n<meta property=\"og:title\" content=\"Nora blen vil\u00eb n\u00eb Ulqin - Lajme nga Ulqini\" \/>\n<meta property=\"og:description\" content=\"Pas Rita Or\u00ebs, me vil\u00eb n\u00eb Ulqin b\u00ebhet edhe k\u00ebng\u00ebtarja e mir\u00ebnjohur Nora Istrefi. Duket se angazhimi i saj n\u00eb muzik\u00eb i ka sjell p\u00ebrfitime t\u00eb k\u00ebnaqshme. Pas\" \/>\n<meta property=\"og:url\" content=\"https:\/\/www.visit-ulcinj.com\/blog\/2013\/08\/27\/nora-blen-vile-ne-ulqin\/\" \/>\n<meta property=\"og:site_name\" content=\"Lajme nga Ulqini\" \/>\n<meta property=\"article:published_time\" content=\"2013-08-27T06:38:16+00:00\" \/>\n<meta property=\"article:modified_time\" content=\"2013-08-27T06:43:04+00:00\" \/>\n<meta property=\"og:image\" content=\"http:\/\/www.visit-ulcinj.com\/blog\/wp-content\/uploads\/2013\/08\/Noraistrefi.jpg\" \/>\n<meta name=\"twitter:label1\" content=\"Written by\" \/>\n\t<meta name=\"twitter:data1\" content=\"ulqini\" \/>\n\t<meta name=\"twitter:label2\" content=\"Est. reading time\" \/>\n\t<meta name=\"twitter:data2\" content=\"1 minute\" \/>\n<script type=\"application\/ld+json\" class=\"yoast-schema-graph\">{\"@context\":\"https:\/\/schema.org\",\"@graph\":[{\"@type\":\"WebSite\",\"@id\":\"https:\/\/www.visit-ulcinj.com\/blog\/#website\",\"url\":\"https:\/\/www.visit-ulcinj.com\/blog\/\",\"name\":\"Lajme nga Ulqini\",\"description\":\"Lajme,Vijesti,Ulqini,Ulqin,Crna Gora,Mali i Zi\",\"potentialAction\":[{\"@type\":\"SearchAction\",\"target\":{\"@type\":\"EntryPoint\",\"urlTemplate\":\"https:\/\/www.visit-ulcinj.com\/blog\/?s={search_term_string}\"},\"query-input\":\"required name=search_term_string\"}],\"inLanguage\":\"en-US\"},{\"@type\":\"ImageObject\",\"inLanguage\":\"en-US\",\"@id\":\"https:\/\/www.visit-ulcinj.com\/blog\/2013\/08\/27\/nora-blen-vile-ne-ulqin\/#primaryimage\",\"url\":\"http:\/\/www.visit-ulcinj.com\/blog\/wp-content\/uploads\/2013\/08\/Noraistrefi.jpg\",\"contentUrl\":\"http:\/\/www.visit-ulcinj.com\/blog\/wp-content\/uploads\/2013\/08\/Noraistrefi.jpg\"},{\"@type\":\"WebPage\",\"@id\":\"https:\/\/www.visit-ulcinj.com\/blog\/2013\/08\/27\/nora-blen-vile-ne-ulqin\/#webpage\",\"url\":\"https:\/\/www.visit-ulcinj.com\/blog\/2013\/08\/27\/nora-blen-vile-ne-ulqin\/\",\"name\":\"Nora blen vil\u00eb n\u00eb Ulqin - Lajme nga Ulqini\",\"isPartOf\":{\"@id\":\"https:\/\/www.visit-ulcinj.com\/blog\/#website\"},\"primaryImageOfPage\":{\"@id\":\"https:\/\/www.visit-ulcinj.com\/blog\/2013\/08\/27\/nora-blen-vile-ne-ulqin\/#primaryimage\"},\"datePublished\":\"2013-08-27T06:38:16+00:00\",\"dateModified\":\"2013-08-27T06:43:04+00:00\",\"author\":{\"@id\":\"https:\/\/www.visit-ulcinj.com\/blog\/#\/schema\/person\/dcab619c614d3038751c63bc2aadc06d\"},\"description\":\"Pas Rita Or\u00ebs, me vil\u00eb n\u00eb Ulqin b\u00ebhet edhe k\u00ebng\u00ebtarja e mir\u00ebnjohur Nora Istrefi. Duket se angazhimi i saj n\u00eb muzik\u00eb i ka sjell p\u00ebrfitime t\u00eb k\u00ebnaqshme. Pas\",\"breadcrumb\":{\"@id\":\"https:\/\/www.visit-ulcinj.com\/blog\/2013\/08\/27\/nora-blen-vile-ne-ulqin\/#breadcrumb\"},\"inLanguage\":\"en-US\",\"potentialAction\":[{\"@type\":\"ReadAction\",\"target\":[\"https:\/\/www.visit-ulcinj.com\/blog\/2013\/08\/27\/nora-blen-vile-ne-ulqin\/\"]}]},{\"@type\":\"BreadcrumbList\",\"@id\":\"https:\/\/www.visit-ulcinj.com\/blog\/2013\/08\/27\/nora-blen-vile-ne-ulqin\/#breadcrumb\",\"itemListElement\":[{\"@type\":\"ListItem\",\"position\":1,\"name\":\"Nora blen vil\u00eb n\u00eb Ulqin\"}]},{\"@type\":\"Person\",\"@id\":\"https:\/\/www.visit-ulcinj.com\/blog\/#\/schema\/person\/dcab619c614d3038751c63bc2aadc06d\",\"name\":\"ulqini\",\"sameAs\":[\"http:\/\/www.visit-ulcinj.com\"],\"url\":\"https:\/\/www.visit-ulcinj.com\/blog\/author\/admin\/\"}]}<\/script>\n<!-- \/ Yoast SEO plugin. -->","yoast_head_json":{"title":"Nora blen vil\u00eb n\u00eb Ulqin - Lajme nga Ulqini","description":"Pas Rita Or\u00ebs, me vil\u00eb n\u00eb Ulqin b\u00ebhet edhe k\u00ebng\u00ebtarja e mir\u00ebnjohur Nora Istrefi. Duket se angazhimi i saj n\u00eb muzik\u00eb i ka sjell p\u00ebrfitime t\u00eb k\u00ebnaqshme. Pas","robots":{"index":"index","follow":"follow","max-snippet":"max-snippet:-1","max-image-preview":"max-image-preview:large","max-video-preview":"max-video-preview:-1"},"canonical":"https:\/\/www.visit-ulcinj.com\/blog\/2013\/08\/27\/nora-blen-vile-ne-ulqin\/","og_locale":"en_US","og_type":"article","og_title":"Nora blen vil\u00eb n\u00eb Ulqin - Lajme nga Ulqini","og_description":"Pas Rita Or\u00ebs, me vil\u00eb n\u00eb Ulqin b\u00ebhet edhe k\u00ebng\u00ebtarja e mir\u00ebnjohur Nora Istrefi. Duket se angazhimi i saj n\u00eb muzik\u00eb i ka sjell p\u00ebrfitime t\u00eb k\u00ebnaqshme. Pas","og_url":"https:\/\/www.visit-ulcinj.com\/blog\/2013\/08\/27\/nora-blen-vile-ne-ulqin\/","og_site_name":"Lajme nga Ulqini","article_published_time":"2013-08-27T06:38:16+00:00","article_modified_time":"2013-08-27T06:43:04+00:00","og_image":[{"url":"http:\/\/www.visit-ulcinj.com\/blog\/wp-content\/uploads\/2013\/08\/Noraistrefi.jpg"}],"twitter_misc":{"Written by":"ulqini","Est. reading time":"1 minute"},"schema":{"@context":"https:\/\/schema.org","@graph":[{"@type":"WebSite","@id":"https:\/\/www.visit-ulcinj.com\/blog\/#website","url":"https:\/\/www.visit-ulcinj.com\/blog\/","name":"Lajme nga Ulqini","description":"Lajme,Vijesti,Ulqini,Ulqin,Crna Gora,Mali i Zi","potentialAction":[{"@type":"SearchAction","target":{"@type":"EntryPoint","urlTemplate":"https:\/\/www.visit-ulcinj.com\/blog\/?s={search_term_string}"},"query-input":"required name=search_term_string"}],"inLanguage":"en-US"},{"@type":"ImageObject","inLanguage":"en-US","@id":"https:\/\/www.visit-ulcinj.com\/blog\/2013\/08\/27\/nora-blen-vile-ne-ulqin\/#primaryimage","url":"http:\/\/www.visit-ulcinj.com\/blog\/wp-content\/uploads\/2013\/08\/Noraistrefi.jpg","contentUrl":"http:\/\/www.visit-ulcinj.com\/blog\/wp-content\/uploads\/2013\/08\/Noraistrefi.jpg"},{"@type":"WebPage","@id":"https:\/\/www.visit-ulcinj.com\/blog\/2013\/08\/27\/nora-blen-vile-ne-ulqin\/#webpage","url":"https:\/\/www.visit-ulcinj.com\/blog\/2013\/08\/27\/nora-blen-vile-ne-ulqin\/","name":"Nora blen vil\u00eb n\u00eb Ulqin - Lajme nga Ulqini","isPartOf":{"@id":"https:\/\/www.visit-ulcinj.com\/blog\/#website"},"primaryImageOfPage":{"@id":"https:\/\/www.visit-ulcinj.com\/blog\/2013\/08\/27\/nora-blen-vile-ne-ulqin\/#primaryimage"},"datePublished":"2013-08-27T06:38:16+00:00","dateModified":"2013-08-27T06:43:04+00:00","author":{"@id":"https:\/\/www.visit-ulcinj.com\/blog\/#\/schema\/person\/dcab619c614d3038751c63bc2aadc06d"},"description":"Pas Rita Or\u00ebs, me vil\u00eb n\u00eb Ulqin b\u00ebhet edhe k\u00ebng\u00ebtarja e mir\u00ebnjohur Nora Istrefi. Duket se angazhimi i saj n\u00eb muzik\u00eb i ka sjell p\u00ebrfitime t\u00eb k\u00ebnaqshme. Pas","breadcrumb":{"@id":"https:\/\/www.visit-ulcinj.com\/blog\/2013\/08\/27\/nora-blen-vile-ne-ulqin\/#breadcrumb"},"inLanguage":"en-US","potentialAction":[{"@type":"ReadAction","target":["https:\/\/www.visit-ulcinj.com\/blog\/2013\/08\/27\/nora-blen-vile-ne-ulqin\/"]}]},{"@type":"BreadcrumbList","@id":"https:\/\/www.visit-ulcinj.com\/blog\/2013\/08\/27\/nora-blen-vile-ne-ulqin\/#breadcrumb","itemListElement":[{"@type":"ListItem","position":1,"name":"Nora blen vil\u00eb n\u00eb Ulqin"}]},{"@type":"Person","@id":"https:\/\/www.visit-ulcinj.com\/blog\/#\/schema\/person\/dcab619c614d3038751c63bc2aadc06d","name":"ulqini","sameAs":["http:\/\/www.visit-ulcinj.com"],"url":"https:\/\/www.visit-ulcinj.com\/blog\/author\/admin\/"}]}},"jetpack_featured_media_url":"","jetpack_sharing_enabled":true,"jetpack_shortlink":"https:\/\/wp.me\/pe6lTn-jlm","_links":{"self":[{"href":"https:\/\/www.visit-ulcinj.com\/blog\/wp-json\/wp\/v2\/posts\/74360"}],"collection":[{"href":"https:\/\/www.visit-ulcinj.com\/blog\/wp-json\/wp\/v2\/posts"}],"about":[{"href":"https:\/\/www.visit-ulcinj.com\/blog\/wp-json\/wp\/v2\/types\/post"}],"author":[{"embeddable":true,"href":"https:\/\/www.visit-ulcinj.com\/blog\/wp-json\/wp\/v2\/users\/1"}],"replies":[{"embeddable":true,"href":"https:\/\/www.visit-ulcinj.com\/blog\/wp-json\/wp\/v2\/comments?post=74360"}],"version-history":[{"count":2,"href":"https:\/\/www.visit-ulcinj.com\/blog\/wp-json\/wp\/v2\/posts\/74360\/revisions"}],"predecessor-version":[{"id":74365,"href":"https:\/\/www.visit-ulcinj.com\/blog\/wp-json\/wp\/v2\/posts\/74360\/revisions\/74365"}],"wp:attachment":[{"href":"https:\/\/www.visit-ulcinj.com\/blog\/wp-json\/wp\/v2\/media?parent=74360"}],"wp:term":[{"taxonomy":"category","embeddable":true,"href":"https:\/\/www.visit-ulcinj.com\/blog\/wp-json\/wp\/v2\/categories?post=74360"},{"taxonomy":"post_tag","embeddable":true,"href":"https:\/\/www.visit-ulcinj.com\/blog\/wp-json\/wp\/v2\/tags?post=74360"}],"curies":[{"name":"wp","href":"https:\/\/api.w.org\/{rel}","templated":true}]}}