{"id":74370,"date":"2013-08-27T08:05:03","date_gmt":"2013-08-27T07:05:03","guid":{"rendered":"http:\/\/www.visit-ulcinj.com\/blog\/?p=74370"},"modified":"2016-03-21T21:25:03","modified_gmt":"2016-03-21T20:25:03","slug":"hotel-mediteran-top-channel-ne-bashkepunim","status":"publish","type":"post","link":"https:\/\/www.visit-ulcinj.com\/blog\/2013\/08\/27\/hotel-mediteran-top-channel-ne-bashkepunim\/","title":{"rendered":"Hotel Mediteran &#038; Top Channel n\u00eb bashk\u00ebpunim"},"content":{"rendered":"<p><a href=\"http:\/\/www.visit-ulcinj.com\/blog\/wp-content\/uploads\/2013\/08\/Selatin-GjeloshiDrejtor-i-Hotel-Mediteran-Ulqin.jpg\"><img loading=\"lazy\" class=\"alignleft size-full wp-image-74371\" src=\"http:\/\/www.visit-ulcinj.com\/blog\/wp-content\/uploads\/2013\/08\/Selatin-GjeloshiDrejtor-i-Hotel-Mediteran-Ulqin.jpg\" alt=\"Selatin-GjeloshiDrejtor-i-Hotel-Mediteran-Ulqin\" width=\"508\" height=\"366\" srcset=\"https:\/\/www.visit-ulcinj.com\/blog\/wp-content\/uploads\/2013\/08\/Selatin-GjeloshiDrejtor-i-Hotel-Mediteran-Ulqin.jpg 508w, https:\/\/www.visit-ulcinj.com\/blog\/wp-content\/uploads\/2013\/08\/Selatin-GjeloshiDrejtor-i-Hotel-Mediteran-Ulqin-300x216.jpg 300w\" sizes=\"(max-width: 508px) 100vw, 508px\" \/><\/a>Esht\u00eb k\u00ebnaq\u00ebsi kur turist\u00ebt nga Shqip\u00ebrija regjistrohen tek recepsioni dhe tregojn\u00eb q\u00eb jan\u00eb njoftuar p\u00ebr Hotelin dhe ofertat e tij n\u00eb televizorin prestigjoz Top Channel \u2013 shprehet drejtori Selatin Gjeloshi. Hotel Mediteran ka t\u00ebrhequr edhe k\u00ebt\u00eb prizem t\u00eb turizmit duke perdorur si ambasadort sh\u00ebrbimin cil\u00ebsor dhe profesional. Reklama e Hotelit ka nj\u00eb muaj q\u00eb \u00ebsht\u00eb n\u00eb transmetim t\u00eb rregullt cdo dit\u00eb para lajmeve t\u00eb ores 22.30 n\u00eb T.CH.<\/p>\n<p><a href=\"http:\/\/www.visit-ulcinj.com\/blog\/wp-content\/uploads\/2013\/08\/hotemediteran-ekipitopchannel.jpg\"><img loading=\"lazy\" class=\"alignleft  wp-image-74374\" src=\"http:\/\/www.visit-ulcinj.com\/blog\/wp-content\/uploads\/2013\/08\/hotemediteran-ekipitopchannel.jpg\" alt=\"hotemediteran-ekipitopchannel\" width=\"508\" height=\"360\" \/><\/a><\/p>\n<p>Ky ka qen\u00eb dhe esht\u00eb bashk\u00ebpunimi m\u00eb I redesish\u00ebm q\u00eb na ka ber\u00eb q\u00eb ne si hotel t\u00eb dep\u00ebrtjm\u00eb n\u00eb tregun e Shqip\u00ebris\u00eb.<br \/>\nGjat\u00eb net\u00ebve t\u00eb Summer Fest, Hoteli ka mir\u00ebprit stafin e televizjonit sebashku me kengetaret dhe artist\u00ebt e famsh\u00ebn t\u00eb cilet kan\u00eb qen\u00eb pjes\u00eb e k\u00ebtij formati. Hotel Mediteran \u00ebsht\u00eb prezantuar sponsor hoteljer dhe \u00ebsht\u00eb faleminderuar p\u00ebr mik\u00ebpritjen gjat\u00eb koncertit. Hoteli ju ka asistuar n\u00eb shum\u00eb m\u00ebnyra, nj\u00eb nga ato ishte duke ju rregulluar sallen per makijazh dhe rregullime para spektaklit.<br \/>\nArtistet , ku nga t\u00eb cilet disa kan\u00eb qen\u00eb p\u00ebr here t\u00eb pare n\u00eb Ulqin shprehen deshir\u00ebn p\u00ebr tu ktyer dhe shijuar plazhin, bukurit\u00eb natyrore, sported ujore, jet\u00ebn e nat\u00ebs dhe gjithashtu sh\u00ebrbimet cilesore te Hotelit Mediteran.<\/p>\n<p>&nbsp;<\/p>\n","protected":false},"excerpt":{"rendered":"<p>Esht\u00eb k\u00ebnaq\u00ebsi kur turist\u00ebt nga Shqip\u00ebrija regjistrohen tek recepsioni dhe tregojn\u00eb q\u00eb jan\u00eb njoftuar p\u00ebr Hotelin dhe ofertat e tij n\u00eb televizorin prestigjoz Top Channel \u2013 shprehet drejtori Selatin Gjeloshi. Hotel Mediteran ka t\u00ebrhequr edhe k\u00ebt\u00eb prizem t\u00eb turizmit duke perdorur si ambasadort sh\u00ebrbimin cil\u00ebsor dhe profesional. Reklama e Hotelit ka nj\u00eb muaj q\u00eb \u00ebsht\u00eb [&hellip;]<\/p>\n","protected":false},"author":1,"featured_media":0,"comment_status":"closed","ping_status":"closed","sticky":false,"template":"","format":"standard","meta":{"spay_email":"","jetpack_publicize_message":"","jetpack_is_tweetstorm":false,"jetpack_publicize_feature_enabled":true},"categories":[13],"tags":[],"jetpack_publicize_connections":[],"yoast_head":"<!-- This site is optimized with the Yoast SEO plugin v19.1 - https:\/\/yoast.com\/wordpress\/plugins\/seo\/ -->\n<title>Hotel Mediteran &amp; Top Channel n\u00eb bashk\u00ebpunim - Lajme nga Ulqini<\/title>\n<meta name=\"description\" content=\"Esht\u00eb k\u00ebnaq\u00ebsi kur turist\u00ebt nga Shqip\u00ebrija regjistrohen tek recepsioni dhe tregojn\u00eb q\u00eb jan\u00eb njoftuar p\u00ebr Hotelin dhe ofertat e tij n\u00eb televizorin\" \/>\n<meta name=\"robots\" content=\"index, follow, max-snippet:-1, max-image-preview:large, max-video-preview:-1\" \/>\n<link rel=\"canonical\" href=\"https:\/\/www.visit-ulcinj.com\/blog\/2013\/08\/27\/hotel-mediteran-top-channel-ne-bashkepunim\/\" \/>\n<meta property=\"og:locale\" content=\"en_US\" \/>\n<meta property=\"og:type\" content=\"article\" \/>\n<meta property=\"og:title\" content=\"Hotel Mediteran &amp; Top Channel n\u00eb bashk\u00ebpunim - Lajme nga Ulqini\" \/>\n<meta property=\"og:description\" content=\"Esht\u00eb k\u00ebnaq\u00ebsi kur turist\u00ebt nga Shqip\u00ebrija regjistrohen tek recepsioni dhe tregojn\u00eb q\u00eb jan\u00eb njoftuar p\u00ebr Hotelin dhe ofertat e tij n\u00eb televizorin\" \/>\n<meta property=\"og:url\" content=\"https:\/\/www.visit-ulcinj.com\/blog\/2013\/08\/27\/hotel-mediteran-top-channel-ne-bashkepunim\/\" \/>\n<meta property=\"og:site_name\" content=\"Lajme nga Ulqini\" \/>\n<meta property=\"article:published_time\" content=\"2013-08-27T07:05:03+00:00\" \/>\n<meta property=\"article:modified_time\" content=\"2016-03-21T20:25:03+00:00\" \/>\n<meta property=\"og:image\" content=\"http:\/\/www.visit-ulcinj.com\/blog\/wp-content\/uploads\/2013\/08\/Selatin-GjeloshiDrejtor-i-Hotel-Mediteran-Ulqin.jpg\" \/>\n<meta name=\"twitter:label1\" content=\"Written by\" \/>\n\t<meta name=\"twitter:data1\" content=\"ulqini\" \/>\n\t<meta name=\"twitter:label2\" content=\"Est. reading time\" \/>\n\t<meta name=\"twitter:data2\" content=\"1 minute\" \/>\n<script type=\"application\/ld+json\" class=\"yoast-schema-graph\">{\"@context\":\"https:\/\/schema.org\",\"@graph\":[{\"@type\":\"WebSite\",\"@id\":\"https:\/\/www.visit-ulcinj.com\/blog\/#website\",\"url\":\"https:\/\/www.visit-ulcinj.com\/blog\/\",\"name\":\"Lajme nga Ulqini\",\"description\":\"Lajme,Vijesti,Ulqini,Ulqin,Crna Gora,Mali i Zi\",\"potentialAction\":[{\"@type\":\"SearchAction\",\"target\":{\"@type\":\"EntryPoint\",\"urlTemplate\":\"https:\/\/www.visit-ulcinj.com\/blog\/?s={search_term_string}\"},\"query-input\":\"required name=search_term_string\"}],\"inLanguage\":\"en-US\"},{\"@type\":\"ImageObject\",\"inLanguage\":\"en-US\",\"@id\":\"https:\/\/www.visit-ulcinj.com\/blog\/2013\/08\/27\/hotel-mediteran-top-channel-ne-bashkepunim\/#primaryimage\",\"url\":\"https:\/\/www.visit-ulcinj.com\/blog\/wp-content\/uploads\/2013\/08\/Selatin-GjeloshiDrejtor-i-Hotel-Mediteran-Ulqin.jpg\",\"contentUrl\":\"https:\/\/www.visit-ulcinj.com\/blog\/wp-content\/uploads\/2013\/08\/Selatin-GjeloshiDrejtor-i-Hotel-Mediteran-Ulqin.jpg\",\"width\":508,\"height\":366},{\"@type\":\"WebPage\",\"@id\":\"https:\/\/www.visit-ulcinj.com\/blog\/2013\/08\/27\/hotel-mediteran-top-channel-ne-bashkepunim\/#webpage\",\"url\":\"https:\/\/www.visit-ulcinj.com\/blog\/2013\/08\/27\/hotel-mediteran-top-channel-ne-bashkepunim\/\",\"name\":\"Hotel Mediteran & Top Channel n\u00eb bashk\u00ebpunim - Lajme nga Ulqini\",\"isPartOf\":{\"@id\":\"https:\/\/www.visit-ulcinj.com\/blog\/#website\"},\"primaryImageOfPage\":{\"@id\":\"https:\/\/www.visit-ulcinj.com\/blog\/2013\/08\/27\/hotel-mediteran-top-channel-ne-bashkepunim\/#primaryimage\"},\"datePublished\":\"2013-08-27T07:05:03+00:00\",\"dateModified\":\"2016-03-21T20:25:03+00:00\",\"author\":{\"@id\":\"https:\/\/www.visit-ulcinj.com\/blog\/#\/schema\/person\/dcab619c614d3038751c63bc2aadc06d\"},\"description\":\"Esht\u00eb k\u00ebnaq\u00ebsi kur turist\u00ebt nga Shqip\u00ebrija regjistrohen tek recepsioni dhe tregojn\u00eb q\u00eb jan\u00eb njoftuar p\u00ebr Hotelin dhe ofertat e tij n\u00eb televizorin\",\"breadcrumb\":{\"@id\":\"https:\/\/www.visit-ulcinj.com\/blog\/2013\/08\/27\/hotel-mediteran-top-channel-ne-bashkepunim\/#breadcrumb\"},\"inLanguage\":\"en-US\",\"potentialAction\":[{\"@type\":\"ReadAction\",\"target\":[\"https:\/\/www.visit-ulcinj.com\/blog\/2013\/08\/27\/hotel-mediteran-top-channel-ne-bashkepunim\/\"]}]},{\"@type\":\"BreadcrumbList\",\"@id\":\"https:\/\/www.visit-ulcinj.com\/blog\/2013\/08\/27\/hotel-mediteran-top-channel-ne-bashkepunim\/#breadcrumb\",\"itemListElement\":[{\"@type\":\"ListItem\",\"position\":1,\"name\":\"Hotel Mediteran &#038; Top Channel n\u00eb bashk\u00ebpunim\"}]},{\"@type\":\"Person\",\"@id\":\"https:\/\/www.visit-ulcinj.com\/blog\/#\/schema\/person\/dcab619c614d3038751c63bc2aadc06d\",\"name\":\"ulqini\",\"sameAs\":[\"http:\/\/www.visit-ulcinj.com\"],\"url\":\"https:\/\/www.visit-ulcinj.com\/blog\/author\/admin\/\"}]}<\/script>\n<!-- \/ Yoast SEO plugin. -->","yoast_head_json":{"title":"Hotel Mediteran & Top Channel n\u00eb bashk\u00ebpunim - Lajme nga Ulqini","description":"Esht\u00eb k\u00ebnaq\u00ebsi kur turist\u00ebt nga Shqip\u00ebrija regjistrohen tek recepsioni dhe tregojn\u00eb q\u00eb jan\u00eb njoftuar p\u00ebr Hotelin dhe ofertat e tij n\u00eb televizorin","robots":{"index":"index","follow":"follow","max-snippet":"max-snippet:-1","max-image-preview":"max-image-preview:large","max-video-preview":"max-video-preview:-1"},"canonical":"https:\/\/www.visit-ulcinj.com\/blog\/2013\/08\/27\/hotel-mediteran-top-channel-ne-bashkepunim\/","og_locale":"en_US","og_type":"article","og_title":"Hotel Mediteran & Top Channel n\u00eb bashk\u00ebpunim - Lajme nga Ulqini","og_description":"Esht\u00eb k\u00ebnaq\u00ebsi kur turist\u00ebt nga Shqip\u00ebrija regjistrohen tek recepsioni dhe tregojn\u00eb q\u00eb jan\u00eb njoftuar p\u00ebr Hotelin dhe ofertat e tij n\u00eb televizorin","og_url":"https:\/\/www.visit-ulcinj.com\/blog\/2013\/08\/27\/hotel-mediteran-top-channel-ne-bashkepunim\/","og_site_name":"Lajme nga Ulqini","article_published_time":"2013-08-27T07:05:03+00:00","article_modified_time":"2016-03-21T20:25:03+00:00","og_image":[{"url":"http:\/\/www.visit-ulcinj.com\/blog\/wp-content\/uploads\/2013\/08\/Selatin-GjeloshiDrejtor-i-Hotel-Mediteran-Ulqin.jpg"}],"twitter_misc":{"Written by":"ulqini","Est. reading time":"1 minute"},"schema":{"@context":"https:\/\/schema.org","@graph":[{"@type":"WebSite","@id":"https:\/\/www.visit-ulcinj.com\/blog\/#website","url":"https:\/\/www.visit-ulcinj.com\/blog\/","name":"Lajme nga Ulqini","description":"Lajme,Vijesti,Ulqini,Ulqin,Crna Gora,Mali i Zi","potentialAction":[{"@type":"SearchAction","target":{"@type":"EntryPoint","urlTemplate":"https:\/\/www.visit-ulcinj.com\/blog\/?s={search_term_string}"},"query-input":"required name=search_term_string"}],"inLanguage":"en-US"},{"@type":"ImageObject","inLanguage":"en-US","@id":"https:\/\/www.visit-ulcinj.com\/blog\/2013\/08\/27\/hotel-mediteran-top-channel-ne-bashkepunim\/#primaryimage","url":"https:\/\/www.visit-ulcinj.com\/blog\/wp-content\/uploads\/2013\/08\/Selatin-GjeloshiDrejtor-i-Hotel-Mediteran-Ulqin.jpg","contentUrl":"https:\/\/www.visit-ulcinj.com\/blog\/wp-content\/uploads\/2013\/08\/Selatin-GjeloshiDrejtor-i-Hotel-Mediteran-Ulqin.jpg","width":508,"height":366},{"@type":"WebPage","@id":"https:\/\/www.visit-ulcinj.com\/blog\/2013\/08\/27\/hotel-mediteran-top-channel-ne-bashkepunim\/#webpage","url":"https:\/\/www.visit-ulcinj.com\/blog\/2013\/08\/27\/hotel-mediteran-top-channel-ne-bashkepunim\/","name":"Hotel Mediteran & Top Channel n\u00eb bashk\u00ebpunim - Lajme nga Ulqini","isPartOf":{"@id":"https:\/\/www.visit-ulcinj.com\/blog\/#website"},"primaryImageOfPage":{"@id":"https:\/\/www.visit-ulcinj.com\/blog\/2013\/08\/27\/hotel-mediteran-top-channel-ne-bashkepunim\/#primaryimage"},"datePublished":"2013-08-27T07:05:03+00:00","dateModified":"2016-03-21T20:25:03+00:00","author":{"@id":"https:\/\/www.visit-ulcinj.com\/blog\/#\/schema\/person\/dcab619c614d3038751c63bc2aadc06d"},"description":"Esht\u00eb k\u00ebnaq\u00ebsi kur turist\u00ebt nga Shqip\u00ebrija regjistrohen tek recepsioni dhe tregojn\u00eb q\u00eb jan\u00eb njoftuar p\u00ebr Hotelin dhe ofertat e tij n\u00eb televizorin","breadcrumb":{"@id":"https:\/\/www.visit-ulcinj.com\/blog\/2013\/08\/27\/hotel-mediteran-top-channel-ne-bashkepunim\/#breadcrumb"},"inLanguage":"en-US","potentialAction":[{"@type":"ReadAction","target":["https:\/\/www.visit-ulcinj.com\/blog\/2013\/08\/27\/hotel-mediteran-top-channel-ne-bashkepunim\/"]}]},{"@type":"BreadcrumbList","@id":"https:\/\/www.visit-ulcinj.com\/blog\/2013\/08\/27\/hotel-mediteran-top-channel-ne-bashkepunim\/#breadcrumb","itemListElement":[{"@type":"ListItem","position":1,"name":"Hotel Mediteran &#038; Top Channel n\u00eb bashk\u00ebpunim"}]},{"@type":"Person","@id":"https:\/\/www.visit-ulcinj.com\/blog\/#\/schema\/person\/dcab619c614d3038751c63bc2aadc06d","name":"ulqini","sameAs":["http:\/\/www.visit-ulcinj.com"],"url":"https:\/\/www.visit-ulcinj.com\/blog\/author\/admin\/"}]}},"jetpack_featured_media_url":"","jetpack_sharing_enabled":true,"jetpack_shortlink":"https:\/\/wp.me\/pe6lTn-jlw","_links":{"self":[{"href":"https:\/\/www.visit-ulcinj.com\/blog\/wp-json\/wp\/v2\/posts\/74370"}],"collection":[{"href":"https:\/\/www.visit-ulcinj.com\/blog\/wp-json\/wp\/v2\/posts"}],"about":[{"href":"https:\/\/www.visit-ulcinj.com\/blog\/wp-json\/wp\/v2\/types\/post"}],"author":[{"embeddable":true,"href":"https:\/\/www.visit-ulcinj.com\/blog\/wp-json\/wp\/v2\/users\/1"}],"replies":[{"embeddable":true,"href":"https:\/\/www.visit-ulcinj.com\/blog\/wp-json\/wp\/v2\/comments?post=74370"}],"version-history":[{"count":6,"href":"https:\/\/www.visit-ulcinj.com\/blog\/wp-json\/wp\/v2\/posts\/74370\/revisions"}],"predecessor-version":[{"id":95379,"href":"https:\/\/www.visit-ulcinj.com\/blog\/wp-json\/wp\/v2\/posts\/74370\/revisions\/95379"}],"wp:attachment":[{"href":"https:\/\/www.visit-ulcinj.com\/blog\/wp-json\/wp\/v2\/media?parent=74370"}],"wp:term":[{"taxonomy":"category","embeddable":true,"href":"https:\/\/www.visit-ulcinj.com\/blog\/wp-json\/wp\/v2\/categories?post=74370"},{"taxonomy":"post_tag","embeddable":true,"href":"https:\/\/www.visit-ulcinj.com\/blog\/wp-json\/wp\/v2\/tags?post=74370"}],"curies":[{"name":"wp","href":"https:\/\/api.w.org\/{rel}","templated":true}]}}