{"id":74384,"date":"2013-08-27T11:30:26","date_gmt":"2013-08-27T10:30:26","guid":{"rendered":"http:\/\/www.visit-ulcinj.com\/blog\/?p=74384"},"modified":"2013-09-03T14:39:44","modified_gmt":"2013-09-03T13:39:44","slug":"ulqini-noton-ne-uje-foto","status":"publish","type":"post","link":"https:\/\/www.visit-ulcinj.com\/blog\/2013\/08\/27\/ulqini-noton-ne-uje-foto\/","title":{"rendered":"\u201cUlqini\u201d noton ne Uj\u00eb + Foto"},"content":{"rendered":"<p><a href=\"http:\/\/www.visit-ulcinj.com\/blog\/wp-content\/uploads\/2013\/08\/T-com-ne-uje-Ulqin.jpg\"><img loading=\"lazy\" class=\"alignleft  wp-image-74385\" alt=\"T-com ne uje-Ulqin\" src=\"http:\/\/www.visit-ulcinj.com\/blog\/wp-content\/uploads\/2013\/08\/T-com-ne-uje-Ulqin.jpg\" width=\"508\" height=\"360\" \/><\/a>Reshjet e shiut dhe era e forte ka shkaktuar probleme ne rrug\u00ebt e Ulqinit. Pamvarsisht investimeve te realizuara ne komunen e Ulqinit edhe kete vjesht\u00eb permbytjet nga disa milimetra shi do te jen te pa shmangshme. Kan mjaftuar pak centimetra shi qe sot\u00eb ne lagjet kryesore te qytetit te permbyten nga uji. Kjo sot\u00eb ndodhi edhe para lokalit t\u00eb T- com n\u00eb Ulqin.<\/p>\n<p><strong>Lajme nga Ulqini<\/strong><\/p>\n<p><strong>Foto nga <a id=\"js_208\" href=\"https:\/\/www.facebook.com\/almir.kolari\" data-hovercard=\"\/ajax\/hovercard\/user.php?id=502641747\">Almir Amo Kolari<\/a> Facebook<\/strong><\/p>\n<p><a href=\"http:\/\/www.visit-ulcinj.com\/blog\/wp-content\/uploads\/2013\/08\/T-com-ne-uje-Ulqin.1.jpg\"><img loading=\"lazy\" class=\"alignleft  wp-image-74386\" alt=\"T-com ne uje-Ulqin.1\" src=\"http:\/\/www.visit-ulcinj.com\/blog\/wp-content\/uploads\/2013\/08\/T-com-ne-uje-Ulqin.1.jpg\" width=\"508\" height=\"600\" \/><\/a> <a href=\"http:\/\/www.visit-ulcinj.com\/blog\/wp-content\/uploads\/2013\/08\/T-com-ne-uje-Ulqin.2.jpg\"><img loading=\"lazy\" class=\"alignleft  wp-image-74387\" alt=\"T-com ne uje-Ulqin.2\" src=\"http:\/\/www.visit-ulcinj.com\/blog\/wp-content\/uploads\/2013\/08\/T-com-ne-uje-Ulqin.2.jpg\" width=\"508\" height=\"600\" \/><\/a><\/p>\n","protected":false},"excerpt":{"rendered":"<p>Reshjet e shiut dhe era e forte ka shkaktuar probleme ne rrug\u00ebt e Ulqinit. Pamvarsisht investimeve te realizuara ne komunen e Ulqinit edhe kete vjesht\u00eb permbytjet nga disa milimetra shi do te jen te pa shmangshme. Kan mjaftuar pak centimetra shi qe sot\u00eb ne lagjet kryesore te qytetit te permbyten nga uji. Kjo sot\u00eb ndodhi [&hellip;]<\/p>\n","protected":false},"author":1,"featured_media":0,"comment_status":"closed","ping_status":"closed","sticky":false,"template":"","format":"standard","meta":{"spay_email":"","jetpack_publicize_message":"","jetpack_is_tweetstorm":false,"jetpack_publicize_feature_enabled":true},"categories":[6950],"tags":[],"jetpack_publicize_connections":[],"yoast_head":"<!-- This site is optimized with the Yoast SEO plugin v19.1 - https:\/\/yoast.com\/wordpress\/plugins\/seo\/ -->\n<title>\u201cUlqini\u201d noton ne Uj\u00eb + Foto - Lajme nga Ulqini<\/title>\n<meta name=\"description\" content=\"Reshjet e shiut dhe era e forte ka shkaktuar probleme ne rrug\u00ebt e Ulqinit. Pamvarsisht investimeve te realizuara ne komunen e Ulqinit edhe kete vjesht\u00eb\" \/>\n<meta name=\"robots\" content=\"index, follow, max-snippet:-1, max-image-preview:large, max-video-preview:-1\" \/>\n<link rel=\"canonical\" href=\"https:\/\/www.visit-ulcinj.com\/blog\/2013\/08\/27\/ulqini-noton-ne-uje-foto\/\" \/>\n<meta property=\"og:locale\" content=\"en_US\" \/>\n<meta property=\"og:type\" content=\"article\" \/>\n<meta property=\"og:title\" content=\"\u201cUlqini\u201d noton ne Uj\u00eb + Foto - Lajme nga Ulqini\" \/>\n<meta property=\"og:description\" content=\"Reshjet e shiut dhe era e forte ka shkaktuar probleme ne rrug\u00ebt e Ulqinit. Pamvarsisht investimeve te realizuara ne komunen e Ulqinit edhe kete vjesht\u00eb\" \/>\n<meta property=\"og:url\" content=\"https:\/\/www.visit-ulcinj.com\/blog\/2013\/08\/27\/ulqini-noton-ne-uje-foto\/\" \/>\n<meta property=\"og:site_name\" content=\"Lajme nga Ulqini\" \/>\n<meta property=\"article:published_time\" content=\"2013-08-27T10:30:26+00:00\" \/>\n<meta property=\"article:modified_time\" content=\"2013-09-03T13:39:44+00:00\" \/>\n<meta property=\"og:image\" content=\"http:\/\/www.visit-ulcinj.com\/blog\/wp-content\/uploads\/2013\/08\/T-com-ne-uje-Ulqin.jpg\" \/>\n<meta name=\"twitter:label1\" content=\"Written by\" \/>\n\t<meta name=\"twitter:data1\" content=\"ulqini\" \/>\n<script type=\"application\/ld+json\" class=\"yoast-schema-graph\">{\"@context\":\"https:\/\/schema.org\",\"@graph\":[{\"@type\":\"WebSite\",\"@id\":\"https:\/\/www.visit-ulcinj.com\/blog\/#website\",\"url\":\"https:\/\/www.visit-ulcinj.com\/blog\/\",\"name\":\"Lajme nga Ulqini\",\"description\":\"Lajme,Vijesti,Ulqini,Ulqin,Crna Gora,Mali i Zi\",\"potentialAction\":[{\"@type\":\"SearchAction\",\"target\":{\"@type\":\"EntryPoint\",\"urlTemplate\":\"https:\/\/www.visit-ulcinj.com\/blog\/?s={search_term_string}\"},\"query-input\":\"required name=search_term_string\"}],\"inLanguage\":\"en-US\"},{\"@type\":\"ImageObject\",\"inLanguage\":\"en-US\",\"@id\":\"https:\/\/www.visit-ulcinj.com\/blog\/2013\/08\/27\/ulqini-noton-ne-uje-foto\/#primaryimage\",\"url\":\"https:\/\/www.visit-ulcinj.com\/blog\/wp-content\/uploads\/2013\/08\/T-com-ne-uje-Ulqin.jpg\",\"contentUrl\":\"https:\/\/www.visit-ulcinj.com\/blog\/wp-content\/uploads\/2013\/08\/T-com-ne-uje-Ulqin.jpg\",\"width\":960,\"height\":717},{\"@type\":\"WebPage\",\"@id\":\"https:\/\/www.visit-ulcinj.com\/blog\/2013\/08\/27\/ulqini-noton-ne-uje-foto\/#webpage\",\"url\":\"https:\/\/www.visit-ulcinj.com\/blog\/2013\/08\/27\/ulqini-noton-ne-uje-foto\/\",\"name\":\"\u201cUlqini\u201d noton ne Uj\u00eb + Foto - Lajme nga Ulqini\",\"isPartOf\":{\"@id\":\"https:\/\/www.visit-ulcinj.com\/blog\/#website\"},\"primaryImageOfPage\":{\"@id\":\"https:\/\/www.visit-ulcinj.com\/blog\/2013\/08\/27\/ulqini-noton-ne-uje-foto\/#primaryimage\"},\"datePublished\":\"2013-08-27T10:30:26+00:00\",\"dateModified\":\"2013-09-03T13:39:44+00:00\",\"author\":{\"@id\":\"https:\/\/www.visit-ulcinj.com\/blog\/#\/schema\/person\/dcab619c614d3038751c63bc2aadc06d\"},\"description\":\"Reshjet e shiut dhe era e forte ka shkaktuar probleme ne rrug\u00ebt e Ulqinit. Pamvarsisht investimeve te realizuara ne komunen e Ulqinit edhe kete vjesht\u00eb\",\"breadcrumb\":{\"@id\":\"https:\/\/www.visit-ulcinj.com\/blog\/2013\/08\/27\/ulqini-noton-ne-uje-foto\/#breadcrumb\"},\"inLanguage\":\"en-US\",\"potentialAction\":[{\"@type\":\"ReadAction\",\"target\":[\"https:\/\/www.visit-ulcinj.com\/blog\/2013\/08\/27\/ulqini-noton-ne-uje-foto\/\"]}]},{\"@type\":\"BreadcrumbList\",\"@id\":\"https:\/\/www.visit-ulcinj.com\/blog\/2013\/08\/27\/ulqini-noton-ne-uje-foto\/#breadcrumb\",\"itemListElement\":[{\"@type\":\"ListItem\",\"position\":1,\"name\":\"\u201cUlqini\u201d noton ne Uj\u00eb + Foto\"}]},{\"@type\":\"Person\",\"@id\":\"https:\/\/www.visit-ulcinj.com\/blog\/#\/schema\/person\/dcab619c614d3038751c63bc2aadc06d\",\"name\":\"ulqini\",\"sameAs\":[\"http:\/\/www.visit-ulcinj.com\"],\"url\":\"https:\/\/www.visit-ulcinj.com\/blog\/author\/admin\/\"}]}<\/script>\n<!-- \/ Yoast SEO plugin. -->","yoast_head_json":{"title":"\u201cUlqini\u201d noton ne Uj\u00eb + Foto - Lajme nga Ulqini","description":"Reshjet e shiut dhe era e forte ka shkaktuar probleme ne rrug\u00ebt e Ulqinit. Pamvarsisht investimeve te realizuara ne komunen e Ulqinit edhe kete vjesht\u00eb","robots":{"index":"index","follow":"follow","max-snippet":"max-snippet:-1","max-image-preview":"max-image-preview:large","max-video-preview":"max-video-preview:-1"},"canonical":"https:\/\/www.visit-ulcinj.com\/blog\/2013\/08\/27\/ulqini-noton-ne-uje-foto\/","og_locale":"en_US","og_type":"article","og_title":"\u201cUlqini\u201d noton ne Uj\u00eb + Foto - Lajme nga Ulqini","og_description":"Reshjet e shiut dhe era e forte ka shkaktuar probleme ne rrug\u00ebt e Ulqinit. Pamvarsisht investimeve te realizuara ne komunen e Ulqinit edhe kete vjesht\u00eb","og_url":"https:\/\/www.visit-ulcinj.com\/blog\/2013\/08\/27\/ulqini-noton-ne-uje-foto\/","og_site_name":"Lajme nga Ulqini","article_published_time":"2013-08-27T10:30:26+00:00","article_modified_time":"2013-09-03T13:39:44+00:00","og_image":[{"url":"http:\/\/www.visit-ulcinj.com\/blog\/wp-content\/uploads\/2013\/08\/T-com-ne-uje-Ulqin.jpg"}],"twitter_misc":{"Written by":"ulqini"},"schema":{"@context":"https:\/\/schema.org","@graph":[{"@type":"WebSite","@id":"https:\/\/www.visit-ulcinj.com\/blog\/#website","url":"https:\/\/www.visit-ulcinj.com\/blog\/","name":"Lajme nga Ulqini","description":"Lajme,Vijesti,Ulqini,Ulqin,Crna Gora,Mali i Zi","potentialAction":[{"@type":"SearchAction","target":{"@type":"EntryPoint","urlTemplate":"https:\/\/www.visit-ulcinj.com\/blog\/?s={search_term_string}"},"query-input":"required name=search_term_string"}],"inLanguage":"en-US"},{"@type":"ImageObject","inLanguage":"en-US","@id":"https:\/\/www.visit-ulcinj.com\/blog\/2013\/08\/27\/ulqini-noton-ne-uje-foto\/#primaryimage","url":"https:\/\/www.visit-ulcinj.com\/blog\/wp-content\/uploads\/2013\/08\/T-com-ne-uje-Ulqin.jpg","contentUrl":"https:\/\/www.visit-ulcinj.com\/blog\/wp-content\/uploads\/2013\/08\/T-com-ne-uje-Ulqin.jpg","width":960,"height":717},{"@type":"WebPage","@id":"https:\/\/www.visit-ulcinj.com\/blog\/2013\/08\/27\/ulqini-noton-ne-uje-foto\/#webpage","url":"https:\/\/www.visit-ulcinj.com\/blog\/2013\/08\/27\/ulqini-noton-ne-uje-foto\/","name":"\u201cUlqini\u201d noton ne Uj\u00eb + Foto - Lajme nga Ulqini","isPartOf":{"@id":"https:\/\/www.visit-ulcinj.com\/blog\/#website"},"primaryImageOfPage":{"@id":"https:\/\/www.visit-ulcinj.com\/blog\/2013\/08\/27\/ulqini-noton-ne-uje-foto\/#primaryimage"},"datePublished":"2013-08-27T10:30:26+00:00","dateModified":"2013-09-03T13:39:44+00:00","author":{"@id":"https:\/\/www.visit-ulcinj.com\/blog\/#\/schema\/person\/dcab619c614d3038751c63bc2aadc06d"},"description":"Reshjet e shiut dhe era e forte ka shkaktuar probleme ne rrug\u00ebt e Ulqinit. Pamvarsisht investimeve te realizuara ne komunen e Ulqinit edhe kete vjesht\u00eb","breadcrumb":{"@id":"https:\/\/www.visit-ulcinj.com\/blog\/2013\/08\/27\/ulqini-noton-ne-uje-foto\/#breadcrumb"},"inLanguage":"en-US","potentialAction":[{"@type":"ReadAction","target":["https:\/\/www.visit-ulcinj.com\/blog\/2013\/08\/27\/ulqini-noton-ne-uje-foto\/"]}]},{"@type":"BreadcrumbList","@id":"https:\/\/www.visit-ulcinj.com\/blog\/2013\/08\/27\/ulqini-noton-ne-uje-foto\/#breadcrumb","itemListElement":[{"@type":"ListItem","position":1,"name":"\u201cUlqini\u201d noton ne Uj\u00eb + Foto"}]},{"@type":"Person","@id":"https:\/\/www.visit-ulcinj.com\/blog\/#\/schema\/person\/dcab619c614d3038751c63bc2aadc06d","name":"ulqini","sameAs":["http:\/\/www.visit-ulcinj.com"],"url":"https:\/\/www.visit-ulcinj.com\/blog\/author\/admin\/"}]}},"jetpack_featured_media_url":"","jetpack_sharing_enabled":true,"jetpack_shortlink":"https:\/\/wp.me\/pe6lTn-jlK","_links":{"self":[{"href":"https:\/\/www.visit-ulcinj.com\/blog\/wp-json\/wp\/v2\/posts\/74384"}],"collection":[{"href":"https:\/\/www.visit-ulcinj.com\/blog\/wp-json\/wp\/v2\/posts"}],"about":[{"href":"https:\/\/www.visit-ulcinj.com\/blog\/wp-json\/wp\/v2\/types\/post"}],"author":[{"embeddable":true,"href":"https:\/\/www.visit-ulcinj.com\/blog\/wp-json\/wp\/v2\/users\/1"}],"replies":[{"embeddable":true,"href":"https:\/\/www.visit-ulcinj.com\/blog\/wp-json\/wp\/v2\/comments?post=74384"}],"version-history":[{"count":2,"href":"https:\/\/www.visit-ulcinj.com\/blog\/wp-json\/wp\/v2\/posts\/74384\/revisions"}],"predecessor-version":[{"id":74482,"href":"https:\/\/www.visit-ulcinj.com\/blog\/wp-json\/wp\/v2\/posts\/74384\/revisions\/74482"}],"wp:attachment":[{"href":"https:\/\/www.visit-ulcinj.com\/blog\/wp-json\/wp\/v2\/media?parent=74384"}],"wp:term":[{"taxonomy":"category","embeddable":true,"href":"https:\/\/www.visit-ulcinj.com\/blog\/wp-json\/wp\/v2\/categories?post=74384"},{"taxonomy":"post_tag","embeddable":true,"href":"https:\/\/www.visit-ulcinj.com\/blog\/wp-json\/wp\/v2\/tags?post=74384"}],"curies":[{"name":"wp","href":"https:\/\/api.w.org\/{rel}","templated":true}]}}