{"id":74392,"date":"2013-08-27T11:50:59","date_gmt":"2013-08-27T10:50:59","guid":{"rendered":"http:\/\/www.visit-ulcinj.com\/blog\/?p=74392"},"modified":"2013-08-27T11:51:53","modified_gmt":"2013-08-27T10:51:53","slug":"sastanak-vezano-za-infrastrukturne-projekte-u-2014-godini","status":"publish","type":"post","link":"https:\/\/www.visit-ulcinj.com\/blog\/2013\/08\/27\/sastanak-vezano-za-infrastrukturne-projekte-u-2014-godini\/","title":{"rendered":"Sastanak vezano za infrastrukturne projekte u 2014 godini"},"content":{"rendered":"<p><a href=\"http:\/\/www.visit-ulcinj.com\/blog\/wp-content\/uploads\/2013\/08\/Cungu-takim-me-bashkpuntoret.jpg\"><img loading=\"lazy\" class=\"alignleft  wp-image-74341\" alt=\"Cungu takim me bashkpuntoret\" src=\"http:\/\/www.visit-ulcinj.com\/blog\/wp-content\/uploads\/2013\/08\/Cungu-takim-me-bashkpuntoret.jpg\" width=\"508\" height=\"360\" \/><\/a>Predsjednik Cungu i njegovi saranici imali su su danas radni sastanak sa projektantom iz Saobra\u0107aj \u2013 In\u017eenjering d.o.o. Natalijom Jovovi\u0107, vezano za infrastrukturne projekete koji treba da se pripreme za realizaciju u narednoj godini. Fokus ovog sastanka bili su projekti iz oblasti saobra\u0107aja i parking prostora.<\/p>\n<p>&nbsp;<\/p>\n<p>Na sastanku su pored ostalog dogovorene aktivnosti i obaveze koje treba da se zavr\u0161e kako bi se ubrzao preces izrade projekata od kojih su izdvojeni: nastavak bulevara posle mosta na Port Mileni, ure\u0111enje saobra\u0107ajne infrastrukture u DUP Ulcinjsko Polje sa posebnim naglaskom na servisnu saobra\u0107ajnicu pored bulevara. Tako\u0111e se analizirane mogu\u0107nosti izrade generalnog projekta za saobra\u0107ajnicu kroz Mavrian, Liman i Pinje\u0161 \u2013 Borova \u0161uma.<br \/>\nNakon sastanka sledio je obilzak lokacija kako bi se ustanovila situacija na terenu.<\/p>\n<p><strong>Op\u0161tina Ulcinj \/ Komuna e Ulqinit<\/strong><br \/>\nTel: +382 30 412 050<br \/>\nFax: +382 30 412 413<br \/>\nAdresa: Bul. Skenderbeu bb, 85360 Ulcinj, MNE<\/p>\n","protected":false},"excerpt":{"rendered":"<p>Predsjednik Cungu i njegovi saranici imali su su danas radni sastanak sa projektantom iz Saobra\u0107aj \u2013 In\u017eenjering d.o.o. Natalijom Jovovi\u0107, vezano za infrastrukturne projekete koji treba da se pripreme za realizaciju u narednoj godini. Fokus ovog sastanka bili su projekti iz oblasti saobra\u0107aja i parking prostora. &nbsp; Na sastanku su pored ostalog dogovorene aktivnosti i [&hellip;]<\/p>\n","protected":false},"author":1,"featured_media":0,"comment_status":"closed","ping_status":"closed","sticky":false,"template":"","format":"standard","meta":{"spay_email":"","jetpack_publicize_message":"","jetpack_is_tweetstorm":false,"jetpack_publicize_feature_enabled":true},"categories":[6950],"tags":[],"jetpack_publicize_connections":[],"yoast_head":"<!-- This site is optimized with the Yoast SEO plugin v19.1 - https:\/\/yoast.com\/wordpress\/plugins\/seo\/ -->\n<title>Sastanak vezano za infrastrukturne projekte u 2014 godini - Lajme nga Ulqini<\/title>\n<meta name=\"description\" content=\"Predsjednik Cungu i njegovi saranici imali su su danas radni sastanak sa projektantom iz Saobra\u0107aj \u2013 In\u017eenjering d.o.o. Natalijom Jovovi\u0107, vezano za\" \/>\n<meta name=\"robots\" content=\"index, follow, max-snippet:-1, max-image-preview:large, max-video-preview:-1\" \/>\n<link rel=\"canonical\" href=\"https:\/\/www.visit-ulcinj.com\/blog\/2013\/08\/27\/sastanak-vezano-za-infrastrukturne-projekte-u-2014-godini\/\" \/>\n<meta property=\"og:locale\" content=\"en_US\" \/>\n<meta property=\"og:type\" content=\"article\" \/>\n<meta property=\"og:title\" content=\"Sastanak vezano za infrastrukturne projekte u 2014 godini - Lajme nga Ulqini\" \/>\n<meta property=\"og:description\" content=\"Predsjednik Cungu i njegovi saranici imali su su danas radni sastanak sa projektantom iz Saobra\u0107aj \u2013 In\u017eenjering d.o.o. Natalijom Jovovi\u0107, vezano za\" \/>\n<meta property=\"og:url\" content=\"https:\/\/www.visit-ulcinj.com\/blog\/2013\/08\/27\/sastanak-vezano-za-infrastrukturne-projekte-u-2014-godini\/\" \/>\n<meta property=\"og:site_name\" content=\"Lajme nga Ulqini\" \/>\n<meta property=\"article:published_time\" content=\"2013-08-27T10:50:59+00:00\" \/>\n<meta property=\"article:modified_time\" content=\"2013-08-27T10:51:53+00:00\" \/>\n<meta property=\"og:image\" content=\"http:\/\/www.visit-ulcinj.com\/blog\/wp-content\/uploads\/2013\/08\/Cungu-takim-me-bashkpuntoret.jpg\" \/>\n<meta name=\"twitter:label1\" content=\"Written by\" \/>\n\t<meta name=\"twitter:data1\" content=\"ulqini\" \/>\n\t<meta name=\"twitter:label2\" content=\"Est. reading time\" \/>\n\t<meta name=\"twitter:data2\" content=\"1 minute\" \/>\n<script type=\"application\/ld+json\" class=\"yoast-schema-graph\">{\"@context\":\"https:\/\/schema.org\",\"@graph\":[{\"@type\":\"WebSite\",\"@id\":\"https:\/\/www.visit-ulcinj.com\/blog\/#website\",\"url\":\"https:\/\/www.visit-ulcinj.com\/blog\/\",\"name\":\"Lajme nga Ulqini\",\"description\":\"Lajme,Vijesti,Ulqini,Ulqin,Crna Gora,Mali i Zi\",\"potentialAction\":[{\"@type\":\"SearchAction\",\"target\":{\"@type\":\"EntryPoint\",\"urlTemplate\":\"https:\/\/www.visit-ulcinj.com\/blog\/?s={search_term_string}\"},\"query-input\":\"required name=search_term_string\"}],\"inLanguage\":\"en-US\"},{\"@type\":\"ImageObject\",\"inLanguage\":\"en-US\",\"@id\":\"https:\/\/www.visit-ulcinj.com\/blog\/2013\/08\/27\/sastanak-vezano-za-infrastrukturne-projekte-u-2014-godini\/#primaryimage\",\"url\":\"https:\/\/www.visit-ulcinj.com\/blog\/wp-content\/uploads\/2013\/08\/Cungu-takim-me-bashkpuntoret.jpg\",\"contentUrl\":\"https:\/\/www.visit-ulcinj.com\/blog\/wp-content\/uploads\/2013\/08\/Cungu-takim-me-bashkpuntoret.jpg\",\"width\":768,\"height\":509},{\"@type\":\"WebPage\",\"@id\":\"https:\/\/www.visit-ulcinj.com\/blog\/2013\/08\/27\/sastanak-vezano-za-infrastrukturne-projekte-u-2014-godini\/#webpage\",\"url\":\"https:\/\/www.visit-ulcinj.com\/blog\/2013\/08\/27\/sastanak-vezano-za-infrastrukturne-projekte-u-2014-godini\/\",\"name\":\"Sastanak vezano za infrastrukturne projekte u 2014 godini - Lajme nga Ulqini\",\"isPartOf\":{\"@id\":\"https:\/\/www.visit-ulcinj.com\/blog\/#website\"},\"primaryImageOfPage\":{\"@id\":\"https:\/\/www.visit-ulcinj.com\/blog\/2013\/08\/27\/sastanak-vezano-za-infrastrukturne-projekte-u-2014-godini\/#primaryimage\"},\"datePublished\":\"2013-08-27T10:50:59+00:00\",\"dateModified\":\"2013-08-27T10:51:53+00:00\",\"author\":{\"@id\":\"https:\/\/www.visit-ulcinj.com\/blog\/#\/schema\/person\/dcab619c614d3038751c63bc2aadc06d\"},\"description\":\"Predsjednik Cungu i njegovi saranici imali su su danas radni sastanak sa projektantom iz Saobra\u0107aj \u2013 In\u017eenjering d.o.o. Natalijom Jovovi\u0107, vezano za\",\"breadcrumb\":{\"@id\":\"https:\/\/www.visit-ulcinj.com\/blog\/2013\/08\/27\/sastanak-vezano-za-infrastrukturne-projekte-u-2014-godini\/#breadcrumb\"},\"inLanguage\":\"en-US\",\"potentialAction\":[{\"@type\":\"ReadAction\",\"target\":[\"https:\/\/www.visit-ulcinj.com\/blog\/2013\/08\/27\/sastanak-vezano-za-infrastrukturne-projekte-u-2014-godini\/\"]}]},{\"@type\":\"BreadcrumbList\",\"@id\":\"https:\/\/www.visit-ulcinj.com\/blog\/2013\/08\/27\/sastanak-vezano-za-infrastrukturne-projekte-u-2014-godini\/#breadcrumb\",\"itemListElement\":[{\"@type\":\"ListItem\",\"position\":1,\"name\":\"Sastanak vezano za infrastrukturne projekte u 2014 godini\"}]},{\"@type\":\"Person\",\"@id\":\"https:\/\/www.visit-ulcinj.com\/blog\/#\/schema\/person\/dcab619c614d3038751c63bc2aadc06d\",\"name\":\"ulqini\",\"sameAs\":[\"http:\/\/www.visit-ulcinj.com\"],\"url\":\"https:\/\/www.visit-ulcinj.com\/blog\/author\/admin\/\"}]}<\/script>\n<!-- \/ Yoast SEO plugin. -->","yoast_head_json":{"title":"Sastanak vezano za infrastrukturne projekte u 2014 godini - Lajme nga Ulqini","description":"Predsjednik Cungu i njegovi saranici imali su su danas radni sastanak sa projektantom iz Saobra\u0107aj \u2013 In\u017eenjering d.o.o. Natalijom Jovovi\u0107, vezano za","robots":{"index":"index","follow":"follow","max-snippet":"max-snippet:-1","max-image-preview":"max-image-preview:large","max-video-preview":"max-video-preview:-1"},"canonical":"https:\/\/www.visit-ulcinj.com\/blog\/2013\/08\/27\/sastanak-vezano-za-infrastrukturne-projekte-u-2014-godini\/","og_locale":"en_US","og_type":"article","og_title":"Sastanak vezano za infrastrukturne projekte u 2014 godini - Lajme nga Ulqini","og_description":"Predsjednik Cungu i njegovi saranici imali su su danas radni sastanak sa projektantom iz Saobra\u0107aj \u2013 In\u017eenjering d.o.o. Natalijom Jovovi\u0107, vezano za","og_url":"https:\/\/www.visit-ulcinj.com\/blog\/2013\/08\/27\/sastanak-vezano-za-infrastrukturne-projekte-u-2014-godini\/","og_site_name":"Lajme nga Ulqini","article_published_time":"2013-08-27T10:50:59+00:00","article_modified_time":"2013-08-27T10:51:53+00:00","og_image":[{"url":"http:\/\/www.visit-ulcinj.com\/blog\/wp-content\/uploads\/2013\/08\/Cungu-takim-me-bashkpuntoret.jpg"}],"twitter_misc":{"Written by":"ulqini","Est. reading time":"1 minute"},"schema":{"@context":"https:\/\/schema.org","@graph":[{"@type":"WebSite","@id":"https:\/\/www.visit-ulcinj.com\/blog\/#website","url":"https:\/\/www.visit-ulcinj.com\/blog\/","name":"Lajme nga Ulqini","description":"Lajme,Vijesti,Ulqini,Ulqin,Crna Gora,Mali i Zi","potentialAction":[{"@type":"SearchAction","target":{"@type":"EntryPoint","urlTemplate":"https:\/\/www.visit-ulcinj.com\/blog\/?s={search_term_string}"},"query-input":"required name=search_term_string"}],"inLanguage":"en-US"},{"@type":"ImageObject","inLanguage":"en-US","@id":"https:\/\/www.visit-ulcinj.com\/blog\/2013\/08\/27\/sastanak-vezano-za-infrastrukturne-projekte-u-2014-godini\/#primaryimage","url":"https:\/\/www.visit-ulcinj.com\/blog\/wp-content\/uploads\/2013\/08\/Cungu-takim-me-bashkpuntoret.jpg","contentUrl":"https:\/\/www.visit-ulcinj.com\/blog\/wp-content\/uploads\/2013\/08\/Cungu-takim-me-bashkpuntoret.jpg","width":768,"height":509},{"@type":"WebPage","@id":"https:\/\/www.visit-ulcinj.com\/blog\/2013\/08\/27\/sastanak-vezano-za-infrastrukturne-projekte-u-2014-godini\/#webpage","url":"https:\/\/www.visit-ulcinj.com\/blog\/2013\/08\/27\/sastanak-vezano-za-infrastrukturne-projekte-u-2014-godini\/","name":"Sastanak vezano za infrastrukturne projekte u 2014 godini - Lajme nga Ulqini","isPartOf":{"@id":"https:\/\/www.visit-ulcinj.com\/blog\/#website"},"primaryImageOfPage":{"@id":"https:\/\/www.visit-ulcinj.com\/blog\/2013\/08\/27\/sastanak-vezano-za-infrastrukturne-projekte-u-2014-godini\/#primaryimage"},"datePublished":"2013-08-27T10:50:59+00:00","dateModified":"2013-08-27T10:51:53+00:00","author":{"@id":"https:\/\/www.visit-ulcinj.com\/blog\/#\/schema\/person\/dcab619c614d3038751c63bc2aadc06d"},"description":"Predsjednik Cungu i njegovi saranici imali su su danas radni sastanak sa projektantom iz Saobra\u0107aj \u2013 In\u017eenjering d.o.o. Natalijom Jovovi\u0107, vezano za","breadcrumb":{"@id":"https:\/\/www.visit-ulcinj.com\/blog\/2013\/08\/27\/sastanak-vezano-za-infrastrukturne-projekte-u-2014-godini\/#breadcrumb"},"inLanguage":"en-US","potentialAction":[{"@type":"ReadAction","target":["https:\/\/www.visit-ulcinj.com\/blog\/2013\/08\/27\/sastanak-vezano-za-infrastrukturne-projekte-u-2014-godini\/"]}]},{"@type":"BreadcrumbList","@id":"https:\/\/www.visit-ulcinj.com\/blog\/2013\/08\/27\/sastanak-vezano-za-infrastrukturne-projekte-u-2014-godini\/#breadcrumb","itemListElement":[{"@type":"ListItem","position":1,"name":"Sastanak vezano za infrastrukturne projekte u 2014 godini"}]},{"@type":"Person","@id":"https:\/\/www.visit-ulcinj.com\/blog\/#\/schema\/person\/dcab619c614d3038751c63bc2aadc06d","name":"ulqini","sameAs":["http:\/\/www.visit-ulcinj.com"],"url":"https:\/\/www.visit-ulcinj.com\/blog\/author\/admin\/"}]}},"jetpack_featured_media_url":"","jetpack_sharing_enabled":true,"jetpack_shortlink":"https:\/\/wp.me\/pe6lTn-jlS","_links":{"self":[{"href":"https:\/\/www.visit-ulcinj.com\/blog\/wp-json\/wp\/v2\/posts\/74392"}],"collection":[{"href":"https:\/\/www.visit-ulcinj.com\/blog\/wp-json\/wp\/v2\/posts"}],"about":[{"href":"https:\/\/www.visit-ulcinj.com\/blog\/wp-json\/wp\/v2\/types\/post"}],"author":[{"embeddable":true,"href":"https:\/\/www.visit-ulcinj.com\/blog\/wp-json\/wp\/v2\/users\/1"}],"replies":[{"embeddable":true,"href":"https:\/\/www.visit-ulcinj.com\/blog\/wp-json\/wp\/v2\/comments?post=74392"}],"version-history":[{"count":2,"href":"https:\/\/www.visit-ulcinj.com\/blog\/wp-json\/wp\/v2\/posts\/74392\/revisions"}],"predecessor-version":[{"id":74394,"href":"https:\/\/www.visit-ulcinj.com\/blog\/wp-json\/wp\/v2\/posts\/74392\/revisions\/74394"}],"wp:attachment":[{"href":"https:\/\/www.visit-ulcinj.com\/blog\/wp-json\/wp\/v2\/media?parent=74392"}],"wp:term":[{"taxonomy":"category","embeddable":true,"href":"https:\/\/www.visit-ulcinj.com\/blog\/wp-json\/wp\/v2\/categories?post=74392"},{"taxonomy":"post_tag","embeddable":true,"href":"https:\/\/www.visit-ulcinj.com\/blog\/wp-json\/wp\/v2\/tags?post=74392"}],"curies":[{"name":"wp","href":"https:\/\/api.w.org\/{rel}","templated":true}]}}