{"id":74395,"date":"2013-08-27T21:13:26","date_gmt":"2013-08-27T20:13:26","guid":{"rendered":"http:\/\/www.visit-ulcinj.com\/blog\/?p=74395"},"modified":"2013-08-27T21:13:49","modified_gmt":"2013-08-27T20:13:49","slug":"ulcinj-javni-skup-za-djecu-i-roditelje-28-08-2013","status":"publish","type":"post","link":"https:\/\/www.visit-ulcinj.com\/blog\/2013\/08\/27\/ulcinj-javni-skup-za-djecu-i-roditelje-28-08-2013\/","title":{"rendered":"Ulcinj  javni skup za djecu i roditelje 28.08.2013"},"content":{"rendered":"<p style=\"text-align: center;\"><strong>Saop\u0161tenje za medije<\/strong><\/p>\n<p>&nbsp;<\/p>\n<p>&nbsp;<\/p>\n<p>Po\u0161tovani\/a,<\/p>\n<p><b><a href=\"http:\/\/www.visit-ulcinj.com\/blog\/wp-content\/uploads\/2013\/08\/loader_logo.png\"><img loading=\"lazy\" class=\"alignleft size-full wp-image-74396\" alt=\"loader_logo\" src=\"http:\/\/www.visit-ulcinj.com\/blog\/wp-content\/uploads\/2013\/08\/loader_logo.png\" width=\"168\" height=\"130\" \/><\/a>Asocijacija za demokratski prosperitet-Zid<\/b> Vas poziva da medijski ispratite<b> javni skup za djecu i roditelje koji \u0107e se odr\u017eati sjutra, 28. avgusta 2013. u Ulcinju, na platou ispred O.\u0160. \u201eMar\u0161al Tito\u201c sa po\u010detkom u 17h.<\/b> (U slu\u010daju lo\u0161ih vremenskih uslova, mjesto odr\u017eavanja \u0107e biti hol \u0161kole ili fiskulturna sala)<\/p>\n<p>&nbsp;<\/p>\n<p>Ovaj doga\u0111aj okupi\u0107e roditelje i djecu iz Ulcinja i tom prilikom \u0107emo im predstaviti \u0161ta ADP-Zid radi u njihovom gradu, upozna\u0107emo ih sa detaljima vezanim za veliku akciju izgradnje dje\u010dijeg igralista u dvori\u0161tu \u0161kole (koja \u0107e se odr\u017eati 7. septembra), a za djecu \u0107e biti organizovan i zabavni program. Takodje, ovo \u0107e biti prilika da pozovemo sve gra\u0111ane Ulcinja da nam se pridru\u017ee na pomenutoj akciji, da zajedno napravimo jedan korak dalje u zajedni\u010dkom cilju- da Ulcinj bude prepoznat kao grad prijatelj djece.<\/p>\n<p>&nbsp;<\/p>\n<p>Javni skup se organizuje u okviru projekta prekograni\u010dne saradnje sa Albanijom, a pod nazivom: <b>\u201c<i>Razvoj lokalnih strategija o socijalnim servisima za prekograni\u010dnu oblast Skadra i Ulcinja<\/i>\u201d, podr\u017eanog od strane<\/b> <b>strane Evropske Unije koju predstavlja Delegacija EU u Crnoj Gori, a kroz IPA prekogranicni program Albanija- Crna Gora. <\/b>Projekat se realizuje u saradnji sa organizacijom Children Today iz Tirane.<\/p>\n<p>&nbsp;<\/p>\n<p>Cilj projekta je doprinijeti socijalnom razvoju i promociji socijalne kohezije u regiji Skadra u Albaniji i u Ulcinju u Crnoj Gori kroz zajedni\u010dke interese gra\u0111ana ove dvije zemlje koriste\u0107i njihove socijalne i ekonomske potencijale u ostvarivanju regionalnog razvoja i olak\u0161avanju prekograni\u010dne saradnje.<\/p>\n<p>&nbsp;<\/p>\n<p>Nadamo se da \u0107ete prepoznati va\u017enost ovog doga\u0111aja i da \u0107ete biti u prilici da se odazovete na\u0161em pozivu.<\/p>\n<p>&nbsp;<\/p>\n<p>&nbsp;<\/p>\n<p>S po\u0161tovanjem,<\/p>\n<p>\u017dana Bukili\u0107<\/p>\n<p>PR ADP- Zid<\/p>\n","protected":false},"excerpt":{"rendered":"<p>Saop\u0161tenje za medije &nbsp; &nbsp; Po\u0161tovani\/a, Asocijacija za demokratski prosperitet-Zid Vas poziva da medijski ispratite javni skup za djecu i roditelje koji \u0107e se odr\u017eati sjutra, 28. avgusta 2013. u Ulcinju, na platou ispred O.\u0160. \u201eMar\u0161al Tito\u201c sa po\u010detkom u 17h. (U slu\u010daju lo\u0161ih vremenskih uslova, mjesto odr\u017eavanja \u0107e biti hol \u0161kole ili fiskulturna sala) [&hellip;]<\/p>\n","protected":false},"author":1,"featured_media":0,"comment_status":"closed","ping_status":"closed","sticky":false,"template":"","format":"standard","meta":{"spay_email":"","jetpack_publicize_message":"","jetpack_is_tweetstorm":false,"jetpack_publicize_feature_enabled":true},"categories":[6950],"tags":[],"jetpack_publicize_connections":[],"yoast_head":"<!-- This site is optimized with the Yoast SEO plugin v19.1 - https:\/\/yoast.com\/wordpress\/plugins\/seo\/ -->\n<title>Ulcinj javni skup za djecu i roditelje 28.08.2013 - Lajme nga Ulqini<\/title>\n<meta name=\"description\" content=\"Saop\u0161tenje za medije &nbsp; &nbsp; Po\u0161tovani\/a, Asocijacija za demokratski prosperitet-Zid Vas poziva da medijski ispratite javni skup za djecu i\" \/>\n<meta name=\"robots\" content=\"index, follow, max-snippet:-1, max-image-preview:large, max-video-preview:-1\" \/>\n<link rel=\"canonical\" href=\"https:\/\/www.visit-ulcinj.com\/blog\/2013\/08\/27\/ulcinj-javni-skup-za-djecu-i-roditelje-28-08-2013\/\" \/>\n<meta property=\"og:locale\" content=\"en_US\" \/>\n<meta property=\"og:type\" content=\"article\" \/>\n<meta property=\"og:title\" content=\"Ulcinj javni skup za djecu i roditelje 28.08.2013 - Lajme nga Ulqini\" \/>\n<meta property=\"og:description\" content=\"Saop\u0161tenje za medije &nbsp; &nbsp; Po\u0161tovani\/a, Asocijacija za demokratski prosperitet-Zid Vas poziva da medijski ispratite javni skup za djecu i\" \/>\n<meta property=\"og:url\" content=\"https:\/\/www.visit-ulcinj.com\/blog\/2013\/08\/27\/ulcinj-javni-skup-za-djecu-i-roditelje-28-08-2013\/\" \/>\n<meta property=\"og:site_name\" content=\"Lajme nga Ulqini\" \/>\n<meta property=\"article:published_time\" content=\"2013-08-27T20:13:26+00:00\" \/>\n<meta property=\"article:modified_time\" content=\"2013-08-27T20:13:49+00:00\" \/>\n<meta property=\"og:image\" content=\"http:\/\/www.visit-ulcinj.com\/blog\/wp-content\/uploads\/2013\/08\/loader_logo.png\" \/>\n<meta name=\"twitter:label1\" content=\"Written by\" \/>\n\t<meta name=\"twitter:data1\" content=\"ulqini\" \/>\n\t<meta name=\"twitter:label2\" content=\"Est. reading time\" \/>\n\t<meta name=\"twitter:data2\" content=\"1 minute\" \/>\n<script type=\"application\/ld+json\" class=\"yoast-schema-graph\">{\"@context\":\"https:\/\/schema.org\",\"@graph\":[{\"@type\":\"WebSite\",\"@id\":\"https:\/\/www.visit-ulcinj.com\/blog\/#website\",\"url\":\"https:\/\/www.visit-ulcinj.com\/blog\/\",\"name\":\"Lajme nga Ulqini\",\"description\":\"Lajme,Vijesti,Ulqini,Ulqin,Crna Gora,Mali i Zi\",\"potentialAction\":[{\"@type\":\"SearchAction\",\"target\":{\"@type\":\"EntryPoint\",\"urlTemplate\":\"https:\/\/www.visit-ulcinj.com\/blog\/?s={search_term_string}\"},\"query-input\":\"required name=search_term_string\"}],\"inLanguage\":\"en-US\"},{\"@type\":\"ImageObject\",\"inLanguage\":\"en-US\",\"@id\":\"https:\/\/www.visit-ulcinj.com\/blog\/2013\/08\/27\/ulcinj-javni-skup-za-djecu-i-roditelje-28-08-2013\/#primaryimage\",\"url\":\"http:\/\/www.visit-ulcinj.com\/blog\/wp-content\/uploads\/2013\/08\/loader_logo.png\",\"contentUrl\":\"http:\/\/www.visit-ulcinj.com\/blog\/wp-content\/uploads\/2013\/08\/loader_logo.png\"},{\"@type\":\"WebPage\",\"@id\":\"https:\/\/www.visit-ulcinj.com\/blog\/2013\/08\/27\/ulcinj-javni-skup-za-djecu-i-roditelje-28-08-2013\/#webpage\",\"url\":\"https:\/\/www.visit-ulcinj.com\/blog\/2013\/08\/27\/ulcinj-javni-skup-za-djecu-i-roditelje-28-08-2013\/\",\"name\":\"Ulcinj javni skup za djecu i roditelje 28.08.2013 - Lajme nga Ulqini\",\"isPartOf\":{\"@id\":\"https:\/\/www.visit-ulcinj.com\/blog\/#website\"},\"primaryImageOfPage\":{\"@id\":\"https:\/\/www.visit-ulcinj.com\/blog\/2013\/08\/27\/ulcinj-javni-skup-za-djecu-i-roditelje-28-08-2013\/#primaryimage\"},\"datePublished\":\"2013-08-27T20:13:26+00:00\",\"dateModified\":\"2013-08-27T20:13:49+00:00\",\"author\":{\"@id\":\"https:\/\/www.visit-ulcinj.com\/blog\/#\/schema\/person\/dcab619c614d3038751c63bc2aadc06d\"},\"description\":\"Saop\u0161tenje za medije &nbsp; &nbsp; Po\u0161tovani\/a, Asocijacija za demokratski prosperitet-Zid Vas poziva da medijski ispratite javni skup za djecu i\",\"breadcrumb\":{\"@id\":\"https:\/\/www.visit-ulcinj.com\/blog\/2013\/08\/27\/ulcinj-javni-skup-za-djecu-i-roditelje-28-08-2013\/#breadcrumb\"},\"inLanguage\":\"en-US\",\"potentialAction\":[{\"@type\":\"ReadAction\",\"target\":[\"https:\/\/www.visit-ulcinj.com\/blog\/2013\/08\/27\/ulcinj-javni-skup-za-djecu-i-roditelje-28-08-2013\/\"]}]},{\"@type\":\"BreadcrumbList\",\"@id\":\"https:\/\/www.visit-ulcinj.com\/blog\/2013\/08\/27\/ulcinj-javni-skup-za-djecu-i-roditelje-28-08-2013\/#breadcrumb\",\"itemListElement\":[{\"@type\":\"ListItem\",\"position\":1,\"name\":\"Ulcinj javni skup za djecu i roditelje 28.08.2013\"}]},{\"@type\":\"Person\",\"@id\":\"https:\/\/www.visit-ulcinj.com\/blog\/#\/schema\/person\/dcab619c614d3038751c63bc2aadc06d\",\"name\":\"ulqini\",\"sameAs\":[\"http:\/\/www.visit-ulcinj.com\"],\"url\":\"https:\/\/www.visit-ulcinj.com\/blog\/author\/admin\/\"}]}<\/script>\n<!-- \/ Yoast SEO plugin. -->","yoast_head_json":{"title":"Ulcinj javni skup za djecu i roditelje 28.08.2013 - Lajme nga Ulqini","description":"Saop\u0161tenje za medije &nbsp; &nbsp; Po\u0161tovani\/a, Asocijacija za demokratski prosperitet-Zid Vas poziva da medijski ispratite javni skup za djecu i","robots":{"index":"index","follow":"follow","max-snippet":"max-snippet:-1","max-image-preview":"max-image-preview:large","max-video-preview":"max-video-preview:-1"},"canonical":"https:\/\/www.visit-ulcinj.com\/blog\/2013\/08\/27\/ulcinj-javni-skup-za-djecu-i-roditelje-28-08-2013\/","og_locale":"en_US","og_type":"article","og_title":"Ulcinj javni skup za djecu i roditelje 28.08.2013 - Lajme nga Ulqini","og_description":"Saop\u0161tenje za medije &nbsp; &nbsp; Po\u0161tovani\/a, Asocijacija za demokratski prosperitet-Zid Vas poziva da medijski ispratite javni skup za djecu i","og_url":"https:\/\/www.visit-ulcinj.com\/blog\/2013\/08\/27\/ulcinj-javni-skup-za-djecu-i-roditelje-28-08-2013\/","og_site_name":"Lajme nga Ulqini","article_published_time":"2013-08-27T20:13:26+00:00","article_modified_time":"2013-08-27T20:13:49+00:00","og_image":[{"url":"http:\/\/www.visit-ulcinj.com\/blog\/wp-content\/uploads\/2013\/08\/loader_logo.png"}],"twitter_misc":{"Written by":"ulqini","Est. reading time":"1 minute"},"schema":{"@context":"https:\/\/schema.org","@graph":[{"@type":"WebSite","@id":"https:\/\/www.visit-ulcinj.com\/blog\/#website","url":"https:\/\/www.visit-ulcinj.com\/blog\/","name":"Lajme nga Ulqini","description":"Lajme,Vijesti,Ulqini,Ulqin,Crna Gora,Mali i Zi","potentialAction":[{"@type":"SearchAction","target":{"@type":"EntryPoint","urlTemplate":"https:\/\/www.visit-ulcinj.com\/blog\/?s={search_term_string}"},"query-input":"required name=search_term_string"}],"inLanguage":"en-US"},{"@type":"ImageObject","inLanguage":"en-US","@id":"https:\/\/www.visit-ulcinj.com\/blog\/2013\/08\/27\/ulcinj-javni-skup-za-djecu-i-roditelje-28-08-2013\/#primaryimage","url":"http:\/\/www.visit-ulcinj.com\/blog\/wp-content\/uploads\/2013\/08\/loader_logo.png","contentUrl":"http:\/\/www.visit-ulcinj.com\/blog\/wp-content\/uploads\/2013\/08\/loader_logo.png"},{"@type":"WebPage","@id":"https:\/\/www.visit-ulcinj.com\/blog\/2013\/08\/27\/ulcinj-javni-skup-za-djecu-i-roditelje-28-08-2013\/#webpage","url":"https:\/\/www.visit-ulcinj.com\/blog\/2013\/08\/27\/ulcinj-javni-skup-za-djecu-i-roditelje-28-08-2013\/","name":"Ulcinj javni skup za djecu i roditelje 28.08.2013 - Lajme nga Ulqini","isPartOf":{"@id":"https:\/\/www.visit-ulcinj.com\/blog\/#website"},"primaryImageOfPage":{"@id":"https:\/\/www.visit-ulcinj.com\/blog\/2013\/08\/27\/ulcinj-javni-skup-za-djecu-i-roditelje-28-08-2013\/#primaryimage"},"datePublished":"2013-08-27T20:13:26+00:00","dateModified":"2013-08-27T20:13:49+00:00","author":{"@id":"https:\/\/www.visit-ulcinj.com\/blog\/#\/schema\/person\/dcab619c614d3038751c63bc2aadc06d"},"description":"Saop\u0161tenje za medije &nbsp; &nbsp; Po\u0161tovani\/a, Asocijacija za demokratski prosperitet-Zid Vas poziva da medijski ispratite javni skup za djecu i","breadcrumb":{"@id":"https:\/\/www.visit-ulcinj.com\/blog\/2013\/08\/27\/ulcinj-javni-skup-za-djecu-i-roditelje-28-08-2013\/#breadcrumb"},"inLanguage":"en-US","potentialAction":[{"@type":"ReadAction","target":["https:\/\/www.visit-ulcinj.com\/blog\/2013\/08\/27\/ulcinj-javni-skup-za-djecu-i-roditelje-28-08-2013\/"]}]},{"@type":"BreadcrumbList","@id":"https:\/\/www.visit-ulcinj.com\/blog\/2013\/08\/27\/ulcinj-javni-skup-za-djecu-i-roditelje-28-08-2013\/#breadcrumb","itemListElement":[{"@type":"ListItem","position":1,"name":"Ulcinj javni skup za djecu i roditelje 28.08.2013"}]},{"@type":"Person","@id":"https:\/\/www.visit-ulcinj.com\/blog\/#\/schema\/person\/dcab619c614d3038751c63bc2aadc06d","name":"ulqini","sameAs":["http:\/\/www.visit-ulcinj.com"],"url":"https:\/\/www.visit-ulcinj.com\/blog\/author\/admin\/"}]}},"jetpack_featured_media_url":"","jetpack_sharing_enabled":true,"jetpack_shortlink":"https:\/\/wp.me\/pe6lTn-jlV","_links":{"self":[{"href":"https:\/\/www.visit-ulcinj.com\/blog\/wp-json\/wp\/v2\/posts\/74395"}],"collection":[{"href":"https:\/\/www.visit-ulcinj.com\/blog\/wp-json\/wp\/v2\/posts"}],"about":[{"href":"https:\/\/www.visit-ulcinj.com\/blog\/wp-json\/wp\/v2\/types\/post"}],"author":[{"embeddable":true,"href":"https:\/\/www.visit-ulcinj.com\/blog\/wp-json\/wp\/v2\/users\/1"}],"replies":[{"embeddable":true,"href":"https:\/\/www.visit-ulcinj.com\/blog\/wp-json\/wp\/v2\/comments?post=74395"}],"version-history":[{"count":2,"href":"https:\/\/www.visit-ulcinj.com\/blog\/wp-json\/wp\/v2\/posts\/74395\/revisions"}],"predecessor-version":[{"id":74398,"href":"https:\/\/www.visit-ulcinj.com\/blog\/wp-json\/wp\/v2\/posts\/74395\/revisions\/74398"}],"wp:attachment":[{"href":"https:\/\/www.visit-ulcinj.com\/blog\/wp-json\/wp\/v2\/media?parent=74395"}],"wp:term":[{"taxonomy":"category","embeddable":true,"href":"https:\/\/www.visit-ulcinj.com\/blog\/wp-json\/wp\/v2\/categories?post=74395"},{"taxonomy":"post_tag","embeddable":true,"href":"https:\/\/www.visit-ulcinj.com\/blog\/wp-json\/wp\/v2\/tags?post=74395"}],"curies":[{"name":"wp","href":"https:\/\/api.w.org\/{rel}","templated":true}]}}