{"id":74428,"date":"2013-09-01T21:00:23","date_gmt":"2013-09-01T20:00:23","guid":{"rendered":"http:\/\/www.visit-ulcinj.com\/blog\/?p=74428"},"modified":"2013-09-03T14:37:27","modified_gmt":"2013-09-03T13:37:27","slug":"cungu-takon-perfaqesuesit-e-klubeve-te-fudbollit","status":"publish","type":"post","link":"https:\/\/www.visit-ulcinj.com\/blog\/2013\/09\/01\/cungu-takon-perfaqesuesit-e-klubeve-te-fudbollit\/","title":{"rendered":"Cungu takon p\u00ebrfaq\u00ebsuesit e klubeve te fudbollit"},"content":{"rendered":"<p><a href=\"http:\/\/www.visit-ulcinj.com\/blog\/wp-content\/uploads\/2013\/09\/klubet-e-fudbollit-Cungu.jpg\"><img loading=\"lazy\" class=\"alignleft  wp-image-74429\" alt=\"klubet e fudbollit-Cungu\" src=\"http:\/\/www.visit-ulcinj.com\/blog\/wp-content\/uploads\/2013\/09\/klubet-e-fudbollit-Cungu.jpg\" width=\"508\" height=\"360\" \/><\/a>Sot n\u00eb kabinetin e kryetarit t\u00eb Komun\u00ebs s\u00eb Ulqinit Nazif Cungu \u00ebsht\u00eb mbajtur nj\u00eb takim n\u00eb mes p\u00ebrfaq\u00ebsues\u00ebve t\u00eb KF Otrant, KRF Federal dhe Kryetarit t\u00eb Lidhjes futbollistike t\u00eb regjionit jugor t\u00eb Malit t\u00eb Zi, z. Gjuroviq. Objektiv i k\u00ebtij takimi ka qen\u00eb shqyrtimi i gjendjes n\u00eb KF Otrant dhe gjetja e zgjidhjes me q\u00ebllim t\u00eb pjes\u00ebmarrjes s\u00eb ekipit senior t\u00eb k\u00ebtij klubi n\u00eb sezonin e garave 2013\/2014.<\/p>\n<p>N\u00eb takim n\u00eb mes tjerash \u00ebsht\u00eb arritur marr\u00ebveshja n\u00eb baz\u00eb t\u00eb t\u00eb cil\u00ebs p\u00ebr shkak t\u00eb situat\u00ebs s\u00eb v\u00ebshtir\u00eb financiare n\u00eb KF Otrant, lojtar\u00ebt do t\u00eb riregjistrohen n\u00eb KRF Federal , i cili i plot\u00ebson kushtet e nevojshme p\u00ebr pjes\u00ebmarrje n\u00eb gara n\u00eb lig\u00ebn e tret\u00eb t\u00eb regjionit jugor t\u00eb Malit t\u00eb Zi. Gjithashtu \u00ebsht\u00eb r\u00ebn\u00eb dakort q\u00eb t\u00eb b\u00ebhen ndryshime dhe plot\u00ebsime t\u00eb Statutit t\u00eb KRF Federal me t\u00eb cilat do t\u00eb rregullohej pjes\u00ebmarrja e p\u00ebrfaq\u00ebsuesve t\u00eb organeve t\u00eb administrat\u00ebs lokale t\u00eb Komun\u00ebs s\u00eb Ulqinit n\u00eb organet drejtuese t\u00eb KRF Federal.\u00a0Z. Gjuroviq n\u00eb takim ka theksuar se kusht p\u00ebr pjes\u00ebmarrje n\u00eb garat 2013\/14 \u00ebsht\u00eb pagesa e garancis\u00eb n\u00eb shum\u00ebn prej 2000 Euro. N\u00eb baz\u00eb t\u00eb k\u00ebsaj n\u00eb mes t\u00eb Komun\u00ebss\u00eb Ulqinit dhe KRF Federal do t\u00eb lidhet marr\u00ebveshja p\u00ebr financimin e pjes\u00ebmarrjes n\u00eb garat 2013\/14. M\u00eb holl\u00ebsisht p\u00ebr t\u00eb gjitha do t\u00eb merren vesh n\u00eb takimin e radh\u00ebs i cili do t\u00eb mbahet t\u00eb h\u00ebn\u00eb.<\/p>\n<p><strong>Op\u0161tina Ulcinj \/ Komuna e Ulqinit<\/strong><br \/>\nTel: +382 30 412 050<br \/>\nFax: +382 30 412 413<br \/>\nAdresa: Bul. Skenderbeu bb, 85360 Ulcinj, MNE<\/p>\n","protected":false},"excerpt":{"rendered":"<p>Sot n\u00eb kabinetin e kryetarit t\u00eb Komun\u00ebs s\u00eb Ulqinit Nazif Cungu \u00ebsht\u00eb mbajtur nj\u00eb takim n\u00eb mes p\u00ebrfaq\u00ebsues\u00ebve t\u00eb KF Otrant, KRF Federal dhe Kryetarit t\u00eb Lidhjes futbollistike t\u00eb regjionit jugor t\u00eb Malit t\u00eb Zi, z. Gjuroviq. Objektiv i k\u00ebtij takimi ka qen\u00eb shqyrtimi i gjendjes n\u00eb KF Otrant dhe gjetja e zgjidhjes me q\u00ebllim [&hellip;]<\/p>\n","protected":false},"author":1,"featured_media":0,"comment_status":"closed","ping_status":"closed","sticky":false,"template":"","format":"standard","meta":{"spay_email":"","jetpack_publicize_message":"","jetpack_is_tweetstorm":false,"jetpack_publicize_feature_enabled":true},"categories":[1,3],"tags":[],"jetpack_publicize_connections":[],"yoast_head":"<!-- This site is optimized with the Yoast SEO plugin v19.1 - https:\/\/yoast.com\/wordpress\/plugins\/seo\/ -->\n<title>Cungu takon p\u00ebrfaq\u00ebsuesit e klubeve te fudbollit - Lajme nga Ulqini<\/title>\n<meta name=\"description\" content=\"Sot n\u00eb kabinetin e kryetarit t\u00eb Komun\u00ebs s\u00eb Ulqinit Nazif Cungu \u00ebsht\u00eb mbajtur nj\u00eb takim n\u00eb mes p\u00ebrfaq\u00ebsues\u00ebve t\u00eb KF Otrant, KRF Federal dhe Kryetarit t\u00eb\" \/>\n<meta name=\"robots\" content=\"index, follow, max-snippet:-1, max-image-preview:large, max-video-preview:-1\" \/>\n<link rel=\"canonical\" href=\"https:\/\/www.visit-ulcinj.com\/blog\/2013\/09\/01\/cungu-takon-perfaqesuesit-e-klubeve-te-fudbollit\/\" \/>\n<meta property=\"og:locale\" content=\"en_US\" \/>\n<meta property=\"og:type\" content=\"article\" \/>\n<meta property=\"og:title\" content=\"Cungu takon p\u00ebrfaq\u00ebsuesit e klubeve te fudbollit - Lajme nga Ulqini\" \/>\n<meta property=\"og:description\" content=\"Sot n\u00eb kabinetin e kryetarit t\u00eb Komun\u00ebs s\u00eb Ulqinit Nazif Cungu \u00ebsht\u00eb mbajtur nj\u00eb takim n\u00eb mes p\u00ebrfaq\u00ebsues\u00ebve t\u00eb KF Otrant, KRF Federal dhe Kryetarit t\u00eb\" \/>\n<meta property=\"og:url\" content=\"https:\/\/www.visit-ulcinj.com\/blog\/2013\/09\/01\/cungu-takon-perfaqesuesit-e-klubeve-te-fudbollit\/\" \/>\n<meta property=\"og:site_name\" content=\"Lajme nga Ulqini\" \/>\n<meta property=\"article:published_time\" content=\"2013-09-01T20:00:23+00:00\" \/>\n<meta property=\"article:modified_time\" content=\"2013-09-03T13:37:27+00:00\" \/>\n<meta property=\"og:image\" content=\"http:\/\/www.visit-ulcinj.com\/blog\/wp-content\/uploads\/2013\/09\/klubet-e-fudbollit-Cungu.jpg\" \/>\n<meta name=\"twitter:label1\" content=\"Written by\" \/>\n\t<meta name=\"twitter:data1\" content=\"ulqini\" \/>\n\t<meta name=\"twitter:label2\" content=\"Est. reading time\" \/>\n\t<meta name=\"twitter:data2\" content=\"1 minute\" \/>\n<script type=\"application\/ld+json\" class=\"yoast-schema-graph\">{\"@context\":\"https:\/\/schema.org\",\"@graph\":[{\"@type\":\"WebSite\",\"@id\":\"https:\/\/www.visit-ulcinj.com\/blog\/#website\",\"url\":\"https:\/\/www.visit-ulcinj.com\/blog\/\",\"name\":\"Lajme nga Ulqini\",\"description\":\"Lajme,Vijesti,Ulqini,Ulqin,Crna Gora,Mali i Zi\",\"potentialAction\":[{\"@type\":\"SearchAction\",\"target\":{\"@type\":\"EntryPoint\",\"urlTemplate\":\"https:\/\/www.visit-ulcinj.com\/blog\/?s={search_term_string}\"},\"query-input\":\"required name=search_term_string\"}],\"inLanguage\":\"en-US\"},{\"@type\":\"ImageObject\",\"inLanguage\":\"en-US\",\"@id\":\"https:\/\/www.visit-ulcinj.com\/blog\/2013\/09\/01\/cungu-takon-perfaqesuesit-e-klubeve-te-fudbollit\/#primaryimage\",\"url\":\"https:\/\/www.visit-ulcinj.com\/blog\/wp-content\/uploads\/2013\/09\/klubet-e-fudbollit-Cungu.jpg\",\"contentUrl\":\"https:\/\/www.visit-ulcinj.com\/blog\/wp-content\/uploads\/2013\/09\/klubet-e-fudbollit-Cungu.jpg\",\"width\":768,\"height\":509},{\"@type\":\"WebPage\",\"@id\":\"https:\/\/www.visit-ulcinj.com\/blog\/2013\/09\/01\/cungu-takon-perfaqesuesit-e-klubeve-te-fudbollit\/#webpage\",\"url\":\"https:\/\/www.visit-ulcinj.com\/blog\/2013\/09\/01\/cungu-takon-perfaqesuesit-e-klubeve-te-fudbollit\/\",\"name\":\"Cungu takon p\u00ebrfaq\u00ebsuesit e klubeve te fudbollit - Lajme nga Ulqini\",\"isPartOf\":{\"@id\":\"https:\/\/www.visit-ulcinj.com\/blog\/#website\"},\"primaryImageOfPage\":{\"@id\":\"https:\/\/www.visit-ulcinj.com\/blog\/2013\/09\/01\/cungu-takon-perfaqesuesit-e-klubeve-te-fudbollit\/#primaryimage\"},\"datePublished\":\"2013-09-01T20:00:23+00:00\",\"dateModified\":\"2013-09-03T13:37:27+00:00\",\"author\":{\"@id\":\"https:\/\/www.visit-ulcinj.com\/blog\/#\/schema\/person\/dcab619c614d3038751c63bc2aadc06d\"},\"description\":\"Sot n\u00eb kabinetin e kryetarit t\u00eb Komun\u00ebs s\u00eb Ulqinit Nazif Cungu \u00ebsht\u00eb mbajtur nj\u00eb takim n\u00eb mes p\u00ebrfaq\u00ebsues\u00ebve t\u00eb KF Otrant, KRF Federal dhe Kryetarit t\u00eb\",\"breadcrumb\":{\"@id\":\"https:\/\/www.visit-ulcinj.com\/blog\/2013\/09\/01\/cungu-takon-perfaqesuesit-e-klubeve-te-fudbollit\/#breadcrumb\"},\"inLanguage\":\"en-US\",\"potentialAction\":[{\"@type\":\"ReadAction\",\"target\":[\"https:\/\/www.visit-ulcinj.com\/blog\/2013\/09\/01\/cungu-takon-perfaqesuesit-e-klubeve-te-fudbollit\/\"]}]},{\"@type\":\"BreadcrumbList\",\"@id\":\"https:\/\/www.visit-ulcinj.com\/blog\/2013\/09\/01\/cungu-takon-perfaqesuesit-e-klubeve-te-fudbollit\/#breadcrumb\",\"itemListElement\":[{\"@type\":\"ListItem\",\"position\":1,\"name\":\"Cungu takon p\u00ebrfaq\u00ebsuesit e klubeve te fudbollit\"}]},{\"@type\":\"Person\",\"@id\":\"https:\/\/www.visit-ulcinj.com\/blog\/#\/schema\/person\/dcab619c614d3038751c63bc2aadc06d\",\"name\":\"ulqini\",\"sameAs\":[\"http:\/\/www.visit-ulcinj.com\"],\"url\":\"https:\/\/www.visit-ulcinj.com\/blog\/author\/admin\/\"}]}<\/script>\n<!-- \/ Yoast SEO plugin. -->","yoast_head_json":{"title":"Cungu takon p\u00ebrfaq\u00ebsuesit e klubeve te fudbollit - Lajme nga Ulqini","description":"Sot n\u00eb kabinetin e kryetarit t\u00eb Komun\u00ebs s\u00eb Ulqinit Nazif Cungu \u00ebsht\u00eb mbajtur nj\u00eb takim n\u00eb mes p\u00ebrfaq\u00ebsues\u00ebve t\u00eb KF Otrant, KRF Federal dhe Kryetarit t\u00eb","robots":{"index":"index","follow":"follow","max-snippet":"max-snippet:-1","max-image-preview":"max-image-preview:large","max-video-preview":"max-video-preview:-1"},"canonical":"https:\/\/www.visit-ulcinj.com\/blog\/2013\/09\/01\/cungu-takon-perfaqesuesit-e-klubeve-te-fudbollit\/","og_locale":"en_US","og_type":"article","og_title":"Cungu takon p\u00ebrfaq\u00ebsuesit e klubeve te fudbollit - Lajme nga Ulqini","og_description":"Sot n\u00eb kabinetin e kryetarit t\u00eb Komun\u00ebs s\u00eb Ulqinit Nazif Cungu \u00ebsht\u00eb mbajtur nj\u00eb takim n\u00eb mes p\u00ebrfaq\u00ebsues\u00ebve t\u00eb KF Otrant, KRF Federal dhe Kryetarit t\u00eb","og_url":"https:\/\/www.visit-ulcinj.com\/blog\/2013\/09\/01\/cungu-takon-perfaqesuesit-e-klubeve-te-fudbollit\/","og_site_name":"Lajme nga Ulqini","article_published_time":"2013-09-01T20:00:23+00:00","article_modified_time":"2013-09-03T13:37:27+00:00","og_image":[{"url":"http:\/\/www.visit-ulcinj.com\/blog\/wp-content\/uploads\/2013\/09\/klubet-e-fudbollit-Cungu.jpg"}],"twitter_misc":{"Written by":"ulqini","Est. reading time":"1 minute"},"schema":{"@context":"https:\/\/schema.org","@graph":[{"@type":"WebSite","@id":"https:\/\/www.visit-ulcinj.com\/blog\/#website","url":"https:\/\/www.visit-ulcinj.com\/blog\/","name":"Lajme nga Ulqini","description":"Lajme,Vijesti,Ulqini,Ulqin,Crna Gora,Mali i Zi","potentialAction":[{"@type":"SearchAction","target":{"@type":"EntryPoint","urlTemplate":"https:\/\/www.visit-ulcinj.com\/blog\/?s={search_term_string}"},"query-input":"required name=search_term_string"}],"inLanguage":"en-US"},{"@type":"ImageObject","inLanguage":"en-US","@id":"https:\/\/www.visit-ulcinj.com\/blog\/2013\/09\/01\/cungu-takon-perfaqesuesit-e-klubeve-te-fudbollit\/#primaryimage","url":"https:\/\/www.visit-ulcinj.com\/blog\/wp-content\/uploads\/2013\/09\/klubet-e-fudbollit-Cungu.jpg","contentUrl":"https:\/\/www.visit-ulcinj.com\/blog\/wp-content\/uploads\/2013\/09\/klubet-e-fudbollit-Cungu.jpg","width":768,"height":509},{"@type":"WebPage","@id":"https:\/\/www.visit-ulcinj.com\/blog\/2013\/09\/01\/cungu-takon-perfaqesuesit-e-klubeve-te-fudbollit\/#webpage","url":"https:\/\/www.visit-ulcinj.com\/blog\/2013\/09\/01\/cungu-takon-perfaqesuesit-e-klubeve-te-fudbollit\/","name":"Cungu takon p\u00ebrfaq\u00ebsuesit e klubeve te fudbollit - Lajme nga Ulqini","isPartOf":{"@id":"https:\/\/www.visit-ulcinj.com\/blog\/#website"},"primaryImageOfPage":{"@id":"https:\/\/www.visit-ulcinj.com\/blog\/2013\/09\/01\/cungu-takon-perfaqesuesit-e-klubeve-te-fudbollit\/#primaryimage"},"datePublished":"2013-09-01T20:00:23+00:00","dateModified":"2013-09-03T13:37:27+00:00","author":{"@id":"https:\/\/www.visit-ulcinj.com\/blog\/#\/schema\/person\/dcab619c614d3038751c63bc2aadc06d"},"description":"Sot n\u00eb kabinetin e kryetarit t\u00eb Komun\u00ebs s\u00eb Ulqinit Nazif Cungu \u00ebsht\u00eb mbajtur nj\u00eb takim n\u00eb mes p\u00ebrfaq\u00ebsues\u00ebve t\u00eb KF Otrant, KRF Federal dhe Kryetarit t\u00eb","breadcrumb":{"@id":"https:\/\/www.visit-ulcinj.com\/blog\/2013\/09\/01\/cungu-takon-perfaqesuesit-e-klubeve-te-fudbollit\/#breadcrumb"},"inLanguage":"en-US","potentialAction":[{"@type":"ReadAction","target":["https:\/\/www.visit-ulcinj.com\/blog\/2013\/09\/01\/cungu-takon-perfaqesuesit-e-klubeve-te-fudbollit\/"]}]},{"@type":"BreadcrumbList","@id":"https:\/\/www.visit-ulcinj.com\/blog\/2013\/09\/01\/cungu-takon-perfaqesuesit-e-klubeve-te-fudbollit\/#breadcrumb","itemListElement":[{"@type":"ListItem","position":1,"name":"Cungu takon p\u00ebrfaq\u00ebsuesit e klubeve te fudbollit"}]},{"@type":"Person","@id":"https:\/\/www.visit-ulcinj.com\/blog\/#\/schema\/person\/dcab619c614d3038751c63bc2aadc06d","name":"ulqini","sameAs":["http:\/\/www.visit-ulcinj.com"],"url":"https:\/\/www.visit-ulcinj.com\/blog\/author\/admin\/"}]}},"jetpack_featured_media_url":"","jetpack_sharing_enabled":true,"jetpack_shortlink":"https:\/\/wp.me\/pe6lTn-jms","_links":{"self":[{"href":"https:\/\/www.visit-ulcinj.com\/blog\/wp-json\/wp\/v2\/posts\/74428"}],"collection":[{"href":"https:\/\/www.visit-ulcinj.com\/blog\/wp-json\/wp\/v2\/posts"}],"about":[{"href":"https:\/\/www.visit-ulcinj.com\/blog\/wp-json\/wp\/v2\/types\/post"}],"author":[{"embeddable":true,"href":"https:\/\/www.visit-ulcinj.com\/blog\/wp-json\/wp\/v2\/users\/1"}],"replies":[{"embeddable":true,"href":"https:\/\/www.visit-ulcinj.com\/blog\/wp-json\/wp\/v2\/comments?post=74428"}],"version-history":[{"count":3,"href":"https:\/\/www.visit-ulcinj.com\/blog\/wp-json\/wp\/v2\/posts\/74428\/revisions"}],"predecessor-version":[{"id":74479,"href":"https:\/\/www.visit-ulcinj.com\/blog\/wp-json\/wp\/v2\/posts\/74428\/revisions\/74479"}],"wp:attachment":[{"href":"https:\/\/www.visit-ulcinj.com\/blog\/wp-json\/wp\/v2\/media?parent=74428"}],"wp:term":[{"taxonomy":"category","embeddable":true,"href":"https:\/\/www.visit-ulcinj.com\/blog\/wp-json\/wp\/v2\/categories?post=74428"},{"taxonomy":"post_tag","embeddable":true,"href":"https:\/\/www.visit-ulcinj.com\/blog\/wp-json\/wp\/v2\/tags?post=74428"}],"curies":[{"name":"wp","href":"https:\/\/api.w.org\/{rel}","templated":true}]}}