{"id":74434,"date":"2013-09-01T21:06:21","date_gmt":"2013-09-01T20:06:21","guid":{"rendered":"http:\/\/www.visit-ulcinj.com\/blog\/?p=74434"},"modified":"2013-09-01T21:06:34","modified_gmt":"2013-09-01T20:06:34","slug":"cungu-se-sastao-sa-predstavnicima-fudbalskih-klubova","status":"publish","type":"post","link":"https:\/\/www.visit-ulcinj.com\/blog\/2013\/09\/01\/cungu-se-sastao-sa-predstavnicima-fudbalskih-klubova\/","title":{"rendered":"Cungu se sastao sa predstavnicima fudbalskih klubova"},"content":{"rendered":"<p><a href=\"http:\/\/www.visit-ulcinj.com\/blog\/wp-content\/uploads\/2013\/09\/klubet-e-fudbollit-Cungu.jpg\"><img loading=\"lazy\" class=\"alignleft  wp-image-74429\" alt=\"klubet e fudbollit-Cungu\" src=\"http:\/\/www.visit-ulcinj.com\/blog\/wp-content\/uploads\/2013\/09\/klubet-e-fudbollit-Cungu.jpg\" width=\"508\" height=\"360\" \/><\/a>Danas je u kabinetu predsjednika op\u0161tine Ulcinj Nazifa Cungu od\u017ean sastanak izme\u0111u predstavnika FK Otrant, OFK Federal i Predsjednika Fudbalskog saveza ju\u017ene regije Crne Gore, gdina \u0110urovca. Cilj ovog sastanka bio je razmatranje stanja u FK Otrant i pronala\u017eenje rije\u0161enja u cilju u\u010de\u0161\u0107a seniorske ekipe ovog kluba u takmi\u010darskoj sezoni 2013\/14 god.<\/p>\n<p>&nbsp;<\/p>\n<p>Na sastanku se izme\u0111u ostalog postigao dogovor na osnovu kojeg \u0107e se zbog teske finansijske situacije u FK Otranta, igra\u010di preregistrovati u OFK Federal koji ispunjava potrebne uslove za u\u010de\u0161\u0107e na takmi\u010denje u tre\u0107oj ligi ju\u017ene regije Crne Gore. Tako\u0111e je dogovoreno da se izvr\u0161e izmjene i dopune statuta OFK Federal kojim bi se uredilo u\u010de\u0161\u0107e predsavnika organa lokalne uprave Opstine Ulcinj u organima upravljanja OFK Fedeal. Gdin. \u0110urovi\u0107 je na sastanku istakao da je uslov u\u010de\u0161\u0107a na takmi\u010denju 2013\/14 god. uplata garancije u iznosu od 2000eur. Na onosvu ovoga \u0107e se izme\u0111u Op\u0161tine Ulcinj i OFK Federal zaklju\u010diti sporazum o finasiranju u\u010de\u0161\u0107a na takmi\u010denju 2013\/14. Detaljnije \u0107e se oko svega dogovarati na slede\u0107em sastanku koji \u0107e biti odr\u017ean u ponedeljak.<\/p>\n","protected":false},"excerpt":{"rendered":"<p>Danas je u kabinetu predsjednika op\u0161tine Ulcinj Nazifa Cungu od\u017ean sastanak izme\u0111u predstavnika FK Otrant, OFK Federal i Predsjednika Fudbalskog saveza ju\u017ene regije Crne Gore, gdina \u0110urovca. Cilj ovog sastanka bio je razmatranje stanja u FK Otrant i pronala\u017eenje rije\u0161enja u cilju u\u010de\u0161\u0107a seniorske ekipe ovog kluba u takmi\u010darskoj sezoni 2013\/14 god. &nbsp; Na sastanku [&hellip;]<\/p>\n","protected":false},"author":1,"featured_media":0,"comment_status":"closed","ping_status":"closed","sticky":false,"template":"","format":"standard","meta":{"spay_email":"","jetpack_publicize_message":"","jetpack_is_tweetstorm":false,"jetpack_publicize_feature_enabled":true},"categories":[8337],"tags":[],"jetpack_publicize_connections":[],"yoast_head":"<!-- This site is optimized with the Yoast SEO plugin v19.1 - https:\/\/yoast.com\/wordpress\/plugins\/seo\/ -->\n<title>Cungu se sastao sa predstavnicima fudbalskih klubova - Lajme nga Ulqini<\/title>\n<meta name=\"description\" content=\"Danas je u kabinetu predsjednika op\u0161tine Ulcinj Nazifa Cungu od\u017ean sastanak izme\u0111u predstavnika FK Otrant, OFK Federal i Predsjednika Fudbalskog saveza\" \/>\n<meta name=\"robots\" content=\"index, follow, max-snippet:-1, max-image-preview:large, max-video-preview:-1\" \/>\n<link rel=\"canonical\" href=\"https:\/\/www.visit-ulcinj.com\/blog\/2013\/09\/01\/cungu-se-sastao-sa-predstavnicima-fudbalskih-klubova\/\" \/>\n<meta property=\"og:locale\" content=\"en_US\" \/>\n<meta property=\"og:type\" content=\"article\" \/>\n<meta property=\"og:title\" content=\"Cungu se sastao sa predstavnicima fudbalskih klubova - Lajme nga Ulqini\" \/>\n<meta property=\"og:description\" content=\"Danas je u kabinetu predsjednika op\u0161tine Ulcinj Nazifa Cungu od\u017ean sastanak izme\u0111u predstavnika FK Otrant, OFK Federal i Predsjednika Fudbalskog saveza\" \/>\n<meta property=\"og:url\" content=\"https:\/\/www.visit-ulcinj.com\/blog\/2013\/09\/01\/cungu-se-sastao-sa-predstavnicima-fudbalskih-klubova\/\" \/>\n<meta property=\"og:site_name\" content=\"Lajme nga Ulqini\" \/>\n<meta property=\"article:published_time\" content=\"2013-09-01T20:06:21+00:00\" \/>\n<meta property=\"article:modified_time\" content=\"2013-09-01T20:06:34+00:00\" \/>\n<meta property=\"og:image\" content=\"http:\/\/www.visit-ulcinj.com\/blog\/wp-content\/uploads\/2013\/09\/klubet-e-fudbollit-Cungu.jpg\" \/>\n<meta name=\"twitter:label1\" content=\"Written by\" \/>\n\t<meta name=\"twitter:data1\" content=\"ulqini\" \/>\n\t<meta name=\"twitter:label2\" content=\"Est. reading time\" \/>\n\t<meta name=\"twitter:data2\" content=\"1 minute\" \/>\n<script type=\"application\/ld+json\" class=\"yoast-schema-graph\">{\"@context\":\"https:\/\/schema.org\",\"@graph\":[{\"@type\":\"WebSite\",\"@id\":\"https:\/\/www.visit-ulcinj.com\/blog\/#website\",\"url\":\"https:\/\/www.visit-ulcinj.com\/blog\/\",\"name\":\"Lajme nga Ulqini\",\"description\":\"Lajme,Vijesti,Ulqini,Ulqin,Crna Gora,Mali i Zi\",\"potentialAction\":[{\"@type\":\"SearchAction\",\"target\":{\"@type\":\"EntryPoint\",\"urlTemplate\":\"https:\/\/www.visit-ulcinj.com\/blog\/?s={search_term_string}\"},\"query-input\":\"required name=search_term_string\"}],\"inLanguage\":\"en-US\"},{\"@type\":\"ImageObject\",\"inLanguage\":\"en-US\",\"@id\":\"https:\/\/www.visit-ulcinj.com\/blog\/2013\/09\/01\/cungu-se-sastao-sa-predstavnicima-fudbalskih-klubova\/#primaryimage\",\"url\":\"https:\/\/www.visit-ulcinj.com\/blog\/wp-content\/uploads\/2013\/09\/klubet-e-fudbollit-Cungu.jpg\",\"contentUrl\":\"https:\/\/www.visit-ulcinj.com\/blog\/wp-content\/uploads\/2013\/09\/klubet-e-fudbollit-Cungu.jpg\",\"width\":768,\"height\":509},{\"@type\":\"WebPage\",\"@id\":\"https:\/\/www.visit-ulcinj.com\/blog\/2013\/09\/01\/cungu-se-sastao-sa-predstavnicima-fudbalskih-klubova\/#webpage\",\"url\":\"https:\/\/www.visit-ulcinj.com\/blog\/2013\/09\/01\/cungu-se-sastao-sa-predstavnicima-fudbalskih-klubova\/\",\"name\":\"Cungu se sastao sa predstavnicima fudbalskih klubova - Lajme nga Ulqini\",\"isPartOf\":{\"@id\":\"https:\/\/www.visit-ulcinj.com\/blog\/#website\"},\"primaryImageOfPage\":{\"@id\":\"https:\/\/www.visit-ulcinj.com\/blog\/2013\/09\/01\/cungu-se-sastao-sa-predstavnicima-fudbalskih-klubova\/#primaryimage\"},\"datePublished\":\"2013-09-01T20:06:21+00:00\",\"dateModified\":\"2013-09-01T20:06:34+00:00\",\"author\":{\"@id\":\"https:\/\/www.visit-ulcinj.com\/blog\/#\/schema\/person\/dcab619c614d3038751c63bc2aadc06d\"},\"description\":\"Danas je u kabinetu predsjednika op\u0161tine Ulcinj Nazifa Cungu od\u017ean sastanak izme\u0111u predstavnika FK Otrant, OFK Federal i Predsjednika Fudbalskog saveza\",\"breadcrumb\":{\"@id\":\"https:\/\/www.visit-ulcinj.com\/blog\/2013\/09\/01\/cungu-se-sastao-sa-predstavnicima-fudbalskih-klubova\/#breadcrumb\"},\"inLanguage\":\"en-US\",\"potentialAction\":[{\"@type\":\"ReadAction\",\"target\":[\"https:\/\/www.visit-ulcinj.com\/blog\/2013\/09\/01\/cungu-se-sastao-sa-predstavnicima-fudbalskih-klubova\/\"]}]},{\"@type\":\"BreadcrumbList\",\"@id\":\"https:\/\/www.visit-ulcinj.com\/blog\/2013\/09\/01\/cungu-se-sastao-sa-predstavnicima-fudbalskih-klubova\/#breadcrumb\",\"itemListElement\":[{\"@type\":\"ListItem\",\"position\":1,\"name\":\"Cungu se sastao sa predstavnicima fudbalskih klubova\"}]},{\"@type\":\"Person\",\"@id\":\"https:\/\/www.visit-ulcinj.com\/blog\/#\/schema\/person\/dcab619c614d3038751c63bc2aadc06d\",\"name\":\"ulqini\",\"sameAs\":[\"http:\/\/www.visit-ulcinj.com\"],\"url\":\"https:\/\/www.visit-ulcinj.com\/blog\/author\/admin\/\"}]}<\/script>\n<!-- \/ Yoast SEO plugin. -->","yoast_head_json":{"title":"Cungu se sastao sa predstavnicima fudbalskih klubova - Lajme nga Ulqini","description":"Danas je u kabinetu predsjednika op\u0161tine Ulcinj Nazifa Cungu od\u017ean sastanak izme\u0111u predstavnika FK Otrant, OFK Federal i Predsjednika Fudbalskog saveza","robots":{"index":"index","follow":"follow","max-snippet":"max-snippet:-1","max-image-preview":"max-image-preview:large","max-video-preview":"max-video-preview:-1"},"canonical":"https:\/\/www.visit-ulcinj.com\/blog\/2013\/09\/01\/cungu-se-sastao-sa-predstavnicima-fudbalskih-klubova\/","og_locale":"en_US","og_type":"article","og_title":"Cungu se sastao sa predstavnicima fudbalskih klubova - Lajme nga Ulqini","og_description":"Danas je u kabinetu predsjednika op\u0161tine Ulcinj Nazifa Cungu od\u017ean sastanak izme\u0111u predstavnika FK Otrant, OFK Federal i Predsjednika Fudbalskog saveza","og_url":"https:\/\/www.visit-ulcinj.com\/blog\/2013\/09\/01\/cungu-se-sastao-sa-predstavnicima-fudbalskih-klubova\/","og_site_name":"Lajme nga Ulqini","article_published_time":"2013-09-01T20:06:21+00:00","article_modified_time":"2013-09-01T20:06:34+00:00","og_image":[{"url":"http:\/\/www.visit-ulcinj.com\/blog\/wp-content\/uploads\/2013\/09\/klubet-e-fudbollit-Cungu.jpg"}],"twitter_misc":{"Written by":"ulqini","Est. reading time":"1 minute"},"schema":{"@context":"https:\/\/schema.org","@graph":[{"@type":"WebSite","@id":"https:\/\/www.visit-ulcinj.com\/blog\/#website","url":"https:\/\/www.visit-ulcinj.com\/blog\/","name":"Lajme nga Ulqini","description":"Lajme,Vijesti,Ulqini,Ulqin,Crna Gora,Mali i Zi","potentialAction":[{"@type":"SearchAction","target":{"@type":"EntryPoint","urlTemplate":"https:\/\/www.visit-ulcinj.com\/blog\/?s={search_term_string}"},"query-input":"required name=search_term_string"}],"inLanguage":"en-US"},{"@type":"ImageObject","inLanguage":"en-US","@id":"https:\/\/www.visit-ulcinj.com\/blog\/2013\/09\/01\/cungu-se-sastao-sa-predstavnicima-fudbalskih-klubova\/#primaryimage","url":"https:\/\/www.visit-ulcinj.com\/blog\/wp-content\/uploads\/2013\/09\/klubet-e-fudbollit-Cungu.jpg","contentUrl":"https:\/\/www.visit-ulcinj.com\/blog\/wp-content\/uploads\/2013\/09\/klubet-e-fudbollit-Cungu.jpg","width":768,"height":509},{"@type":"WebPage","@id":"https:\/\/www.visit-ulcinj.com\/blog\/2013\/09\/01\/cungu-se-sastao-sa-predstavnicima-fudbalskih-klubova\/#webpage","url":"https:\/\/www.visit-ulcinj.com\/blog\/2013\/09\/01\/cungu-se-sastao-sa-predstavnicima-fudbalskih-klubova\/","name":"Cungu se sastao sa predstavnicima fudbalskih klubova - Lajme nga Ulqini","isPartOf":{"@id":"https:\/\/www.visit-ulcinj.com\/blog\/#website"},"primaryImageOfPage":{"@id":"https:\/\/www.visit-ulcinj.com\/blog\/2013\/09\/01\/cungu-se-sastao-sa-predstavnicima-fudbalskih-klubova\/#primaryimage"},"datePublished":"2013-09-01T20:06:21+00:00","dateModified":"2013-09-01T20:06:34+00:00","author":{"@id":"https:\/\/www.visit-ulcinj.com\/blog\/#\/schema\/person\/dcab619c614d3038751c63bc2aadc06d"},"description":"Danas je u kabinetu predsjednika op\u0161tine Ulcinj Nazifa Cungu od\u017ean sastanak izme\u0111u predstavnika FK Otrant, OFK Federal i Predsjednika Fudbalskog saveza","breadcrumb":{"@id":"https:\/\/www.visit-ulcinj.com\/blog\/2013\/09\/01\/cungu-se-sastao-sa-predstavnicima-fudbalskih-klubova\/#breadcrumb"},"inLanguage":"en-US","potentialAction":[{"@type":"ReadAction","target":["https:\/\/www.visit-ulcinj.com\/blog\/2013\/09\/01\/cungu-se-sastao-sa-predstavnicima-fudbalskih-klubova\/"]}]},{"@type":"BreadcrumbList","@id":"https:\/\/www.visit-ulcinj.com\/blog\/2013\/09\/01\/cungu-se-sastao-sa-predstavnicima-fudbalskih-klubova\/#breadcrumb","itemListElement":[{"@type":"ListItem","position":1,"name":"Cungu se sastao sa predstavnicima fudbalskih klubova"}]},{"@type":"Person","@id":"https:\/\/www.visit-ulcinj.com\/blog\/#\/schema\/person\/dcab619c614d3038751c63bc2aadc06d","name":"ulqini","sameAs":["http:\/\/www.visit-ulcinj.com"],"url":"https:\/\/www.visit-ulcinj.com\/blog\/author\/admin\/"}]}},"jetpack_featured_media_url":"","jetpack_sharing_enabled":true,"jetpack_shortlink":"https:\/\/wp.me\/pe6lTn-jmy","_links":{"self":[{"href":"https:\/\/www.visit-ulcinj.com\/blog\/wp-json\/wp\/v2\/posts\/74434"}],"collection":[{"href":"https:\/\/www.visit-ulcinj.com\/blog\/wp-json\/wp\/v2\/posts"}],"about":[{"href":"https:\/\/www.visit-ulcinj.com\/blog\/wp-json\/wp\/v2\/types\/post"}],"author":[{"embeddable":true,"href":"https:\/\/www.visit-ulcinj.com\/blog\/wp-json\/wp\/v2\/users\/1"}],"replies":[{"embeddable":true,"href":"https:\/\/www.visit-ulcinj.com\/blog\/wp-json\/wp\/v2\/comments?post=74434"}],"version-history":[{"count":2,"href":"https:\/\/www.visit-ulcinj.com\/blog\/wp-json\/wp\/v2\/posts\/74434\/revisions"}],"predecessor-version":[{"id":74436,"href":"https:\/\/www.visit-ulcinj.com\/blog\/wp-json\/wp\/v2\/posts\/74434\/revisions\/74436"}],"wp:attachment":[{"href":"https:\/\/www.visit-ulcinj.com\/blog\/wp-json\/wp\/v2\/media?parent=74434"}],"wp:term":[{"taxonomy":"category","embeddable":true,"href":"https:\/\/www.visit-ulcinj.com\/blog\/wp-json\/wp\/v2\/categories?post=74434"},{"taxonomy":"post_tag","embeddable":true,"href":"https:\/\/www.visit-ulcinj.com\/blog\/wp-json\/wp\/v2\/tags?post=74434"}],"curies":[{"name":"wp","href":"https:\/\/api.w.org\/{rel}","templated":true}]}}