{"id":74447,"date":"2013-09-02T09:22:42","date_gmt":"2013-09-02T08:22:42","guid":{"rendered":"http:\/\/www.visit-ulcinj.com\/blog\/?p=74447"},"modified":"2013-09-02T09:32:54","modified_gmt":"2013-09-02T08:32:54","slug":"n-mavric-osumnjicen-da-je-pucao-na-bratanica","status":"publish","type":"post","link":"https:\/\/www.visit-ulcinj.com\/blog\/2013\/09\/02\/n-mavric-osumnjicen-da-je-pucao-na-bratanica\/","title":{"rendered":"N. Mavric osumnji\u010den da je pucao na bratani\u0107a"},"content":{"rendered":"<p><a href=\"http:\/\/www.visit-ulcinj.com\/blog\/wp-content\/uploads\/2013\/09\/Gjerana-ulqin.jpg\"><img loading=\"lazy\" class=\"alignleft  wp-image-74448\" alt=\"Gjerana-ulqin\" src=\"http:\/\/www.visit-ulcinj.com\/blog\/wp-content\/uploads\/2013\/09\/Gjerana-ulqin.jpg\" width=\"508\" height=\"360\" \/><\/a>Ulcinjska policija podnijela je krivi\u010dnu prijavu protiv N. Mavri\u0107a (74) iz Ulcinja zbog sumnje da je iz pi\u0161tolja pucao u svog bratani\u0107a G. Mavri\u0107a, a nakon toga fizi\u010dki nasrnuo na njega i povrijedio ga, saznaju \u201c Vijesti\u201d.<\/p>\n<p>Sukob izme\u0111u bliskih ro\u0111aka datira od ranije i prema nezvani\u010dnim informacijama, u pitanju su nerije\u0161eni imovinski odnosi.<\/p>\n<p>Policija, kako saznajemo, sumnja da je stariji Mavri\u0107 sa balkona svoje porodi\u010dne ku\u0107e u \u0110eranama, preksino\u0107 oko 19.30 \u010dasova, na bratani\u0107a ispalio najmanje jedan hitac koji ga nije pogodio.<\/p>\n<p>Nakon toga, uslijedio je fizi\u010dki obra\u010dun. \u201cNa licu mjesta prona\u0111ena je samo jedna \u010daura kalibra 7,65mm. Pretresom, kod N. Mavri\u0107a prona\u0111eno je jo\u0161 17 metaka istog kalibra\u201d, rekao je sagovornik \u201cVijesti&#8221; iz policije.<\/p>\n<p>Mavri\u0107 je priveden i protiv njega je podnijeta prijava zbog krivi\u010dnog djela ugro\u017eavanje sigurnosti i nedozovoljenog dr\u017eanja eksplozivnih naprava. O svemu, kako navode u policiji, upoznat je i osnovni tu\u017eilac.<\/p>\n<p><a href=\"http:\/\/www.vijesti.me\/vijesti\/ulcinj-osumnjicen-da-je-pucao-bratanica-clanak-147009\" target=\"_blank\"><strong>Samir Adrovi\u0107<\/strong><\/a><br \/>\n<a href=\"http:\/\/www.vijesti.me\/vijesti\/ulcinj-osumnjicen-da-je-pucao-bratanica-clanak-147009\" target=\"_blank\"><strong>Vijesti online<\/strong><\/a><\/p>\n","protected":false},"excerpt":{"rendered":"<p>Ulcinjska policija podnijela je krivi\u010dnu prijavu protiv N. Mavri\u0107a (74) iz Ulcinja zbog sumnje da je iz pi\u0161tolja pucao u svog bratani\u0107a G. Mavri\u0107a, a nakon toga fizi\u010dki nasrnuo na njega i povrijedio ga, saznaju \u201c Vijesti\u201d. Sukob izme\u0111u bliskih ro\u0111aka datira od ranije i prema nezvani\u010dnim informacijama, u pitanju su nerije\u0161eni imovinski odnosi. Policija, [&hellip;]<\/p>\n","protected":false},"author":1,"featured_media":0,"comment_status":"closed","ping_status":"closed","sticky":false,"template":"","format":"standard","meta":{"spay_email":"","jetpack_publicize_message":"","jetpack_is_tweetstorm":false,"jetpack_publicize_feature_enabled":true},"categories":[6950],"tags":[],"jetpack_publicize_connections":[],"yoast_head":"<!-- This site is optimized with the Yoast SEO plugin v19.1 - https:\/\/yoast.com\/wordpress\/plugins\/seo\/ -->\n<title>N. Mavric osumnji\u010den da je pucao na bratani\u0107a - Lajme nga Ulqini<\/title>\n<meta name=\"description\" content=\"Ulcinjska policija podnijela je krivi\u010dnu prijavu protiv N. Mavri\u0107a (74) iz Ulcinja zbog sumnje da je iz pi\u0161tolja pucao u svog bratani\u0107a G. Mavri\u0107a, a\" \/>\n<meta name=\"robots\" content=\"index, follow, max-snippet:-1, max-image-preview:large, max-video-preview:-1\" \/>\n<link rel=\"canonical\" href=\"https:\/\/www.visit-ulcinj.com\/blog\/2013\/09\/02\/n-mavric-osumnjicen-da-je-pucao-na-bratanica\/\" \/>\n<meta property=\"og:locale\" content=\"en_US\" \/>\n<meta property=\"og:type\" content=\"article\" \/>\n<meta property=\"og:title\" content=\"N. Mavric osumnji\u010den da je pucao na bratani\u0107a - Lajme nga Ulqini\" \/>\n<meta property=\"og:description\" content=\"Ulcinjska policija podnijela je krivi\u010dnu prijavu protiv N. Mavri\u0107a (74) iz Ulcinja zbog sumnje da je iz pi\u0161tolja pucao u svog bratani\u0107a G. Mavri\u0107a, a\" \/>\n<meta property=\"og:url\" content=\"https:\/\/www.visit-ulcinj.com\/blog\/2013\/09\/02\/n-mavric-osumnjicen-da-je-pucao-na-bratanica\/\" \/>\n<meta property=\"og:site_name\" content=\"Lajme nga Ulqini\" \/>\n<meta property=\"article:published_time\" content=\"2013-09-02T08:22:42+00:00\" \/>\n<meta property=\"article:modified_time\" content=\"2013-09-02T08:32:54+00:00\" \/>\n<meta property=\"og:image\" content=\"http:\/\/www.visit-ulcinj.com\/blog\/wp-content\/uploads\/2013\/09\/Gjerana-ulqin.jpg\" \/>\n<meta name=\"twitter:label1\" content=\"Written by\" \/>\n\t<meta name=\"twitter:data1\" content=\"ulqini\" \/>\n\t<meta name=\"twitter:label2\" content=\"Est. reading time\" \/>\n\t<meta name=\"twitter:data2\" content=\"1 minute\" \/>\n<script type=\"application\/ld+json\" class=\"yoast-schema-graph\">{\"@context\":\"https:\/\/schema.org\",\"@graph\":[{\"@type\":\"WebSite\",\"@id\":\"https:\/\/www.visit-ulcinj.com\/blog\/#website\",\"url\":\"https:\/\/www.visit-ulcinj.com\/blog\/\",\"name\":\"Lajme nga Ulqini\",\"description\":\"Lajme,Vijesti,Ulqini,Ulqin,Crna Gora,Mali i Zi\",\"potentialAction\":[{\"@type\":\"SearchAction\",\"target\":{\"@type\":\"EntryPoint\",\"urlTemplate\":\"https:\/\/www.visit-ulcinj.com\/blog\/?s={search_term_string}\"},\"query-input\":\"required name=search_term_string\"}],\"inLanguage\":\"en-US\"},{\"@type\":\"ImageObject\",\"inLanguage\":\"en-US\",\"@id\":\"https:\/\/www.visit-ulcinj.com\/blog\/2013\/09\/02\/n-mavric-osumnjicen-da-je-pucao-na-bratanica\/#primaryimage\",\"url\":\"https:\/\/www.visit-ulcinj.com\/blog\/wp-content\/uploads\/2013\/09\/Gjerana-ulqin.jpg\",\"contentUrl\":\"https:\/\/www.visit-ulcinj.com\/blog\/wp-content\/uploads\/2013\/09\/Gjerana-ulqin.jpg\",\"width\":903,\"height\":599},{\"@type\":\"WebPage\",\"@id\":\"https:\/\/www.visit-ulcinj.com\/blog\/2013\/09\/02\/n-mavric-osumnjicen-da-je-pucao-na-bratanica\/#webpage\",\"url\":\"https:\/\/www.visit-ulcinj.com\/blog\/2013\/09\/02\/n-mavric-osumnjicen-da-je-pucao-na-bratanica\/\",\"name\":\"N. Mavric osumnji\u010den da je pucao na bratani\u0107a - Lajme nga Ulqini\",\"isPartOf\":{\"@id\":\"https:\/\/www.visit-ulcinj.com\/blog\/#website\"},\"primaryImageOfPage\":{\"@id\":\"https:\/\/www.visit-ulcinj.com\/blog\/2013\/09\/02\/n-mavric-osumnjicen-da-je-pucao-na-bratanica\/#primaryimage\"},\"datePublished\":\"2013-09-02T08:22:42+00:00\",\"dateModified\":\"2013-09-02T08:32:54+00:00\",\"author\":{\"@id\":\"https:\/\/www.visit-ulcinj.com\/blog\/#\/schema\/person\/dcab619c614d3038751c63bc2aadc06d\"},\"description\":\"Ulcinjska policija podnijela je krivi\u010dnu prijavu protiv N. Mavri\u0107a (74) iz Ulcinja zbog sumnje da je iz pi\u0161tolja pucao u svog bratani\u0107a G. Mavri\u0107a, a\",\"breadcrumb\":{\"@id\":\"https:\/\/www.visit-ulcinj.com\/blog\/2013\/09\/02\/n-mavric-osumnjicen-da-je-pucao-na-bratanica\/#breadcrumb\"},\"inLanguage\":\"en-US\",\"potentialAction\":[{\"@type\":\"ReadAction\",\"target\":[\"https:\/\/www.visit-ulcinj.com\/blog\/2013\/09\/02\/n-mavric-osumnjicen-da-je-pucao-na-bratanica\/\"]}]},{\"@type\":\"BreadcrumbList\",\"@id\":\"https:\/\/www.visit-ulcinj.com\/blog\/2013\/09\/02\/n-mavric-osumnjicen-da-je-pucao-na-bratanica\/#breadcrumb\",\"itemListElement\":[{\"@type\":\"ListItem\",\"position\":1,\"name\":\"N. Mavric osumnji\u010den da je pucao na bratani\u0107a\"}]},{\"@type\":\"Person\",\"@id\":\"https:\/\/www.visit-ulcinj.com\/blog\/#\/schema\/person\/dcab619c614d3038751c63bc2aadc06d\",\"name\":\"ulqini\",\"sameAs\":[\"http:\/\/www.visit-ulcinj.com\"],\"url\":\"https:\/\/www.visit-ulcinj.com\/blog\/author\/admin\/\"}]}<\/script>\n<!-- \/ Yoast SEO plugin. -->","yoast_head_json":{"title":"N. Mavric osumnji\u010den da je pucao na bratani\u0107a - Lajme nga Ulqini","description":"Ulcinjska policija podnijela je krivi\u010dnu prijavu protiv N. Mavri\u0107a (74) iz Ulcinja zbog sumnje da je iz pi\u0161tolja pucao u svog bratani\u0107a G. Mavri\u0107a, a","robots":{"index":"index","follow":"follow","max-snippet":"max-snippet:-1","max-image-preview":"max-image-preview:large","max-video-preview":"max-video-preview:-1"},"canonical":"https:\/\/www.visit-ulcinj.com\/blog\/2013\/09\/02\/n-mavric-osumnjicen-da-je-pucao-na-bratanica\/","og_locale":"en_US","og_type":"article","og_title":"N. Mavric osumnji\u010den da je pucao na bratani\u0107a - Lajme nga Ulqini","og_description":"Ulcinjska policija podnijela je krivi\u010dnu prijavu protiv N. Mavri\u0107a (74) iz Ulcinja zbog sumnje da je iz pi\u0161tolja pucao u svog bratani\u0107a G. Mavri\u0107a, a","og_url":"https:\/\/www.visit-ulcinj.com\/blog\/2013\/09\/02\/n-mavric-osumnjicen-da-je-pucao-na-bratanica\/","og_site_name":"Lajme nga Ulqini","article_published_time":"2013-09-02T08:22:42+00:00","article_modified_time":"2013-09-02T08:32:54+00:00","og_image":[{"url":"http:\/\/www.visit-ulcinj.com\/blog\/wp-content\/uploads\/2013\/09\/Gjerana-ulqin.jpg"}],"twitter_misc":{"Written by":"ulqini","Est. reading time":"1 minute"},"schema":{"@context":"https:\/\/schema.org","@graph":[{"@type":"WebSite","@id":"https:\/\/www.visit-ulcinj.com\/blog\/#website","url":"https:\/\/www.visit-ulcinj.com\/blog\/","name":"Lajme nga Ulqini","description":"Lajme,Vijesti,Ulqini,Ulqin,Crna Gora,Mali i Zi","potentialAction":[{"@type":"SearchAction","target":{"@type":"EntryPoint","urlTemplate":"https:\/\/www.visit-ulcinj.com\/blog\/?s={search_term_string}"},"query-input":"required name=search_term_string"}],"inLanguage":"en-US"},{"@type":"ImageObject","inLanguage":"en-US","@id":"https:\/\/www.visit-ulcinj.com\/blog\/2013\/09\/02\/n-mavric-osumnjicen-da-je-pucao-na-bratanica\/#primaryimage","url":"https:\/\/www.visit-ulcinj.com\/blog\/wp-content\/uploads\/2013\/09\/Gjerana-ulqin.jpg","contentUrl":"https:\/\/www.visit-ulcinj.com\/blog\/wp-content\/uploads\/2013\/09\/Gjerana-ulqin.jpg","width":903,"height":599},{"@type":"WebPage","@id":"https:\/\/www.visit-ulcinj.com\/blog\/2013\/09\/02\/n-mavric-osumnjicen-da-je-pucao-na-bratanica\/#webpage","url":"https:\/\/www.visit-ulcinj.com\/blog\/2013\/09\/02\/n-mavric-osumnjicen-da-je-pucao-na-bratanica\/","name":"N. Mavric osumnji\u010den da je pucao na bratani\u0107a - Lajme nga Ulqini","isPartOf":{"@id":"https:\/\/www.visit-ulcinj.com\/blog\/#website"},"primaryImageOfPage":{"@id":"https:\/\/www.visit-ulcinj.com\/blog\/2013\/09\/02\/n-mavric-osumnjicen-da-je-pucao-na-bratanica\/#primaryimage"},"datePublished":"2013-09-02T08:22:42+00:00","dateModified":"2013-09-02T08:32:54+00:00","author":{"@id":"https:\/\/www.visit-ulcinj.com\/blog\/#\/schema\/person\/dcab619c614d3038751c63bc2aadc06d"},"description":"Ulcinjska policija podnijela je krivi\u010dnu prijavu protiv N. Mavri\u0107a (74) iz Ulcinja zbog sumnje da je iz pi\u0161tolja pucao u svog bratani\u0107a G. Mavri\u0107a, a","breadcrumb":{"@id":"https:\/\/www.visit-ulcinj.com\/blog\/2013\/09\/02\/n-mavric-osumnjicen-da-je-pucao-na-bratanica\/#breadcrumb"},"inLanguage":"en-US","potentialAction":[{"@type":"ReadAction","target":["https:\/\/www.visit-ulcinj.com\/blog\/2013\/09\/02\/n-mavric-osumnjicen-da-je-pucao-na-bratanica\/"]}]},{"@type":"BreadcrumbList","@id":"https:\/\/www.visit-ulcinj.com\/blog\/2013\/09\/02\/n-mavric-osumnjicen-da-je-pucao-na-bratanica\/#breadcrumb","itemListElement":[{"@type":"ListItem","position":1,"name":"N. Mavric osumnji\u010den da je pucao na bratani\u0107a"}]},{"@type":"Person","@id":"https:\/\/www.visit-ulcinj.com\/blog\/#\/schema\/person\/dcab619c614d3038751c63bc2aadc06d","name":"ulqini","sameAs":["http:\/\/www.visit-ulcinj.com"],"url":"https:\/\/www.visit-ulcinj.com\/blog\/author\/admin\/"}]}},"jetpack_featured_media_url":"","jetpack_sharing_enabled":true,"jetpack_shortlink":"https:\/\/wp.me\/pe6lTn-jmL","_links":{"self":[{"href":"https:\/\/www.visit-ulcinj.com\/blog\/wp-json\/wp\/v2\/posts\/74447"}],"collection":[{"href":"https:\/\/www.visit-ulcinj.com\/blog\/wp-json\/wp\/v2\/posts"}],"about":[{"href":"https:\/\/www.visit-ulcinj.com\/blog\/wp-json\/wp\/v2\/types\/post"}],"author":[{"embeddable":true,"href":"https:\/\/www.visit-ulcinj.com\/blog\/wp-json\/wp\/v2\/users\/1"}],"replies":[{"embeddable":true,"href":"https:\/\/www.visit-ulcinj.com\/blog\/wp-json\/wp\/v2\/comments?post=74447"}],"version-history":[{"count":2,"href":"https:\/\/www.visit-ulcinj.com\/blog\/wp-json\/wp\/v2\/posts\/74447\/revisions"}],"predecessor-version":[{"id":74457,"href":"https:\/\/www.visit-ulcinj.com\/blog\/wp-json\/wp\/v2\/posts\/74447\/revisions\/74457"}],"wp:attachment":[{"href":"https:\/\/www.visit-ulcinj.com\/blog\/wp-json\/wp\/v2\/media?parent=74447"}],"wp:term":[{"taxonomy":"category","embeddable":true,"href":"https:\/\/www.visit-ulcinj.com\/blog\/wp-json\/wp\/v2\/categories?post=74447"},{"taxonomy":"post_tag","embeddable":true,"href":"https:\/\/www.visit-ulcinj.com\/blog\/wp-json\/wp\/v2\/tags?post=74447"}],"curies":[{"name":"wp","href":"https:\/\/api.w.org\/{rel}","templated":true}]}}