{"id":74458,"date":"2013-09-02T12:00:44","date_gmt":"2013-09-02T11:00:44","guid":{"rendered":"http:\/\/www.visit-ulcinj.com\/blog\/?p=74458"},"modified":"2013-09-02T12:01:06","modified_gmt":"2013-09-02T11:01:06","slug":"in-memoriam-xhoni-lazoja","status":"publish","type":"post","link":"https:\/\/www.visit-ulcinj.com\/blog\/2013\/09\/02\/in-memoriam-xhoni-lazoja\/","title":{"rendered":"IN MEMORIAM: Xhoni LAZOJA"},"content":{"rendered":"<p><a href=\"http:\/\/www.visit-ulcinj.com\/blog\/wp-content\/uploads\/2013\/09\/Xhoni-LAZOJA.jpg\"><img loading=\"lazy\" class=\"alignleft  wp-image-74459\" alt=\"Xhoni LAZOJA\" src=\"http:\/\/www.visit-ulcinj.com\/blog\/wp-content\/uploads\/2013\/09\/Xhoni-LAZOJA.jpg\" width=\"508\" height=\"360\" \/><\/a>&#8220;Sheik&#8221; Xhoni LAZOJA n\u00eb hotelin &#8220;Mediteran&#8221;&#8230;<\/p>\n<p>Neznam, kako da se oprostim od ovog divnog \u010dovjeka.\u010cesto smo se sretali, onako u prolazu i komentarisali neki doga\u0111aj , progovorili po neku rije\u010d, naravno, uz njegov komentar i osmjeh. Njegova prerana smrt je iznenadila sve nas, koji smo navikli da ga gledamo na Pristanu. Vijest da je sino\u0107 iznenada umro, se veoma brzo pro\u0161irila, bez obzira \u0161to je turisti\u010dka sezona jo\u0161 u toku, i da ljudi ka\u017eu, da dok je sezona, ne treba umirati. Izgleda da je D\u017eoni &#8220;\u0160eik&#8221; kako smo ga voleli nazivati, i ovdje napravio izuzetak, kao \u0161to je uglavnom, i u \u017eivotu sve izuzetno radio. Bio je \u0161armantan, markantan i nadasve vedar \u010dovjek. Bio je boem u pravom smislu te rije\u010di. Lijepo se nosio, ponekad u bijelo, ponekad ovako, kao na ovoj proslavi pri do\u010deku Nove godine u hotelu &#8220;Mediteran&#8221;, gdje sam ga i fotografisao. Bili smo nas nekolicina zajedno, i sa te proslave smo svi ponijeli lijepe utiske, upravo i zahvaljuju\u0107i D\u017eoniju.<\/p>\n<p>Te ve\u010deri je bio izuzetno nadahnut, sa puno humora i osmjeha, i \u0161ala na svoj i na tu\u0111i ra\u010dun.. Slikali smo se skoro svi s njim, i nijesam mislio, niti vjerovao da \u0107e to biti na\u0161e poslednje zajedni\u010dke fotografije. Bio je premlad da se preseli u ahiret, i zato \u0107e svima nama biti te\u0161ko vjerovati, da ga vi\u0161e ne\u0107emo vidjeti. Zato se danas, sa posebnim pijetetom i po\u0161tovanjem opra\u0161tam od ovog dragog \u010dovjeka, koji je tako iznenada napustio, porodicu, po\u0111ake, i prijatelje. D\u017eoni je uglavnom gradio ku\u0107e, jednu d\u017eamiju, svirao gitaru a ponekad i silazio i do Pristana. Bio je miran, tih i nenametliv \u010dovjek, iako je volio ovozemaljski \u017eivot i njegove prednosti i pogodnosti. \u010cesto je govorio da je pravi potomak, \u010duvene porodice kapetana i pomoraca iz loze Lazoja. Svima nama \u0107e puno nedostajati. Njegov dragi lik, njegov humor, njegov \u0161arm, i njegova vedrina, \u0107e vje\u010dito ostati u sje\u0107anju svima nama njegovim prijateljima, a vjerujem i mnogim gra\u0111anima Ulcinja i okoline..<\/p>\n<p><strong><a id=\"js_152\" href=\"https:\/\/www.facebook.com\/ismet.karamanaga\" data-hovercard=\"\/ajax\/hovercard\/user.php?id=1359492972\">Ismet Karamanaga Facebook<\/a><\/strong><\/p>\n","protected":false},"excerpt":{"rendered":"<p>&#8220;Sheik&#8221; Xhoni LAZOJA n\u00eb hotelin &#8220;Mediteran&#8221;&#8230; Neznam, kako da se oprostim od ovog divnog \u010dovjeka.\u010cesto smo se sretali, onako u prolazu i komentarisali neki doga\u0111aj , progovorili po neku rije\u010d, naravno, uz njegov komentar i osmjeh. Njegova prerana smrt je iznenadila sve nas, koji smo navikli da ga gledamo na Pristanu. Vijest da je sino\u0107 [&hellip;]<\/p>\n","protected":false},"author":1,"featured_media":0,"comment_status":"closed","ping_status":"closed","sticky":false,"template":"","format":"standard","meta":{"spay_email":"","jetpack_publicize_message":"","jetpack_is_tweetstorm":false,"jetpack_publicize_feature_enabled":true},"categories":[6950],"tags":[],"jetpack_publicize_connections":[],"yoast_head":"<!-- This site is optimized with the Yoast SEO plugin v19.1 - https:\/\/yoast.com\/wordpress\/plugins\/seo\/ -->\n<title>IN MEMORIAM: Xhoni LAZOJA - Lajme nga Ulqini<\/title>\n<meta name=\"description\" content=\"&quot;Sheik&quot; Xhoni LAZOJA n\u00eb hotelin &quot;Mediteran&quot;... Neznam, kako da se oprostim od ovog divnog \u010dovjeka.\u010cesto smo se sretali, onako u prolazu i komentarisali\" \/>\n<meta name=\"robots\" content=\"index, follow, max-snippet:-1, max-image-preview:large, max-video-preview:-1\" \/>\n<link rel=\"canonical\" href=\"https:\/\/www.visit-ulcinj.com\/blog\/2013\/09\/02\/in-memoriam-xhoni-lazoja\/\" \/>\n<meta property=\"og:locale\" content=\"en_US\" \/>\n<meta property=\"og:type\" content=\"article\" \/>\n<meta property=\"og:title\" content=\"IN MEMORIAM: Xhoni LAZOJA - Lajme nga Ulqini\" \/>\n<meta property=\"og:description\" content=\"&quot;Sheik&quot; Xhoni LAZOJA n\u00eb hotelin &quot;Mediteran&quot;... Neznam, kako da se oprostim od ovog divnog \u010dovjeka.\u010cesto smo se sretali, onako u prolazu i komentarisali\" \/>\n<meta property=\"og:url\" content=\"https:\/\/www.visit-ulcinj.com\/blog\/2013\/09\/02\/in-memoriam-xhoni-lazoja\/\" \/>\n<meta property=\"og:site_name\" content=\"Lajme nga Ulqini\" \/>\n<meta property=\"article:published_time\" content=\"2013-09-02T11:00:44+00:00\" \/>\n<meta property=\"article:modified_time\" content=\"2013-09-02T11:01:06+00:00\" \/>\n<meta property=\"og:image\" content=\"http:\/\/www.visit-ulcinj.com\/blog\/wp-content\/uploads\/2013\/09\/Xhoni-LAZOJA.jpg\" \/>\n<meta name=\"twitter:label1\" content=\"Written by\" \/>\n\t<meta name=\"twitter:data1\" content=\"ulqini\" \/>\n\t<meta name=\"twitter:label2\" content=\"Est. reading time\" \/>\n\t<meta name=\"twitter:data2\" content=\"2 minutes\" \/>\n<script type=\"application\/ld+json\" class=\"yoast-schema-graph\">{\"@context\":\"https:\/\/schema.org\",\"@graph\":[{\"@type\":\"WebSite\",\"@id\":\"https:\/\/www.visit-ulcinj.com\/blog\/#website\",\"url\":\"https:\/\/www.visit-ulcinj.com\/blog\/\",\"name\":\"Lajme nga Ulqini\",\"description\":\"Lajme,Vijesti,Ulqini,Ulqin,Crna Gora,Mali i Zi\",\"potentialAction\":[{\"@type\":\"SearchAction\",\"target\":{\"@type\":\"EntryPoint\",\"urlTemplate\":\"https:\/\/www.visit-ulcinj.com\/blog\/?s={search_term_string}\"},\"query-input\":\"required name=search_term_string\"}],\"inLanguage\":\"en-US\"},{\"@type\":\"ImageObject\",\"inLanguage\":\"en-US\",\"@id\":\"https:\/\/www.visit-ulcinj.com\/blog\/2013\/09\/02\/in-memoriam-xhoni-lazoja\/#primaryimage\",\"url\":\"https:\/\/www.visit-ulcinj.com\/blog\/wp-content\/uploads\/2013\/09\/Xhoni-LAZOJA.jpg\",\"contentUrl\":\"https:\/\/www.visit-ulcinj.com\/blog\/wp-content\/uploads\/2013\/09\/Xhoni-LAZOJA.jpg\",\"width\":960,\"height\":720},{\"@type\":\"WebPage\",\"@id\":\"https:\/\/www.visit-ulcinj.com\/blog\/2013\/09\/02\/in-memoriam-xhoni-lazoja\/#webpage\",\"url\":\"https:\/\/www.visit-ulcinj.com\/blog\/2013\/09\/02\/in-memoriam-xhoni-lazoja\/\",\"name\":\"IN MEMORIAM: Xhoni LAZOJA - Lajme nga Ulqini\",\"isPartOf\":{\"@id\":\"https:\/\/www.visit-ulcinj.com\/blog\/#website\"},\"primaryImageOfPage\":{\"@id\":\"https:\/\/www.visit-ulcinj.com\/blog\/2013\/09\/02\/in-memoriam-xhoni-lazoja\/#primaryimage\"},\"datePublished\":\"2013-09-02T11:00:44+00:00\",\"dateModified\":\"2013-09-02T11:01:06+00:00\",\"author\":{\"@id\":\"https:\/\/www.visit-ulcinj.com\/blog\/#\/schema\/person\/dcab619c614d3038751c63bc2aadc06d\"},\"description\":\"\\\"Sheik\\\" Xhoni LAZOJA n\u00eb hotelin \\\"Mediteran\\\"... Neznam, kako da se oprostim od ovog divnog \u010dovjeka.\u010cesto smo se sretali, onako u prolazu i komentarisali\",\"breadcrumb\":{\"@id\":\"https:\/\/www.visit-ulcinj.com\/blog\/2013\/09\/02\/in-memoriam-xhoni-lazoja\/#breadcrumb\"},\"inLanguage\":\"en-US\",\"potentialAction\":[{\"@type\":\"ReadAction\",\"target\":[\"https:\/\/www.visit-ulcinj.com\/blog\/2013\/09\/02\/in-memoriam-xhoni-lazoja\/\"]}]},{\"@type\":\"BreadcrumbList\",\"@id\":\"https:\/\/www.visit-ulcinj.com\/blog\/2013\/09\/02\/in-memoriam-xhoni-lazoja\/#breadcrumb\",\"itemListElement\":[{\"@type\":\"ListItem\",\"position\":1,\"name\":\"IN MEMORIAM: Xhoni LAZOJA\"}]},{\"@type\":\"Person\",\"@id\":\"https:\/\/www.visit-ulcinj.com\/blog\/#\/schema\/person\/dcab619c614d3038751c63bc2aadc06d\",\"name\":\"ulqini\",\"sameAs\":[\"http:\/\/www.visit-ulcinj.com\"],\"url\":\"https:\/\/www.visit-ulcinj.com\/blog\/author\/admin\/\"}]}<\/script>\n<!-- \/ Yoast SEO plugin. -->","yoast_head_json":{"title":"IN MEMORIAM: Xhoni LAZOJA - Lajme nga Ulqini","description":"\"Sheik\" Xhoni LAZOJA n\u00eb hotelin \"Mediteran\"... Neznam, kako da se oprostim od ovog divnog \u010dovjeka.\u010cesto smo se sretali, onako u prolazu i komentarisali","robots":{"index":"index","follow":"follow","max-snippet":"max-snippet:-1","max-image-preview":"max-image-preview:large","max-video-preview":"max-video-preview:-1"},"canonical":"https:\/\/www.visit-ulcinj.com\/blog\/2013\/09\/02\/in-memoriam-xhoni-lazoja\/","og_locale":"en_US","og_type":"article","og_title":"IN MEMORIAM: Xhoni LAZOJA - Lajme nga Ulqini","og_description":"\"Sheik\" Xhoni LAZOJA n\u00eb hotelin \"Mediteran\"... Neznam, kako da se oprostim od ovog divnog \u010dovjeka.\u010cesto smo se sretali, onako u prolazu i komentarisali","og_url":"https:\/\/www.visit-ulcinj.com\/blog\/2013\/09\/02\/in-memoriam-xhoni-lazoja\/","og_site_name":"Lajme nga Ulqini","article_published_time":"2013-09-02T11:00:44+00:00","article_modified_time":"2013-09-02T11:01:06+00:00","og_image":[{"url":"http:\/\/www.visit-ulcinj.com\/blog\/wp-content\/uploads\/2013\/09\/Xhoni-LAZOJA.jpg"}],"twitter_misc":{"Written by":"ulqini","Est. reading time":"2 minutes"},"schema":{"@context":"https:\/\/schema.org","@graph":[{"@type":"WebSite","@id":"https:\/\/www.visit-ulcinj.com\/blog\/#website","url":"https:\/\/www.visit-ulcinj.com\/blog\/","name":"Lajme nga Ulqini","description":"Lajme,Vijesti,Ulqini,Ulqin,Crna Gora,Mali i Zi","potentialAction":[{"@type":"SearchAction","target":{"@type":"EntryPoint","urlTemplate":"https:\/\/www.visit-ulcinj.com\/blog\/?s={search_term_string}"},"query-input":"required name=search_term_string"}],"inLanguage":"en-US"},{"@type":"ImageObject","inLanguage":"en-US","@id":"https:\/\/www.visit-ulcinj.com\/blog\/2013\/09\/02\/in-memoriam-xhoni-lazoja\/#primaryimage","url":"https:\/\/www.visit-ulcinj.com\/blog\/wp-content\/uploads\/2013\/09\/Xhoni-LAZOJA.jpg","contentUrl":"https:\/\/www.visit-ulcinj.com\/blog\/wp-content\/uploads\/2013\/09\/Xhoni-LAZOJA.jpg","width":960,"height":720},{"@type":"WebPage","@id":"https:\/\/www.visit-ulcinj.com\/blog\/2013\/09\/02\/in-memoriam-xhoni-lazoja\/#webpage","url":"https:\/\/www.visit-ulcinj.com\/blog\/2013\/09\/02\/in-memoriam-xhoni-lazoja\/","name":"IN MEMORIAM: Xhoni LAZOJA - Lajme nga Ulqini","isPartOf":{"@id":"https:\/\/www.visit-ulcinj.com\/blog\/#website"},"primaryImageOfPage":{"@id":"https:\/\/www.visit-ulcinj.com\/blog\/2013\/09\/02\/in-memoriam-xhoni-lazoja\/#primaryimage"},"datePublished":"2013-09-02T11:00:44+00:00","dateModified":"2013-09-02T11:01:06+00:00","author":{"@id":"https:\/\/www.visit-ulcinj.com\/blog\/#\/schema\/person\/dcab619c614d3038751c63bc2aadc06d"},"description":"\"Sheik\" Xhoni LAZOJA n\u00eb hotelin \"Mediteran\"... Neznam, kako da se oprostim od ovog divnog \u010dovjeka.\u010cesto smo se sretali, onako u prolazu i komentarisali","breadcrumb":{"@id":"https:\/\/www.visit-ulcinj.com\/blog\/2013\/09\/02\/in-memoriam-xhoni-lazoja\/#breadcrumb"},"inLanguage":"en-US","potentialAction":[{"@type":"ReadAction","target":["https:\/\/www.visit-ulcinj.com\/blog\/2013\/09\/02\/in-memoriam-xhoni-lazoja\/"]}]},{"@type":"BreadcrumbList","@id":"https:\/\/www.visit-ulcinj.com\/blog\/2013\/09\/02\/in-memoriam-xhoni-lazoja\/#breadcrumb","itemListElement":[{"@type":"ListItem","position":1,"name":"IN MEMORIAM: Xhoni LAZOJA"}]},{"@type":"Person","@id":"https:\/\/www.visit-ulcinj.com\/blog\/#\/schema\/person\/dcab619c614d3038751c63bc2aadc06d","name":"ulqini","sameAs":["http:\/\/www.visit-ulcinj.com"],"url":"https:\/\/www.visit-ulcinj.com\/blog\/author\/admin\/"}]}},"jetpack_featured_media_url":"","jetpack_sharing_enabled":true,"jetpack_shortlink":"https:\/\/wp.me\/pe6lTn-jmW","_links":{"self":[{"href":"https:\/\/www.visit-ulcinj.com\/blog\/wp-json\/wp\/v2\/posts\/74458"}],"collection":[{"href":"https:\/\/www.visit-ulcinj.com\/blog\/wp-json\/wp\/v2\/posts"}],"about":[{"href":"https:\/\/www.visit-ulcinj.com\/blog\/wp-json\/wp\/v2\/types\/post"}],"author":[{"embeddable":true,"href":"https:\/\/www.visit-ulcinj.com\/blog\/wp-json\/wp\/v2\/users\/1"}],"replies":[{"embeddable":true,"href":"https:\/\/www.visit-ulcinj.com\/blog\/wp-json\/wp\/v2\/comments?post=74458"}],"version-history":[{"count":2,"href":"https:\/\/www.visit-ulcinj.com\/blog\/wp-json\/wp\/v2\/posts\/74458\/revisions"}],"predecessor-version":[{"id":74461,"href":"https:\/\/www.visit-ulcinj.com\/blog\/wp-json\/wp\/v2\/posts\/74458\/revisions\/74461"}],"wp:attachment":[{"href":"https:\/\/www.visit-ulcinj.com\/blog\/wp-json\/wp\/v2\/media?parent=74458"}],"wp:term":[{"taxonomy":"category","embeddable":true,"href":"https:\/\/www.visit-ulcinj.com\/blog\/wp-json\/wp\/v2\/categories?post=74458"},{"taxonomy":"post_tag","embeddable":true,"href":"https:\/\/www.visit-ulcinj.com\/blog\/wp-json\/wp\/v2\/tags?post=74458"}],"curies":[{"name":"wp","href":"https:\/\/api.w.org\/{rel}","templated":true}]}}